{"id":6278,"date":"2018-02-20T00:53:37","date_gmt":"2018-02-19T23:53:37","guid":{"rendered":"https:\/\/www.valsanzibiogiardino.it\/?p=6278"},"modified":"2018-03-16T14:23:21","modified_gmt":"2018-03-16T13:23:21","slug":"primi-appuntamenti-del-2018","status":"publish","type":"post","link":"https:\/\/www.valsanzibiogiardino.com\/it\/primi-appuntamenti-del-2018\/","title":{"rendered":"primi appuntamenti del 2018"},"content":{"rendered":"<p style=\"text-align: center;\" align=\"justify\"><strong><span style=\"font-size: 22.0pt; font-family: 'Verdana','sans-serif'; color: black;\"><span style=\"color: #277333;\">Calendario degli eventi<\/span><\/span><\/strong><\/p>\n<p style=\"text-align: center;\" align=\"justify\"><em><strong><span style=\"font-size: 23.0pt; font-family: 'Verdana','sans-serif'; color: black;\"><span style=\"color: #277333;\">Giardino Monumentale di Valsanzibio<\/span><\/span><\/strong><\/em><\/p>\n<p style=\"font-size: 2.3em; text-align: center;\"><strong>24 Febbraio &#8211; 1 Maggio 2018<\/strong><\/p>\n<p style=\"font-size: 1.6em; text-align: center;\"><strong>&#8212;&#8212;&#8212;&#8212;&#8211; O &#8212;&#8212;&#8212;&#8212;&#8211;<\/strong><\/p>\n<p style=\"font-size: 1.9em; text-align: center;\"><strong>24 Febbraio 2018<\/strong><\/p>\n<p style=\"font-size: 1.6em; text-align: center;\"><em><strong>Apertura Giardino Monumentale di Valsanzibio<\/strong><\/em><\/p>\n<p style=\"font-size: 1.6em; text-align: center;\">Il Giardino \u00e8 aperto tutti i giorni,<\/p>\n<p style=\"font-size: 1.6em; text-align: center;\"><em>da Luned\u00ec a Venerd\u00ec<\/em><\/p>\n<p style=\"font-size: 1.6em; text-align: center;\">10:00 &#8211; 13:00 e 14:00\u00a0&#8211; tramonto<\/p>\n<p style=\"font-size: 1.6em; text-align: center;\"><em>Sabato, Domenica e giorni festivi con orario continuato<\/em><\/p>\n<p style=\"font-size: 1.6em; text-align: center;\">10:00\u00a0&#8211; tramonto<\/p>\n<p style=\"font-size: 1.5em; text-align: Justify;\">La vista pu\u00f2 essere indipendente (a tutti viene dato un depliant all\u2019ingresso con storia e mappa del Giardino), ma,\u00a0considerando l\u2019alta simbologia che questo Giardino allegorico cela, consigliamo la visita guidata.<\/p>\n<p style=\"font-size: 1.5em; text-align: center;\">Visite guidate su prenotazione tutti i giorni.<br \/>\nPer informazioni e per la prenotazione:<\/p>\n<p style=\"font-size: 1.7em; text-align: center;\"><strong> 340 0825844<\/strong> o <strong>info@valsanzibiogiardino.it<\/strong><\/p>\n<p style=\"font-size: 1.8em; text-align: center;\"><em>Nei fine settimana e festivi\u00a0visite guidate<\/em><\/p>\n<p style=\"font-size: 1.9em; text-align: center;\"><em>circa alle ore 11:00 e alle ore 15:00.<\/em><\/p>\n<p style=\"font-size: 1.5em; text-align: center;\"><em>Si potr\u00e0 scegliere tra:<\/em><\/p>\n<p style=\"font-size: 1.5em; text-align: center;\"><strong>Visite <em>Standard<\/em><\/strong><br \/>\n&#8211; durata di circa 1 ora;<br \/>\n&#8211; extra sul biglietto d\u2019ingresso di \u20ac 5,00 a persona.<\/p>\n<p style=\"font-size: 1.5em; text-align: center;\">&amp;<\/p>\n<p style=\"font-size: 1.5em; text-align: center;\"><strong>Visite <em>Superior<\/em><\/strong><br \/>\n&#8211; durata di circa 2 ore;<br \/>\n&#8211; in omaggio la carta delle piante del Giardino ed<br \/>\ni testi delle iscrizioni sulle sculture del Giardino;<br \/>\n&#8211; Questa visita si conclude sul Piazzale delle<br \/>\nRivelazioni davanti alla Villa e permette di vedere<br \/>\nun\u2019area generalmente chiusa al pubblico;<br \/>\n&#8211; extra sul biglietto d\u2019ingresso di \u20ac 10,00 a persona.<\/p>\n<p style=\"font-size: 1.5em; text-align: center;\"><p>Invalid Displayed Gallery<\/p><\/p>\n<p style=\"font-size: 1.5em; text-align: justify;\">Per partecipare a queste visite guidate, la prenotazione non \u00e8 obbligatoria, ma, al fine di dare un miglior servizio consigliamo la prenotazione\u00a0al<\/p>\n<p style=\"font-size: 1.6em; text-align: center;\"><em><strong>340 0825844<\/strong><\/em><br \/>\n<em><strong> info@valsanzibiogiardino.it<\/strong><\/em><\/p>\n<p style=\"font-size: 1.5em; text-align: justify;\">oppure si consiglia di arrivare 15 minuti prima dell\u2019inizio della visita<\/p>\n<p style=\"font-size: 1.5em; text-align: justify;\"><em>Infine, i visitatori potranno usufruire dell\u2019area relax, due ettari tra alberi secolari circondati dai Colli Euganei, totalmente immersi nella natura.<\/em><\/p>\n<p style=\"font-size: 1.6em; text-align: center;\"><strong>&#8212;&#8212;&#8212;&#8212;&#8211; O &#8212;&#8212;&#8212;&#8212;&#8211;<\/strong><\/p>\n<p style=\"font-size: 1.9em; text-align: center;\"><strong>Fine Marzo 2018 (data da definirsi)<\/strong><\/p>\n<p style=\"font-size: 1.6em; text-align: center;\"><em><strong>Apertura C\u00e0 Martinengo \u2018Valsanzibio\u2019s Museum\u2019 <\/strong><\/em><\/p>\n<p style=\"font-size: 1.8em; text-align: center;\"><em><strong>\u201cAtmosfere di vita in Villa\u201d<\/strong><\/em><\/p>\n<p style=\"font-size: 1.5em; text-align: justify;\">Per la prima volta il Giardino apre il nuovo salotto museo <strong>Ca\u2019 Martinengo<\/strong>,\u00a0Antico Casino di caccia dell\u2019800 della Tenuta.<\/p>\n<p style=\"font-size: 1.5em; text-align: justify;\">In esposizione pezzi inediti della famiglia Pizzoni Ardemani,\u00a0dalle carrozze fine \u2018800, oggetti artistici della Contessa Anita Pizzoni Ardemani, costumi d\u2019epoca da collezione, ceramiche artistiche storiche, pezzi di collezioni private a tema Vita in Villa.<\/p>\n<p style=\"font-size: 1.6em; text-align: center;\"><strong>&#8212;&#8212;&#8212;&#8212;&#8211; O &#8212;&#8212;&#8212;&#8212;&#8211;<\/strong><\/p>\n<p style=\"font-size: 1.9em; text-align: center;\"><strong>Domenica 1 e Luned\u00ec 2 Aprile 2018<\/strong><\/p>\n<p style=\"text-align: center;\" align=\"justify\"><em><strong><span style=\"font-size: 25.0pt; font-family: 'Verdana','sans-serif'; color: black;\"><span style=\"color: #650000;\">Pic nic del Doge<\/span><\/span><\/strong><\/em><\/p>\n<p style=\"text-align: center;\" align=\"justify\">\n<div class=\"ngg-galleryoverview ngg-slideshow\"\n\tid=\"ngg-slideshow-17c8dd8162b4aac9437e07292eb7d537-10734837060\"\n\tdata-nextgen-gallery-id=\"58\"\n\tdata-gallery-id=\"17c8dd8162b4aac9437e07292eb7d537\"\n\t\tdata-gallery-name=\"PicNicDoge_2017\"\n\t\tstyle=\"max-width: 600px;\n\t\t\tmax-height: 400px;\n\t\t\tdisplay: none;\">\n\n\t\n\t\t<a href=\"https:\/\/www.valsanzibiogiardino.com\/wp-content\/gallery\/picnicdoge_2017\/PicNicDogePasquetta_2017_1.jpg?t=1531749247\"\n\t\t\ttitle=\"\"\n\t\t\tdata-src=\"https:\/\/www.valsanzibiogiardino.com\/wp-content\/gallery\/picnicdoge_2017\/PicNicDogePasquetta_2017_1.jpg?t=1531749247\"\n\t\t\tdata-thumbnail=\"https:\/\/www.valsanzibiogiardino.com\/wp-content\/gallery\/picnicdoge_2017\/thumbs\/thumbs_PicNicDogePasquetta_2017_1.jpg?t=1531749247\"\n\t\t\tdata-image-id=\"704\"\n\t\t\tdata-image-name=\"PicNicDogePasquetta_2017_1.jpg\"\n\t\t\tdata-title=\"PicNicDogePasquetta_2017_1\"\n\t\t\tdata-description=\"\"\n\t\t\t\t\t\t\t\t\t\t\t\t\t\t\tclass=\"ngg-fancybox\" rel=\"17c8dd8162b4aac9437e07292eb7d537\">\n\t\t\t\n\t\t\t<img data-image-id='704'\n\t\t\t\ttitle=\"\"\n\t\t\t\talt=\"PicNicDogePasquetta_2017_1\"\n\t\t\t\tsrc=\"https:\/\/www.valsanzibiogiardino.com\/wp-content\/gallery\/picnicdoge_2017\/PicNicDogePasquetta_2017_1.jpg?t=1531749247\"\n\t\t\t\tstyle=\"max-height: 380px;\"\/>\n\t\t<\/a>\n\n\t\t\n\t\t<a href=\"https:\/\/www.valsanzibiogiardino.com\/wp-content\/gallery\/picnicdoge_2017\/PicNicDogePasquetta_2017_2.jpg?t=1492698150\"\n\t\t\ttitle=\" \"\n\t\t\tdata-src=\"https:\/\/www.valsanzibiogiardino.com\/wp-content\/gallery\/picnicdoge_2017\/PicNicDogePasquetta_2017_2.jpg?t=1492698150\"\n\t\t\tdata-thumbnail=\"https:\/\/www.valsanzibiogiardino.com\/wp-content\/gallery\/picnicdoge_2017\/thumbs\/thumbs_PicNicDogePasquetta_2017_2.jpg?t=1492698150\"\n\t\t\tdata-image-id=\"705\"\n\t\t\tdata-image-name=\"PicNicDogePasquetta_2017_2.jpg\"\n\t\t\tdata-title=\"PicNicDogePasquetta_2017_2\"\n\t\t\tdata-description=\" \"\n\t\t\t\t\t\t\t\t\t\t\t\t\t\t\tclass=\"ngg-fancybox\" rel=\"17c8dd8162b4aac9437e07292eb7d537\">\n\t\t\t\n\t\t\t<img data-image-id='705'\n\t\t\t\ttitle=\" \"\n\t\t\t\talt=\"PicNicDogePasquetta_2017_2\"\n\t\t\t\tsrc=\"https:\/\/www.valsanzibiogiardino.com\/wp-content\/gallery\/picnicdoge_2017\/PicNicDogePasquetta_2017_2.jpg?t=1492698150\"\n\t\t\t\tstyle=\"max-height: 380px;\"\/>\n\t\t<\/a>\n\n\t\t\n\t\t<a href=\"https:\/\/www.valsanzibiogiardino.com\/wp-content\/gallery\/picnicdoge_2017\/PicNicDogePasquetta_2017_3.jpg?t=1531749248\"\n\t\t\ttitle=\"\"\n\t\t\tdata-src=\"https:\/\/www.valsanzibiogiardino.com\/wp-content\/gallery\/picnicdoge_2017\/PicNicDogePasquetta_2017_3.jpg?t=1531749248\"\n\t\t\tdata-thumbnail=\"https:\/\/www.valsanzibiogiardino.com\/wp-content\/gallery\/picnicdoge_2017\/thumbs\/thumbs_PicNicDogePasquetta_2017_3.jpg?t=1531749248\"\n\t\t\tdata-image-id=\"706\"\n\t\t\tdata-image-name=\"PicNicDogePasquetta_2017_3.jpg\"\n\t\t\tdata-title=\"PicNicDogePasquetta_2017_3\"\n\t\t\tdata-description=\"\"\n\t\t\t\t\t\t\t\t\t\t\t\t\t\t\tclass=\"ngg-fancybox\" rel=\"17c8dd8162b4aac9437e07292eb7d537\">\n\t\t\t\n\t\t\t<img data-image-id='706'\n\t\t\t\ttitle=\"\"\n\t\t\t\talt=\"PicNicDogePasquetta_2017_3\"\n\t\t\t\tsrc=\"https:\/\/www.valsanzibiogiardino.com\/wp-content\/gallery\/picnicdoge_2017\/PicNicDogePasquetta_2017_3.jpg?t=1531749248\"\n\t\t\t\tstyle=\"max-height: 380px;\"\/>\n\t\t<\/a>\n\n\t\t\n\t\t<a href=\"https:\/\/www.valsanzibiogiardino.com\/wp-content\/gallery\/picnicdoge_2017\/Foto1_PicNicDoge2017.jpg?t=1493205970\"\n\t\t\ttitle=\" \"\n\t\t\tdata-src=\"https:\/\/www.valsanzibiogiardino.com\/wp-content\/gallery\/picnicdoge_2017\/Foto1_PicNicDoge2017.jpg?t=1493205970\"\n\t\t\tdata-thumbnail=\"https:\/\/www.valsanzibiogiardino.com\/wp-content\/gallery\/picnicdoge_2017\/thumbs\/thumbs_Foto1_PicNicDoge2017.jpg?t=1493205970\"\n\t\t\tdata-image-id=\"707\"\n\t\t\tdata-image-name=\"Foto1_PicNicDoge2017.jpg\"\n\t\t\tdata-title=\"Foto1_PicNicDoge2017\"\n\t\t\tdata-description=\" \"\n\t\t\t\t\t\t\t\t\t\t\t\t\t\t\tclass=\"ngg-fancybox\" rel=\"17c8dd8162b4aac9437e07292eb7d537\">\n\t\t\t\n\t\t\t<img data-image-id='707'\n\t\t\t\ttitle=\" \"\n\t\t\t\talt=\"Foto1_PicNicDoge2017\"\n\t\t\t\tsrc=\"https:\/\/www.valsanzibiogiardino.com\/wp-content\/gallery\/picnicdoge_2017\/Foto1_PicNicDoge2017.jpg?t=1493205970\"\n\t\t\t\tstyle=\"max-height: 380px;\"\/>\n\t\t<\/a>\n\n\t\t\n\t\t<a href=\"https:\/\/www.valsanzibiogiardino.com\/wp-content\/gallery\/picnicdoge_2017\/Foto3_PicNicDoge2017_email.jpg?t=1493205982\"\n\t\t\ttitle=\" \"\n\t\t\tdata-src=\"https:\/\/www.valsanzibiogiardino.com\/wp-content\/gallery\/picnicdoge_2017\/Foto3_PicNicDoge2017_email.jpg?t=1493205982\"\n\t\t\tdata-thumbnail=\"https:\/\/www.valsanzibiogiardino.com\/wp-content\/gallery\/picnicdoge_2017\/thumbs\/thumbs_Foto3_PicNicDoge2017_email.jpg?t=1493205982\"\n\t\t\tdata-image-id=\"708\"\n\t\t\tdata-image-name=\"Foto3_PicNicDoge2017_email.jpg\"\n\t\t\tdata-title=\"Foto3_PicNicDoge2017_email\"\n\t\t\tdata-description=\" \"\n\t\t\t\t\t\t\t\t\t\t\t\t\t\t\tclass=\"ngg-fancybox\" rel=\"17c8dd8162b4aac9437e07292eb7d537\">\n\t\t\t\n\t\t\t<img data-image-id='708'\n\t\t\t\ttitle=\" \"\n\t\t\t\talt=\"Foto3_PicNicDoge2017_email\"\n\t\t\t\tsrc=\"https:\/\/www.valsanzibiogiardino.com\/wp-content\/gallery\/picnicdoge_2017\/Foto3_PicNicDoge2017_email.jpg?t=1493205982\"\n\t\t\t\tstyle=\"max-height: 380px;\"\/>\n\t\t<\/a>\n\n\t\t\n\t\t<a href=\"https:\/\/www.valsanzibiogiardino.com\/wp-content\/gallery\/picnicdoge_2017\/PicNicDoge2017_1.jpg?t=1494362167\"\n\t\t\ttitle=\" \"\n\t\t\tdata-src=\"https:\/\/www.valsanzibiogiardino.com\/wp-content\/gallery\/picnicdoge_2017\/PicNicDoge2017_1.jpg?t=1494362167\"\n\t\t\tdata-thumbnail=\"https:\/\/www.valsanzibiogiardino.com\/wp-content\/gallery\/picnicdoge_2017\/thumbs\/thumbs_PicNicDoge2017_1.jpg?t=1494362167\"\n\t\t\tdata-image-id=\"714\"\n\t\t\tdata-image-name=\"PicNicDoge2017_1.jpg\"\n\t\t\tdata-title=\"PicNicDoge2017_1\"\n\t\t\tdata-description=\" \"\n\t\t\t\t\t\t\t\t\t\t\t\t\t\t\tclass=\"ngg-fancybox\" rel=\"17c8dd8162b4aac9437e07292eb7d537\">\n\t\t\t\n\t\t\t<img data-image-id='714'\n\t\t\t\ttitle=\" \"\n\t\t\t\talt=\"PicNicDoge2017_1\"\n\t\t\t\tsrc=\"https:\/\/www.valsanzibiogiardino.com\/wp-content\/gallery\/picnicdoge_2017\/PicNicDoge2017_1.jpg?t=1494362167\"\n\t\t\t\tstyle=\"max-height: 380px;\"\/>\n\t\t<\/a>\n\n\t\t<\/div>\n\n\n<\/p>\n<p style=\"font-size: 1.5em; text-align: justify;\">Nelle giornate festive di aprile il Giardino offre la possibilit\u00e0 ai visitatori di fermarsi nelle aree a disposizione per il pranzo al sacco sull\u2019erba, immersi nella natura di alberi secolari e nella storia,\u00a0per rivivere l\u2019atmosfera delle scampagnate in Villa nel passato.<\/p>\n<p style=\"font-size: 1.5em; text-align: justify;\">Si pu\u00f2 portare il cibo da casa oppure ci sono presenti\u00a0Quality Street Food che preparano piatti della tradizione veneziana,\u00a0dal fritto di pesce in cono al baccal\u00e0 e polenta.\u00a0 Inoltre primi piatti a base di pasta fresca.\u00a0\u00a0Cicchetti veneziani, panini gourmet, gelato artigianale.<\/p>\n<p style=\"font-size: 1.5em; text-align: center;\">Servizio self service &#8211; Tavoli su prenotazione:<\/p>\n<p style=\"font-size: 1.5em; text-align: center;\"><strong>340 0825844<\/strong>\u00a0o\u00a0<strong>info@valsanzibiogiardino.it<\/strong><\/p>\n<p style=\"font-size: 1.5em; text-align: justify;\">Nel Giardino Monumentale non \u00e8 permesso mangiare, ma sono molteplici le aree a disposizione per i visitatori del Giardino:<br \/>\n<strong>1. Area Non-Monumenatale\/Area Relax<\/strong> &#8211; due ettari di prato con alberi secolari e circondati dai Colli Euganei &#8211; Possibilit\u00e0 di prenotare tavoli e panche con supplemento &#8211; Tavoli in tronco d\u2019albero del Giardino a disposizione &#8211; Possibilit\u00e0 di sdraiarsi su plaid portati da casa e consumare il proprio cibo portato da casa;<br \/>\n<strong>2. Area Antiche Scuderie<\/strong> &#8211; Panche e tavoli su prenotazione;<br \/>\n<strong>3. Novit\u00e0 2018: Ca\u2019 Martinengo Museum <\/strong>&#8211; Il Giardino di Ca\u2019 Martinengo, dimora storica con vista sul Padiglione di Diana, \u00e8 a disposizione per chi visita il museo \u201cAtmosfere di vita in Villa\u201d &#8211; Panche e tavoli su prenotazione, Quality street food a disposizione<\/p>\n<p style=\"font-size: 1.6em; text-align: center;\"><strong>&#8212;&#8212;&#8212;&#8212;&#8211; O &#8212;&#8212;&#8212;&#8212;&#8211;<\/strong><\/p>\n<p style=\"font-size: 1.9em; text-align: center;\"><strong>Domenica 8 Aprile 2018<\/strong><\/p>\n<p style=\"text-align: center;\" align=\"justify\"><em><strong><span style=\"font-size: 25.0pt; font-family: 'Verdana','sans-serif'; color: black;\"><span style=\"color: #650000;\">Pic nic del Doge<\/span><\/span><\/strong><\/em><\/p>\n<p style=\"font-size: 1.9em; text-align: center;\"><em><strong>e nel pomeriggio<\/strong><\/em><\/p>\n<p style=\"text-align: center;\" align=\"justify\"><em><strong><span style=\"font-size: 20.0pt; font-family: 'Verdana','sans-serif'; color: black;\"><span style=\"color: #650000;\">Minuetto in Giardino con i Patrizi Veneti<\/span><\/span><\/strong><\/em><\/p>\n<p style=\"font-size: 1.9em; text-align: center;\">\n<div class=\"ngg-galleryoverview ngg-slideshow\"\n\tid=\"ngg-slideshow-57a8fab51b31b3c52446bef939d2beea-2163803000\"\n\tdata-nextgen-gallery-id=\"96\"\n\tdata-gallery-id=\"57a8fab51b31b3c52446bef939d2beea\"\n\t\tdata-gallery-name=\"MinuettoInGiardino\"\n\t\tstyle=\"max-width: 600px;\n\t\t\tmax-height: 400px;\n\t\t\tdisplay: none;\">\n\n\t\n\t\t<a href=\"https:\/\/www.valsanzibiogiardino.com\/wp-content\/gallery\/minuettoingiardino\/PatriziMinuetto_2017.jpg?t=1531749248\"\n\t\t\ttitle=\"\"\n\t\t\tdata-src=\"https:\/\/www.valsanzibiogiardino.com\/wp-content\/gallery\/minuettoingiardino\/PatriziMinuetto_2017.jpg?t=1531749248\"\n\t\t\tdata-thumbnail=\"https:\/\/www.valsanzibiogiardino.com\/wp-content\/gallery\/minuettoingiardino\/thumbs\/thumbs_PatriziMinuetto_2017.jpg?t=1531749248\"\n\t\t\tdata-image-id=\"810\"\n\t\t\tdata-image-name=\"PatriziMinuetto_2017.jpg\"\n\t\t\tdata-title=\"PatriziMinuetto_2017\"\n\t\t\tdata-description=\"\"\n\t\t\t\t\t\t\t\t\t\t\t\t\t\t\tclass=\"ngg-fancybox\" rel=\"57a8fab51b31b3c52446bef939d2beea\">\n\t\t\t\n\t\t\t<img data-image-id='810'\n\t\t\t\ttitle=\"\"\n\t\t\t\talt=\"PatriziMinuetto_2017\"\n\t\t\t\tsrc=\"https:\/\/www.valsanzibiogiardino.com\/wp-content\/gallery\/minuettoingiardino\/PatriziMinuetto_2017.jpg?t=1531749248\"\n\t\t\t\tstyle=\"max-height: 380px;\"\/>\n\t\t<\/a>\n\n\t\t\n\t\t<a href=\"https:\/\/www.valsanzibiogiardino.com\/wp-content\/gallery\/minuettoingiardino\/PatriziMinuetto_2017_2.jpg?t=1519080430\"\n\t\t\ttitle=\" \"\n\t\t\tdata-src=\"https:\/\/www.valsanzibiogiardino.com\/wp-content\/gallery\/minuettoingiardino\/PatriziMinuetto_2017_2.jpg?t=1519080430\"\n\t\t\tdata-thumbnail=\"https:\/\/www.valsanzibiogiardino.com\/wp-content\/gallery\/minuettoingiardino\/thumbs\/thumbs_PatriziMinuetto_2017_2.jpg?t=1519080430\"\n\t\t\tdata-image-id=\"811\"\n\t\t\tdata-image-name=\"PatriziMinuetto_2017_2.jpg\"\n\t\t\tdata-title=\"PatriziMinuetto_2017_2\"\n\t\t\tdata-description=\" \"\n\t\t\t\t\t\t\t\t\t\t\t\t\t\t\tclass=\"ngg-fancybox\" rel=\"57a8fab51b31b3c52446bef939d2beea\">\n\t\t\t\n\t\t\t<img data-image-id='811'\n\t\t\t\ttitle=\" \"\n\t\t\t\talt=\"PatriziMinuetto_2017_2\"\n\t\t\t\tsrc=\"https:\/\/www.valsanzibiogiardino.com\/wp-content\/gallery\/minuettoingiardino\/PatriziMinuetto_2017_2.jpg?t=1519080430\"\n\t\t\t\tstyle=\"max-height: 380px;\"\/>\n\t\t<\/a>\n\n\t\t<\/div>\n\n\n<\/p>\n<p style=\"font-size: 1.5em; text-align: justify;\">L\u2019associazione veneta Patrizi Veneti, nata con la finalit\u00e0 di portare avanti la tradizione delle nobili famiglie venete del passato, sfiler\u00e0 in Giardino e si esibir\u00e0 in Minuetti a coppie.<\/p>\n<p style=\"text-align: center;\">&#8212;&#8212;&#8212;&#8212;&#8212;&#8212;&#8212;&#8212;&#8212; O &#8212;&#8212;&#8212;&#8212;&#8212;&#8212;&#8212;&#8212;&#8212;<\/p>\n<p style=\"font-size: 1.9em; text-align: center;\"><strong>Domenica 15 Aprile 2018<\/strong><\/p>\n<p style=\"text-align: center;\" align=\"justify\"><em><strong><span style=\"font-size: 25.0pt; font-family: 'Verdana','sans-serif'; color: black;\"><span style=\"color: #650000;\">Pic nic del Doge<\/span><\/span><\/strong><\/em><\/p>\n<p style=\"font-size: 1.9em; text-align: center;\"><em><strong>e nel pomeriggio<\/strong><\/em><\/p>\n<p style=\"text-align: center;\" align=\"justify\"><em><strong><span style=\"font-size: 22.0pt; font-family: 'Verdana','sans-serif'; color: black;\"><span style=\"color: #277333;\">\u201cNEL MEZZO DEL CAMMIN<\/span><\/span><\/strong><\/em><\/p>\n<p style=\"text-align: center;\" align=\"justify\"><em><strong><span style=\"font-size: 22.0pt; font-family: 'Verdana','sans-serif'; color: black;\"><span style=\"color: #277333;\"> DI NOSTRA VITA\u201d<\/span><\/span><\/strong><\/em><\/p>\n<p style=\"text-align: center;\" align=\"justify\"><em><strong><span style=\"font-size: 19.0pt; font-family: 'Verdana','sans-serif'; color: black;\"><span style=\"color: #900000;\">In cammino con Dante<\/span><\/span><\/strong><\/em><\/p>\n<p style=\"text-align: center;\" align=\"justify\"><em><strong><span style=\"font-size: 19.0pt; font-family: 'Verdana','sans-serif'; color: black;\"><span style=\"color: #900000;\"> nel Giardino di Valsanzibio<br \/>\n<\/span><\/span><\/strong><\/em><\/p>\n<p style=\"font-size: 1.5em; text-align: center;\">Passeggiata teatrale a cura di\u00a0<strong>eTielleZeta eventi<\/strong><\/p>\n<p style=\"font-size: 1.5em; text-align: justify;\">Letture sceniche in itinere dei cantici di Dante Alighieri realizzate dall\u2019attore\u00a0<strong>Lorenzo Zuffi<\/strong> e\u00a0accompagnate dal liuto di <strong>Federico Rossignoli<\/strong>.<\/p>\n<p style=\"font-size: 1.5em; text-align: center;\"><strong>Possibilit\u00e0 di scegliere il tour alle ore:<\/strong><\/p>\n<p style=\"font-size: 1.6em; text-align: center;\"><em><strong> 11:00 \/ 14:30 \/ 16:30<\/strong><\/em><\/p>\n<p style=\"font-size: 1.5em; text-align: center;\">Indispensabile la prenotazione:<\/p>\n<p style=\"font-size: 1.5em; text-align: center;\"><strong>340 0825844<\/strong>\u00a0o\u00a0<strong>info@valsanzibiogiardino.it<\/strong><\/p>\n<p style=\"font-size: 1.4em; text-align: center;\"><em>&#8211; Recupero 22 Aprile in caso di brutto tempo<\/em><\/p>\n<p style=\"font-size: 1.6em; text-align: center;\"><strong>&#8212;&#8212;&#8212;&#8212;&#8211; O &#8212;&#8212;&#8212;&#8212;&#8211;<\/strong><\/p>\n<p style=\"font-size: 1.9em; text-align: center;\"><strong>Dal 21 al 25 Aprile 2018<\/strong><\/p>\n<p style=\"font-size: 1.9em; text-align: center;\"><strong>e ancora<\/strong><\/p>\n<p style=\"font-size: 1.9em; text-align: center;\"><strong>il 30, 31 Aprile &amp; 1 Maggio 2018<\/strong><\/p>\n<p style=\"text-align: center;\" align=\"justify\"><em><strong><span style=\"font-size: 25.0pt; font-family: 'Verdana','sans-serif'; color: black;\"><span style=\"color: #650000;\">Pic nic del Doge<\/span><\/span><\/strong><\/em><\/p>\n<p style=\"text-align: center;\" align=\"justify\">\n<div class=\"ngg-galleryoverview ngg-slideshow\"\n\tid=\"ngg-slideshow-c2357185f24a426472844feab8500347-17346794800\"\n\tdata-nextgen-gallery-id=\"58\"\n\tdata-gallery-id=\"c2357185f24a426472844feab8500347\"\n\t\tdata-gallery-name=\"PicNicDoge_2017\"\n\t\tstyle=\"max-width: 600px;\n\t\t\tmax-height: 400px;\n\t\t\tdisplay: none;\">\n\n\t\n\t\t<a href=\"https:\/\/www.valsanzibiogiardino.com\/wp-content\/gallery\/picnicdoge_2017\/PicNicDogePasquetta_2017_3.jpg?t=1531749248\"\n\t\t\ttitle=\"\"\n\t\t\tdata-src=\"https:\/\/www.valsanzibiogiardino.com\/wp-content\/gallery\/picnicdoge_2017\/PicNicDogePasquetta_2017_3.jpg?t=1531749248\"\n\t\t\tdata-thumbnail=\"https:\/\/www.valsanzibiogiardino.com\/wp-content\/gallery\/picnicdoge_2017\/thumbs\/thumbs_PicNicDogePasquetta_2017_3.jpg?t=1531749248\"\n\t\t\tdata-image-id=\"706\"\n\t\t\tdata-image-name=\"PicNicDogePasquetta_2017_3.jpg\"\n\t\t\tdata-title=\"PicNicDogePasquetta_2017_3\"\n\t\t\tdata-description=\"\"\n\t\t\t\t\t\t\t\t\t\t\t\t\t\t\tclass=\"ngg-fancybox\" rel=\"c2357185f24a426472844feab8500347\">\n\t\t\t\n\t\t\t<img data-image-id='706'\n\t\t\t\ttitle=\"\"\n\t\t\t\talt=\"PicNicDogePasquetta_2017_3\"\n\t\t\t\tsrc=\"https:\/\/www.valsanzibiogiardino.com\/wp-content\/gallery\/picnicdoge_2017\/PicNicDogePasquetta_2017_3.jpg?t=1531749248\"\n\t\t\t\tstyle=\"max-height: 380px;\"\/>\n\t\t<\/a>\n\n\t\t\n\t\t<a href=\"https:\/\/www.valsanzibiogiardino.com\/wp-content\/gallery\/picnicdoge_2017\/PicNicDogePasquetta_2017_2.jpg?t=1492698150\"\n\t\t\ttitle=\" \"\n\t\t\tdata-src=\"https:\/\/www.valsanzibiogiardino.com\/wp-content\/gallery\/picnicdoge_2017\/PicNicDogePasquetta_2017_2.jpg?t=1492698150\"\n\t\t\tdata-thumbnail=\"https:\/\/www.valsanzibiogiardino.com\/wp-content\/gallery\/picnicdoge_2017\/thumbs\/thumbs_PicNicDogePasquetta_2017_2.jpg?t=1492698150\"\n\t\t\tdata-image-id=\"705\"\n\t\t\tdata-image-name=\"PicNicDogePasquetta_2017_2.jpg\"\n\t\t\tdata-title=\"PicNicDogePasquetta_2017_2\"\n\t\t\tdata-description=\" \"\n\t\t\t\t\t\t\t\t\t\t\t\t\t\t\tclass=\"ngg-fancybox\" rel=\"c2357185f24a426472844feab8500347\">\n\t\t\t\n\t\t\t<img data-image-id='705'\n\t\t\t\ttitle=\" \"\n\t\t\t\talt=\"PicNicDogePasquetta_2017_2\"\n\t\t\t\tsrc=\"https:\/\/www.valsanzibiogiardino.com\/wp-content\/gallery\/picnicdoge_2017\/PicNicDogePasquetta_2017_2.jpg?t=1492698150\"\n\t\t\t\tstyle=\"max-height: 380px;\"\/>\n\t\t<\/a>\n\n\t\t\n\t\t<a href=\"https:\/\/www.valsanzibiogiardino.com\/wp-content\/gallery\/picnicdoge_2017\/PicNicDogePasquetta_2017_1.jpg?t=1531749247\"\n\t\t\ttitle=\"\"\n\t\t\tdata-src=\"https:\/\/www.valsanzibiogiardino.com\/wp-content\/gallery\/picnicdoge_2017\/PicNicDogePasquetta_2017_1.jpg?t=1531749247\"\n\t\t\tdata-thumbnail=\"https:\/\/www.valsanzibiogiardino.com\/wp-content\/gallery\/picnicdoge_2017\/thumbs\/thumbs_PicNicDogePasquetta_2017_1.jpg?t=1531749247\"\n\t\t\tdata-image-id=\"704\"\n\t\t\tdata-image-name=\"PicNicDogePasquetta_2017_1.jpg\"\n\t\t\tdata-title=\"PicNicDogePasquetta_2017_1\"\n\t\t\tdata-description=\"\"\n\t\t\t\t\t\t\t\t\t\t\t\t\t\t\tclass=\"ngg-fancybox\" rel=\"c2357185f24a426472844feab8500347\">\n\t\t\t\n\t\t\t<img data-image-id='704'\n\t\t\t\ttitle=\"\"\n\t\t\t\talt=\"PicNicDogePasquetta_2017_1\"\n\t\t\t\tsrc=\"https:\/\/www.valsanzibiogiardino.com\/wp-content\/gallery\/picnicdoge_2017\/PicNicDogePasquetta_2017_1.jpg?t=1531749247\"\n\t\t\t\tstyle=\"max-height: 380px;\"\/>\n\t\t<\/a>\n\n\t\t\n\t\t<a href=\"https:\/\/www.valsanzibiogiardino.com\/wp-content\/gallery\/picnicdoge_2017\/PicNicDoge2017_1.jpg?t=1494362167\"\n\t\t\ttitle=\" \"\n\t\t\tdata-src=\"https:\/\/www.valsanzibiogiardino.com\/wp-content\/gallery\/picnicdoge_2017\/PicNicDoge2017_1.jpg?t=1494362167\"\n\t\t\tdata-thumbnail=\"https:\/\/www.valsanzibiogiardino.com\/wp-content\/gallery\/picnicdoge_2017\/thumbs\/thumbs_PicNicDoge2017_1.jpg?t=1494362167\"\n\t\t\tdata-image-id=\"714\"\n\t\t\tdata-image-name=\"PicNicDoge2017_1.jpg\"\n\t\t\tdata-title=\"PicNicDoge2017_1\"\n\t\t\tdata-description=\" \"\n\t\t\t\t\t\t\t\t\t\t\t\t\t\t\tclass=\"ngg-fancybox\" rel=\"c2357185f24a426472844feab8500347\">\n\t\t\t\n\t\t\t<img data-image-id='714'\n\t\t\t\ttitle=\" \"\n\t\t\t\talt=\"PicNicDoge2017_1\"\n\t\t\t\tsrc=\"https:\/\/www.valsanzibiogiardino.com\/wp-content\/gallery\/picnicdoge_2017\/PicNicDoge2017_1.jpg?t=1494362167\"\n\t\t\t\tstyle=\"max-height: 380px;\"\/>\n\t\t<\/a>\n\n\t\t\n\t\t<a href=\"https:\/\/www.valsanzibiogiardino.com\/wp-content\/gallery\/picnicdoge_2017\/Foto1_PicNicDoge2017.jpg?t=1493205970\"\n\t\t\ttitle=\" \"\n\t\t\tdata-src=\"https:\/\/www.valsanzibiogiardino.com\/wp-content\/gallery\/picnicdoge_2017\/Foto1_PicNicDoge2017.jpg?t=1493205970\"\n\t\t\tdata-thumbnail=\"https:\/\/www.valsanzibiogiardino.com\/wp-content\/gallery\/picnicdoge_2017\/thumbs\/thumbs_Foto1_PicNicDoge2017.jpg?t=1493205970\"\n\t\t\tdata-image-id=\"707\"\n\t\t\tdata-image-name=\"Foto1_PicNicDoge2017.jpg\"\n\t\t\tdata-title=\"Foto1_PicNicDoge2017\"\n\t\t\tdata-description=\" \"\n\t\t\t\t\t\t\t\t\t\t\t\t\t\t\tclass=\"ngg-fancybox\" rel=\"c2357185f24a426472844feab8500347\">\n\t\t\t\n\t\t\t<img data-image-id='707'\n\t\t\t\ttitle=\" \"\n\t\t\t\talt=\"Foto1_PicNicDoge2017\"\n\t\t\t\tsrc=\"https:\/\/www.valsanzibiogiardino.com\/wp-content\/gallery\/picnicdoge_2017\/Foto1_PicNicDoge2017.jpg?t=1493205970\"\n\t\t\t\tstyle=\"max-height: 380px;\"\/>\n\t\t<\/a>\n\n\t\t\n\t\t<a href=\"https:\/\/www.valsanzibiogiardino.com\/wp-content\/gallery\/picnicdoge_2017\/Foto3_PicNicDoge2017_email.jpg?t=1493205982\"\n\t\t\ttitle=\" \"\n\t\t\tdata-src=\"https:\/\/www.valsanzibiogiardino.com\/wp-content\/gallery\/picnicdoge_2017\/Foto3_PicNicDoge2017_email.jpg?t=1493205982\"\n\t\t\tdata-thumbnail=\"https:\/\/www.valsanzibiogiardino.com\/wp-content\/gallery\/picnicdoge_2017\/thumbs\/thumbs_Foto3_PicNicDoge2017_email.jpg?t=1493205982\"\n\t\t\tdata-image-id=\"708\"\n\t\t\tdata-image-name=\"Foto3_PicNicDoge2017_email.jpg\"\n\t\t\tdata-title=\"Foto3_PicNicDoge2017_email\"\n\t\t\tdata-description=\" \"\n\t\t\t\t\t\t\t\t\t\t\t\t\t\t\tclass=\"ngg-fancybox\" rel=\"c2357185f24a426472844feab8500347\">\n\t\t\t\n\t\t\t<img data-image-id='708'\n\t\t\t\ttitle=\" \"\n\t\t\t\talt=\"Foto3_PicNicDoge2017_email\"\n\t\t\t\tsrc=\"https:\/\/www.valsanzibiogiardino.com\/wp-content\/gallery\/picnicdoge_2017\/Foto3_PicNicDoge2017_email.jpg?t=1493205982\"\n\t\t\t\tstyle=\"max-height: 380px;\"\/>\n\t\t<\/a>\n\n\t\t<\/div>\n\n\n<\/p>\n<p style=\"font-size: 1.5em; text-align: center;\">Visite guidate circa alle 11:00 e alle 15:00<\/p>\n<p style=\"font-size: 1.5em; text-align: justify;\">Nel Giardino Monumentale non \u00e8 permesso mangiare, ma sono molteplici le aree a disposizione per i visitatori del Giardino:<br \/>\n<strong>1. Area Non-Monumenatale\/Area Relax<\/strong><br \/>\n&#8211; due ettari di prato con alberi secolari e circondati dai Colli Euganei;<br \/>\n&#8211; Possibilit\u00e0 di prenotare tavoli e panche con supplemento;<br \/>\n&#8211; Tavoli in tronco d\u2019albero del Giardino a disposizione;<br \/>\n&#8211; Colazioni sull\u2019erba con cibo proprio o acquistato presso i Quality street food;<br \/>\n<strong>2. Area Antiche Scuderie<\/strong><br \/>\n&#8211; Panche e tavoli su prenotazione;<br \/>\n<strong>3. Novit\u00e0 2018: Ca\u2019 Martinengo Museum <\/strong><br \/>\n&#8211; Il Giardino di Ca\u2019 Martinengo, dimora storica con vista sul Padiglione di Diana, \u00e8 a disposizione per chi visita il museo \u201cAtmosfere di vita in Villa\u201d<br \/>\n&#8211; Panche e tavoli su prenotazione;<br \/>\n&#8211; Quality street\u00a0food preparano cibo della tradizione veneta.<\/p>\n<p style=\"font-size: 1.5em; text-align: center;\">Servizio self service &#8211; Tavoli su prenotazione:<\/p>\n<p style=\"font-size: 1.5em; text-align: center;\"><strong>340 0825844<\/strong>\u00a0o\u00a0<strong>info@valsanzibiogiardino.it<\/strong><\/p>\n<p style=\"font-size: 1.6em; text-align: center;\"><strong>&#8212;&#8212;&#8212;&#8212;&#8211; O &#8212;&#8212;&#8212;&#8212;&#8211;<\/strong><\/p>\n<p style=\"font-size: 1.6em; text-align: center;\"><strong>Desiderate fare un regalo speciale a persone speciali?<\/strong><\/p>\n<p style=\"font-size: 1.9em; text-align: center;\"><strong>Regalate l\u2019ingresso al<\/strong><\/p>\n<p style=\"font-size: 1.9em; text-align: center;\"><strong>Giardino Monumentale di Valsanzibio.<\/strong><\/p>\n<p style=\"font-size: 1.9em; text-align: center;\"><p>Invalid Displayed Gallery<\/p><\/p>\n<p style=\"font-size: 1.5em; text-align: justify;\">Un dono gradito agli amanti dell\u2019 Arte e Natura e, al tempo stesso, Arte e Natura del Giardino ringraziano sentitamente del contributo.<\/p>\n<p style=\"font-size: 1.5em; text-align: justify;\">Sarete anche voi partecipi al mantenimento di un bene storico-artistico-botanico che visitatori da tutto il mondo apprezzano e ammirano.<\/p>\n<p style=\"font-size: 1.5em; text-align: center;\">Per informazioni:<\/p>\n<p style=\"font-size: 1.6em; text-align: center;\"><em><strong>340 0825844<\/strong><\/em><br \/>\n<em><strong> info@valsanzibiogiardino.it<\/strong><\/em><\/p>\n<p style=\"font-size: 1.6em; text-align: center;\"><strong>&#8212;&#8212;&#8212;&#8212;&#8211; O &#8212;&#8212;&#8212;&#8212;&#8211;<\/strong><\/p>\n<p style=\"font-size: 1.6em; text-align: center;\"><strong>INFINE VI segnaliamo&#8230;<\/strong><\/p>\n<p style=\"font-size: 2.6em; text-align: center;\"><a href=\"https:\/\/www.kickstarter.com\/projects\/1203174801\/giardino-di-valsanzibio\" target=\"_blank\"><em><strong><span style=\"color: #475400;\">&#8216;VALSANZIBIO&#8217;<\/span><\/strong><\/em><\/a><\/p>\n<p style=\"font-size: 2.0em; text-align: center;\"><p>Invalid Displayed Gallery<\/p><\/p>\n<p style=\"font-size: 2.2em; text-align: center;\"><img decoding=\"async\" src=\"https:\/\/ksr-ugc.imgix.net\/assets\/017\/017\/241\/63f609366f6fec575d9d6ba8af80fecd_original.jpg?w=680&amp;fit=max&amp;v=1496933126&amp;auto=format&amp;q=92&amp;s=84e92847d9d457da48c22a523a0109c2\" alt=\"Preview of the book\" \/><\/p>\n<p style=\"font-size: 1.5em; text-align: justify;\">un opera scritta da <strong>Luigi Cerantola<\/strong> con fotografie di <strong>Renato D\u2019Agostin<\/strong>, giovane fotografo veneziano che ha gi\u00e0 esposto in prestigiose gallerie d\u2019arte internazionali, tra cui Venezia, New York, Parigi. Alcuni sui scatti realizzati nel Giardino di Valsanzibio appaiono anche sulla facciata <a style=\"font-weight: normal;\" href=\"\/?p=5868\" target=\"_blank\">dell&#8217;antico Casino di caccia denominato <strong>C\u00e0 Martinengo <\/strong>(clicca sopra per conoscere Ca&#8217; Martinengo)<\/a>.<\/p>\n<p style=\"font-size: 1.5em; text-align: justify;\">Da VALSANZIBIO \u00e8 stato tratto il <strong><em>Codice di Valsanzibio<\/em><\/strong>, un libro realizzato secondo tecniche monastiche antiche e composto di 26 grandi pagine (cm. 23,5 x 32) esposte in sequenza. In quest&#8217;opera i 24 Sonetti del poeta <strong>Luigi Cerantola<\/strong>, che prendono avvio dal Sonetto \u201c<em>Curioso viator che in questa parte<\/em>\u201d inciso sulla gradinata che dal Giardino di Valsanzibio immette al Piazzale delle Rivelazioni in fronte a Villa Barbarigo Pizzoni Ardemani (<a href=\"\/?p=613\" target=\"_blank\">clicca La Scalinata del Sonetto<\/a>), sono calligrafati su carta giapponese e tutte le 26 pagine sono dipinte da <strong>Alessio Mancino<\/strong>.<\/p>\n<p style=\"font-size: 1.5em; text-align: justify;\">Il codice \u00e8 in linea alla tradizione classica (vedi le <em>Tr\u00e8s Riches Heuresdu Duc de Berry<\/em> del 1415 circa) che intendeva dar veste solenne e imperitura ad un testo calligrafandolo e miniandolo.<\/p>\n<p style=\"font-size: 1.6em; text-align: center;\"><strong>&#8212;&#8212;&#8212;&#8212;&#8211; O &#8212;&#8212;&#8212;&#8212;&#8211;<\/strong><\/p>\n<p style=\"font-size: 1.6em; text-align: justify;\"><strong>Tutte le attivit\u00e0 che si svolgono all\u2019interno del Giardino di Valsanzibio, se non specificato altrimenti, prevedono il regolare ingresso al giardino ed il pagamento del biglietto.<\/strong><\/p>\n<p style=\"font-size: 1.4em; text-align: justify;\">Per ulteriori info seguite gli aggiornamenti QUI alla voce &#8216;<strong>NEWS<\/strong>&#8216; o andate alla nostra pagina di <strong><a href=\"https:\/\/www.facebook.com\/Giardino-Barbarigo-Valsanzibio-1461052934142801\/\" target=\"_blank\">Facebook: Giardino Barbarigo Valsanzibio<\/a><\/strong>.<\/p>\n<!-- AddThis Advanced Settings generic via filter on the_content --><!-- AddThis Share Buttons generic via filter on the_content -->","protected":false},"excerpt":{"rendered":"<p>Calendario degli eventi Giardino Monumentale di Valsanzibio 24 Febbraio &#8211; 1 Maggio 2018 &#8212;&#8212;&#8212;&#8212;&#8211; O &#8212;&#8212;&#8212;&#8212;&#8211; 24 Febbraio 2018 Apertura Giardino Monumentale di Valsanzibio Il Giardino \u00e8 aperto tutti i giorni, da Luned\u00ec a Venerd\u00ec 10:00 &#8211; 13:00 e 14:00\u00a0&#8211; tramonto Sabato, Domenica e giorni festivi con orario continuato 10:00\u00a0&#8211; tramonto La vista pu\u00f2 essere [&hellip;]<!-- AddThis Advanced Settings generic via filter on get_the_excerpt --><!-- AddThis Share Buttons generic via filter on get_the_excerpt --><\/p>\n","protected":false},"author":4,"featured_media":5724,"comment_status":"closed","ping_status":"open","sticky":false,"template":"","format":"standard","meta":{"_monsterinsights_skip_tracking":false,"_monsterinsights_sitenote_active":false,"_monsterinsights_sitenote_note":"","_monsterinsights_sitenote_category":0,"ngg_post_thumbnail":0,"footnotes":""},"categories":[13,17],"tags":[],"class_list":["post-6278","post","type-post","status-publish","format-standard","has-post-thumbnail","hentry","category-eventi","category-news"],"yoast_head":"<!-- This site is optimized with the Yoast SEO plugin v27.5 - https:\/\/yoast.com\/product\/yoast-seo-wordpress\/ -->\n<title>primi appuntamenti del 2018 - Giardino Storico di Valsanzibio | Villa Barbarigo Pizzoni Ardemani | Galzignano Terme, Padova<\/title>\n<meta name=\"robots\" content=\"index, follow, max-snippet:-1, max-image-preview:large, max-video-preview:-1\" \/>\n<link rel=\"canonical\" href=\"https:\/\/www.valsanzibiogiardino.com\/it\/primi-appuntamenti-del-2018\/\" \/>\n<meta name=\"twitter:label1\" content=\"Scritto da\" \/>\n\t<meta name=\"twitter:data1\" content=\"Staff\" \/>\n\t<meta name=\"twitter:label2\" content=\"Tempo di lettura stimato\" \/>\n\t<meta name=\"twitter:data2\" content=\"6 minuti\" \/>\n<script type=\"application\/ld+json\" class=\"yoast-schema-graph\">{\"@context\":\"https:\\\/\\\/schema.org\",\"@graph\":[{\"@type\":\"Article\",\"@id\":\"https:\\\/\\\/www.valsanzibiogiardino.com\\\/it\\\/primi-appuntamenti-del-2018\\\/#article\",\"isPartOf\":{\"@id\":\"https:\\\/\\\/www.valsanzibiogiardino.com\\\/it\\\/primi-appuntamenti-del-2018\\\/\"},\"author\":{\"name\":\"Staff\",\"@id\":\"https:\\\/\\\/www.valsanzibiogiardino.com\\\/it\\\/#\\\/schema\\\/person\\\/f6b11a7fbc16b7bd8b7dff8c277936bb\"},\"headline\":\"primi appuntamenti del 2018\",\"datePublished\":\"2018-02-19T23:53:37+00:00\",\"dateModified\":\"2018-03-16T13:23:21+00:00\",\"mainEntityOfPage\":{\"@id\":\"https:\\\/\\\/www.valsanzibiogiardino.com\\\/it\\\/primi-appuntamenti-del-2018\\\/\"},\"wordCount\":1121,\"image\":{\"@id\":\"https:\\\/\\\/www.valsanzibiogiardino.com\\\/it\\\/primi-appuntamenti-del-2018\\\/#primaryimage\"},\"thumbnailUrl\":\"https:\\\/\\\/www.valsanzibiogiardino.com\\\/wp-content\\\/uploads\\\/2017\\\/07\\\/GrottePeschieraVenti_1_Low.jpg\",\"articleSection\":[\"EVENTI\",\"NEWS\"],\"inLanguage\":\"it-IT\"},{\"@type\":\"WebPage\",\"@id\":\"https:\\\/\\\/www.valsanzibiogiardino.com\\\/it\\\/primi-appuntamenti-del-2018\\\/\",\"url\":\"https:\\\/\\\/www.valsanzibiogiardino.com\\\/it\\\/primi-appuntamenti-del-2018\\\/\",\"name\":\"primi appuntamenti del 2018 - Giardino Storico di Valsanzibio | Villa Barbarigo Pizzoni Ardemani | Galzignano Terme, Padova\",\"isPartOf\":{\"@id\":\"https:\\\/\\\/www.valsanzibiogiardino.com\\\/it\\\/#website\"},\"primaryImageOfPage\":{\"@id\":\"https:\\\/\\\/www.valsanzibiogiardino.com\\\/it\\\/primi-appuntamenti-del-2018\\\/#primaryimage\"},\"image\":{\"@id\":\"https:\\\/\\\/www.valsanzibiogiardino.com\\\/it\\\/primi-appuntamenti-del-2018\\\/#primaryimage\"},\"thumbnailUrl\":\"https:\\\/\\\/www.valsanzibiogiardino.com\\\/wp-content\\\/uploads\\\/2017\\\/07\\\/GrottePeschieraVenti_1_Low.jpg\",\"datePublished\":\"2018-02-19T23:53:37+00:00\",\"dateModified\":\"2018-03-16T13:23:21+00:00\",\"author\":{\"@id\":\"https:\\\/\\\/www.valsanzibiogiardino.com\\\/it\\\/#\\\/schema\\\/person\\\/f6b11a7fbc16b7bd8b7dff8c277936bb\"},\"breadcrumb\":{\"@id\":\"https:\\\/\\\/www.valsanzibiogiardino.com\\\/it\\\/primi-appuntamenti-del-2018\\\/#breadcrumb\"},\"inLanguage\":\"it-IT\",\"potentialAction\":[{\"@type\":\"ReadAction\",\"target\":[\"https:\\\/\\\/www.valsanzibiogiardino.com\\\/it\\\/primi-appuntamenti-del-2018\\\/\"]}]},{\"@type\":\"ImageObject\",\"inLanguage\":\"it-IT\",\"@id\":\"https:\\\/\\\/www.valsanzibiogiardino.com\\\/it\\\/primi-appuntamenti-del-2018\\\/#primaryimage\",\"url\":\"https:\\\/\\\/www.valsanzibiogiardino.com\\\/wp-content\\\/uploads\\\/2017\\\/07\\\/GrottePeschieraVenti_1_Low.jpg\",\"contentUrl\":\"https:\\\/\\\/www.valsanzibiogiardino.com\\\/wp-content\\\/uploads\\\/2017\\\/07\\\/GrottePeschieraVenti_1_Low.jpg\",\"width\":1024,\"height\":768,\"caption\":\"Grotte Peschiera Venti\"},{\"@type\":\"BreadcrumbList\",\"@id\":\"https:\\\/\\\/www.valsanzibiogiardino.com\\\/it\\\/primi-appuntamenti-del-2018\\\/#breadcrumb\",\"itemListElement\":[{\"@type\":\"ListItem\",\"position\":1,\"name\":\"Home\",\"item\":\"https:\\\/\\\/www.valsanzibiogiardino.com\\\/it\\\/\"},{\"@type\":\"ListItem\",\"position\":2,\"name\":\"primi appuntamenti del 2018\"}]},{\"@type\":\"WebSite\",\"@id\":\"https:\\\/\\\/www.valsanzibiogiardino.com\\\/it\\\/#website\",\"url\":\"https:\\\/\\\/www.valsanzibiogiardino.com\\\/it\\\/\",\"name\":\"Giardino Storico di Valsanzibio | Villa Barbarigo Pizzoni Ardemani | Galzignano Terme, Padova\",\"description\":\"Il Giardino Storico di Valsanzibio si trova a Galzignano Terme, in provincia di Padova, ed \u00e8 uno dei pi\u00f9 estesi ed integri giardini d\u2019Epoca mondiali.\",\"potentialAction\":[{\"@type\":\"SearchAction\",\"target\":{\"@type\":\"EntryPoint\",\"urlTemplate\":\"https:\\\/\\\/www.valsanzibiogiardino.com\\\/it\\\/?s={search_term_string}\"},\"query-input\":{\"@type\":\"PropertyValueSpecification\",\"valueRequired\":true,\"valueName\":\"search_term_string\"}}],\"inLanguage\":\"it-IT\"},{\"@type\":\"Person\",\"@id\":\"https:\\\/\\\/www.valsanzibiogiardino.com\\\/it\\\/#\\\/schema\\\/person\\\/f6b11a7fbc16b7bd8b7dff8c277936bb\",\"name\":\"Staff\",\"url\":\"https:\\\/\\\/www.valsanzibiogiardino.com\\\/it\\\/author\\\/staff\\\/\"}]}<\/script>\n<!-- \/ Yoast SEO plugin. -->","yoast_head_json":{"title":"primi appuntamenti del 2018 - Giardino Storico di Valsanzibio | Villa Barbarigo Pizzoni Ardemani | Galzignano Terme, Padova","robots":{"index":"index","follow":"follow","max-snippet":"max-snippet:-1","max-image-preview":"max-image-preview:large","max-video-preview":"max-video-preview:-1"},"canonical":"https:\/\/www.valsanzibiogiardino.com\/it\/primi-appuntamenti-del-2018\/","twitter_misc":{"Scritto da":"Staff","Tempo di lettura stimato":"6 minuti"},"schema":{"@context":"https:\/\/schema.org","@graph":[{"@type":"Article","@id":"https:\/\/www.valsanzibiogiardino.com\/it\/primi-appuntamenti-del-2018\/#article","isPartOf":{"@id":"https:\/\/www.valsanzibiogiardino.com\/it\/primi-appuntamenti-del-2018\/"},"author":{"name":"Staff","@id":"https:\/\/www.valsanzibiogiardino.com\/it\/#\/schema\/person\/f6b11a7fbc16b7bd8b7dff8c277936bb"},"headline":"primi appuntamenti del 2018","datePublished":"2018-02-19T23:53:37+00:00","dateModified":"2018-03-16T13:23:21+00:00","mainEntityOfPage":{"@id":"https:\/\/www.valsanzibiogiardino.com\/it\/primi-appuntamenti-del-2018\/"},"wordCount":1121,"image":{"@id":"https:\/\/www.valsanzibiogiardino.com\/it\/primi-appuntamenti-del-2018\/#primaryimage"},"thumbnailUrl":"https:\/\/www.valsanzibiogiardino.com\/wp-content\/uploads\/2017\/07\/GrottePeschieraVenti_1_Low.jpg","articleSection":["EVENTI","NEWS"],"inLanguage":"it-IT"},{"@type":"WebPage","@id":"https:\/\/www.valsanzibiogiardino.com\/it\/primi-appuntamenti-del-2018\/","url":"https:\/\/www.valsanzibiogiardino.com\/it\/primi-appuntamenti-del-2018\/","name":"primi appuntamenti del 2018 - Giardino Storico di Valsanzibio | Villa Barbarigo Pizzoni Ardemani | Galzignano Terme, Padova","isPartOf":{"@id":"https:\/\/www.valsanzibiogiardino.com\/it\/#website"},"primaryImageOfPage":{"@id":"https:\/\/www.valsanzibiogiardino.com\/it\/primi-appuntamenti-del-2018\/#primaryimage"},"image":{"@id":"https:\/\/www.valsanzibiogiardino.com\/it\/primi-appuntamenti-del-2018\/#primaryimage"},"thumbnailUrl":"https:\/\/www.valsanzibiogiardino.com\/wp-content\/uploads\/2017\/07\/GrottePeschieraVenti_1_Low.jpg","datePublished":"2018-02-19T23:53:37+00:00","dateModified":"2018-03-16T13:23:21+00:00","author":{"@id":"https:\/\/www.valsanzibiogiardino.com\/it\/#\/schema\/person\/f6b11a7fbc16b7bd8b7dff8c277936bb"},"breadcrumb":{"@id":"https:\/\/www.valsanzibiogiardino.com\/it\/primi-appuntamenti-del-2018\/#breadcrumb"},"inLanguage":"it-IT","potentialAction":[{"@type":"ReadAction","target":["https:\/\/www.valsanzibiogiardino.com\/it\/primi-appuntamenti-del-2018\/"]}]},{"@type":"ImageObject","inLanguage":"it-IT","@id":"https:\/\/www.valsanzibiogiardino.com\/it\/primi-appuntamenti-del-2018\/#primaryimage","url":"https:\/\/www.valsanzibiogiardino.com\/wp-content\/uploads\/2017\/07\/GrottePeschieraVenti_1_Low.jpg","contentUrl":"https:\/\/www.valsanzibiogiardino.com\/wp-content\/uploads\/2017\/07\/GrottePeschieraVenti_1_Low.jpg","width":1024,"height":768,"caption":"Grotte Peschiera Venti"},{"@type":"BreadcrumbList","@id":"https:\/\/www.valsanzibiogiardino.com\/it\/primi-appuntamenti-del-2018\/#breadcrumb","itemListElement":[{"@type":"ListItem","position":1,"name":"Home","item":"https:\/\/www.valsanzibiogiardino.com\/it\/"},{"@type":"ListItem","position":2,"name":"primi appuntamenti del 2018"}]},{"@type":"WebSite","@id":"https:\/\/www.valsanzibiogiardino.com\/it\/#website","url":"https:\/\/www.valsanzibiogiardino.com\/it\/","name":"Giardino Storico di Valsanzibio | Villa Barbarigo Pizzoni Ardemani | Galzignano Terme, Padova","description":"Il Giardino Storico di Valsanzibio si trova a Galzignano Terme, in provincia di Padova, ed \u00e8 uno dei pi\u00f9 estesi ed integri giardini d\u2019Epoca mondiali.","potentialAction":[{"@type":"SearchAction","target":{"@type":"EntryPoint","urlTemplate":"https:\/\/www.valsanzibiogiardino.com\/it\/?s={search_term_string}"},"query-input":{"@type":"PropertyValueSpecification","valueRequired":true,"valueName":"search_term_string"}}],"inLanguage":"it-IT"},{"@type":"Person","@id":"https:\/\/www.valsanzibiogiardino.com\/it\/#\/schema\/person\/f6b11a7fbc16b7bd8b7dff8c277936bb","name":"Staff","url":"https:\/\/www.valsanzibiogiardino.com\/it\/author\/staff\/"}]}},"_links":{"self":[{"href":"https:\/\/www.valsanzibiogiardino.com\/it\/wp-json\/wp\/v2\/posts\/6278","targetHints":{"allow":["GET"]}}],"collection":[{"href":"https:\/\/www.valsanzibiogiardino.com\/it\/wp-json\/wp\/v2\/posts"}],"about":[{"href":"https:\/\/www.valsanzibiogiardino.com\/it\/wp-json\/wp\/v2\/types\/post"}],"author":[{"embeddable":true,"href":"https:\/\/www.valsanzibiogiardino.com\/it\/wp-json\/wp\/v2\/users\/4"}],"replies":[{"embeddable":true,"href":"https:\/\/www.valsanzibiogiardino.com\/it\/wp-json\/wp\/v2\/comments?post=6278"}],"version-history":[{"count":0,"href":"https:\/\/www.valsanzibiogiardino.com\/it\/wp-json\/wp\/v2\/posts\/6278\/revisions"}],"wp:featuredmedia":[{"embeddable":true,"href":"https:\/\/www.valsanzibiogiardino.com\/it\/wp-json\/wp\/v2\/media\/5724"}],"wp:attachment":[{"href":"https:\/\/www.valsanzibiogiardino.com\/it\/wp-json\/wp\/v2\/media?parent=6278"}],"wp:term":[{"taxonomy":"category","embeddable":true,"href":"https:\/\/www.valsanzibiogiardino.com\/it\/wp-json\/wp\/v2\/categories?post=6278"},{"taxonomy":"post_tag","embeddable":true,"href":"https:\/\/www.valsanzibiogiardino.com\/it\/wp-json\/wp\/v2\/tags?post=6278"}],"curies":[{"name":"wp","href":"https:\/\/api.w.org\/{rel}","templated":true}]}}