{"id":5911,"date":"2017-09-30T14:48:50","date_gmt":"2017-09-30T12:48:50","guid":{"rendered":"https:\/\/www.valsanzibiogiardino.it\/?p=5911"},"modified":"2019-06-27T13:16:06","modified_gmt":"2019-06-27T11:16:06","slug":"%c2%93magico-autunno%c2%94","status":"publish","type":"post","link":"https:\/\/www.valsanzibiogiardino.com\/it\/%c2%93magico-autunno%c2%94\/","title":{"rendered":"?Magico autunno? &#8211; Ottobre a Valsanzibio"},"content":{"rendered":"<p style=\"text-align: center;\" align=\"justify\"><em><strong><span style=\"font-size: 22.0pt; font-family: 'Verdana','sans-serif'; color: black;\"><span style=\"color: #901000;\">Un Magico Autunno a Valsanzibio<\/span><\/span><\/strong><\/em><\/p>\n<p style=\"font-size: 1.6em; text-align: center;\"><strong>&#8212;&#8212;&#8212;&#8212;&#8211; O &#8212;&#8212;&#8212;&#8212;&#8211;<\/strong><\/p>\n<p style=\"font-size: 1.6em; text-align: center;\"><strong>Ogni fine settimana il Giardino \u00e8 aperto con orario continuato.<\/strong><\/p>\n<p style=\"font-size: 1.5em; text-align: center;\">La vista pu\u00f2 essere indipendente (a tutti viene dato un depliant<br \/>\nall\u2019ingresso con storia e mappa del Giardino) oppure guidata.<\/p>\n<p style=\"font-size: 1.6em; text-align: center;\"><strong>Le visite guidate sono circa alle\u00a0<\/strong><strong>11:00 e alle 15:00<\/strong><\/p>\n<p style=\"font-size: 1.5em; text-align: center;\"><em>Si potr\u00e0 scegliere tra:<\/em><\/p>\n<p style=\"font-size: 1.6em; text-align: center;\"><strong>Visite <em>Standard<\/em><\/strong><br \/>\n&#8211; durata di circa 1 ora;<br \/>\n&#8211; extra sul biglietto d\u2019ingresso di \u20ac 5,00 a persona.<\/p>\n<p style=\"font-size: 1.6em; text-align: center;\">&amp;<\/p>\n<p style=\"font-size: 1.6em; text-align: center;\"><strong>Visite <em>Superior<\/em><\/strong><br \/>\n&#8211; durata di circa 2 ore;<br \/>\n&#8211; in omaggio la carta delle piante del Giardino ed<br \/>\ni testi delle iscrizioni sulle sculture del Giardino;<br \/>\n&#8211; extra sul biglietto d\u2019ingresso di \u20ac 10,00 a persona.<\/p>\n<p style=\"font-size: 1.6em; text-align: center;\"><p>Invalid Displayed Gallery<\/p><\/p>\n<p style=\"font-size: 1.6em; text-align: center;\">Al fine di dare un miglior servizio <strong><em>consigliamo la prenotazione<\/em><\/strong><br \/>\noppure si consiglia di arrivare 15 minuti prima dell\u2019inizio della visita<\/p>\n<p style=\"font-size: 1.6em; text-align: center;\"><em><strong>340 0825844<\/strong><\/em><br \/>\n<em><strong> info@valsanzibiogiardino.it<\/strong><\/em><\/p>\n<p style=\"font-size: 1.5em; text-align: center;\">Inoltre,\u00a0i visitatori potranno usufruire dell\u2019area relax,<br \/>\ndue ettari tra alberi secolari circondati dai Colli<br \/>\nEuganei, totalmente immersi nella natura.<\/p>\n<p style=\"font-size: 1.6em; text-align: center;\"><strong>&#8212;&#8212;&#8212;&#8212;&#8211; O &#8212;&#8212;&#8212;&#8212;&#8211;<\/strong><\/p>\n<p style=\"font-size: 1.5em; text-align: justify;\">Il Giardino di Valsanzibio impreziosito dai colori del <em>foliage<\/em> d\u2019autunno presenta numerosi eventi. Ecco gli appuntamenti in programma nei prossimi week end:<\/p>\n<p style=\"font-size: 1.8em; text-align: center;\"><strong>Domenica\u00a01 Ottobre\u00a02017<\/strong><\/p>\n<p style=\"font-size: 1.5em; text-align: justify;\">Ci sar\u00e0 una grande novit\u00e0, ossia il battesimo del biglietto unico, un excellence ticket che permetter\u00e0 di visitare a prezzo agevolato tre\u00a0mete da\u00a0favola dei Colli Euganei: Giardino di Valsanzibio, Castello del Catajo,\u00a0Villa dei Vescovi.<\/p>\n<p style=\"font-size: 1.5em; text-align: justify;\">Il biglietto potr\u00e0 essere acquistato, per ora, solo presso le\u00a0biglietterie\u00a0dei tre beni.\u00a0L?importo \u00e8 di 25,00 \u20ac e ha validit\u00e0 30 giorni dal giorno di acquisto.<\/p>\n<p style=\"font-size: 1.5em; text-align: justify;\">Per l?occasione verr\u00e0 dato il via alla prima ?Maratona culturale dei\u00a0Colli\u00a0Euganei?, ossia la possibilit\u00e0 di visitare in un solo giorno tutte e\u00a0tre le\u00a0mete che apriranno al pubblico alcune chicche.<\/p>\n<p style=\"font-size: 1.5em; text-align: justify;\">A chi acquista Excellence ticket, Villa dei Vescovi aprir\u00e0 in via\u00a0eccezionale il giardino della donatrice della villa, Maria Teresa\u00a0Olcese,\u00a0dalle 10 alle 12 e dalle 15 alle 17. Solo per chi acquista il biglietto\u00a0unico, al Castello del Catajo apertura straordinaria della Chiesa degli Imperatori, un gioiello dell&#8217;architettura neogotica aperto solo\u00a0raramente.<\/p>\n<p style=\"font-size: 1.5em; text-align: justify;\">Inoltre, domenica 1 Ottobre i visitatori del Giardino Monumentale di Valsanzibio potranno accedere, ad orari prestabiliti,\u00a0<a href=\"\/?p=5868\" target=\"_blank\" rel=\"noopener noreferrer\">all&#8217;antico Casino di caccia denominato <strong>Ca\u2019 Martinengo <\/strong>(clicca per saperne di pi\u00f9)<\/a>, appena ristrutturato e mai aperto al pubblico in passato, al cui interno ancora per pochi giorni \u00e8 esposto il Codice di Valsanzibio, un libro realizzato secondo tecniche monastiche antiche.<\/p>\n<p style=\"font-size: 1.5em; text-align: justify;\">Il <strong><em>Codice di Valsanzibio<\/em><\/strong>, \u00e8 un\u2019 opera appena realizzata del poeta <strong>Luigi Cerantola<\/strong>, calligrafata su carta giapponese, dipinta da <strong>Alessio Mancino<\/strong>. 26 grandi pagine (cm. 23,5 x 32) esposte in sequenza. 24 Sonetti che prendono avvio dal Sonetto \u201c<em>Curioso viator che in questa parte<\/em>\u201d inciso sulla gradinata che dal Giardino di Valsanzibio immette al Piazzale delle Rivelazioni in fronte a Villa Barbarigo Pizzoni Ardemani (<a href=\"\/?p=613\" target=\"_blank\" rel=\"noopener noreferrer\">clicca La Scalinata del Sonetto<\/a>).<\/p>\n<p style=\"font-size: 1.5em; text-align: justify;\">Il codice \u00e8 in linea alla tradizione classica (vedi le <em>Tr\u00e8s Riches Heuresdu Duc de Berry<\/em> del 1415 circa) che intendeva dar veste solenne e imperitura ad un testo calligrafandolo e miniandolo.<\/p>\n<p style=\"font-size: 1.5em; text-align: justify;\">Il Codice \u00e8 stato realizzato in occasione della pubblicazione dell\u2019opera<\/p>\n<p style=\"font-size: 2.6em; text-align: center;\"><a href=\"https:\/\/www.kickstarter.com\/projects\/1203174801\/giardino-di-valsanzibio\" target=\"_blank\" rel=\"noopener noreferrer\"><em><strong><span style=\"color: #475400;\">&#8216;VALSANZIBIO&#8217;<\/span><\/strong><\/em><\/a><\/p>\n<p style=\"font-size: 2.0em; text-align: center;\"><p>Invalid Displayed Gallery<\/p><\/p>\n<p style=\"font-size: 2.2em; text-align: center;\"><img decoding=\"async\" src=\"https:\/\/ksr-ugc.imgix.net\/assets\/017\/017\/241\/63f609366f6fec575d9d6ba8af80fecd_original.jpg?w=680&amp;fit=max&amp;v=1496933126&amp;auto=format&amp;q=92&amp;s=84e92847d9d457da48c22a523a0109c2\" alt=\"Preview of the book\" \/><\/p>\n<p style=\"font-size: 1.5em; text-align: justify;\">un libro scritto da <strong>Luigi Cerantola<\/strong> con fotografie di <strong>Renato D\u2019Agostin<\/strong>, giovane fotografo veneziano che ha gi\u00e0 esposto in prestigiose gallerie d\u2019arte internazionali, tra cui Venezia, New York, Parigi. Alcuni sui scatti realizzati nel Giardino di Valsanzibio appaiono sulla facciata di Ca\u2019 Martinengo.<\/p>\n<p style=\"font-size: 1.8em; text-align: center;\"><strong><em>Per informazioni e prenotazioni<\/em><\/strong><\/p>\n<p style=\"font-size: 2.2em; text-align: center;\"><strong>info@valsanzibiogiardino.it<\/strong><\/p>\n<p style=\"font-size: 1.8em; text-align: center;\"><em><strong> oppure<\/strong><\/em><\/p>\n<p style=\"font-size: 2.0em; text-align: center;\"><strong> 340 0825844<\/strong><\/p>\n<p style=\"font-size: 1.6em; text-align: center;\"><strong>&#8212;&#8212;&#8212;&#8212;&#8211; O &#8212;&#8212;&#8212;&#8212;&#8211;<\/strong><\/p>\n<p style=\"font-size: 1.8em; text-align: center;\"><strong>Sabato 7 &amp; Domenica 8 Ottobre 2017<\/strong><\/p>\n<p style=\"text-align: center;\" align=\"justify\"><em><strong><span style=\"font-size: 14.0pt; font-family: 'Verdana','sans-serif'; color: black;\"><span style=\"color: #000333;\">\u201cMagico autunno\u201d<br \/>\nPrima rassegna dei Colli Euganei dedicata alle famiglie<\/span><\/span><\/strong><\/em><\/p>\n<p style=\"text-align: center;\" align=\"justify\"><em><strong><span style=\"font-size: 22.0pt; font-family: 'Verdana','sans-serif'; color: black;\"><span style=\"color: #277333;\">\u201cIl Giardino Incantato\u201d<\/span><\/span><\/strong><\/em><\/p>\n<p style=\"text-align: center;\" align=\"justify\"><em><strong><span style=\"font-size: 17.0pt; font-family: 'Verdana','sans-serif'; color: black;\"><span style=\"color: #900000;\">Per amare Arte e Natura fin da piccoli<br \/>\n<\/span><\/span><\/strong><\/em><\/p>\n<p style=\"text-align: center;\" align=\"justify\">\t<div class='ngg-imagebrowser default-view'\n\t\tid='ngg-imagebrowser-08b1ea7e3b4ec4e42cfa34cca826d0e6-5911'\n\t\tdata-nextgen-gallery-id=\"83\"\n\t\tdata-gallery-id=\"83\"\n\t\t\t\tdata-gallery-name=\"GiardinoIncantato_2017\"\n\t\t>\n\n\t\t<h3>COVER-FB-FESTIVAL-con-loghi_Ottobre2017<\/h3>\n\n\t\t<div id=\"ngg-image-0\" class=\"pic\" \n\t\t\t\t\t>\n\t\t\t\t<a href='https:\/\/www.valsanzibiogiardino.com\/wp-content\/gallery\/giardinoincantato_2017\/COVER-FB-FESTIVAL-con-loghi_Ottobre2017.png?t=1507066690'\n\t\t\ttitle=' '\n\t\t\tdata-src=\"https:\/\/www.valsanzibiogiardino.com\/wp-content\/gallery\/giardinoincantato_2017\/COVER-FB-FESTIVAL-con-loghi_Ottobre2017.png?t=1507066690\"\n\t\t\tdata-thumbnail=\"https:\/\/www.valsanzibiogiardino.com\/wp-content\/gallery\/giardinoincantato_2017\/thumbs\/thumbs_COVER-FB-FESTIVAL-con-loghi_Ottobre2017.png?t=1507066690\"\n\t\t\tdata-image-id=\"762\"\n\t\t\tdata-image-name=\"COVER-FB-FESTIVAL-con-loghi_Ottobre2017.png\"\n\t\t\tdata-title=\"COVER-FB-FESTIVAL-con-loghi_Ottobre2017\"\n\t\t\tdata-description=\" \"\n\t\t\t\t\t\t\t\t\t\t\t\t\t\t\tclass=\"ngg-fancybox\" rel=\"08b1ea7e3b4ec4e42cfa34cca826d0e6\">\n\t\t\t\t\t\t<img title='COVER-FB-FESTIVAL-con-loghi_Ottobre2017'\n\t\t\t\talt='COVER-FB-FESTIVAL-con-loghi_Ottobre2017'\n\t\t\t\tsrc='https:\/\/www.valsanzibiogiardino.com\/wp-content\/gallery\/giardinoincantato_2017\/COVER-FB-FESTIVAL-con-loghi_Ottobre2017.png?t=1507066690'\/>\n\t\t<\/a>\n\n\t\t<\/div>\n\t\t<div class='ngg-imagebrowser-nav'>\n\n\t\t\t<div class='back'>\n\t\t\t\t<a class='ngg-browser-prev'\n\t\t\t\t\tid='ngg-prev-762'\n\t\t\t\t\thref='https:\/\/www.valsanzibiogiardino.com\/it\/%c2%93magico-autunno%c2%94\/nggallery\/image\/cover-fb-festival-con-loghi_ottobre2017\/'>\n\t\t\t\t\t<i class=\"fa fa-chevron-left\" aria-hidden=\"true\"><\/i>\n\t\t\t\t<\/a>\n\t\t\t<\/div>\n\n\t\t\t<div class='next'>\n\t\t\t\t<a class='ngg-browser-next'\n\t\t\t\t\tid='ngg-next-762'\n\t\t\t\t\thref='https:\/\/www.valsanzibiogiardino.com\/it\/%c2%93magico-autunno%c2%94\/nggallery\/image\/cover-fb-festival-con-loghi_ottobre2017\/'>\n\t\t\t\t\t<i class=\"fa fa-chevron-right\" aria-hidden=\"true\"><\/i>\n\t\t\t\t<\/a>\n\t\t\t<\/div>\n\n\t\t\t<div class='counter'>\n\t\t\t\tImmagine\t\t\t\t1\t\t\t\tdi\t\t\t\t1\t\t\t<\/div>\n\n\t\t<\/div>\n\n\t\t<div class='ngg-imagebrowser-desc'>\n\t\t\t<p> <\/p>\n\t\t<\/div>\n\n\t<\/div>\t\t<\/div>\n\t<\/div>\n<\/p>\n<p style=\"font-size: 1.4em; text-align: center;\"><strong><em>Sabato 7 Ottobre 2017: \u00a0dalle 14:00 alle 18:00<\/em><\/strong><\/p>\n<p style=\"font-size: 1.4em; text-align: center;\"><strong><em>Domenica 8 Ottobre 2017: dalle 10:00 alle 18:00<\/em><\/strong><\/p>\n<p style=\"font-size: 1.4em; text-align: center;\"><strong>Il primo tour ideato per giovanissimi visitatori&#8230;<\/strong><br \/>\n<strong> &#8230;pronti a seguire i grandi animali colorati?<\/strong><\/p>\n<p style=\"font-size: 1.4em; text-align: center;\">\n<div class=\"ngg-galleryoverview ngg-slideshow\"\n\tid=\"ngg-slideshow-96ab5e416fb1b4b869a03641d67b8fe1-3344528290\"\n\tdata-nextgen-gallery-id=\"80\"\n\tdata-gallery-id=\"96ab5e416fb1b4b869a03641d67b8fe1\"\n\t\tdata-gallery-name=\"AnimaliColorati2017\"\n\t\tstyle=\"max-width: 600px;\n\t\t\tmax-height: 400px;\n\t\t\tdisplay: none;\">\n\n\t\n\t\t<a href=\"https:\/\/www.valsanzibiogiardino.com\/wp-content\/gallery\/animalicolorati2017\/FotoAnimaliColorati_2_290917.jpg?t=1507066690\"\n\t\t\ttitle=\"\"\n\t\t\tdata-src=\"https:\/\/www.valsanzibiogiardino.com\/wp-content\/gallery\/animalicolorati2017\/FotoAnimaliColorati_2_290917.jpg?t=1507066690\"\n\t\t\tdata-thumbnail=\"https:\/\/www.valsanzibiogiardino.com\/wp-content\/gallery\/animalicolorati2017\/thumbs\/thumbs_FotoAnimaliColorati_2_290917.jpg?t=1507066690\"\n\t\t\tdata-image-id=\"756\"\n\t\t\tdata-image-name=\"FotoAnimaliColorati_2_290917.jpg\"\n\t\t\tdata-title=\"FotoAnimaliColorati_2_290917\"\n\t\t\tdata-description=\"\"\n\t\t\t\t\t\t\t\t\t\t\t\t\t\t\tclass=\"ngg-fancybox\" rel=\"96ab5e416fb1b4b869a03641d67b8fe1\">\n\t\t\t\n\t\t\t<img data-image-id='756'\n\t\t\t\ttitle=\"\"\n\t\t\t\talt=\"FotoAnimaliColorati_2_290917\"\n\t\t\t\tsrc=\"https:\/\/www.valsanzibiogiardino.com\/wp-content\/gallery\/animalicolorati2017\/FotoAnimaliColorati_2_290917.jpg?t=1507066690\"\n\t\t\t\tstyle=\"max-height: 380px;\"\/>\n\t\t<\/a>\n\n\t\t\n\t\t<a href=\"https:\/\/www.valsanzibiogiardino.com\/wp-content\/gallery\/animalicolorati2017\/FotoAnimaliColorati_1_290917.jpg?t=1506775163\"\n\t\t\ttitle=\" \"\n\t\t\tdata-src=\"https:\/\/www.valsanzibiogiardino.com\/wp-content\/gallery\/animalicolorati2017\/FotoAnimaliColorati_1_290917.jpg?t=1506775163\"\n\t\t\tdata-thumbnail=\"https:\/\/www.valsanzibiogiardino.com\/wp-content\/gallery\/animalicolorati2017\/thumbs\/thumbs_FotoAnimaliColorati_1_290917.jpg?t=1506775163\"\n\t\t\tdata-image-id=\"757\"\n\t\t\tdata-image-name=\"FotoAnimaliColorati_1_290917.jpg\"\n\t\t\tdata-title=\"FotoAnimaliColorati_1_290917\"\n\t\t\tdata-description=\" \"\n\t\t\t\t\t\t\t\t\t\t\t\t\t\t\tclass=\"ngg-fancybox\" rel=\"96ab5e416fb1b4b869a03641d67b8fe1\">\n\t\t\t\n\t\t\t<img data-image-id='757'\n\t\t\t\ttitle=\" \"\n\t\t\t\talt=\"FotoAnimaliColorati_1_290917\"\n\t\t\t\tsrc=\"https:\/\/www.valsanzibiogiardino.com\/wp-content\/gallery\/animalicolorati2017\/FotoAnimaliColorati_1_290917.jpg?t=1506775163\"\n\t\t\t\tstyle=\"max-height: 380px;\"\/>\n\t\t<\/a>\n\n\t\t<\/div>\n\n\n<\/p>\n<p style=\"font-size: 1.4em; text-align: justify;\">Un&#8217; avventura da vivere in famiglia che diventer\u00e0 un ricordo indelebile,\u00a0dedicata a giovani e giovanissimi (dai 5 ai 13 anni).\u00a0\u00a0I visitatori saranno condotti, con guide e mappe, alla scoperta di un\u00a0Giardino magico, con alberi secolari da tutto il mondo, animali di varie\u00a0grandezze, vasche con cigni, pesci e tartarughe, un&#8217;isola abitata\u00a0dai\u00a0conigli.\u00a0E per concludere un giro nel labirinto di bosso secolare!<\/p>\n<p style=\"font-size: 1.4em; text-align: center;\">Durata del tour:\u00a0<strong>2 ore circa<\/strong>.\u00a0 Area picnic a disposizione.<\/p>\n<p style=\"font-size: 1.4em; text-align: center;\">I tour partiranno Sabato alle ore 14:30 circa e<br \/>\ndomenica alle ore 10:30 e 14.30 circa<\/p>\n<p style=\"font-size: 1.4em; text-align: center;\">Costi: <a href=\"https:\/\/www.valsanzibiogiardino.com\/it\/?p=5141\" target=\"_blank\" rel=\"noopener noreferrer\">adulti prezzi standard per visitare il Giardino<\/a><\/p>\n<p style=\"font-size: 1.4em; text-align: center;\"><strong>Bambini:\u00a0 8,00 \u20ac<\/strong><\/p>\n<p style=\"font-size: 1.8em; text-align: center;\"><strong><em>Su\u00a0prenotazione:<\/em><\/strong><\/p>\n<p style=\"font-size: 2.2em; text-align: center;\"><strong>info@valsanzibiogiardino.it<\/strong><\/p>\n<p style=\"font-size: 1.8em; text-align: center;\"><em><strong> oppure<\/strong><\/em><\/p>\n<p style=\"font-size: 2.0em; text-align: center;\"><strong> 340 0825844<\/strong><\/p>\n<p style=\"font-size: 1.6em; text-align: center;\"><strong>&#8212;&#8212;&#8212;&#8212;&#8211; O &#8212;&#8212;&#8212;&#8212;&#8211;<\/strong><\/p>\n<p style=\"font-size: 1.8em; text-align: center;\"><strong>Domenica 22 Ottobre 2017<\/strong><\/p>\n<p style=\"text-align: center;\" align=\"justify\"><em><strong><span style=\"font-size: 22.0pt; font-family: 'Verdana','sans-serif'; color: black;\"><span style=\"color: #277333;\">\u201cNEL MEZZO DEL CAMMIN<\/span><\/span><\/strong><\/em><\/p>\n<p style=\"text-align: center;\" align=\"justify\"><em><strong><span style=\"font-size: 22.0pt; font-family: 'Verdana','sans-serif'; color: black;\"><span style=\"color: #277333;\"> DI NOSTRA VITA\u201d<\/span><\/span><\/strong><\/em><\/p>\n<p style=\"text-align: center;\" align=\"justify\">\t<div class='ngg-imagebrowser default-view'\n\t\tid='ngg-imagebrowser-804efa53a997f5b3707f41e969fdf5e0-5911'\n\t\tdata-nextgen-gallery-id=\"78\"\n\t\tdata-gallery-id=\"78\"\n\t\t\t\tdata-gallery-name=\"Dante2017\"\n\t\t>\n\n\t\t<h3>NelMezzoDelCamminDiNostraVita_221017_email<\/h3>\n\n\t\t<div id=\"ngg-image-0\" class=\"pic\" \n\t\t\t\t\t>\n\t\t\t\t<a href='https:\/\/www.valsanzibiogiardino.com\/wp-content\/gallery\/fieraparole\/NelMezzoDelCamminDiNostraVita_221017_email.jpg?t=1527592931'\n\t\t\ttitle=' '\n\t\t\tdata-src=\"https:\/\/www.valsanzibiogiardino.com\/wp-content\/gallery\/fieraparole\/NelMezzoDelCamminDiNostraVita_221017_email.jpg?t=1527592931\"\n\t\t\tdata-thumbnail=\"https:\/\/www.valsanzibiogiardino.com\/wp-content\/gallery\/fieraparole\/thumbs\/thumbs_NelMezzoDelCamminDiNostraVita_221017_email.jpg?t=1527592931\"\n\t\t\tdata-image-id=\"754\"\n\t\t\tdata-image-name=\"NelMezzoDelCamminDiNostraVita_221017_email.jpg\"\n\t\t\tdata-title=\"NelMezzoDelCamminDiNostraVita_221017_email\"\n\t\t\tdata-description=\" \"\n\t\t\t\t\t\t\t\t\t\t\t\t\t\t\tclass=\"ngg-fancybox\" rel=\"804efa53a997f5b3707f41e969fdf5e0\">\n\t\t\t\t\t\t<img title='NelMezzoDelCamminDiNostraVita_221017_email'\n\t\t\t\talt='NelMezzoDelCamminDiNostraVita_221017_email'\n\t\t\t\tsrc='https:\/\/www.valsanzibiogiardino.com\/wp-content\/gallery\/fieraparole\/NelMezzoDelCamminDiNostraVita_221017_email.jpg?t=1527592931'\/>\n\t\t<\/a>\n\n\t\t<\/div>\n\t\t<div class='ngg-imagebrowser-nav'>\n\n\t\t\t<div class='back'>\n\t\t\t\t<a class='ngg-browser-prev'\n\t\t\t\t\tid='ngg-prev-754'\n\t\t\t\t\thref='https:\/\/www.valsanzibiogiardino.com\/it\/%c2%93magico-autunno%c2%94\/nggallery\/image\/nelmezzodelcammindinostravita_221017_email\/'>\n\t\t\t\t\t<i class=\"fa fa-chevron-left\" aria-hidden=\"true\"><\/i>\n\t\t\t\t<\/a>\n\t\t\t<\/div>\n\n\t\t\t<div class='next'>\n\t\t\t\t<a class='ngg-browser-next'\n\t\t\t\t\tid='ngg-next-754'\n\t\t\t\t\thref='https:\/\/www.valsanzibiogiardino.com\/it\/%c2%93magico-autunno%c2%94\/nggallery\/image\/nelmezzodelcammindinostravita_221017_email\/'>\n\t\t\t\t\t<i class=\"fa fa-chevron-right\" aria-hidden=\"true\"><\/i>\n\t\t\t\t<\/a>\n\t\t\t<\/div>\n\n\t\t\t<div class='counter'>\n\t\t\t\tImmagine\t\t\t\t1\t\t\t\tdi\t\t\t\t1\t\t\t<\/div>\n\n\t\t<\/div>\n\n\t\t<div class='ngg-imagebrowser-desc'>\n\t\t\t<p> <\/p>\n\t\t<\/div>\n\n\t<\/div>\t\t<\/div>\n\t<\/div>\n<\/p>\n<p style=\"text-align: center;\" align=\"justify\"><em><strong><span style=\"font-size: 17.0pt; font-family: 'Verdana','sans-serif'; color: black;\"><span style=\"color: #900000;\">In cammino con Dante<\/span><\/span><\/strong><\/em><\/p>\n<p style=\"text-align: center;\" align=\"justify\"><em><strong><span style=\"font-size: 17.0pt; font-family: 'Verdana','sans-serif'; color: black;\"><span style=\"color: #900000;\"> nel Giardino di Valsanzibio<br \/>\n<\/span><\/span><\/strong><\/em><\/p>\n<p style=\"font-size: 1.4em; text-align: center;\">Un \u2018opera teatrale itinerante della compagnia eTielleZeta<\/p>\n<p style=\"font-size: 1.4em; text-align: center;\">Una passeggiata con brani della Divina Commedia<br \/>\nnarrati dall\u2019attore <strong>Lorenzo Zuffi<\/strong> e<br \/>\naccompagnato dal Liuto di <strong>Federico Rossignoli<\/strong><\/p>\n<p style=\"font-size: 1.5em; text-align: center;\"><strong>Possibilit\u00e0 di scegliere il tour alle ore:<\/strong><\/p>\n<p style=\"font-size: 1.6em; text-align: center;\"><em><strong> 11:00 \/ 14:30 \/ 16:30<\/strong><\/em><\/p>\n<p style=\"font-size: 1.5em; text-align: center;\"><strong>Quota di partecipazione 20,00 \u20ac\u00a0a persona.<\/strong><\/p>\n<p style=\"font-size: 1.8em; text-align: center;\"><strong><em>Per informazioni e prenotazioni<\/em><\/strong><\/p>\n<p style=\"font-size: 2.2em; text-align: center;\"><strong>info@valsanzibiogiardino.it<\/strong><\/p>\n<p style=\"font-size: 1.8em; text-align: center;\"><em><strong> oppure<\/strong><\/em><\/p>\n<p style=\"font-size: 2.0em; text-align: center;\"><strong> 340 0825844<\/strong><\/p>\n<p style=\"font-size: 1.6em; text-align: center;\"><strong>&#8212;&#8212;&#8212;&#8212;&#8211; O &#8212;&#8212;&#8212;&#8212;&#8211;<\/strong><\/p>\n<p style=\"font-size: 1.6em; text-align: justify;\"><strong>Tutte le attivit\u00e0 che si svolgono all\u2019interno del Giardino di Valsanzibio, se non specificato altrimenti, prevedono il regolare ingresso al giardino ed il pagamento del biglietto.<\/strong><\/p>\n<p style=\"font-size: 1.4em; text-align: justify;\">Per ulteriori info seguite gli aggiornamenti QUI&#8217; alla voce &#8216;<strong>NEWS<\/strong>&#8216; o andate alla nostra pagina di <strong><a href=\"https:\/\/www.facebook.com\/Giardino-Barbarigo-Valsanzibio-1461052934142801\/\" target=\"_blank\" rel=\"noopener noreferrer\">Facebook: Giardino Barbarigo Valsanzibio<\/a><\/strong>.<\/p>\n<!-- AddThis Advanced Settings generic via filter on the_content --><!-- AddThis Share Buttons generic via filter on the_content -->","protected":false},"excerpt":{"rendered":"<p>Un Magico Autunno a Valsanzibio &#8212;&#8212;&#8212;&#8212;&#8211; O &#8212;&#8212;&#8212;&#8212;&#8211; Ogni fine settimana il Giardino \u00e8 aperto con orario continuato. La vista pu\u00f2 essere indipendente (a tutti viene dato un depliant all\u2019ingresso con storia e mappa del Giardino) oppure guidata. Le visite guidate sono circa alle\u00a011:00 e alle 15:00 Si potr\u00e0 scegliere tra: Visite Standard &#8211; durata [&hellip;]<!-- AddThis Advanced Settings generic via filter on get_the_excerpt --><!-- AddThis Share Buttons generic via filter on get_the_excerpt --><\/p>\n","protected":false},"author":4,"featured_media":5724,"comment_status":"closed","ping_status":"open","sticky":false,"template":"","format":"standard","meta":{"_monsterinsights_skip_tracking":false,"_monsterinsights_sitenote_active":false,"_monsterinsights_sitenote_note":"","_monsterinsights_sitenote_category":0,"ngg_post_thumbnail":0,"footnotes":""},"categories":[13,17],"tags":[],"class_list":["post-5911","post","type-post","status-publish","format-standard","has-post-thumbnail","hentry","category-eventi","category-news"],"yoast_head":"<!-- This site is optimized with the Yoast SEO plugin v27.5 - https:\/\/yoast.com\/product\/yoast-seo-wordpress\/ -->\n<title>?Magico autunno? - Ottobre a Valsanzibio - Giardino Storico di Valsanzibio | Villa Barbarigo Pizzoni Ardemani | Galzignano Terme, Padova<\/title>\n<meta name=\"robots\" content=\"index, follow, max-snippet:-1, max-image-preview:large, max-video-preview:-1\" \/>\n<link rel=\"canonical\" href=\"https:\/\/www.valsanzibiogiardino.com\/it\/%c2%93magico-autunno%c2%94\/\" \/>\n<meta name=\"twitter:label1\" content=\"Scritto da\" \/>\n\t<meta name=\"twitter:data1\" content=\"Staff\" \/>\n\t<meta name=\"twitter:label2\" content=\"Tempo di lettura stimato\" \/>\n\t<meta name=\"twitter:data2\" content=\"4 minuti\" \/>\n<script type=\"application\/ld+json\" class=\"yoast-schema-graph\">{\"@context\":\"https:\\\/\\\/schema.org\",\"@graph\":[{\"@type\":\"Article\",\"@id\":\"https:\\\/\\\/www.valsanzibiogiardino.com\\\/it\\\/%c2%93magico-autunno%c2%94\\\/#article\",\"isPartOf\":{\"@id\":\"https:\\\/\\\/www.valsanzibiogiardino.com\\\/it\\\/%c2%93magico-autunno%c2%94\\\/\"},\"author\":{\"name\":\"Staff\",\"@id\":\"https:\\\/\\\/www.valsanzibiogiardino.com\\\/it\\\/#\\\/schema\\\/person\\\/f6b11a7fbc16b7bd8b7dff8c277936bb\"},\"headline\":\"?Magico autunno? &#8211; Ottobre a Valsanzibio\",\"datePublished\":\"2017-09-30T12:48:50+00:00\",\"dateModified\":\"2019-06-27T11:16:06+00:00\",\"mainEntityOfPage\":{\"@id\":\"https:\\\/\\\/www.valsanzibiogiardino.com\\\/it\\\/%c2%93magico-autunno%c2%94\\\/\"},\"wordCount\":807,\"image\":{\"@id\":\"https:\\\/\\\/www.valsanzibiogiardino.com\\\/it\\\/%c2%93magico-autunno%c2%94\\\/#primaryimage\"},\"thumbnailUrl\":\"https:\\\/\\\/www.valsanzibiogiardino.com\\\/wp-content\\\/uploads\\\/2017\\\/07\\\/GrottePeschieraVenti_1_Low.jpg\",\"articleSection\":[\"EVENTI\",\"NEWS\"],\"inLanguage\":\"it-IT\"},{\"@type\":\"WebPage\",\"@id\":\"https:\\\/\\\/www.valsanzibiogiardino.com\\\/it\\\/%c2%93magico-autunno%c2%94\\\/\",\"url\":\"https:\\\/\\\/www.valsanzibiogiardino.com\\\/it\\\/%c2%93magico-autunno%c2%94\\\/\",\"name\":\"?Magico autunno? - Ottobre a Valsanzibio - Giardino Storico di Valsanzibio | Villa Barbarigo Pizzoni Ardemani | Galzignano Terme, Padova\",\"isPartOf\":{\"@id\":\"https:\\\/\\\/www.valsanzibiogiardino.com\\\/it\\\/#website\"},\"primaryImageOfPage\":{\"@id\":\"https:\\\/\\\/www.valsanzibiogiardino.com\\\/it\\\/%c2%93magico-autunno%c2%94\\\/#primaryimage\"},\"image\":{\"@id\":\"https:\\\/\\\/www.valsanzibiogiardino.com\\\/it\\\/%c2%93magico-autunno%c2%94\\\/#primaryimage\"},\"thumbnailUrl\":\"https:\\\/\\\/www.valsanzibiogiardino.com\\\/wp-content\\\/uploads\\\/2017\\\/07\\\/GrottePeschieraVenti_1_Low.jpg\",\"datePublished\":\"2017-09-30T12:48:50+00:00\",\"dateModified\":\"2019-06-27T11:16:06+00:00\",\"author\":{\"@id\":\"https:\\\/\\\/www.valsanzibiogiardino.com\\\/it\\\/#\\\/schema\\\/person\\\/f6b11a7fbc16b7bd8b7dff8c277936bb\"},\"breadcrumb\":{\"@id\":\"https:\\\/\\\/www.valsanzibiogiardino.com\\\/it\\\/%c2%93magico-autunno%c2%94\\\/#breadcrumb\"},\"inLanguage\":\"it-IT\",\"potentialAction\":[{\"@type\":\"ReadAction\",\"target\":[\"https:\\\/\\\/www.valsanzibiogiardino.com\\\/it\\\/%c2%93magico-autunno%c2%94\\\/\"]}]},{\"@type\":\"ImageObject\",\"inLanguage\":\"it-IT\",\"@id\":\"https:\\\/\\\/www.valsanzibiogiardino.com\\\/it\\\/%c2%93magico-autunno%c2%94\\\/#primaryimage\",\"url\":\"https:\\\/\\\/www.valsanzibiogiardino.com\\\/wp-content\\\/uploads\\\/2017\\\/07\\\/GrottePeschieraVenti_1_Low.jpg\",\"contentUrl\":\"https:\\\/\\\/www.valsanzibiogiardino.com\\\/wp-content\\\/uploads\\\/2017\\\/07\\\/GrottePeschieraVenti_1_Low.jpg\",\"width\":1024,\"height\":768,\"caption\":\"Grotte Peschiera Venti\"},{\"@type\":\"BreadcrumbList\",\"@id\":\"https:\\\/\\\/www.valsanzibiogiardino.com\\\/it\\\/%c2%93magico-autunno%c2%94\\\/#breadcrumb\",\"itemListElement\":[{\"@type\":\"ListItem\",\"position\":1,\"name\":\"Home\",\"item\":\"https:\\\/\\\/www.valsanzibiogiardino.com\\\/it\\\/\"},{\"@type\":\"ListItem\",\"position\":2,\"name\":\"?Magico autunno? &#8211; Ottobre a Valsanzibio\"}]},{\"@type\":\"WebSite\",\"@id\":\"https:\\\/\\\/www.valsanzibiogiardino.com\\\/it\\\/#website\",\"url\":\"https:\\\/\\\/www.valsanzibiogiardino.com\\\/it\\\/\",\"name\":\"Giardino Storico di Valsanzibio | Villa Barbarigo Pizzoni Ardemani | Galzignano Terme, Padova\",\"description\":\"Il Giardino Storico di Valsanzibio si trova a Galzignano Terme, in provincia di Padova, ed \u00e8 uno dei pi\u00f9 estesi ed integri giardini d\u2019Epoca mondiali.\",\"potentialAction\":[{\"@type\":\"SearchAction\",\"target\":{\"@type\":\"EntryPoint\",\"urlTemplate\":\"https:\\\/\\\/www.valsanzibiogiardino.com\\\/it\\\/?s={search_term_string}\"},\"query-input\":{\"@type\":\"PropertyValueSpecification\",\"valueRequired\":true,\"valueName\":\"search_term_string\"}}],\"inLanguage\":\"it-IT\"},{\"@type\":\"Person\",\"@id\":\"https:\\\/\\\/www.valsanzibiogiardino.com\\\/it\\\/#\\\/schema\\\/person\\\/f6b11a7fbc16b7bd8b7dff8c277936bb\",\"name\":\"Staff\",\"url\":\"https:\\\/\\\/www.valsanzibiogiardino.com\\\/it\\\/author\\\/staff\\\/\"}]}<\/script>\n<!-- \/ Yoast SEO plugin. -->","yoast_head_json":{"title":"?Magico autunno? - Ottobre a Valsanzibio - Giardino Storico di Valsanzibio | Villa Barbarigo Pizzoni Ardemani | Galzignano Terme, Padova","robots":{"index":"index","follow":"follow","max-snippet":"max-snippet:-1","max-image-preview":"max-image-preview:large","max-video-preview":"max-video-preview:-1"},"canonical":"https:\/\/www.valsanzibiogiardino.com\/it\/%c2%93magico-autunno%c2%94\/","twitter_misc":{"Scritto da":"Staff","Tempo di lettura stimato":"4 minuti"},"schema":{"@context":"https:\/\/schema.org","@graph":[{"@type":"Article","@id":"https:\/\/www.valsanzibiogiardino.com\/it\/%c2%93magico-autunno%c2%94\/#article","isPartOf":{"@id":"https:\/\/www.valsanzibiogiardino.com\/it\/%c2%93magico-autunno%c2%94\/"},"author":{"name":"Staff","@id":"https:\/\/www.valsanzibiogiardino.com\/it\/#\/schema\/person\/f6b11a7fbc16b7bd8b7dff8c277936bb"},"headline":"?Magico autunno? &#8211; Ottobre a Valsanzibio","datePublished":"2017-09-30T12:48:50+00:00","dateModified":"2019-06-27T11:16:06+00:00","mainEntityOfPage":{"@id":"https:\/\/www.valsanzibiogiardino.com\/it\/%c2%93magico-autunno%c2%94\/"},"wordCount":807,"image":{"@id":"https:\/\/www.valsanzibiogiardino.com\/it\/%c2%93magico-autunno%c2%94\/#primaryimage"},"thumbnailUrl":"https:\/\/www.valsanzibiogiardino.com\/wp-content\/uploads\/2017\/07\/GrottePeschieraVenti_1_Low.jpg","articleSection":["EVENTI","NEWS"],"inLanguage":"it-IT"},{"@type":"WebPage","@id":"https:\/\/www.valsanzibiogiardino.com\/it\/%c2%93magico-autunno%c2%94\/","url":"https:\/\/www.valsanzibiogiardino.com\/it\/%c2%93magico-autunno%c2%94\/","name":"?Magico autunno? - Ottobre a Valsanzibio - Giardino Storico di Valsanzibio | Villa Barbarigo Pizzoni Ardemani | Galzignano Terme, Padova","isPartOf":{"@id":"https:\/\/www.valsanzibiogiardino.com\/it\/#website"},"primaryImageOfPage":{"@id":"https:\/\/www.valsanzibiogiardino.com\/it\/%c2%93magico-autunno%c2%94\/#primaryimage"},"image":{"@id":"https:\/\/www.valsanzibiogiardino.com\/it\/%c2%93magico-autunno%c2%94\/#primaryimage"},"thumbnailUrl":"https:\/\/www.valsanzibiogiardino.com\/wp-content\/uploads\/2017\/07\/GrottePeschieraVenti_1_Low.jpg","datePublished":"2017-09-30T12:48:50+00:00","dateModified":"2019-06-27T11:16:06+00:00","author":{"@id":"https:\/\/www.valsanzibiogiardino.com\/it\/#\/schema\/person\/f6b11a7fbc16b7bd8b7dff8c277936bb"},"breadcrumb":{"@id":"https:\/\/www.valsanzibiogiardino.com\/it\/%c2%93magico-autunno%c2%94\/#breadcrumb"},"inLanguage":"it-IT","potentialAction":[{"@type":"ReadAction","target":["https:\/\/www.valsanzibiogiardino.com\/it\/%c2%93magico-autunno%c2%94\/"]}]},{"@type":"ImageObject","inLanguage":"it-IT","@id":"https:\/\/www.valsanzibiogiardino.com\/it\/%c2%93magico-autunno%c2%94\/#primaryimage","url":"https:\/\/www.valsanzibiogiardino.com\/wp-content\/uploads\/2017\/07\/GrottePeschieraVenti_1_Low.jpg","contentUrl":"https:\/\/www.valsanzibiogiardino.com\/wp-content\/uploads\/2017\/07\/GrottePeschieraVenti_1_Low.jpg","width":1024,"height":768,"caption":"Grotte Peschiera Venti"},{"@type":"BreadcrumbList","@id":"https:\/\/www.valsanzibiogiardino.com\/it\/%c2%93magico-autunno%c2%94\/#breadcrumb","itemListElement":[{"@type":"ListItem","position":1,"name":"Home","item":"https:\/\/www.valsanzibiogiardino.com\/it\/"},{"@type":"ListItem","position":2,"name":"?Magico autunno? &#8211; Ottobre a Valsanzibio"}]},{"@type":"WebSite","@id":"https:\/\/www.valsanzibiogiardino.com\/it\/#website","url":"https:\/\/www.valsanzibiogiardino.com\/it\/","name":"Giardino Storico di Valsanzibio | Villa Barbarigo Pizzoni Ardemani | Galzignano Terme, Padova","description":"Il Giardino Storico di Valsanzibio si trova a Galzignano Terme, in provincia di Padova, ed \u00e8 uno dei pi\u00f9 estesi ed integri giardini d\u2019Epoca mondiali.","potentialAction":[{"@type":"SearchAction","target":{"@type":"EntryPoint","urlTemplate":"https:\/\/www.valsanzibiogiardino.com\/it\/?s={search_term_string}"},"query-input":{"@type":"PropertyValueSpecification","valueRequired":true,"valueName":"search_term_string"}}],"inLanguage":"it-IT"},{"@type":"Person","@id":"https:\/\/www.valsanzibiogiardino.com\/it\/#\/schema\/person\/f6b11a7fbc16b7bd8b7dff8c277936bb","name":"Staff","url":"https:\/\/www.valsanzibiogiardino.com\/it\/author\/staff\/"}]}},"_links":{"self":[{"href":"https:\/\/www.valsanzibiogiardino.com\/it\/wp-json\/wp\/v2\/posts\/5911","targetHints":{"allow":["GET"]}}],"collection":[{"href":"https:\/\/www.valsanzibiogiardino.com\/it\/wp-json\/wp\/v2\/posts"}],"about":[{"href":"https:\/\/www.valsanzibiogiardino.com\/it\/wp-json\/wp\/v2\/types\/post"}],"author":[{"embeddable":true,"href":"https:\/\/www.valsanzibiogiardino.com\/it\/wp-json\/wp\/v2\/users\/4"}],"replies":[{"embeddable":true,"href":"https:\/\/www.valsanzibiogiardino.com\/it\/wp-json\/wp\/v2\/comments?post=5911"}],"version-history":[{"count":0,"href":"https:\/\/www.valsanzibiogiardino.com\/it\/wp-json\/wp\/v2\/posts\/5911\/revisions"}],"wp:featuredmedia":[{"embeddable":true,"href":"https:\/\/www.valsanzibiogiardino.com\/it\/wp-json\/wp\/v2\/media\/5724"}],"wp:attachment":[{"href":"https:\/\/www.valsanzibiogiardino.com\/it\/wp-json\/wp\/v2\/media?parent=5911"}],"wp:term":[{"taxonomy":"category","embeddable":true,"href":"https:\/\/www.valsanzibiogiardino.com\/it\/wp-json\/wp\/v2\/categories?post=5911"},{"taxonomy":"post_tag","embeddable":true,"href":"https:\/\/www.valsanzibiogiardino.com\/it\/wp-json\/wp\/v2\/tags?post=5911"}],"curies":[{"name":"wp","href":"https:\/\/api.w.org\/{rel}","templated":true}]}}