{"id":5690,"date":"2017-07-14T23:04:45","date_gmt":"2017-07-14T21:04:45","guid":{"rendered":"https:\/\/www.valsanzibiogiardino.it\/?p=5690"},"modified":"2019-06-27T13:33:45","modified_gmt":"2019-06-27T11:33:45","slug":"smania-nella-piccola-versailles-dei-colli-euganei","status":"publish","type":"post","link":"https:\/\/www.valsanzibiogiardino.com\/it\/smania-nella-piccola-versailles-dei-colli-euganei\/","title":{"rendered":"Smania nella Piccola Versailles dei Colli Euganei"},"content":{"rendered":"<p style=\"font-size: 1.4em; text-align: center;\">Lo Staff di SMANIA si rilassa sul Piazzale delle Rivelazioni<br \/>\ntra uno &#8216;shooting&#8217; fotografico e l&#8217;altro.<\/p>\n<p style=\"font-size: 1.6em; text-align: justify;\">Gioved\u00ec 13 e Venerd\u00ec 14 Luglio 2017, il Giardino Monumentale di Valsanzibio \u00e8 stato l&#8217;eccezionale set fotografico per &#8216;l\u2019arredamento da esterni <strong>SMANIA<\/strong>&#8216;. \u00a0Ogni scatto ricercato, originale e curato \u00e8 stato realizzato da Lorenzo Pennati. Per saperne di pi\u00f9 e vedere alcune immagini dei diversi sets, alcuni realizzati anche al tramonto, <a href=\"http:\/\/www.smania.it\/arredamento-da-esterni-smania-fotografato-nella-piccola-versailles-dei-colli-euganei\/\" target=\"_blank\" rel=\"noopener noreferrer\"><strong>CLICCARE QUI&#8217;<\/strong><\/a>&#8230;buona visione.<\/p>\n<p style=\"font-size: 1.6em; text-align: center;\">&#8212;&#8212;&#8212;&#8212;&#8211; O &#8212;&#8212;&#8212;&#8212;&#8211;<\/p>\n<p style=\"font-size: 1.8em; text-align: center;\">PER TUTTI GLI <strong>APPUNTAMENTI DI LUGLIO<br \/>\n<\/strong>AL GIARDINO MONUMENTALE DI VALSANZIBIO<\/p>\n<p style=\"font-size: 1.8em; text-align: center;\"><a href=\"https:\/\/www.valsanzibiogiardino.com\/it\/?p=5673\" target=\"_blank\" rel=\"noopener noreferrer\">andare alla sezione<strong> EVENTI <\/strong>del nostro sito ufficiale,<\/a><br \/>\n<a href=\"https:\/\/www.valsanzibiogiardino.com\/it\/?p=5673\" target=\"_blank\" rel=\"noopener noreferrer\"><strong>scorrere di seguito <\/strong>o<strong> CLICCARE QUI&#8217;<\/strong><\/a><\/p>\n<p style=\"font-size: 1.6em; text-align: center;\"><strong>PS<\/strong>: \u00a0ricordateVi di sostenere Valsanzibio<br \/>\nprenotando in anteprima il nuovo libro<\/p>\n<p style=\"font-size: 2.6em; text-align: center;\"><em><strong><span style=\"color: #475400;\">VALSANZIBIO<\/span><\/strong><\/em><\/p>\n<p style=\"font-size: 1.6em; text-align: center;\">di<\/p>\n<p style=\"font-size: 1.6em; text-align: center;\"><strong>Renato D&#8217;Agostin &amp;\u00a0Luigi Cerantola.<\/strong><\/p>\n<p style=\"font-size: 2.2em; text-align: center;\"><img decoding=\"async\" src=\"https:\/\/ksr-ugc.imgix.net\/assets\/017\/017\/241\/63f609366f6fec575d9d6ba8af80fecd_original.jpg?w=680&amp;fit=max&amp;v=1496933126&amp;auto=format&amp;q=92&amp;s=84e92847d9d457da48c22a523a0109c2\" alt=\"Preview of the book\" \/><\/p>\n<p style=\"font-size: 1.6em; text-align: justify;\"><span style=\"color: #000000;\">Un libro di splendide fotografie del giovane, ma gi\u00e0 famoso, <a href=\"http:\/\/www.renatodagostin.com\/renato-d-agostin\/about\" target=\"_blank\" rel=\"noopener noreferrer\"><strong>Renato D&#8217;Agostin<\/strong><\/a> con un inserto di poesia composte <em>ad hoc<\/em> dal Maestro <strong>Luigi Cerantola<\/strong>.<\/span><\/p>\n<p style=\"font-size: 1.6em; text-align: justify;\"><em>&#8216;&#8230;Maybe the Eden at Giardino Barbarigo is incomparable, and the one presented by Luigi Cerantola and Renato D\u2019Agostin won\u2019t be as accessible as in the marvelous paths in Valsanzibio, but it will as well lead to labyrinths of dream&#8230;&#8217;<\/em><\/p>\n<p style=\"font-size: 1.6em; text-align: center;\"><a href=\"https:\/\/www.kickstarter.com\/projects\/1203174801\/giardino-di-valsanzibio\" target=\"_blank\" rel=\"noopener noreferrer\"><em><strong><span style=\"color: #000000;\">CLICCARE QUI&#8217; per visionare la &#8216;Kickstarter campaign&#8217;<br \/>\ndel libro e contribuire alla sua pubblicazione.<\/span><\/strong><\/em><\/a><\/p>\n<p style=\"font-size: 1.6em; text-align: center;\">&#8212;&#8212;&#8212;&#8212;&#8211; O &#8212;&#8212;&#8212;&#8212;&#8211;<\/p>\n<p style=\"font-size: 1.6em; text-align: center;\"><strong>APPUNTAMENTI DI LUGLIO 2017<\/strong><\/p>\n<p style=\"font-size: 1.8em; text-align: center;\">Visite guidate ogni Sabato, Domenica e nei giorni festivi<br \/>\nprenotazione non obbligatoria, ma gradita<\/p>\n<p style=\"font-size: 1.8em; text-align: center;\"><strong>info@valsanzibiogiardino.it<\/strong><\/p>\n<p style=\"font-size: 1.6em; text-align: center;\">partenza tour guidato circa alle<br \/>\nore 11:00 e alle ore 16:00<br \/>\n(costo extra di 5,00 \u20ac a persona)<\/p>\n<p style=\"font-size: 1.6em; text-align: center;\">&#8212;&#8212;&#8212;&#8212;&#8211; O &#8212;&#8212;&#8212;&#8212;&#8211;<\/p>\n<p style=\"font-size: 1.9em; text-align: center;\"><strong>&#8216;Full immertion&#8217; tra arte e Natura<\/strong><\/p>\n<p style=\"font-size: 1.6em; text-align: justify;\">Un&#8217;idea per rigenerarsi nei week end di luglio tra alberi secolari da tutto il mondo e il concerto di cicale? Visitare il Giardino di Valsanzibio, e trascorrere poi la giornata nella meravigliosa area relax dedicata ai visitatori. E per concludere&#8230;una visita al labirinto di bossi secolari!<\/p>\n<p style=\"font-size: 1.6em; text-align: center;\">\n<div class=\"ngg-galleryoverview ngg-slideshow\"\n\tid=\"ngg-slideshow-ab19732ac0abc77b4bd9f10f3be1d52d-18901171100\"\n\tdata-gallery-id=\"ab19732ac0abc77b4bd9f10f3be1d52d\"\n\tstyle=\"max-width: 600px;\n\t\t\tmax-height: 400px;\n\t\t\tdisplay: none;\">\n\n\t\n\t\t<a href=\"https:\/\/www.valsanzibiogiardino.com\/wp-content\/gallery\/area-relax\/PicNicDogePasquetta_2017_1.jpg\"\n\t\t\ttitle=\"\"\n\t\t\tdata-src=\"https:\/\/www.valsanzibiogiardino.com\/wp-content\/gallery\/area-relax\/PicNicDogePasquetta_2017_1.jpg\"\n\t\t\tdata-thumbnail=\"https:\/\/www.valsanzibiogiardino.com\/wp-content\/gallery\/area-relax\/thumbs\/thumbs_PicNicDogePasquetta_2017_1.jpg\"\n\t\t\tdata-image-id=\"734\"\n\t\t\tdata-title=\"PicNicDogePasquetta_2017_1\"\n\t\t\tdata-description=\"\"\n\t\t\t\t\t\t\t\t\t\t\t\t\t\t\tclass=\"ngg-fancybox\" rel=\"ab19732ac0abc77b4bd9f10f3be1d52d\">\n\t\t\t\n\t\t\t<img data-image-id='734'\n\t\t\t\ttitle=\"\"\n\t\t\t\talt=\"PicNicDogePasquetta_2017_1\"\n\t\t\t\tsrc=\"https:\/\/www.valsanzibiogiardino.com\/wp-content\/gallery\/area-relax\/PicNicDogePasquetta_2017_1.jpg\"\n\t\t\t\tstyle=\"max-height: 380px;\"\/>\n\t\t<\/a>\n\n\t\t\n\t\t<a href=\"https:\/\/www.valsanzibiogiardino.com\/wp-content\/gallery\/area-relax\/Foto1_PicNicDoge2017.jpg\"\n\t\t\ttitle=\" \"\n\t\t\tdata-src=\"https:\/\/www.valsanzibiogiardino.com\/wp-content\/gallery\/area-relax\/Foto1_PicNicDoge2017.jpg\"\n\t\t\tdata-thumbnail=\"https:\/\/www.valsanzibiogiardino.com\/wp-content\/gallery\/area-relax\/thumbs\/thumbs_Foto1_PicNicDoge2017.jpg\"\n\t\t\tdata-image-id=\"735\"\n\t\t\tdata-title=\"Foto1_PicNicDoge2017\"\n\t\t\tdata-description=\" \"\n\t\t\t\t\t\t\t\t\t\t\t\t\t\t\tclass=\"ngg-fancybox\" rel=\"ab19732ac0abc77b4bd9f10f3be1d52d\">\n\t\t\t\n\t\t\t<img data-image-id='735'\n\t\t\t\ttitle=\" \"\n\t\t\t\talt=\"Foto1_PicNicDoge2017\"\n\t\t\t\tsrc=\"https:\/\/www.valsanzibiogiardino.com\/wp-content\/gallery\/area-relax\/Foto1_PicNicDoge2017.jpg\"\n\t\t\t\tstyle=\"max-height: 380px;\"\/>\n\t\t<\/a>\n\n\t\t\n\t\t<a href=\"https:\/\/www.valsanzibiogiardino.com\/wp-content\/gallery\/area-relax\/Foto3_PicNicDoge2017_email.jpg\"\n\t\t\ttitle=\" \"\n\t\t\tdata-src=\"https:\/\/www.valsanzibiogiardino.com\/wp-content\/gallery\/area-relax\/Foto3_PicNicDoge2017_email.jpg\"\n\t\t\tdata-thumbnail=\"https:\/\/www.valsanzibiogiardino.com\/wp-content\/gallery\/area-relax\/thumbs\/thumbs_Foto3_PicNicDoge2017_email.jpg\"\n\t\t\tdata-image-id=\"736\"\n\t\t\tdata-title=\"Foto3_PicNicDoge2017_email\"\n\t\t\tdata-description=\" \"\n\t\t\t\t\t\t\t\t\t\t\t\t\t\t\tclass=\"ngg-fancybox\" rel=\"ab19732ac0abc77b4bd9f10f3be1d52d\">\n\t\t\t\n\t\t\t<img data-image-id='736'\n\t\t\t\ttitle=\" \"\n\t\t\t\talt=\"Foto3_PicNicDoge2017_email\"\n\t\t\t\tsrc=\"https:\/\/www.valsanzibiogiardino.com\/wp-content\/gallery\/area-relax\/Foto3_PicNicDoge2017_email.jpg\"\n\t\t\t\tstyle=\"max-height: 380px;\"\/>\n\t\t<\/a>\n\n\t\t\n\t\t<a href=\"https:\/\/www.valsanzibiogiardino.com\/wp-content\/gallery\/labirinto\/Aerea-LabirintoEmail.jpg\"\n\t\t\ttitle=\"\"\n\t\t\tdata-src=\"https:\/\/www.valsanzibiogiardino.com\/wp-content\/gallery\/labirinto\/Aerea-LabirintoEmail.jpg\"\n\t\t\tdata-thumbnail=\"https:\/\/www.valsanzibiogiardino.com\/wp-content\/gallery\/labirinto\/thumbs\/thumbs_Aerea-LabirintoEmail.jpg\"\n\t\t\tdata-image-id=\"689\"\n\t\t\tdata-title=\"Aerea LabirintoEmail\"\n\t\t\tdata-description=\"\"\n\t\t\t\t\t\t\t\t\t\t\t\t\t\t\tclass=\"ngg-fancybox\" rel=\"ab19732ac0abc77b4bd9f10f3be1d52d\">\n\t\t\t\n\t\t\t<img data-image-id='689'\n\t\t\t\ttitle=\"\"\n\t\t\t\talt=\"Aerea LabirintoEmail\"\n\t\t\t\tsrc=\"https:\/\/www.valsanzibiogiardino.com\/wp-content\/gallery\/labirinto\/Aerea-LabirintoEmail.jpg\"\n\t\t\t\tstyle=\"max-height: 380px;\"\/>\n\t\t<\/a>\n\n\t\t\n\t\t<a href=\"https:\/\/www.valsanzibiogiardino.com\/wp-content\/gallery\/labirinto\/Labirinto_1_Low.jpg\"\n\t\t\ttitle=\" \"\n\t\t\tdata-src=\"https:\/\/www.valsanzibiogiardino.com\/wp-content\/gallery\/labirinto\/Labirinto_1_Low.jpg\"\n\t\t\tdata-thumbnail=\"https:\/\/www.valsanzibiogiardino.com\/wp-content\/gallery\/labirinto\/thumbs\/thumbs_Labirinto_1_Low.jpg\"\n\t\t\tdata-image-id=\"690\"\n\t\t\tdata-title=\"Labirinto_1_Low\"\n\t\t\tdata-description=\" \"\n\t\t\t\t\t\t\t\t\t\t\t\t\t\t\tclass=\"ngg-fancybox\" rel=\"ab19732ac0abc77b4bd9f10f3be1d52d\">\n\t\t\t\n\t\t\t<img data-image-id='690'\n\t\t\t\ttitle=\" \"\n\t\t\t\talt=\"Labirinto_1_Low\"\n\t\t\t\tsrc=\"https:\/\/www.valsanzibiogiardino.com\/wp-content\/gallery\/labirinto\/Labirinto_1_Low.jpg\"\n\t\t\t\tstyle=\"max-height: 380px;\"\/>\n\t\t<\/a>\n\n\t\t\n\t\t<a href=\"https:\/\/www.valsanzibiogiardino.com\/wp-content\/gallery\/labirinto\/FotoAereaLabirinto_Email.jpg\"\n\t\t\ttitle=\"\"\n\t\t\tdata-src=\"https:\/\/www.valsanzibiogiardino.com\/wp-content\/gallery\/labirinto\/FotoAereaLabirinto_Email.jpg\"\n\t\t\tdata-thumbnail=\"https:\/\/www.valsanzibiogiardino.com\/wp-content\/gallery\/labirinto\/thumbs\/thumbs_FotoAereaLabirinto_Email.jpg\"\n\t\t\tdata-image-id=\"691\"\n\t\t\tdata-title=\"FotoAereaLabirinto_Email\"\n\t\t\tdata-description=\"\"\n\t\t\t\t\t\t\t\t\t\t\t\t\t\t\tclass=\"ngg-fancybox\" rel=\"ab19732ac0abc77b4bd9f10f3be1d52d\">\n\t\t\t\n\t\t\t<img data-image-id='691'\n\t\t\t\ttitle=\"\"\n\t\t\t\talt=\"FotoAereaLabirinto_Email\"\n\t\t\t\tsrc=\"https:\/\/www.valsanzibiogiardino.com\/wp-content\/gallery\/labirinto\/FotoAereaLabirinto_Email.jpg\"\n\t\t\t\tstyle=\"max-height: 380px;\"\/>\n\t\t<\/a>\n\n\t\t\n\t\t<a href=\"https:\/\/www.valsanzibiogiardino.com\/wp-content\/gallery\/labirinto\/EntrataLabirintoConGente_Luglio2014.JPG\"\n\t\t\ttitle=\" \"\n\t\t\tdata-src=\"https:\/\/www.valsanzibiogiardino.com\/wp-content\/gallery\/labirinto\/EntrataLabirintoConGente_Luglio2014.JPG\"\n\t\t\tdata-thumbnail=\"https:\/\/www.valsanzibiogiardino.com\/wp-content\/gallery\/labirinto\/thumbs\/thumbs_EntrataLabirintoConGente_Luglio2014.JPG\"\n\t\t\tdata-image-id=\"692\"\n\t\t\tdata-title=\"EntrataLabirintoConGente_Luglio2014\"\n\t\t\tdata-description=\" \"\n\t\t\t\t\t\t\t\t\t\t\t\t\t\t\tclass=\"ngg-fancybox\" rel=\"ab19732ac0abc77b4bd9f10f3be1d52d\">\n\t\t\t\n\t\t\t<img data-image-id='692'\n\t\t\t\ttitle=\" \"\n\t\t\t\talt=\"EntrataLabirintoConGente_Luglio2014\"\n\t\t\t\tsrc=\"https:\/\/www.valsanzibiogiardino.com\/wp-content\/gallery\/labirinto\/EntrataLabirintoConGente_Luglio2014.JPG\"\n\t\t\t\tstyle=\"max-height: 380px;\"\/>\n\t\t<\/a>\n\n\t\t\n\t\t<a href=\"https:\/\/www.valsanzibiogiardino.com\/wp-content\/gallery\/labirinto\/LabirintoA3_email.jpg\"\n\t\t\ttitle=\" \"\n\t\t\tdata-src=\"https:\/\/www.valsanzibiogiardino.com\/wp-content\/gallery\/labirinto\/LabirintoA3_email.jpg\"\n\t\t\tdata-thumbnail=\"https:\/\/www.valsanzibiogiardino.com\/wp-content\/gallery\/labirinto\/thumbs\/thumbs_LabirintoA3_email.jpg\"\n\t\t\tdata-image-id=\"693\"\n\t\t\tdata-title=\"LabirintoA3_email\"\n\t\t\tdata-description=\" \"\n\t\t\t\t\t\t\t\t\t\t\t\t\t\t\tclass=\"ngg-fancybox\" rel=\"ab19732ac0abc77b4bd9f10f3be1d52d\">\n\t\t\t\n\t\t\t<img data-image-id='693'\n\t\t\t\ttitle=\" \"\n\t\t\t\talt=\"LabirintoA3_email\"\n\t\t\t\tsrc=\"https:\/\/www.valsanzibiogiardino.com\/wp-content\/gallery\/labirinto\/LabirintoA3_email.jpg\"\n\t\t\t\tstyle=\"max-height: 380px;\"\/>\n\t\t<\/a>\n\n\t\t<\/div>\n\n\n<\/p>\n<p style=\"font-size: 1.6em; text-align: center;\"><span style=\"color: #222222;\"><strong>Inoltre<\/strong>, verranno presentate varie opportunit\u00e0<br \/>\nal fine di scoprire i molteplici significati del Giardino<\/span><\/p>\n<p style=\"font-size: 1.6em; text-align: center;\"><em><strong>Viste guidate al tramonto<\/strong><\/em><\/p>\n<p style=\"font-size: 1.6em; text-align: center;\">Al fine di ammirare il Giardino durante le<br \/>\nfresche ore crepuscolari, il Giardino organizza<br \/>\nvisite guidate alle ore 18:00 nelle serate del<\/p>\n<p style=\"font-size: 1.6em; text-align: center;\"><strong>14-15-16 Luglio<br \/>\n20-21-22 Luglio<br \/>\n27-28-29 Luglio<\/strong><\/p>\n<p style=\"font-size: 1.6em; text-align: center;\">Si potr\u00e0 scegliere tra<strong> Visite Standard<\/strong><br \/>\n(1 ora circa, extra sul biglietto d\u2019ingresso euro 5)<\/p>\n<p style=\"font-size: 1.6em; text-align: center;\">e <strong>Visite Superior<\/strong><br \/>\n(2 ore circa, extra sul biglietto d\u2019ingresso euro 9)<\/p>\n<p style=\"font-size: 1.6em; text-align: center;\">Gradita la prenotazione a<\/p>\n<p style=\"font-size: 1.9em; text-align: center;\"><strong>info@valsanzibiogiardino.it<\/strong><\/p>\n<p style=\"font-size: 1.6em; text-align: center;\"><strong>&#8212;&#8212;&#8212;&#8212;&#8211; O &#8212;&#8212;&#8212;&#8212;&#8211;<\/strong><\/p>\n<p style=\"font-size: 1.9em; text-align: center;\"><strong><span style=\"font-size: 23.0pt; font-family: 'Verdana','sans-serif'; color: black;\"><span style=\"color: #900000;\">Passeggiate Teatrali<\/span><\/span><\/strong><\/p>\n<p style=\"font-size: 1.5em; text-align: center;\">\u201cPasseggiate teatrali\u201d a cura di Aulo Teatro.<\/p>\n<p style=\"font-size: 1.5em; text-align: center;\"><strong>Sabato 29 Luglio alle ore 16:00 e 17:00<br \/>\nDomenica 30 Luglio alle ore 11:00, 16:00 e 17:00.<\/strong><\/p>\n<p style=\"font-size: 1.5em; text-align: center;\"><strong>Durata: 30 minuti circa<\/strong><\/p>\n<p style=\"font-size: 2.4em; text-align: center;\"><strong>Il prato infinito<\/strong><\/p>\n<p style=\"font-size: 2.4em; text-align: center;\"><p>Invalid Displayed Gallery<\/p><\/p>\n<p style=\"font-size: 1.5em; text-align: center;\"><strong>di e con Antonio Irre, regia di Manuela Frontoni<\/strong><\/p>\n<p style=\"font-size: 1.5em; text-align: justify;\">si tratta di uno spettacolo teatrale itinerante, liberamente tratto proprio dal Saggio sulla Metamorfosi delle piante di Goethe e dal Palomar di Italo Calvino.<br \/>\nNello specifico in scena c\u2019\u00e8 un solo attore che condurr\u00e0 il pubblico (posti limitati) in una passeggiata alla scoperta della relazione tra microcosmo e macrocosmo.<\/p>\n<p style=\"font-size: 1.5em; text-align: justify;\">Il pubblico avr\u00e0 l&#8217;occasione di ammirare le bellezze del Giardino di Valsanzibio muovendosi nell&#8217;immaginario in cui l&#8217;attore accompagner\u00e0, riscoprendole attraverso altri punti di vista non convenzionali, in uno spettacolo che si muove tra Arte e Scienza.<\/p>\n<p style=\"font-size: 1.5em; text-align: justify;\">Lo spettacolo \u00e8 inserito nel progetto Goethe in Italia, festival di letterature, arte e culture di viaggio, ispirato al bicentenario della pubblicazione di &#8220;Viaggio in Italia&#8221; di Goethe.<\/p>\n<p style=\"font-size: 1.5em; text-align: center;\"><a href=\"https:\/\/auloteatro.it\/il-prato-infinito\/\" target=\"_blank\" rel=\"noopener noreferrer\">Clicca QUI&#8217; per info sullo spettacolo<br \/>\n<strong>&#8216;Il Prato Infinito&#8217;<\/strong><\/a><\/p>\n<p style=\"font-size: 1.5em; text-align: center;\">Per prenotazioni <strong>info@valsanzibiogiardino.it<\/strong><\/p>\n<p style=\"font-size: 1.5em; text-align: center;\"><strong><em>Extra 7,00 \u20ac <\/em><\/strong><em>sul costo del biglietto d\u2019ingresso<\/em><\/p>\n<p style=\"font-size: 1.6em; text-align: center;\"><strong>&#8212;&#8212;&#8212;&#8212;&#8211; O &#8212;&#8212;&#8212;&#8212;&#8211;<\/strong><\/p>\n<p style=\"font-size: 1.6em; text-align: center;\"><span style=\"color: #000000;\">Un anteprima del nuovo libro di <a href=\"http:\/\/www.renatodagostin.com\/renato-d-agostin\/about\" target=\"_blank\" rel=\"noopener noreferrer\"><strong>Renato D&#8217;Agostin Studio<\/strong><\/a><\/span><\/p>\n<p style=\"font-size: 2.6em; text-align: center;\"><em><strong><span style=\"color: #475400;\">VALSANZIBIO<\/span><\/strong><\/em><\/p>\n<p style=\"font-size: 2.2em; text-align: center;\"><img decoding=\"async\" src=\"https:\/\/ksr-ugc.imgix.net\/assets\/017\/017\/241\/63f609366f6fec575d9d6ba8af80fecd_original.jpg?w=680&amp;fit=max&amp;v=1496933126&amp;auto=format&amp;q=92&amp;s=84e92847d9d457da48c22a523a0109c2\" alt=\"Preview of the book\" \/><\/p>\n<p style=\"font-size: 1.6em; text-align: justify;\"><span style=\"color: #000000;\">che sar\u00e0 pubblicato e presentato a Settembre 2017. Un libro di splendide fotografie del giovane, ma gi\u00e0 famoso, <a href=\"http:\/\/www.renatodagostin.com\/renato-d-agostin\/about\" target=\"_blank\" rel=\"noopener noreferrer\"><strong>Renato D&#8217;Agostin<\/strong><\/a> con un inserto di poesia composte <em>ad hoc<\/em> dal Maestro <strong>Luigi Cerantola<\/strong>.<\/span><\/p>\n<p style=\"font-size: 1.6em; text-align: justify;\"><em>&#8216;&#8230;Maybe the Eden at Giardino Barbarigo is incomparable, and the one presented by Luigi Cerantola and Renato D\u2019Agostin won\u2019t be as accessible as in the marvelous paths in Valsanzibio, but it will as well lead to labyrinths of dream&#8230;&#8217;<\/em><\/p>\n<p style=\"font-size: 1.6em; text-align: center;\"><a href=\"https:\/\/www.kickstarter.com\/projects\/1203174801\/giardino-di-valsanzibio\" target=\"_blank\" rel=\"noopener noreferrer\"><em><strong><span style=\"color: #000000;\">CLICCARE QUI&#8217; per visionare la &#8216;Kickstarter campaign&#8217;<br \/>\ndel libro e contribuire alla sua pubblicazione.<\/span><\/strong><\/em><\/a><\/p>\n<p style=\"font-size: 1.6em; text-align: center;\"><strong>&#8212;&#8212;&#8212;&#8212;&#8211; O &#8212;&#8212;&#8212;&#8212;&#8211;<\/strong><\/p>\n<p style=\"font-size: 1.6em; text-align: center;\"><a href=\"http:\/\/www.tgpadova.it\/pages\/591771\/attualita\/giardino_di_valsanzibio_arte_tra_minuetto_e_teatro.html\" target=\"_blank\" rel=\"noopener noreferrer\"><strong>La giornata dedicata a San Gregorio Barbarigo . 18\/06\/17<\/strong><\/a><\/p>\n<p style=\"font-size: 1.9em; text-align: center;\"><a href=\"http:\/\/www.tgpadova.it\/pages\/591771\/attualita\/giardino_di_valsanzibio_arte_tra_minuetto_e_teatro.html\" target=\"_blank\" rel=\"noopener noreferrer\"><strong>sul TG di TeleNuovo<\/strong><\/a><\/p>\n<p style=\"font-size: 1.6em; text-align: center;\"><strong><a href=\"http:\/\/www.tgpadova.it\/pages\/591771\/attualita\/giardino_di_valsanzibio_arte_tra_minuetto_e_teatro.html\" target=\"_blank\" rel=\"noopener noreferrer\">CLICCA QUI&#8217; per vedere il filmato<\/a><\/strong><\/p>\n<p style=\"font-size: 1.5em; text-align: center;\"><strong>&#8212;&#8212;&#8212;&#8212;&#8211; O &#8212;&#8212;&#8212;&#8212;&#8211;<\/strong><\/p>\n<p style=\"font-size: 1.5em; text-align: justify;\"><strong>Tutte le attivit\u00e0 che si svolgono all\u2019interno del Giardino di Valsanzibio prevedono il regolare ingresso al giardino ed il pagamento del biglietto.<\/strong><\/p>\n<p style=\"font-size: 1.4em; text-align: justify;\">Per ulteriori info seguite gli aggiornamenti QUI&#8217; alla voce &#8216;<strong>NEWS<\/strong>&#8216; o andate alla nostra pagina di <strong><a href=\"https:\/\/www.facebook.com\/Giardino-Barbarigo-Valsanzibio-1461052934142801\/\" target=\"_blank\" rel=\"noopener noreferrer\">Facebook: Giardino Barbarigo Valsanzibio<\/a><\/strong>.<\/p>\n<!-- AddThis Advanced Settings generic via filter on the_content --><!-- AddThis Share Buttons generic via filter on the_content -->","protected":false},"excerpt":{"rendered":"<p>Lo Staff di SMANIA si rilassa sul Piazzale delle Rivelazioni tra uno &#8216;shooting&#8217; fotografico e l&#8217;altro. Gioved\u00ec 13 e Venerd\u00ec 14 Luglio 2017, il Giardino Monumentale di Valsanzibio \u00e8 stato l&#8217;eccezionale set fotografico per &#8216;l\u2019arredamento da esterni SMANIA&#8216;. \u00a0Ogni scatto ricercato, originale e curato \u00e8 stato realizzato da Lorenzo Pennati. Per saperne di pi\u00f9 e [&hellip;]<!-- AddThis Advanced Settings generic via filter on get_the_excerpt --><!-- AddThis Share Buttons generic via filter on get_the_excerpt --><\/p>\n","protected":false},"author":4,"featured_media":5698,"comment_status":"closed","ping_status":"open","sticky":false,"template":"","format":"standard","meta":{"_monsterinsights_skip_tracking":false,"_monsterinsights_sitenote_active":false,"_monsterinsights_sitenote_note":"","_monsterinsights_sitenote_category":0,"ngg_post_thumbnail":0,"footnotes":""},"categories":[17],"tags":[],"class_list":["post-5690","post","type-post","status-publish","format-standard","has-post-thumbnail","hentry","category-news"],"yoast_head":"<!-- This site is optimized with the Yoast SEO plugin v27.3 - https:\/\/yoast.com\/product\/yoast-seo-wordpress\/ -->\n<title>Smania nella Piccola Versailles dei Colli Euganei - Giardino Storico di Valsanzibio | Villa Barbarigo Pizzoni Ardemani | Galzignano Terme, Padova<\/title>\n<meta name=\"robots\" content=\"index, follow, max-snippet:-1, max-image-preview:large, max-video-preview:-1\" \/>\n<link rel=\"canonical\" href=\"https:\/\/www.valsanzibiogiardino.com\/it\/smania-nella-piccola-versailles-dei-colli-euganei\/\" \/>\n<meta name=\"twitter:label1\" content=\"Scritto da\" \/>\n\t<meta name=\"twitter:data1\" content=\"Staff\" \/>\n\t<meta name=\"twitter:label2\" content=\"Tempo di lettura stimato\" \/>\n\t<meta name=\"twitter:data2\" content=\"4 minuti\" \/>\n<script type=\"application\/ld+json\" class=\"yoast-schema-graph\">{\"@context\":\"https:\\\/\\\/schema.org\",\"@graph\":[{\"@type\":\"Article\",\"@id\":\"https:\\\/\\\/www.valsanzibiogiardino.com\\\/it\\\/smania-nella-piccola-versailles-dei-colli-euganei\\\/#article\",\"isPartOf\":{\"@id\":\"https:\\\/\\\/www.valsanzibiogiardino.com\\\/it\\\/smania-nella-piccola-versailles-dei-colli-euganei\\\/\"},\"author\":{\"name\":\"Staff\",\"@id\":\"https:\\\/\\\/www.valsanzibiogiardino.com\\\/it\\\/#\\\/schema\\\/person\\\/f6b11a7fbc16b7bd8b7dff8c277936bb\"},\"headline\":\"Smania nella Piccola Versailles dei Colli Euganei\",\"datePublished\":\"2017-07-14T21:04:45+00:00\",\"dateModified\":\"2019-06-27T11:33:45+00:00\",\"mainEntityOfPage\":{\"@id\":\"https:\\\/\\\/www.valsanzibiogiardino.com\\\/it\\\/smania-nella-piccola-versailles-dei-colli-euganei\\\/\"},\"wordCount\":710,\"image\":{\"@id\":\"https:\\\/\\\/www.valsanzibiogiardino.com\\\/it\\\/smania-nella-piccola-versailles-dei-colli-euganei\\\/#primaryimage\"},\"thumbnailUrl\":\"https:\\\/\\\/www.valsanzibiogiardino.com\\\/wp-content\\\/uploads\\\/2017\\\/07\\\/Foto_Smania_130717_1_email1.jpg\",\"articleSection\":[\"NEWS\"],\"inLanguage\":\"it-IT\"},{\"@type\":\"WebPage\",\"@id\":\"https:\\\/\\\/www.valsanzibiogiardino.com\\\/it\\\/smania-nella-piccola-versailles-dei-colli-euganei\\\/\",\"url\":\"https:\\\/\\\/www.valsanzibiogiardino.com\\\/it\\\/smania-nella-piccola-versailles-dei-colli-euganei\\\/\",\"name\":\"Smania nella Piccola Versailles dei Colli Euganei - Giardino Storico di Valsanzibio | Villa Barbarigo Pizzoni Ardemani | Galzignano Terme, Padova\",\"isPartOf\":{\"@id\":\"https:\\\/\\\/www.valsanzibiogiardino.com\\\/it\\\/#website\"},\"primaryImageOfPage\":{\"@id\":\"https:\\\/\\\/www.valsanzibiogiardino.com\\\/it\\\/smania-nella-piccola-versailles-dei-colli-euganei\\\/#primaryimage\"},\"image\":{\"@id\":\"https:\\\/\\\/www.valsanzibiogiardino.com\\\/it\\\/smania-nella-piccola-versailles-dei-colli-euganei\\\/#primaryimage\"},\"thumbnailUrl\":\"https:\\\/\\\/www.valsanzibiogiardino.com\\\/wp-content\\\/uploads\\\/2017\\\/07\\\/Foto_Smania_130717_1_email1.jpg\",\"datePublished\":\"2017-07-14T21:04:45+00:00\",\"dateModified\":\"2019-06-27T11:33:45+00:00\",\"author\":{\"@id\":\"https:\\\/\\\/www.valsanzibiogiardino.com\\\/it\\\/#\\\/schema\\\/person\\\/f6b11a7fbc16b7bd8b7dff8c277936bb\"},\"breadcrumb\":{\"@id\":\"https:\\\/\\\/www.valsanzibiogiardino.com\\\/it\\\/smania-nella-piccola-versailles-dei-colli-euganei\\\/#breadcrumb\"},\"inLanguage\":\"it-IT\",\"potentialAction\":[{\"@type\":\"ReadAction\",\"target\":[\"https:\\\/\\\/www.valsanzibiogiardino.com\\\/it\\\/smania-nella-piccola-versailles-dei-colli-euganei\\\/\"]}]},{\"@type\":\"ImageObject\",\"inLanguage\":\"it-IT\",\"@id\":\"https:\\\/\\\/www.valsanzibiogiardino.com\\\/it\\\/smania-nella-piccola-versailles-dei-colli-euganei\\\/#primaryimage\",\"url\":\"https:\\\/\\\/www.valsanzibiogiardino.com\\\/wp-content\\\/uploads\\\/2017\\\/07\\\/Foto_Smania_130717_1_email1.jpg\",\"contentUrl\":\"https:\\\/\\\/www.valsanzibiogiardino.com\\\/wp-content\\\/uploads\\\/2017\\\/07\\\/Foto_Smania_130717_1_email1.jpg\",\"width\":1024,\"height\":765,\"caption\":\"Eventi a Padova, Galzignano Terme\"},{\"@type\":\"BreadcrumbList\",\"@id\":\"https:\\\/\\\/www.valsanzibiogiardino.com\\\/it\\\/smania-nella-piccola-versailles-dei-colli-euganei\\\/#breadcrumb\",\"itemListElement\":[{\"@type\":\"ListItem\",\"position\":1,\"name\":\"Home\",\"item\":\"https:\\\/\\\/www.valsanzibiogiardino.com\\\/it\\\/\"},{\"@type\":\"ListItem\",\"position\":2,\"name\":\"Smania nella Piccola Versailles dei Colli Euganei\"}]},{\"@type\":\"WebSite\",\"@id\":\"https:\\\/\\\/www.valsanzibiogiardino.com\\\/it\\\/#website\",\"url\":\"https:\\\/\\\/www.valsanzibiogiardino.com\\\/it\\\/\",\"name\":\"Giardino Storico di Valsanzibio | Villa Barbarigo Pizzoni Ardemani | Galzignano Terme, Padova\",\"description\":\"Il Giardino Storico di Valsanzibio si trova a Galzignano Terme, in provincia di Padova, ed \u00e8 uno dei pi\u00f9 estesi ed integri giardini d\u2019Epoca mondiali.\",\"potentialAction\":[{\"@type\":\"SearchAction\",\"target\":{\"@type\":\"EntryPoint\",\"urlTemplate\":\"https:\\\/\\\/www.valsanzibiogiardino.com\\\/it\\\/?s={search_term_string}\"},\"query-input\":{\"@type\":\"PropertyValueSpecification\",\"valueRequired\":true,\"valueName\":\"search_term_string\"}}],\"inLanguage\":\"it-IT\"},{\"@type\":\"Person\",\"@id\":\"https:\\\/\\\/www.valsanzibiogiardino.com\\\/it\\\/#\\\/schema\\\/person\\\/f6b11a7fbc16b7bd8b7dff8c277936bb\",\"name\":\"Staff\",\"url\":\"https:\\\/\\\/www.valsanzibiogiardino.com\\\/it\\\/author\\\/staff\\\/\"}]}<\/script>\n<!-- \/ Yoast SEO plugin. -->","yoast_head_json":{"title":"Smania nella Piccola Versailles dei Colli Euganei - Giardino Storico di Valsanzibio | Villa Barbarigo Pizzoni Ardemani | Galzignano Terme, Padova","robots":{"index":"index","follow":"follow","max-snippet":"max-snippet:-1","max-image-preview":"max-image-preview:large","max-video-preview":"max-video-preview:-1"},"canonical":"https:\/\/www.valsanzibiogiardino.com\/it\/smania-nella-piccola-versailles-dei-colli-euganei\/","twitter_misc":{"Scritto da":"Staff","Tempo di lettura stimato":"4 minuti"},"schema":{"@context":"https:\/\/schema.org","@graph":[{"@type":"Article","@id":"https:\/\/www.valsanzibiogiardino.com\/it\/smania-nella-piccola-versailles-dei-colli-euganei\/#article","isPartOf":{"@id":"https:\/\/www.valsanzibiogiardino.com\/it\/smania-nella-piccola-versailles-dei-colli-euganei\/"},"author":{"name":"Staff","@id":"https:\/\/www.valsanzibiogiardino.com\/it\/#\/schema\/person\/f6b11a7fbc16b7bd8b7dff8c277936bb"},"headline":"Smania nella Piccola Versailles dei Colli Euganei","datePublished":"2017-07-14T21:04:45+00:00","dateModified":"2019-06-27T11:33:45+00:00","mainEntityOfPage":{"@id":"https:\/\/www.valsanzibiogiardino.com\/it\/smania-nella-piccola-versailles-dei-colli-euganei\/"},"wordCount":710,"image":{"@id":"https:\/\/www.valsanzibiogiardino.com\/it\/smania-nella-piccola-versailles-dei-colli-euganei\/#primaryimage"},"thumbnailUrl":"https:\/\/www.valsanzibiogiardino.com\/wp-content\/uploads\/2017\/07\/Foto_Smania_130717_1_email1.jpg","articleSection":["NEWS"],"inLanguage":"it-IT"},{"@type":"WebPage","@id":"https:\/\/www.valsanzibiogiardino.com\/it\/smania-nella-piccola-versailles-dei-colli-euganei\/","url":"https:\/\/www.valsanzibiogiardino.com\/it\/smania-nella-piccola-versailles-dei-colli-euganei\/","name":"Smania nella Piccola Versailles dei Colli Euganei - Giardino Storico di Valsanzibio | Villa Barbarigo Pizzoni Ardemani | Galzignano Terme, Padova","isPartOf":{"@id":"https:\/\/www.valsanzibiogiardino.com\/it\/#website"},"primaryImageOfPage":{"@id":"https:\/\/www.valsanzibiogiardino.com\/it\/smania-nella-piccola-versailles-dei-colli-euganei\/#primaryimage"},"image":{"@id":"https:\/\/www.valsanzibiogiardino.com\/it\/smania-nella-piccola-versailles-dei-colli-euganei\/#primaryimage"},"thumbnailUrl":"https:\/\/www.valsanzibiogiardino.com\/wp-content\/uploads\/2017\/07\/Foto_Smania_130717_1_email1.jpg","datePublished":"2017-07-14T21:04:45+00:00","dateModified":"2019-06-27T11:33:45+00:00","author":{"@id":"https:\/\/www.valsanzibiogiardino.com\/it\/#\/schema\/person\/f6b11a7fbc16b7bd8b7dff8c277936bb"},"breadcrumb":{"@id":"https:\/\/www.valsanzibiogiardino.com\/it\/smania-nella-piccola-versailles-dei-colli-euganei\/#breadcrumb"},"inLanguage":"it-IT","potentialAction":[{"@type":"ReadAction","target":["https:\/\/www.valsanzibiogiardino.com\/it\/smania-nella-piccola-versailles-dei-colli-euganei\/"]}]},{"@type":"ImageObject","inLanguage":"it-IT","@id":"https:\/\/www.valsanzibiogiardino.com\/it\/smania-nella-piccola-versailles-dei-colli-euganei\/#primaryimage","url":"https:\/\/www.valsanzibiogiardino.com\/wp-content\/uploads\/2017\/07\/Foto_Smania_130717_1_email1.jpg","contentUrl":"https:\/\/www.valsanzibiogiardino.com\/wp-content\/uploads\/2017\/07\/Foto_Smania_130717_1_email1.jpg","width":1024,"height":765,"caption":"Eventi a Padova, Galzignano Terme"},{"@type":"BreadcrumbList","@id":"https:\/\/www.valsanzibiogiardino.com\/it\/smania-nella-piccola-versailles-dei-colli-euganei\/#breadcrumb","itemListElement":[{"@type":"ListItem","position":1,"name":"Home","item":"https:\/\/www.valsanzibiogiardino.com\/it\/"},{"@type":"ListItem","position":2,"name":"Smania nella Piccola Versailles dei Colli Euganei"}]},{"@type":"WebSite","@id":"https:\/\/www.valsanzibiogiardino.com\/it\/#website","url":"https:\/\/www.valsanzibiogiardino.com\/it\/","name":"Giardino Storico di Valsanzibio | Villa Barbarigo Pizzoni Ardemani | Galzignano Terme, Padova","description":"Il Giardino Storico di Valsanzibio si trova a Galzignano Terme, in provincia di Padova, ed \u00e8 uno dei pi\u00f9 estesi ed integri giardini d\u2019Epoca mondiali.","potentialAction":[{"@type":"SearchAction","target":{"@type":"EntryPoint","urlTemplate":"https:\/\/www.valsanzibiogiardino.com\/it\/?s={search_term_string}"},"query-input":{"@type":"PropertyValueSpecification","valueRequired":true,"valueName":"search_term_string"}}],"inLanguage":"it-IT"},{"@type":"Person","@id":"https:\/\/www.valsanzibiogiardino.com\/it\/#\/schema\/person\/f6b11a7fbc16b7bd8b7dff8c277936bb","name":"Staff","url":"https:\/\/www.valsanzibiogiardino.com\/it\/author\/staff\/"}]}},"_links":{"self":[{"href":"https:\/\/www.valsanzibiogiardino.com\/it\/wp-json\/wp\/v2\/posts\/5690","targetHints":{"allow":["GET"]}}],"collection":[{"href":"https:\/\/www.valsanzibiogiardino.com\/it\/wp-json\/wp\/v2\/posts"}],"about":[{"href":"https:\/\/www.valsanzibiogiardino.com\/it\/wp-json\/wp\/v2\/types\/post"}],"author":[{"embeddable":true,"href":"https:\/\/www.valsanzibiogiardino.com\/it\/wp-json\/wp\/v2\/users\/4"}],"replies":[{"embeddable":true,"href":"https:\/\/www.valsanzibiogiardino.com\/it\/wp-json\/wp\/v2\/comments?post=5690"}],"version-history":[{"count":0,"href":"https:\/\/www.valsanzibiogiardino.com\/it\/wp-json\/wp\/v2\/posts\/5690\/revisions"}],"wp:featuredmedia":[{"embeddable":true,"href":"https:\/\/www.valsanzibiogiardino.com\/it\/wp-json\/wp\/v2\/media\/5698"}],"wp:attachment":[{"href":"https:\/\/www.valsanzibiogiardino.com\/it\/wp-json\/wp\/v2\/media?parent=5690"}],"wp:term":[{"taxonomy":"category","embeddable":true,"href":"https:\/\/www.valsanzibiogiardino.com\/it\/wp-json\/wp\/v2\/categories?post=5690"},{"taxonomy":"post_tag","embeddable":true,"href":"https:\/\/www.valsanzibiogiardino.com\/it\/wp-json\/wp\/v2\/tags?post=5690"}],"curies":[{"name":"wp","href":"https:\/\/api.w.org\/{rel}","templated":true}]}}