{"id":5583,"date":"2017-06-05T19:44:34","date_gmt":"2017-06-05T17:44:34","guid":{"rendered":"https:\/\/www.valsanzibiogiardino.it\/?p=5583"},"modified":"2019-06-27T13:33:28","modified_gmt":"2019-06-27T11:33:28","slug":"save-the-date-18-giugno-2017-san-gregorio-barbarigo","status":"publish","type":"post","link":"https:\/\/www.valsanzibiogiardino.com\/it\/save-the-date-18-giugno-2017-san-gregorio-barbarigo\/","title":{"rendered":"Save the date: 18 giugno 2017 &#8211; San Gregorio Barbarigo"},"content":{"rendered":"<p style=\"font-size: 1.6em; text-align: center;\">Visite guidate, senza prenotazione, ogni<br \/>\nSabato, Domenica e nei giorni festivi<br \/>\npartenza tour guidato circa alle<br \/>\nore 10:45\/11:00 e alle ore 16:00\/16:30 *<br \/>\n(costo extra di 5,00 \u20ac a persona)<\/p>\n<p style=\"font-size: 1.6em; text-align: center;\">* notare che Domenica 18\/06\/17<br \/>\nla visita guidata del pomeriggio sar\u00e0 anticipata alle 14:30<\/p>\n<p style=\"font-size: 1.6em; text-align: center;\"><strong>&#8212;&#8212;&#8212;&#8212;&#8211; O\u00a0&#8212;&#8212;&#8212;&#8212;&#8211;<\/strong><\/p>\n<p style=\"font-size: 1.6em; text-align: center;\"><span style=\"color: #000000;\">Un anteprima del nuovo libro di <a href=\"http:\/\/www.renatodagostin.com\/renato-d-agostin\/about\" target=\"_blank\" rel=\"noopener noreferrer\"><strong>Renato D&#8217;Agostin Studio<\/strong><\/a><\/span><\/p>\n<p style=\"font-size: 2.6em; text-align: center;\"><em><strong><span style=\"color: #475400;\">VALSANZIBIO<\/span><\/strong><\/em><\/p>\n<p style=\"font-size: 2.2em; text-align: center;\"><img decoding=\"async\" src=\"https:\/\/ksr-ugc.imgix.net\/assets\/017\/017\/241\/63f609366f6fec575d9d6ba8af80fecd_original.jpg?w=680&amp;fit=max&amp;v=1496933126&amp;auto=format&amp;q=92&amp;s=84e92847d9d457da48c22a523a0109c2\" alt=\"Preview of the book\" \/><\/p>\n<p style=\"font-size: 1.6em; text-align: justify;\"><span style=\"color: #000000;\">che sar\u00e0 pubblicato e presentato a Settembre 2017. \u00a0Un libro di splendide fotografie del giovane, ma gi\u00e0 famoso, <a href=\"http:\/\/www.renatodagostin.com\/renato-d-agostin\/about\" target=\"_blank\" rel=\"noopener noreferrer\"><strong>Renato D&#8217;Agostin<\/strong><\/a> con un inserto di poesia composte <em>ad hoc<\/em> dal Maestro <strong>Luigi Cerantola<\/strong>.<\/span><\/p>\n<p style=\"font-size: 1.6em; text-align: justify;\"><em>&#8216;&#8230;Maybe the Eden at Giardino Barbarigo is incomparable, and the one presented by Luigi Cerantola and Renato D\u2019Agostin won\u2019t be as accessible as in the marvelous paths in Valsanzibio, but it will as well lead to labyrinths of dream&#8230;&#8217;<\/em><\/p>\n<p style=\"font-size: 1.6em; text-align: center;\"><a href=\"https:\/\/www.kickstarter.com\/projects\/1203174801\/giardino-di-valsanzibio\" target=\"_blank\" rel=\"noopener noreferrer\"><em><strong><span style=\"color: #000000;\">CLICCARE QUI&#8217; per visionare la &#8216;Kickstarter campaign&#8217;<br \/>\ndel libro e contribuire alla sua pubblicazione.<\/span><\/strong><\/em><\/a><\/p>\n<p style=\"font-size: 1.6em; text-align: center;\">&#8212;&#8212;&#8212;&#8212;&#8211; O &#8212;&#8212;&#8212;&#8212;&#8211;<\/p>\n<p style=\"font-size: 1.6em; text-align: center;\"><strong><span style=\"font-size: 18.0pt; font-family: 'Verdana','sans-serif'; color: black;\"><span style=\"color: #900000;\">Domenica 18\u00a0Giugno 2017<\/span><\/span><\/strong><\/p>\n<p style=\"text-align: center;\" align=\"justify\"><em><strong><span style=\"font-size: 22.0pt; font-family: 'Verdana','sans-serif'; color: black;\"><span style=\"color: #900000;\">SAN GREGORIO BARBARIGO<\/span><\/span><\/strong><\/em><\/p>\n<p style=\"font-size: 1.5em; text-align: justify;\"><strong>Domenica 18 giugno 2017<\/strong> il Giardino di Valsanzibio ospita una giornata evento per festeggiare <strong>San Gregorio Barbarigo<\/strong>, colui che trascorse l\u2019infanzia nelle propriet\u00e0 di famiglia a Valsanzibio (a Valsanzibio fece la prima comunione e qui matur\u00f2 la Sua vocazione ecclesiastica) e, con il fratello Antonio, ispir\u00f2 l&#8217;alta simbologia del Giardino Monumentale di Valsanzibio.<\/p>\n<p style=\"font-size: 1.5em; text-align: justify;\">Il Giardino di Valsanzibio dalla mattina alla sera si trasforma in un grande palco dove artisti giovani e affermati del panorama veneto si esibiranno. Oltre a vivere la magia del Giardino, si potr\u00e0 assistere a musica live e esibizioni artistiche di vario genere.<\/p>\n<p style=\"font-size: 1.5em; text-align: center;\"><strong><em>Questo il programma:<\/em><\/strong><\/p>\n<p style=\"font-size: 1.5em; text-align: justify;\"><strong>Alle 11:00 e\u00a0alle 14:30\u00a0<\/strong><br \/>\n&#8211;\u00a0Visite guidate al Giardino Monumentale \u2013 supplemento di 5,00 \u20ac\u00a0sul biglietto d\u2019ingresso<\/p>\n<p style=\"font-size: 1.5em; text-align: justify;\"><strong>Dalle ore 10:30<\/strong>\u00a0&#8211; Presso Portale di Diana<br \/>\n&#8211; Esibizione live alle tastiere di <strong>Andrea Pavanello<\/strong>, autore del disco <em><strong>Angels&#8217; Garden<\/strong><\/em><\/p>\n<p style=\"font-size: 1.5em; text-align: center;\"><p>Invalid Displayed Gallery<\/p><\/p>\n<p style=\"font-size: 1.5em; text-align: justify;\"><strong>Alle ore<\/strong>\u00a0<strong>15:30\u00a0<\/strong>&#8211;\u00a0Davanti alla scalinata del Sonetto<br \/>\nPerformance danzante in abito del \u2018700 dell\u2019<strong>Associazione Storico Culturale Patrizi Veneti<\/strong>.<br \/>\nMusiche: Minuetti di <strong>Luigi Boccherini<\/strong> e <strong>Georg Telemann<\/strong><\/p>\n<p style=\"font-size: 1.5em; text-align: justify;\"><strong>Alle ore<\/strong> <strong>16:00 <\/strong>&#8211;\u00a0Sotto la chioma degli alberi secolari<br \/>\n&#8211; Presentazione di <strong><em>\u201cL\u2019amore resta\u201d<\/em><\/strong>, il nuovo romanzo di <strong>Leandro Barsotti<\/strong>, giornalista e cantante.<\/p>\n<p style=\"font-size: 1.5em; text-align: justify;\"><strong>Alle ore 17:30<\/strong>\u00a0&#8211; Area relax del Giardino<\/p>\n<p style=\"text-align: center;\" align=\"justify\"><em><strong><span style=\"font-size: 22.0pt; font-family: 'Verdana','sans-serif'; color: black;\"><span style=\"color: #900000;\"><a href=\"http:\/\/teatrodellacenere.it\" target=\"_blank\" rel=\"noopener noreferrer\"><strong>Teatro della Cenere<\/strong><\/a><\/span><\/span><\/strong><\/em><\/p>\n<p style=\"text-align: center;\" align=\"justify\">\n<div class=\"ngg-galleryoverview ngg-slideshow\"\n\tid=\"ngg-slideshow-107519560d3aeff895ac81e148f48fd6-5500851860\"\n\tdata-gallery-id=\"107519560d3aeff895ac81e148f48fd6\"\n\tstyle=\"max-width: 600px;\n\t\t\tmax-height: 400px;\n\t\t\tdisplay: none;\">\n\n\t\n\t\t<a href=\"https:\/\/www.valsanzibiogiardino.com\/wp-content\/gallery\/teatrocenere\/Baccanti_Teatro-della-Cenere_1.jpg\"\n\t\t\ttitle=\"\"\n\t\t\tdata-src=\"https:\/\/www.valsanzibiogiardino.com\/wp-content\/gallery\/teatrocenere\/Baccanti_Teatro-della-Cenere_1.jpg\"\n\t\t\tdata-thumbnail=\"https:\/\/www.valsanzibiogiardino.com\/wp-content\/gallery\/teatrocenere\/thumbs\/thumbs_Baccanti_Teatro-della-Cenere_1.jpg\"\n\t\t\tdata-image-id=\"722\"\n\t\t\tdata-title=\"Baccanti_Teatro-della-Cenere_1\"\n\t\t\tdata-description=\"\"\n\t\t\t\t\t\t\t\t\t\t\t\t\t\t\tclass=\"ngg-fancybox\" rel=\"107519560d3aeff895ac81e148f48fd6\">\n\t\t\t\n\t\t\t<img data-image-id='722'\n\t\t\t\ttitle=\"\"\n\t\t\t\talt=\"Baccanti_Teatro-della-Cenere_1\"\n\t\t\t\tsrc=\"https:\/\/www.valsanzibiogiardino.com\/wp-content\/gallery\/teatrocenere\/Baccanti_Teatro-della-Cenere_1.jpg\"\n\t\t\t\tstyle=\"max-height: 380px;\"\/>\n\t\t<\/a>\n\n\t\t\n\t\t<a href=\"https:\/\/www.valsanzibiogiardino.com\/wp-content\/gallery\/teatrocenere\/Baccanti_Teatro-della-Cenere_2.jpg\"\n\t\t\ttitle=\" \"\n\t\t\tdata-src=\"https:\/\/www.valsanzibiogiardino.com\/wp-content\/gallery\/teatrocenere\/Baccanti_Teatro-della-Cenere_2.jpg\"\n\t\t\tdata-thumbnail=\"https:\/\/www.valsanzibiogiardino.com\/wp-content\/gallery\/teatrocenere\/thumbs\/thumbs_Baccanti_Teatro-della-Cenere_2.jpg\"\n\t\t\tdata-image-id=\"723\"\n\t\t\tdata-title=\"Baccanti_Teatro-della-Cenere_2\"\n\t\t\tdata-description=\" \"\n\t\t\t\t\t\t\t\t\t\t\t\t\t\t\tclass=\"ngg-fancybox\" rel=\"107519560d3aeff895ac81e148f48fd6\">\n\t\t\t\n\t\t\t<img data-image-id='723'\n\t\t\t\ttitle=\" \"\n\t\t\t\talt=\"Baccanti_Teatro-della-Cenere_2\"\n\t\t\t\tsrc=\"https:\/\/www.valsanzibiogiardino.com\/wp-content\/gallery\/teatrocenere\/Baccanti_Teatro-della-Cenere_2.jpg\"\n\t\t\t\tstyle=\"max-height: 380px;\"\/>\n\t\t<\/a>\n\n\t\t\n\t\t<a href=\"https:\/\/www.valsanzibiogiardino.com\/wp-content\/gallery\/teatrocenere\/Baccanti_Teatro-della-Cenere_3.jpg\"\n\t\t\ttitle=\" \"\n\t\t\tdata-src=\"https:\/\/www.valsanzibiogiardino.com\/wp-content\/gallery\/teatrocenere\/Baccanti_Teatro-della-Cenere_3.jpg\"\n\t\t\tdata-thumbnail=\"https:\/\/www.valsanzibiogiardino.com\/wp-content\/gallery\/teatrocenere\/thumbs\/thumbs_Baccanti_Teatro-della-Cenere_3.jpg\"\n\t\t\tdata-image-id=\"724\"\n\t\t\tdata-title=\"Baccanti_Teatro-della-Cenere_3\"\n\t\t\tdata-description=\" \"\n\t\t\t\t\t\t\t\t\t\t\t\t\t\t\tclass=\"ngg-fancybox\" rel=\"107519560d3aeff895ac81e148f48fd6\">\n\t\t\t\n\t\t\t<img data-image-id='724'\n\t\t\t\ttitle=\" \"\n\t\t\t\talt=\"Baccanti_Teatro-della-Cenere_3\"\n\t\t\t\tsrc=\"https:\/\/www.valsanzibiogiardino.com\/wp-content\/gallery\/teatrocenere\/Baccanti_Teatro-della-Cenere_3.jpg\"\n\t\t\t\tstyle=\"max-height: 380px;\"\/>\n\t\t<\/a>\n\n\t\t<\/div>\n\n\n<\/p>\n<p style=\"font-size: 1.5em; text-align: justify;\">presenta l\u2019opera teatrale open air <strong><em>Baccanti di Euripide<\/em><\/strong>, traduzione <strong>Davide Susanetti<\/strong>, regia <strong>Marta Scaccia<\/strong>\u00a0&#8211; Supplemento di 10,00 \u20ac sul biglietto d\u2019ingresso al giardino.<\/p>\n<p style=\"font-size: 1.5em; text-align: center;\"><em><strong>Posti limitati<\/strong><\/em>. Info e prenotazioni <strong>info@valsanzibiogiardino.it<\/strong><\/p>\n<p style=\"font-size: 1.5em; text-align: justify;\"><strong>Dalle ore 12.30<\/strong> &#8211; Area Antiche Scuderie<br \/>\n&#8211; Cicchetti veneziani, polenta e baccal\u00e0 e altri sfiziosi spuntini a cura di <strong>Nautilus Fish and Wine<\/strong><\/p>\n<p style=\"font-size: 1.5em; text-align: justify;\">Nel pomeriggio gelato artigianale di <strong>Antiche Tentazioni<\/strong><\/p>\n<p style=\"font-size: 1.5em; text-align: justify;\"><strong>AL TRAMONTO<\/strong>\u00a0&#8211; Aperitivi e degustazioni preparati dalla <strong>Pro Loco di Galzignano e Valsanzibio<\/strong><\/p>\n<p style=\"font-size: 1.5em; text-align: justify;\"><strong>PER TUTTO IL GIORNO<\/strong>\u00a0&#8211; <strong>Valentina Bottin<\/strong> sar\u00e0 la <strong><em>Truccabimbi<\/em><\/strong> per i piccoli visitatori, che potranno scegliere tra disegni floreali e del bosco.<\/p>\n<p style=\"font-size: 1.5em; text-align: center;\"><strong>&#8212;&#8212;&#8212;&#8212;&#8211; O\u00a0&#8212;&#8212;&#8212;&#8212;&#8211;<\/strong><\/p>\n<p style=\"font-size: 1.5em; text-align: justify;\"><strong>Tutte le attivit\u00e0 che si svolgono all\u2019interno del Giardino di Valsanzibio prevedono il regolare ingresso al giardino ed il pagamento del biglietto.<\/strong><\/p>\n<p style=\"font-size: 1.4em; text-align: justify;\">Per ulteriori info seguite gli aggiornamenti QUI&#8217; alla voce &#8216;<strong>NEWS<\/strong>&#8216; o andate alla nostra pagina di\u00a0<strong><a href=\"https:\/\/www.facebook.com\/Giardino-Barbarigo-Valsanzibio-1461052934142801\/\" target=\"_blank\" rel=\"noopener noreferrer\">Facebook: Giardino Barbarigo Valsanzibio<\/a><\/strong>.<\/p>\n<!-- AddThis Advanced Settings generic via filter on the_content --><!-- AddThis Share Buttons generic via filter on the_content -->","protected":false},"excerpt":{"rendered":"<p>Visite guidate, senza prenotazione, ogni Sabato, Domenica e nei giorni festivi partenza tour guidato circa alle ore 10:45\/11:00 e alle ore 16:00\/16:30 * (costo extra di 5,00 \u20ac a persona) * notare che Domenica 18\/06\/17 la visita guidata del pomeriggio sar\u00e0 anticipata alle 14:30 &#8212;&#8212;&#8212;&#8212;&#8211; O\u00a0&#8212;&#8212;&#8212;&#8212;&#8211; Un anteprima del nuovo libro di Renato D&#8217;Agostin Studio [&hellip;]<!-- AddThis Advanced Settings generic via filter on get_the_excerpt --><!-- AddThis Share Buttons generic via filter on get_the_excerpt --><\/p>\n","protected":false},"author":4,"featured_media":5364,"comment_status":"closed","ping_status":"open","sticky":false,"template":"","format":"standard","meta":{"_monsterinsights_skip_tracking":false,"_monsterinsights_sitenote_active":false,"_monsterinsights_sitenote_note":"","_monsterinsights_sitenote_category":0,"ngg_post_thumbnail":0,"footnotes":""},"categories":[13,17],"tags":[],"class_list":["post-5583","post","type-post","status-publish","format-standard","has-post-thumbnail","hentry","category-eventi","category-news"],"yoast_head":"<!-- This site is optimized with the Yoast SEO plugin v27.3 - https:\/\/yoast.com\/product\/yoast-seo-wordpress\/ -->\n<title>Save the date: 18 giugno 2017 - San Gregorio Barbarigo - Giardino Storico di Valsanzibio | Villa Barbarigo Pizzoni Ardemani | Galzignano Terme, Padova<\/title>\n<meta name=\"robots\" content=\"index, follow, max-snippet:-1, max-image-preview:large, max-video-preview:-1\" \/>\n<link rel=\"canonical\" href=\"https:\/\/www.valsanzibiogiardino.com\/it\/save-the-date-18-giugno-2017-san-gregorio-barbarigo\/\" \/>\n<meta name=\"twitter:label1\" content=\"Scritto da\" \/>\n\t<meta name=\"twitter:data1\" content=\"Staff\" \/>\n\t<meta name=\"twitter:label2\" content=\"Tempo di lettura stimato\" \/>\n\t<meta name=\"twitter:data2\" content=\"2 minuti\" \/>\n<script type=\"application\/ld+json\" class=\"yoast-schema-graph\">{\"@context\":\"https:\\\/\\\/schema.org\",\"@graph\":[{\"@type\":\"Article\",\"@id\":\"https:\\\/\\\/www.valsanzibiogiardino.com\\\/it\\\/save-the-date-18-giugno-2017-san-gregorio-barbarigo\\\/#article\",\"isPartOf\":{\"@id\":\"https:\\\/\\\/www.valsanzibiogiardino.com\\\/it\\\/save-the-date-18-giugno-2017-san-gregorio-barbarigo\\\/\"},\"author\":{\"name\":\"Staff\",\"@id\":\"https:\\\/\\\/www.valsanzibiogiardino.com\\\/it\\\/#\\\/schema\\\/person\\\/f6b11a7fbc16b7bd8b7dff8c277936bb\"},\"headline\":\"Save the date: 18 giugno 2017 &#8211; San Gregorio Barbarigo\",\"datePublished\":\"2017-06-05T17:44:34+00:00\",\"dateModified\":\"2019-06-27T11:33:28+00:00\",\"mainEntityOfPage\":{\"@id\":\"https:\\\/\\\/www.valsanzibiogiardino.com\\\/it\\\/save-the-date-18-giugno-2017-san-gregorio-barbarigo\\\/\"},\"wordCount\":492,\"image\":{\"@id\":\"https:\\\/\\\/www.valsanzibiogiardino.com\\\/it\\\/save-the-date-18-giugno-2017-san-gregorio-barbarigo\\\/#primaryimage\"},\"thumbnailUrl\":\"https:\\\/\\\/www.valsanzibiogiardino.com\\\/wp-content\\\/uploads\\\/2017\\\/03\\\/X1C7963.jpg\",\"articleSection\":[\"EVENTI\",\"NEWS\"],\"inLanguage\":\"it-IT\"},{\"@type\":\"WebPage\",\"@id\":\"https:\\\/\\\/www.valsanzibiogiardino.com\\\/it\\\/save-the-date-18-giugno-2017-san-gregorio-barbarigo\\\/\",\"url\":\"https:\\\/\\\/www.valsanzibiogiardino.com\\\/it\\\/save-the-date-18-giugno-2017-san-gregorio-barbarigo\\\/\",\"name\":\"Save the date: 18 giugno 2017 - San Gregorio Barbarigo - Giardino Storico di Valsanzibio | Villa Barbarigo Pizzoni Ardemani | Galzignano Terme, Padova\",\"isPartOf\":{\"@id\":\"https:\\\/\\\/www.valsanzibiogiardino.com\\\/it\\\/#website\"},\"primaryImageOfPage\":{\"@id\":\"https:\\\/\\\/www.valsanzibiogiardino.com\\\/it\\\/save-the-date-18-giugno-2017-san-gregorio-barbarigo\\\/#primaryimage\"},\"image\":{\"@id\":\"https:\\\/\\\/www.valsanzibiogiardino.com\\\/it\\\/save-the-date-18-giugno-2017-san-gregorio-barbarigo\\\/#primaryimage\"},\"thumbnailUrl\":\"https:\\\/\\\/www.valsanzibiogiardino.com\\\/wp-content\\\/uploads\\\/2017\\\/03\\\/X1C7963.jpg\",\"datePublished\":\"2017-06-05T17:44:34+00:00\",\"dateModified\":\"2019-06-27T11:33:28+00:00\",\"author\":{\"@id\":\"https:\\\/\\\/www.valsanzibiogiardino.com\\\/it\\\/#\\\/schema\\\/person\\\/f6b11a7fbc16b7bd8b7dff8c277936bb\"},\"breadcrumb\":{\"@id\":\"https:\\\/\\\/www.valsanzibiogiardino.com\\\/it\\\/save-the-date-18-giugno-2017-san-gregorio-barbarigo\\\/#breadcrumb\"},\"inLanguage\":\"it-IT\",\"potentialAction\":[{\"@type\":\"ReadAction\",\"target\":[\"https:\\\/\\\/www.valsanzibiogiardino.com\\\/it\\\/save-the-date-18-giugno-2017-san-gregorio-barbarigo\\\/\"]}]},{\"@type\":\"ImageObject\",\"inLanguage\":\"it-IT\",\"@id\":\"https:\\\/\\\/www.valsanzibiogiardino.com\\\/it\\\/save-the-date-18-giugno-2017-san-gregorio-barbarigo\\\/#primaryimage\",\"url\":\"https:\\\/\\\/www.valsanzibiogiardino.com\\\/wp-content\\\/uploads\\\/2017\\\/03\\\/X1C7963.jpg\",\"contentUrl\":\"https:\\\/\\\/www.valsanzibiogiardino.com\\\/wp-content\\\/uploads\\\/2017\\\/03\\\/X1C7963.jpg\",\"width\":1660,\"height\":1244,\"caption\":\"Il Padiglione di Diana\"},{\"@type\":\"BreadcrumbList\",\"@id\":\"https:\\\/\\\/www.valsanzibiogiardino.com\\\/it\\\/save-the-date-18-giugno-2017-san-gregorio-barbarigo\\\/#breadcrumb\",\"itemListElement\":[{\"@type\":\"ListItem\",\"position\":1,\"name\":\"Home\",\"item\":\"https:\\\/\\\/www.valsanzibiogiardino.com\\\/it\\\/\"},{\"@type\":\"ListItem\",\"position\":2,\"name\":\"Save the date: 18 giugno 2017 &#8211; San Gregorio Barbarigo\"}]},{\"@type\":\"WebSite\",\"@id\":\"https:\\\/\\\/www.valsanzibiogiardino.com\\\/it\\\/#website\",\"url\":\"https:\\\/\\\/www.valsanzibiogiardino.com\\\/it\\\/\",\"name\":\"Giardino Storico di Valsanzibio | Villa Barbarigo Pizzoni Ardemani | Galzignano Terme, Padova\",\"description\":\"Il Giardino Storico di Valsanzibio si trova a Galzignano Terme, in provincia di Padova, ed \u00e8 uno dei pi\u00f9 estesi ed integri giardini d\u2019Epoca mondiali.\",\"potentialAction\":[{\"@type\":\"SearchAction\",\"target\":{\"@type\":\"EntryPoint\",\"urlTemplate\":\"https:\\\/\\\/www.valsanzibiogiardino.com\\\/it\\\/?s={search_term_string}\"},\"query-input\":{\"@type\":\"PropertyValueSpecification\",\"valueRequired\":true,\"valueName\":\"search_term_string\"}}],\"inLanguage\":\"it-IT\"},{\"@type\":\"Person\",\"@id\":\"https:\\\/\\\/www.valsanzibiogiardino.com\\\/it\\\/#\\\/schema\\\/person\\\/f6b11a7fbc16b7bd8b7dff8c277936bb\",\"name\":\"Staff\",\"url\":\"https:\\\/\\\/www.valsanzibiogiardino.com\\\/it\\\/author\\\/staff\\\/\"}]}<\/script>\n<!-- \/ Yoast SEO plugin. -->","yoast_head_json":{"title":"Save the date: 18 giugno 2017 - San Gregorio Barbarigo - Giardino Storico di Valsanzibio | Villa Barbarigo Pizzoni Ardemani | Galzignano Terme, Padova","robots":{"index":"index","follow":"follow","max-snippet":"max-snippet:-1","max-image-preview":"max-image-preview:large","max-video-preview":"max-video-preview:-1"},"canonical":"https:\/\/www.valsanzibiogiardino.com\/it\/save-the-date-18-giugno-2017-san-gregorio-barbarigo\/","twitter_misc":{"Scritto da":"Staff","Tempo di lettura stimato":"2 minuti"},"schema":{"@context":"https:\/\/schema.org","@graph":[{"@type":"Article","@id":"https:\/\/www.valsanzibiogiardino.com\/it\/save-the-date-18-giugno-2017-san-gregorio-barbarigo\/#article","isPartOf":{"@id":"https:\/\/www.valsanzibiogiardino.com\/it\/save-the-date-18-giugno-2017-san-gregorio-barbarigo\/"},"author":{"name":"Staff","@id":"https:\/\/www.valsanzibiogiardino.com\/it\/#\/schema\/person\/f6b11a7fbc16b7bd8b7dff8c277936bb"},"headline":"Save the date: 18 giugno 2017 &#8211; San Gregorio Barbarigo","datePublished":"2017-06-05T17:44:34+00:00","dateModified":"2019-06-27T11:33:28+00:00","mainEntityOfPage":{"@id":"https:\/\/www.valsanzibiogiardino.com\/it\/save-the-date-18-giugno-2017-san-gregorio-barbarigo\/"},"wordCount":492,"image":{"@id":"https:\/\/www.valsanzibiogiardino.com\/it\/save-the-date-18-giugno-2017-san-gregorio-barbarigo\/#primaryimage"},"thumbnailUrl":"https:\/\/www.valsanzibiogiardino.com\/wp-content\/uploads\/2017\/03\/X1C7963.jpg","articleSection":["EVENTI","NEWS"],"inLanguage":"it-IT"},{"@type":"WebPage","@id":"https:\/\/www.valsanzibiogiardino.com\/it\/save-the-date-18-giugno-2017-san-gregorio-barbarigo\/","url":"https:\/\/www.valsanzibiogiardino.com\/it\/save-the-date-18-giugno-2017-san-gregorio-barbarigo\/","name":"Save the date: 18 giugno 2017 - San Gregorio Barbarigo - Giardino Storico di Valsanzibio | Villa Barbarigo Pizzoni Ardemani | Galzignano Terme, Padova","isPartOf":{"@id":"https:\/\/www.valsanzibiogiardino.com\/it\/#website"},"primaryImageOfPage":{"@id":"https:\/\/www.valsanzibiogiardino.com\/it\/save-the-date-18-giugno-2017-san-gregorio-barbarigo\/#primaryimage"},"image":{"@id":"https:\/\/www.valsanzibiogiardino.com\/it\/save-the-date-18-giugno-2017-san-gregorio-barbarigo\/#primaryimage"},"thumbnailUrl":"https:\/\/www.valsanzibiogiardino.com\/wp-content\/uploads\/2017\/03\/X1C7963.jpg","datePublished":"2017-06-05T17:44:34+00:00","dateModified":"2019-06-27T11:33:28+00:00","author":{"@id":"https:\/\/www.valsanzibiogiardino.com\/it\/#\/schema\/person\/f6b11a7fbc16b7bd8b7dff8c277936bb"},"breadcrumb":{"@id":"https:\/\/www.valsanzibiogiardino.com\/it\/save-the-date-18-giugno-2017-san-gregorio-barbarigo\/#breadcrumb"},"inLanguage":"it-IT","potentialAction":[{"@type":"ReadAction","target":["https:\/\/www.valsanzibiogiardino.com\/it\/save-the-date-18-giugno-2017-san-gregorio-barbarigo\/"]}]},{"@type":"ImageObject","inLanguage":"it-IT","@id":"https:\/\/www.valsanzibiogiardino.com\/it\/save-the-date-18-giugno-2017-san-gregorio-barbarigo\/#primaryimage","url":"https:\/\/www.valsanzibiogiardino.com\/wp-content\/uploads\/2017\/03\/X1C7963.jpg","contentUrl":"https:\/\/www.valsanzibiogiardino.com\/wp-content\/uploads\/2017\/03\/X1C7963.jpg","width":1660,"height":1244,"caption":"Il Padiglione di Diana"},{"@type":"BreadcrumbList","@id":"https:\/\/www.valsanzibiogiardino.com\/it\/save-the-date-18-giugno-2017-san-gregorio-barbarigo\/#breadcrumb","itemListElement":[{"@type":"ListItem","position":1,"name":"Home","item":"https:\/\/www.valsanzibiogiardino.com\/it\/"},{"@type":"ListItem","position":2,"name":"Save the date: 18 giugno 2017 &#8211; San Gregorio Barbarigo"}]},{"@type":"WebSite","@id":"https:\/\/www.valsanzibiogiardino.com\/it\/#website","url":"https:\/\/www.valsanzibiogiardino.com\/it\/","name":"Giardino Storico di Valsanzibio | Villa Barbarigo Pizzoni Ardemani | Galzignano Terme, Padova","description":"Il Giardino Storico di Valsanzibio si trova a Galzignano Terme, in provincia di Padova, ed \u00e8 uno dei pi\u00f9 estesi ed integri giardini d\u2019Epoca mondiali.","potentialAction":[{"@type":"SearchAction","target":{"@type":"EntryPoint","urlTemplate":"https:\/\/www.valsanzibiogiardino.com\/it\/?s={search_term_string}"},"query-input":{"@type":"PropertyValueSpecification","valueRequired":true,"valueName":"search_term_string"}}],"inLanguage":"it-IT"},{"@type":"Person","@id":"https:\/\/www.valsanzibiogiardino.com\/it\/#\/schema\/person\/f6b11a7fbc16b7bd8b7dff8c277936bb","name":"Staff","url":"https:\/\/www.valsanzibiogiardino.com\/it\/author\/staff\/"}]}},"_links":{"self":[{"href":"https:\/\/www.valsanzibiogiardino.com\/it\/wp-json\/wp\/v2\/posts\/5583","targetHints":{"allow":["GET"]}}],"collection":[{"href":"https:\/\/www.valsanzibiogiardino.com\/it\/wp-json\/wp\/v2\/posts"}],"about":[{"href":"https:\/\/www.valsanzibiogiardino.com\/it\/wp-json\/wp\/v2\/types\/post"}],"author":[{"embeddable":true,"href":"https:\/\/www.valsanzibiogiardino.com\/it\/wp-json\/wp\/v2\/users\/4"}],"replies":[{"embeddable":true,"href":"https:\/\/www.valsanzibiogiardino.com\/it\/wp-json\/wp\/v2\/comments?post=5583"}],"version-history":[{"count":0,"href":"https:\/\/www.valsanzibiogiardino.com\/it\/wp-json\/wp\/v2\/posts\/5583\/revisions"}],"wp:featuredmedia":[{"embeddable":true,"href":"https:\/\/www.valsanzibiogiardino.com\/it\/wp-json\/wp\/v2\/media\/5364"}],"wp:attachment":[{"href":"https:\/\/www.valsanzibiogiardino.com\/it\/wp-json\/wp\/v2\/media?parent=5583"}],"wp:term":[{"taxonomy":"category","embeddable":true,"href":"https:\/\/www.valsanzibiogiardino.com\/it\/wp-json\/wp\/v2\/categories?post=5583"},{"taxonomy":"post_tag","embeddable":true,"href":"https:\/\/www.valsanzibiogiardino.com\/it\/wp-json\/wp\/v2\/tags?post=5583"}],"curies":[{"name":"wp","href":"https:\/\/api.w.org\/{rel}","templated":true}]}}