{"id":5053,"date":"2016-12-27T13:33:19","date_gmt":"2016-12-27T12:33:19","guid":{"rendered":"https:\/\/www.valsanzibiogiardino.it\/?p=5053"},"modified":"2016-12-27T13:35:20","modified_gmt":"2016-12-27T12:35:20","slug":"dal-12-dicembre-visite-solo-su-prenotazione-riapertura-sabato-25-febbraio-2017-2","status":"publish","type":"post","link":"https:\/\/www.valsanzibiogiardino.com\/it\/dal-12-dicembre-visite-solo-su-prenotazione-riapertura-sabato-25-febbraio-2017-2\/","title":{"rendered":"Visite guidate &#8211; Mercoled\u00ec 28 dicembre, 10:30, Venerd\u00ec 30 e Sabato 31 dicembre, 14:15"},"content":{"rendered":"<p style=\"font-size: 2.0em; text-align: center;\"><strong>Passeggiate guidate in Giardino di fine anno<\/strong><\/p>\n<p style=\"font-size: 1.4em; text-align: center;\">grazie alle splendide giornate di sole,<br \/>\n<strong>Mercoled\u00ec 28 dicembre alle 10:30<\/strong>,<br \/>\n<strong>Venerd\u00ec 30 e Sabato 31 dicembre alle 14:15<\/strong><br \/>\nil Giardino propone la possibilit\u00e0 di partecipare a Passeggiate Guidate di fine anno.<\/p>\n<p style=\"font-size: 1.4em; text-align: center;\">A condurvi nelle passeggiate le guide esperte del Giardino,<br \/>\nche illustreranno storia, allegorie, botanica e tecniche di potatura.<br \/>\nAvvisiamo che le fontane non potranno essere funzionanti<br \/>\n<em><span style=\"font-size: 16px;\">(di notte la temperatura va sotto lo zero e l\u2019acqua nelle tubature pu\u00f2 ghiacciare)<\/span><\/em><\/p>\n<p style=\"font-size: 1.4em; text-align: center;\">Ogni visita avr\u00e0 durata di un\u2019ora e mezza, il costo \u00e8 <strong>di 15,00 \u20ac a persona<\/strong>.<\/p>\n<p style=\"font-size: 1.4em; text-align: center;\">Prenotazione obbligatoria, la visita si far\u00e0 con un minimo di 5 iscritti.<\/p>\n<p style=\"font-size: 1.4em; text-align: center;\"><strong>Prenotazioni:<\/strong><br \/>\n<strong> info@valsanzibiogiardino.it<\/strong><br \/>\n<strong> 335 5634918<\/strong><\/p>\n<p style=\"font-size: 1.5em; text-align: center;\"><strong>Per la regolare riapertura, l&#8217;appuntamento \u00e8 per<\/strong><\/p>\n<p style=\"font-size: 1.9em; text-align: center;\"><strong> Sabato 25 Febbraio 2017<\/strong><\/p>\n<p style=\"font-size: 1.4em; text-align: center;\"><a href=\"\/?p=2330\" target=\"_blank\">Chi desideri <strong>visitare il Giardino in Gennaio e Febbraio<\/strong>, \u00e8 possibile solo<br \/>\nsu prenotazione e con guida &#8211; <strong>per maggiori informazioni cliccare QUI&#8217;<\/strong>.<\/a><\/p>\n<!-- AddThis Advanced Settings generic via filter on the_content --><!-- AddThis Share Buttons generic via filter on the_content -->","protected":false},"excerpt":{"rendered":"<p>Passeggiate guidate in Giardino di fine anno grazie alle splendide giornate di sole, Mercoled\u00ec 28 dicembre alle 10:30, Venerd\u00ec 30 e Sabato 31 dicembre alle 14:15 il Giardino propone la possibilit\u00e0 di partecipare a Passeggiate Guidate di fine anno. A condurvi nelle passeggiate le guide esperte del Giardino, che illustreranno storia, allegorie, botanica e tecniche [&hellip;]<!-- AddThis Advanced Settings generic via filter on get_the_excerpt --><!-- AddThis Share Buttons generic via filter on get_the_excerpt --><\/p>\n","protected":false},"author":4,"featured_media":5037,"comment_status":"closed","ping_status":"open","sticky":false,"template":"","format":"standard","meta":{"_monsterinsights_skip_tracking":false,"_monsterinsights_sitenote_active":false,"_monsterinsights_sitenote_note":"","_monsterinsights_sitenote_category":0,"ngg_post_thumbnail":0,"footnotes":""},"categories":[13,17],"tags":[],"class_list":["post-5053","post","type-post","status-publish","format-standard","has-post-thumbnail","hentry","category-eventi","category-news"],"yoast_head":"<!-- This site is optimized with the Yoast SEO plugin v27.5 - https:\/\/yoast.com\/product\/yoast-seo-wordpress\/ -->\n<title>Visite guidate - Mercoled\u00ec 28 dicembre, 10:30, Venerd\u00ec 30 e Sabato 31 dicembre, 14:15 - Giardino Storico di Valsanzibio | Villa Barbarigo Pizzoni Ardemani | Galzignano Terme, Padova<\/title>\n<meta name=\"robots\" content=\"index, follow, max-snippet:-1, max-image-preview:large, max-video-preview:-1\" \/>\n<link rel=\"canonical\" href=\"https:\/\/www.valsanzibiogiardino.com\/it\/dal-12-dicembre-visite-solo-su-prenotazione-riapertura-sabato-25-febbraio-2017-2\/\" \/>\n<meta name=\"twitter:label1\" content=\"Scritto da\" \/>\n\t<meta name=\"twitter:data1\" content=\"Staff\" \/>\n\t<meta name=\"twitter:label2\" content=\"Tempo di lettura stimato\" \/>\n\t<meta name=\"twitter:data2\" content=\"1 minuto\" \/>\n<script type=\"application\/ld+json\" class=\"yoast-schema-graph\">{\"@context\":\"https:\\\/\\\/schema.org\",\"@graph\":[{\"@type\":\"Article\",\"@id\":\"https:\\\/\\\/www.valsanzibiogiardino.com\\\/it\\\/dal-12-dicembre-visite-solo-su-prenotazione-riapertura-sabato-25-febbraio-2017-2\\\/#article\",\"isPartOf\":{\"@id\":\"https:\\\/\\\/www.valsanzibiogiardino.com\\\/it\\\/dal-12-dicembre-visite-solo-su-prenotazione-riapertura-sabato-25-febbraio-2017-2\\\/\"},\"author\":{\"name\":\"Staff\",\"@id\":\"https:\\\/\\\/www.valsanzibiogiardino.com\\\/it\\\/#\\\/schema\\\/person\\\/f6b11a7fbc16b7bd8b7dff8c277936bb\"},\"headline\":\"Visite guidate &#8211; Mercoled\u00ec 28 dicembre, 10:30, Venerd\u00ec 30 e Sabato 31 dicembre, 14:15\",\"datePublished\":\"2016-12-27T12:33:19+00:00\",\"dateModified\":\"2016-12-27T12:35:20+00:00\",\"mainEntityOfPage\":{\"@id\":\"https:\\\/\\\/www.valsanzibiogiardino.com\\\/it\\\/dal-12-dicembre-visite-solo-su-prenotazione-riapertura-sabato-25-febbraio-2017-2\\\/\"},\"wordCount\":143,\"image\":{\"@id\":\"https:\\\/\\\/www.valsanzibiogiardino.com\\\/it\\\/dal-12-dicembre-visite-solo-su-prenotazione-riapertura-sabato-25-febbraio-2017-2\\\/#primaryimage\"},\"thumbnailUrl\":\"https:\\\/\\\/www.valsanzibiogiardino.com\\\/wp-content\\\/uploads\\\/2015\\\/11\\\/FontanaPila_Montecchio_131216_email.jpg\",\"articleSection\":[\"EVENTI\",\"NEWS\"],\"inLanguage\":\"it-IT\"},{\"@type\":\"WebPage\",\"@id\":\"https:\\\/\\\/www.valsanzibiogiardino.com\\\/it\\\/dal-12-dicembre-visite-solo-su-prenotazione-riapertura-sabato-25-febbraio-2017-2\\\/\",\"url\":\"https:\\\/\\\/www.valsanzibiogiardino.com\\\/it\\\/dal-12-dicembre-visite-solo-su-prenotazione-riapertura-sabato-25-febbraio-2017-2\\\/\",\"name\":\"Visite guidate - Mercoled\u00ec 28 dicembre, 10:30, Venerd\u00ec 30 e Sabato 31 dicembre, 14:15 - Giardino Storico di Valsanzibio | Villa Barbarigo Pizzoni Ardemani | Galzignano Terme, Padova\",\"isPartOf\":{\"@id\":\"https:\\\/\\\/www.valsanzibiogiardino.com\\\/it\\\/#website\"},\"primaryImageOfPage\":{\"@id\":\"https:\\\/\\\/www.valsanzibiogiardino.com\\\/it\\\/dal-12-dicembre-visite-solo-su-prenotazione-riapertura-sabato-25-febbraio-2017-2\\\/#primaryimage\"},\"image\":{\"@id\":\"https:\\\/\\\/www.valsanzibiogiardino.com\\\/it\\\/dal-12-dicembre-visite-solo-su-prenotazione-riapertura-sabato-25-febbraio-2017-2\\\/#primaryimage\"},\"thumbnailUrl\":\"https:\\\/\\\/www.valsanzibiogiardino.com\\\/wp-content\\\/uploads\\\/2015\\\/11\\\/FontanaPila_Montecchio_131216_email.jpg\",\"datePublished\":\"2016-12-27T12:33:19+00:00\",\"dateModified\":\"2016-12-27T12:35:20+00:00\",\"author\":{\"@id\":\"https:\\\/\\\/www.valsanzibiogiardino.com\\\/it\\\/#\\\/schema\\\/person\\\/f6b11a7fbc16b7bd8b7dff8c277936bb\"},\"breadcrumb\":{\"@id\":\"https:\\\/\\\/www.valsanzibiogiardino.com\\\/it\\\/dal-12-dicembre-visite-solo-su-prenotazione-riapertura-sabato-25-febbraio-2017-2\\\/#breadcrumb\"},\"inLanguage\":\"it-IT\",\"potentialAction\":[{\"@type\":\"ReadAction\",\"target\":[\"https:\\\/\\\/www.valsanzibiogiardino.com\\\/it\\\/dal-12-dicembre-visite-solo-su-prenotazione-riapertura-sabato-25-febbraio-2017-2\\\/\"]}]},{\"@type\":\"ImageObject\",\"inLanguage\":\"it-IT\",\"@id\":\"https:\\\/\\\/www.valsanzibiogiardino.com\\\/it\\\/dal-12-dicembre-visite-solo-su-prenotazione-riapertura-sabato-25-febbraio-2017-2\\\/#primaryimage\",\"url\":\"https:\\\/\\\/www.valsanzibiogiardino.com\\\/wp-content\\\/uploads\\\/2015\\\/11\\\/FontanaPila_Montecchio_131216_email.jpg\",\"contentUrl\":\"https:\\\/\\\/www.valsanzibiogiardino.com\\\/wp-content\\\/uploads\\\/2015\\\/11\\\/FontanaPila_Montecchio_131216_email.jpg\",\"width\":1024,\"height\":683,\"caption\":\"Fontana Pila in inverno\"},{\"@type\":\"BreadcrumbList\",\"@id\":\"https:\\\/\\\/www.valsanzibiogiardino.com\\\/it\\\/dal-12-dicembre-visite-solo-su-prenotazione-riapertura-sabato-25-febbraio-2017-2\\\/#breadcrumb\",\"itemListElement\":[{\"@type\":\"ListItem\",\"position\":1,\"name\":\"Home\",\"item\":\"https:\\\/\\\/www.valsanzibiogiardino.com\\\/it\\\/\"},{\"@type\":\"ListItem\",\"position\":2,\"name\":\"Visite guidate &#8211; Mercoled\u00ec 28 dicembre, 10:30, Venerd\u00ec 30 e Sabato 31 dicembre, 14:15\"}]},{\"@type\":\"WebSite\",\"@id\":\"https:\\\/\\\/www.valsanzibiogiardino.com\\\/it\\\/#website\",\"url\":\"https:\\\/\\\/www.valsanzibiogiardino.com\\\/it\\\/\",\"name\":\"Giardino Storico di Valsanzibio | Villa Barbarigo Pizzoni Ardemani | Galzignano Terme, Padova\",\"description\":\"Il Giardino Storico di Valsanzibio si trova a Galzignano Terme, in provincia di Padova, ed \u00e8 uno dei pi\u00f9 estesi ed integri giardini d\u2019Epoca mondiali.\",\"potentialAction\":[{\"@type\":\"SearchAction\",\"target\":{\"@type\":\"EntryPoint\",\"urlTemplate\":\"https:\\\/\\\/www.valsanzibiogiardino.com\\\/it\\\/?s={search_term_string}\"},\"query-input\":{\"@type\":\"PropertyValueSpecification\",\"valueRequired\":true,\"valueName\":\"search_term_string\"}}],\"inLanguage\":\"it-IT\"},{\"@type\":\"Person\",\"@id\":\"https:\\\/\\\/www.valsanzibiogiardino.com\\\/it\\\/#\\\/schema\\\/person\\\/f6b11a7fbc16b7bd8b7dff8c277936bb\",\"name\":\"Staff\",\"url\":\"https:\\\/\\\/www.valsanzibiogiardino.com\\\/it\\\/author\\\/staff\\\/\"}]}<\/script>\n<!-- \/ Yoast SEO plugin. -->","yoast_head_json":{"title":"Visite guidate - Mercoled\u00ec 28 dicembre, 10:30, Venerd\u00ec 30 e Sabato 31 dicembre, 14:15 - Giardino Storico di Valsanzibio | Villa Barbarigo Pizzoni Ardemani | Galzignano Terme, Padova","robots":{"index":"index","follow":"follow","max-snippet":"max-snippet:-1","max-image-preview":"max-image-preview:large","max-video-preview":"max-video-preview:-1"},"canonical":"https:\/\/www.valsanzibiogiardino.com\/it\/dal-12-dicembre-visite-solo-su-prenotazione-riapertura-sabato-25-febbraio-2017-2\/","twitter_misc":{"Scritto da":"Staff","Tempo di lettura stimato":"1 minuto"},"schema":{"@context":"https:\/\/schema.org","@graph":[{"@type":"Article","@id":"https:\/\/www.valsanzibiogiardino.com\/it\/dal-12-dicembre-visite-solo-su-prenotazione-riapertura-sabato-25-febbraio-2017-2\/#article","isPartOf":{"@id":"https:\/\/www.valsanzibiogiardino.com\/it\/dal-12-dicembre-visite-solo-su-prenotazione-riapertura-sabato-25-febbraio-2017-2\/"},"author":{"name":"Staff","@id":"https:\/\/www.valsanzibiogiardino.com\/it\/#\/schema\/person\/f6b11a7fbc16b7bd8b7dff8c277936bb"},"headline":"Visite guidate &#8211; Mercoled\u00ec 28 dicembre, 10:30, Venerd\u00ec 30 e Sabato 31 dicembre, 14:15","datePublished":"2016-12-27T12:33:19+00:00","dateModified":"2016-12-27T12:35:20+00:00","mainEntityOfPage":{"@id":"https:\/\/www.valsanzibiogiardino.com\/it\/dal-12-dicembre-visite-solo-su-prenotazione-riapertura-sabato-25-febbraio-2017-2\/"},"wordCount":143,"image":{"@id":"https:\/\/www.valsanzibiogiardino.com\/it\/dal-12-dicembre-visite-solo-su-prenotazione-riapertura-sabato-25-febbraio-2017-2\/#primaryimage"},"thumbnailUrl":"https:\/\/www.valsanzibiogiardino.com\/wp-content\/uploads\/2015\/11\/FontanaPila_Montecchio_131216_email.jpg","articleSection":["EVENTI","NEWS"],"inLanguage":"it-IT"},{"@type":"WebPage","@id":"https:\/\/www.valsanzibiogiardino.com\/it\/dal-12-dicembre-visite-solo-su-prenotazione-riapertura-sabato-25-febbraio-2017-2\/","url":"https:\/\/www.valsanzibiogiardino.com\/it\/dal-12-dicembre-visite-solo-su-prenotazione-riapertura-sabato-25-febbraio-2017-2\/","name":"Visite guidate - Mercoled\u00ec 28 dicembre, 10:30, Venerd\u00ec 30 e Sabato 31 dicembre, 14:15 - Giardino Storico di Valsanzibio | Villa Barbarigo Pizzoni Ardemani | Galzignano Terme, Padova","isPartOf":{"@id":"https:\/\/www.valsanzibiogiardino.com\/it\/#website"},"primaryImageOfPage":{"@id":"https:\/\/www.valsanzibiogiardino.com\/it\/dal-12-dicembre-visite-solo-su-prenotazione-riapertura-sabato-25-febbraio-2017-2\/#primaryimage"},"image":{"@id":"https:\/\/www.valsanzibiogiardino.com\/it\/dal-12-dicembre-visite-solo-su-prenotazione-riapertura-sabato-25-febbraio-2017-2\/#primaryimage"},"thumbnailUrl":"https:\/\/www.valsanzibiogiardino.com\/wp-content\/uploads\/2015\/11\/FontanaPila_Montecchio_131216_email.jpg","datePublished":"2016-12-27T12:33:19+00:00","dateModified":"2016-12-27T12:35:20+00:00","author":{"@id":"https:\/\/www.valsanzibiogiardino.com\/it\/#\/schema\/person\/f6b11a7fbc16b7bd8b7dff8c277936bb"},"breadcrumb":{"@id":"https:\/\/www.valsanzibiogiardino.com\/it\/dal-12-dicembre-visite-solo-su-prenotazione-riapertura-sabato-25-febbraio-2017-2\/#breadcrumb"},"inLanguage":"it-IT","potentialAction":[{"@type":"ReadAction","target":["https:\/\/www.valsanzibiogiardino.com\/it\/dal-12-dicembre-visite-solo-su-prenotazione-riapertura-sabato-25-febbraio-2017-2\/"]}]},{"@type":"ImageObject","inLanguage":"it-IT","@id":"https:\/\/www.valsanzibiogiardino.com\/it\/dal-12-dicembre-visite-solo-su-prenotazione-riapertura-sabato-25-febbraio-2017-2\/#primaryimage","url":"https:\/\/www.valsanzibiogiardino.com\/wp-content\/uploads\/2015\/11\/FontanaPila_Montecchio_131216_email.jpg","contentUrl":"https:\/\/www.valsanzibiogiardino.com\/wp-content\/uploads\/2015\/11\/FontanaPila_Montecchio_131216_email.jpg","width":1024,"height":683,"caption":"Fontana Pila in inverno"},{"@type":"BreadcrumbList","@id":"https:\/\/www.valsanzibiogiardino.com\/it\/dal-12-dicembre-visite-solo-su-prenotazione-riapertura-sabato-25-febbraio-2017-2\/#breadcrumb","itemListElement":[{"@type":"ListItem","position":1,"name":"Home","item":"https:\/\/www.valsanzibiogiardino.com\/it\/"},{"@type":"ListItem","position":2,"name":"Visite guidate &#8211; Mercoled\u00ec 28 dicembre, 10:30, Venerd\u00ec 30 e Sabato 31 dicembre, 14:15"}]},{"@type":"WebSite","@id":"https:\/\/www.valsanzibiogiardino.com\/it\/#website","url":"https:\/\/www.valsanzibiogiardino.com\/it\/","name":"Giardino Storico di Valsanzibio | Villa Barbarigo Pizzoni Ardemani | Galzignano Terme, Padova","description":"Il Giardino Storico di Valsanzibio si trova a Galzignano Terme, in provincia di Padova, ed \u00e8 uno dei pi\u00f9 estesi ed integri giardini d\u2019Epoca mondiali.","potentialAction":[{"@type":"SearchAction","target":{"@type":"EntryPoint","urlTemplate":"https:\/\/www.valsanzibiogiardino.com\/it\/?s={search_term_string}"},"query-input":{"@type":"PropertyValueSpecification","valueRequired":true,"valueName":"search_term_string"}}],"inLanguage":"it-IT"},{"@type":"Person","@id":"https:\/\/www.valsanzibiogiardino.com\/it\/#\/schema\/person\/f6b11a7fbc16b7bd8b7dff8c277936bb","name":"Staff","url":"https:\/\/www.valsanzibiogiardino.com\/it\/author\/staff\/"}]}},"_links":{"self":[{"href":"https:\/\/www.valsanzibiogiardino.com\/it\/wp-json\/wp\/v2\/posts\/5053","targetHints":{"allow":["GET"]}}],"collection":[{"href":"https:\/\/www.valsanzibiogiardino.com\/it\/wp-json\/wp\/v2\/posts"}],"about":[{"href":"https:\/\/www.valsanzibiogiardino.com\/it\/wp-json\/wp\/v2\/types\/post"}],"author":[{"embeddable":true,"href":"https:\/\/www.valsanzibiogiardino.com\/it\/wp-json\/wp\/v2\/users\/4"}],"replies":[{"embeddable":true,"href":"https:\/\/www.valsanzibiogiardino.com\/it\/wp-json\/wp\/v2\/comments?post=5053"}],"version-history":[{"count":0,"href":"https:\/\/www.valsanzibiogiardino.com\/it\/wp-json\/wp\/v2\/posts\/5053\/revisions"}],"wp:featuredmedia":[{"embeddable":true,"href":"https:\/\/www.valsanzibiogiardino.com\/it\/wp-json\/wp\/v2\/media\/5037"}],"wp:attachment":[{"href":"https:\/\/www.valsanzibiogiardino.com\/it\/wp-json\/wp\/v2\/media?parent=5053"}],"wp:term":[{"taxonomy":"category","embeddable":true,"href":"https:\/\/www.valsanzibiogiardino.com\/it\/wp-json\/wp\/v2\/categories?post=5053"},{"taxonomy":"post_tag","embeddable":true,"href":"https:\/\/www.valsanzibiogiardino.com\/it\/wp-json\/wp\/v2\/tags?post=5053"}],"curies":[{"name":"wp","href":"https:\/\/api.w.org\/{rel}","templated":true}]}}