{"id":4706,"date":"2016-11-08T20:10:06","date_gmt":"2016-11-08T19:10:06","guid":{"rendered":"https:\/\/www.valsanzibiogiardino.it\/?p=4706"},"modified":"2016-12-14T10:18:49","modified_gmt":"2016-12-14T09:18:49","slug":"apertura-fino-a-domenica-11-dicembre-2016","status":"publish","type":"post","link":"https:\/\/www.valsanzibiogiardino.com\/it\/apertura-fino-a-domenica-11-dicembre-2016\/","title":{"rendered":"APERTURA FINO A DOMENICA 11 DICEMBRE 2016"},"content":{"rendered":"<p style=\"font-size: 1.3em; text-align: justify;\"><strong>Condizioni climatiche permettendo, il Giardino sar\u00e0 regolarmente aperto fino a Domenica 11 dicembre 2016.<\/strong> Poi chiuder\u00e0 per la pausa invernale poich\u00e9 le fontane non potranno essere funzionanti se di notte la temperatura scender\u00e0 sotto lo zero.<\/p>\n<p style=\"font-size: 1.4em; text-align: justify;\"><strong><em>Chi desideri visitare il Giardino durante la festivit\u00e0 dell\u2019Immacolata Concezione \u00e8 gradita la prenotazione. \u00a0<\/em><\/strong><strong><em>Il Giardino sar\u00e0 aperto dalle 10:00 fino alle 16:00 con orario continuato nei giorni 8, 9, 10 e 11 dicembre 2016.<\/em><\/strong><\/p>\n<p style=\"font-size: 1.3em; text-align: center;\"><strong>Per la regolare riapertura, l&#8217;appuntamento \u00e8 per fine Febbraio 2017.<\/strong><\/p>\n<p style=\"font-size: 1.3em; text-align: justify;\"><a href=\"\/?p=2330\">Chi desideri <strong>visitare il Giardino durante le festivit\u00e0 natalizie o nei mesi invernali di chiusura<\/strong>, \u00e8 possibile solo su prenotazione e con guida &#8211; <strong>per maggiori informazioni cliccare QUI&#8217;<\/strong>.<\/a><\/p>\n<!-- AddThis Advanced Settings generic via filter on the_content --><!-- AddThis Share Buttons generic via filter on the_content -->","protected":false},"excerpt":{"rendered":"<p>Condizioni climatiche permettendo, il Giardino sar\u00e0 regolarmente aperto fino a Domenica 11 dicembre 2016. Poi chiuder\u00e0 per la pausa invernale poich\u00e9 le fontane non potranno essere funzionanti se di notte la temperatura scender\u00e0 sotto lo zero. Chi desideri visitare il Giardino durante la festivit\u00e0 dell\u2019Immacolata Concezione \u00e8 gradita la prenotazione. \u00a0Il Giardino sar\u00e0 aperto dalle [&hellip;]<!-- AddThis Advanced Settings generic via filter on get_the_excerpt --><!-- AddThis Share Buttons generic via filter on get_the_excerpt --><\/p>\n","protected":false},"author":4,"featured_media":4514,"comment_status":"closed","ping_status":"open","sticky":false,"template":"","format":"standard","meta":{"_monsterinsights_skip_tracking":false,"_monsterinsights_sitenote_active":false,"_monsterinsights_sitenote_note":"","_monsterinsights_sitenote_category":0,"ngg_post_thumbnail":0,"footnotes":""},"categories":[13,17],"tags":[],"class_list":["post-4706","post","type-post","status-publish","format-standard","has-post-thumbnail","hentry","category-eventi","category-news"],"yoast_head":"<!-- This site is optimized with the Yoast SEO plugin v27.3 - https:\/\/yoast.com\/product\/yoast-seo-wordpress\/ -->\n<title>APERTURA FINO A DOMENICA 11 DICEMBRE 2016 - Giardino Storico di Valsanzibio | Villa Barbarigo Pizzoni Ardemani | Galzignano Terme, Padova<\/title>\n<meta name=\"robots\" content=\"index, follow, max-snippet:-1, max-image-preview:large, max-video-preview:-1\" \/>\n<link rel=\"canonical\" href=\"https:\/\/www.valsanzibiogiardino.com\/it\/apertura-fino-a-domenica-11-dicembre-2016\/\" \/>\n<meta name=\"twitter:label1\" content=\"Scritto da\" \/>\n\t<meta name=\"twitter:data1\" content=\"Staff\" \/>\n<script type=\"application\/ld+json\" class=\"yoast-schema-graph\">{\"@context\":\"https:\\\/\\\/schema.org\",\"@graph\":[{\"@type\":\"Article\",\"@id\":\"https:\\\/\\\/www.valsanzibiogiardino.com\\\/it\\\/apertura-fino-a-domenica-11-dicembre-2016\\\/#article\",\"isPartOf\":{\"@id\":\"https:\\\/\\\/www.valsanzibiogiardino.com\\\/it\\\/apertura-fino-a-domenica-11-dicembre-2016\\\/\"},\"author\":{\"name\":\"Staff\",\"@id\":\"https:\\\/\\\/www.valsanzibiogiardino.com\\\/it\\\/#\\\/schema\\\/person\\\/f6b11a7fbc16b7bd8b7dff8c277936bb\"},\"headline\":\"APERTURA FINO A DOMENICA 11 DICEMBRE 2016\",\"datePublished\":\"2016-11-08T19:10:06+00:00\",\"dateModified\":\"2016-12-14T09:18:49+00:00\",\"mainEntityOfPage\":{\"@id\":\"https:\\\/\\\/www.valsanzibiogiardino.com\\\/it\\\/apertura-fino-a-domenica-11-dicembre-2016\\\/\"},\"wordCount\":103,\"image\":{\"@id\":\"https:\\\/\\\/www.valsanzibiogiardino.com\\\/it\\\/apertura-fino-a-domenica-11-dicembre-2016\\\/#primaryimage\"},\"thumbnailUrl\":\"https:\\\/\\\/www.valsanzibiogiardino.com\\\/wp-content\\\/uploads\\\/2016\\\/08\\\/FotoAereaDecumanoDaEst_2_low.jpg\",\"articleSection\":[\"EVENTI\",\"NEWS\"],\"inLanguage\":\"it-IT\"},{\"@type\":\"WebPage\",\"@id\":\"https:\\\/\\\/www.valsanzibiogiardino.com\\\/it\\\/apertura-fino-a-domenica-11-dicembre-2016\\\/\",\"url\":\"https:\\\/\\\/www.valsanzibiogiardino.com\\\/it\\\/apertura-fino-a-domenica-11-dicembre-2016\\\/\",\"name\":\"APERTURA FINO A DOMENICA 11 DICEMBRE 2016 - Giardino Storico di Valsanzibio | Villa Barbarigo Pizzoni Ardemani | Galzignano Terme, Padova\",\"isPartOf\":{\"@id\":\"https:\\\/\\\/www.valsanzibiogiardino.com\\\/it\\\/#website\"},\"primaryImageOfPage\":{\"@id\":\"https:\\\/\\\/www.valsanzibiogiardino.com\\\/it\\\/apertura-fino-a-domenica-11-dicembre-2016\\\/#primaryimage\"},\"image\":{\"@id\":\"https:\\\/\\\/www.valsanzibiogiardino.com\\\/it\\\/apertura-fino-a-domenica-11-dicembre-2016\\\/#primaryimage\"},\"thumbnailUrl\":\"https:\\\/\\\/www.valsanzibiogiardino.com\\\/wp-content\\\/uploads\\\/2016\\\/08\\\/FotoAereaDecumanoDaEst_2_low.jpg\",\"datePublished\":\"2016-11-08T19:10:06+00:00\",\"dateModified\":\"2016-12-14T09:18:49+00:00\",\"author\":{\"@id\":\"https:\\\/\\\/www.valsanzibiogiardino.com\\\/it\\\/#\\\/schema\\\/person\\\/f6b11a7fbc16b7bd8b7dff8c277936bb\"},\"breadcrumb\":{\"@id\":\"https:\\\/\\\/www.valsanzibiogiardino.com\\\/it\\\/apertura-fino-a-domenica-11-dicembre-2016\\\/#breadcrumb\"},\"inLanguage\":\"it-IT\",\"potentialAction\":[{\"@type\":\"ReadAction\",\"target\":[\"https:\\\/\\\/www.valsanzibiogiardino.com\\\/it\\\/apertura-fino-a-domenica-11-dicembre-2016\\\/\"]}]},{\"@type\":\"ImageObject\",\"inLanguage\":\"it-IT\",\"@id\":\"https:\\\/\\\/www.valsanzibiogiardino.com\\\/it\\\/apertura-fino-a-domenica-11-dicembre-2016\\\/#primaryimage\",\"url\":\"https:\\\/\\\/www.valsanzibiogiardino.com\\\/wp-content\\\/uploads\\\/2016\\\/08\\\/FotoAereaDecumanoDaEst_2_low.jpg\",\"contentUrl\":\"https:\\\/\\\/www.valsanzibiogiardino.com\\\/wp-content\\\/uploads\\\/2016\\\/08\\\/FotoAereaDecumanoDaEst_2_low.jpg\",\"width\":1024,\"height\":668,\"caption\":\"Foto aerea del Giardino Monumentale di Valsanzibio\"},{\"@type\":\"BreadcrumbList\",\"@id\":\"https:\\\/\\\/www.valsanzibiogiardino.com\\\/it\\\/apertura-fino-a-domenica-11-dicembre-2016\\\/#breadcrumb\",\"itemListElement\":[{\"@type\":\"ListItem\",\"position\":1,\"name\":\"Home\",\"item\":\"https:\\\/\\\/www.valsanzibiogiardino.com\\\/it\\\/\"},{\"@type\":\"ListItem\",\"position\":2,\"name\":\"APERTURA FINO A DOMENICA 11 DICEMBRE 2016\"}]},{\"@type\":\"WebSite\",\"@id\":\"https:\\\/\\\/www.valsanzibiogiardino.com\\\/it\\\/#website\",\"url\":\"https:\\\/\\\/www.valsanzibiogiardino.com\\\/it\\\/\",\"name\":\"Giardino Storico di Valsanzibio | Villa Barbarigo Pizzoni Ardemani | Galzignano Terme, Padova\",\"description\":\"Il Giardino Storico di Valsanzibio si trova a Galzignano Terme, in provincia di Padova, ed \u00e8 uno dei pi\u00f9 estesi ed integri giardini d\u2019Epoca mondiali.\",\"potentialAction\":[{\"@type\":\"SearchAction\",\"target\":{\"@type\":\"EntryPoint\",\"urlTemplate\":\"https:\\\/\\\/www.valsanzibiogiardino.com\\\/it\\\/?s={search_term_string}\"},\"query-input\":{\"@type\":\"PropertyValueSpecification\",\"valueRequired\":true,\"valueName\":\"search_term_string\"}}],\"inLanguage\":\"it-IT\"},{\"@type\":\"Person\",\"@id\":\"https:\\\/\\\/www.valsanzibiogiardino.com\\\/it\\\/#\\\/schema\\\/person\\\/f6b11a7fbc16b7bd8b7dff8c277936bb\",\"name\":\"Staff\",\"url\":\"https:\\\/\\\/www.valsanzibiogiardino.com\\\/it\\\/author\\\/staff\\\/\"}]}<\/script>\n<!-- \/ Yoast SEO plugin. -->","yoast_head_json":{"title":"APERTURA FINO A DOMENICA 11 DICEMBRE 2016 - Giardino Storico di Valsanzibio | Villa Barbarigo Pizzoni Ardemani | Galzignano Terme, Padova","robots":{"index":"index","follow":"follow","max-snippet":"max-snippet:-1","max-image-preview":"max-image-preview:large","max-video-preview":"max-video-preview:-1"},"canonical":"https:\/\/www.valsanzibiogiardino.com\/it\/apertura-fino-a-domenica-11-dicembre-2016\/","twitter_misc":{"Scritto da":"Staff"},"schema":{"@context":"https:\/\/schema.org","@graph":[{"@type":"Article","@id":"https:\/\/www.valsanzibiogiardino.com\/it\/apertura-fino-a-domenica-11-dicembre-2016\/#article","isPartOf":{"@id":"https:\/\/www.valsanzibiogiardino.com\/it\/apertura-fino-a-domenica-11-dicembre-2016\/"},"author":{"name":"Staff","@id":"https:\/\/www.valsanzibiogiardino.com\/it\/#\/schema\/person\/f6b11a7fbc16b7bd8b7dff8c277936bb"},"headline":"APERTURA FINO A DOMENICA 11 DICEMBRE 2016","datePublished":"2016-11-08T19:10:06+00:00","dateModified":"2016-12-14T09:18:49+00:00","mainEntityOfPage":{"@id":"https:\/\/www.valsanzibiogiardino.com\/it\/apertura-fino-a-domenica-11-dicembre-2016\/"},"wordCount":103,"image":{"@id":"https:\/\/www.valsanzibiogiardino.com\/it\/apertura-fino-a-domenica-11-dicembre-2016\/#primaryimage"},"thumbnailUrl":"https:\/\/www.valsanzibiogiardino.com\/wp-content\/uploads\/2016\/08\/FotoAereaDecumanoDaEst_2_low.jpg","articleSection":["EVENTI","NEWS"],"inLanguage":"it-IT"},{"@type":"WebPage","@id":"https:\/\/www.valsanzibiogiardino.com\/it\/apertura-fino-a-domenica-11-dicembre-2016\/","url":"https:\/\/www.valsanzibiogiardino.com\/it\/apertura-fino-a-domenica-11-dicembre-2016\/","name":"APERTURA FINO A DOMENICA 11 DICEMBRE 2016 - Giardino Storico di Valsanzibio | Villa Barbarigo Pizzoni Ardemani | Galzignano Terme, Padova","isPartOf":{"@id":"https:\/\/www.valsanzibiogiardino.com\/it\/#website"},"primaryImageOfPage":{"@id":"https:\/\/www.valsanzibiogiardino.com\/it\/apertura-fino-a-domenica-11-dicembre-2016\/#primaryimage"},"image":{"@id":"https:\/\/www.valsanzibiogiardino.com\/it\/apertura-fino-a-domenica-11-dicembre-2016\/#primaryimage"},"thumbnailUrl":"https:\/\/www.valsanzibiogiardino.com\/wp-content\/uploads\/2016\/08\/FotoAereaDecumanoDaEst_2_low.jpg","datePublished":"2016-11-08T19:10:06+00:00","dateModified":"2016-12-14T09:18:49+00:00","author":{"@id":"https:\/\/www.valsanzibiogiardino.com\/it\/#\/schema\/person\/f6b11a7fbc16b7bd8b7dff8c277936bb"},"breadcrumb":{"@id":"https:\/\/www.valsanzibiogiardino.com\/it\/apertura-fino-a-domenica-11-dicembre-2016\/#breadcrumb"},"inLanguage":"it-IT","potentialAction":[{"@type":"ReadAction","target":["https:\/\/www.valsanzibiogiardino.com\/it\/apertura-fino-a-domenica-11-dicembre-2016\/"]}]},{"@type":"ImageObject","inLanguage":"it-IT","@id":"https:\/\/www.valsanzibiogiardino.com\/it\/apertura-fino-a-domenica-11-dicembre-2016\/#primaryimage","url":"https:\/\/www.valsanzibiogiardino.com\/wp-content\/uploads\/2016\/08\/FotoAereaDecumanoDaEst_2_low.jpg","contentUrl":"https:\/\/www.valsanzibiogiardino.com\/wp-content\/uploads\/2016\/08\/FotoAereaDecumanoDaEst_2_low.jpg","width":1024,"height":668,"caption":"Foto aerea del Giardino Monumentale di Valsanzibio"},{"@type":"BreadcrumbList","@id":"https:\/\/www.valsanzibiogiardino.com\/it\/apertura-fino-a-domenica-11-dicembre-2016\/#breadcrumb","itemListElement":[{"@type":"ListItem","position":1,"name":"Home","item":"https:\/\/www.valsanzibiogiardino.com\/it\/"},{"@type":"ListItem","position":2,"name":"APERTURA FINO A DOMENICA 11 DICEMBRE 2016"}]},{"@type":"WebSite","@id":"https:\/\/www.valsanzibiogiardino.com\/it\/#website","url":"https:\/\/www.valsanzibiogiardino.com\/it\/","name":"Giardino Storico di Valsanzibio | Villa Barbarigo Pizzoni Ardemani | Galzignano Terme, Padova","description":"Il Giardino Storico di Valsanzibio si trova a Galzignano Terme, in provincia di Padova, ed \u00e8 uno dei pi\u00f9 estesi ed integri giardini d\u2019Epoca mondiali.","potentialAction":[{"@type":"SearchAction","target":{"@type":"EntryPoint","urlTemplate":"https:\/\/www.valsanzibiogiardino.com\/it\/?s={search_term_string}"},"query-input":{"@type":"PropertyValueSpecification","valueRequired":true,"valueName":"search_term_string"}}],"inLanguage":"it-IT"},{"@type":"Person","@id":"https:\/\/www.valsanzibiogiardino.com\/it\/#\/schema\/person\/f6b11a7fbc16b7bd8b7dff8c277936bb","name":"Staff","url":"https:\/\/www.valsanzibiogiardino.com\/it\/author\/staff\/"}]}},"_links":{"self":[{"href":"https:\/\/www.valsanzibiogiardino.com\/it\/wp-json\/wp\/v2\/posts\/4706","targetHints":{"allow":["GET"]}}],"collection":[{"href":"https:\/\/www.valsanzibiogiardino.com\/it\/wp-json\/wp\/v2\/posts"}],"about":[{"href":"https:\/\/www.valsanzibiogiardino.com\/it\/wp-json\/wp\/v2\/types\/post"}],"author":[{"embeddable":true,"href":"https:\/\/www.valsanzibiogiardino.com\/it\/wp-json\/wp\/v2\/users\/4"}],"replies":[{"embeddable":true,"href":"https:\/\/www.valsanzibiogiardino.com\/it\/wp-json\/wp\/v2\/comments?post=4706"}],"version-history":[{"count":0,"href":"https:\/\/www.valsanzibiogiardino.com\/it\/wp-json\/wp\/v2\/posts\/4706\/revisions"}],"wp:featuredmedia":[{"embeddable":true,"href":"https:\/\/www.valsanzibiogiardino.com\/it\/wp-json\/wp\/v2\/media\/4514"}],"wp:attachment":[{"href":"https:\/\/www.valsanzibiogiardino.com\/it\/wp-json\/wp\/v2\/media?parent=4706"}],"wp:term":[{"taxonomy":"category","embeddable":true,"href":"https:\/\/www.valsanzibiogiardino.com\/it\/wp-json\/wp\/v2\/categories?post=4706"},{"taxonomy":"post_tag","embeddable":true,"href":"https:\/\/www.valsanzibiogiardino.com\/it\/wp-json\/wp\/v2\/tags?post=4706"}],"curies":[{"name":"wp","href":"https:\/\/api.w.org\/{rel}","templated":true}]}}