{"id":4611,"date":"2016-09-25T11:00:21","date_gmt":"2016-09-25T09:00:21","guid":{"rendered":"https:\/\/www.valsanzibiogiardino.it\/?p=4611"},"modified":"2016-10-08T18:38:59","modified_gmt":"2016-10-08T16:38:59","slug":"gli-appuntamenti-di-fine-settembre-e-di-ottobre","status":"publish","type":"post","link":"https:\/\/www.valsanzibiogiardino.com\/it\/gli-appuntamenti-di-fine-settembre-e-di-ottobre\/","title":{"rendered":""},"content":{"rendered":"<p style=\"text-align: center;\" align=\"justify\"><em><strong><span style=\"font-size: 18.0pt; font-family: 'Verdana','sans-serif'; color: black;\"><span style=\"color: #333333;\">Domenica 2 ottobre, festa nazionale dei Nonni<\/span><\/span><\/strong><\/em><\/p>\n<p style=\"text-align: center;\" align=\"justify\"><em><strong><span style=\"font-size: 18.0pt; font-family: 'Verdana','sans-serif'; color: black;\"><span style=\"color: #333333;\">\u201cL\u2019albero delle favole\u201d e \u201cGiochi di mani e terra\u201d<\/span><\/span><\/strong><\/em><\/p>\n<p style=\"font-size: 1.5em; text-align: justify;\">Domenica 2 ottobre 2016 \u00e8 la Festa Nazionale dei nonni. Nel contesto dell\u2019itinerario nazionale <strong>\u201cI Boschi incantati di <a href=\"http:\/\/www.fercad.it\/\" target=\"_blank\">Husqvarna<\/a>\u201d<\/strong> il Giardino di Valsanzibio propone una giornata dedicata a nonni e nipoti. I nonni potranno raccontare le fiabe sotto gli alberi secolari del Giardino non monumentale provenienti da varie parti del mondo: potranno scegliere tra il <em><strong>Cedro dell\u2019India o dell&#8217;Hiymalaya, <\/strong><\/em>i due\u00a0<em><strong>Cedri dell&#8217;Atlante <\/strong><\/em>e i<em><strong>\u00a0Lecci<\/strong><\/em>&#8230;<\/p>\n<p style=\"font-size: 1.4em; text-align: justify;\"><em>I nonni potranno portare con se una coperta per sedersi tutti assieme e una volta entrati nell\u2019area non monumentale adiacente al Giardino, saranno liberi di scegliere gli alberi secolari e raccontare autonomamente ai propri nipoti e agli altri bambini presenti una favola che ricordi la loro infanzia. L\u2019evento non ha una durata specifica e sar\u00e0 autogestito direttamente dai nonni, che potranno decidere se e quanto sostare sotto l\u2019albero per il racconto delle favole.<\/em><\/p>\n<p style=\"font-size: 1.5em; text-align: justify;\">Nel pomeriggio alle 15:00 ci sar\u00e0 il Laboratorio <strong>\u201cGiochi di mani e terra\u201d<\/strong>. Ispirato alle teorie di Bruno Munari, i bimbi potranno sperimentare il piacere di creare come veri artisti giocando con la creta e materiali di recupero. A far loro da guida Francine Fadigati dell\u2019azienda storica Este Ceramiche Porcellane, con lunga esperienza nel settore educativo.<\/p>\n<p style=\"font-size: 1.5em; text-align: justify;\">Nell\u2019area Scuderie ci sar\u00e0 la possibilit\u00e0 di degustare gi\u00e0 a pranzo alcune golose prelibatezze, come Risotto gelato alla milanese su fonduta di formaggio e vellutata di zucca al profumo di rosmarino con gelato all&#8217;amaretto . Nel pomeriggio Cioccolata calda, crepe alla nutella e\/o con gelato , tortino al cioccolato dal cuore morbido con o senza gelato, strudel di mele con gelato. I nonni potranno assaggiare i Liquori al cioccolato, gianduia, Maurizius caff\u00e8 (caff\u00e8 cioccolato vaniglia e rum) tutti a contenuta gradazione alcolica. (10%). In collaborazione con I gelati di Gaia<\/p>\n<p style=\"font-size: 1.5em; text-align: center;\"><em>Prezzi: over 65 e nonni in genere \u20ac\u00a08,50 &#8211; bambini\/ragazzi dai 2\u00a0ai 14 anni \u20ac 6,00.<\/em><\/p>\n<p style=\"font-size: 1.5em; text-align: center;\"><em> <strong>Degustazione e laboratorio prezzo a parte.<\/strong><\/em><\/p>\n<!-- AddThis Advanced Settings generic via filter on the_content --><!-- AddThis Share Buttons generic via filter on the_content -->","protected":false},"excerpt":{"rendered":"<p>Domenica 2 ottobre, festa nazionale dei Nonni \u201cL\u2019albero delle favole\u201d e \u201cGiochi di mani e terra\u201d Domenica 2 ottobre 2016 \u00e8 la Festa Nazionale dei nonni. Nel contesto dell\u2019itinerario nazionale \u201cI Boschi incantati di Husqvarna\u201d il Giardino di Valsanzibio propone una giornata dedicata a nonni e nipoti. I nonni potranno raccontare le fiabe sotto gli [&hellip;]<!-- AddThis Advanced Settings generic via filter on get_the_excerpt --><!-- AddThis Share Buttons generic via filter on get_the_excerpt --><\/p>\n","protected":false},"author":4,"featured_media":2543,"comment_status":"closed","ping_status":"open","sticky":false,"template":"","format":"standard","meta":{"_monsterinsights_skip_tracking":false,"_monsterinsights_sitenote_active":false,"_monsterinsights_sitenote_note":"","_monsterinsights_sitenote_category":0,"ngg_post_thumbnail":0,"footnotes":""},"categories":[13,17],"tags":[],"class_list":["post-4611","post","type-post","status-publish","format-standard","has-post-thumbnail","hentry","category-eventi","category-news"],"yoast_head":"<!-- This site is optimized with the Yoast SEO plugin v27.5 - https:\/\/yoast.com\/product\/yoast-seo-wordpress\/ -->\n<title>- Giardino Storico di Valsanzibio | Villa Barbarigo Pizzoni Ardemani | Galzignano Terme, Padova<\/title>\n<meta name=\"robots\" content=\"index, follow, max-snippet:-1, max-image-preview:large, max-video-preview:-1\" \/>\n<link rel=\"canonical\" href=\"https:\/\/www.valsanzibiogiardino.com\/it\/gli-appuntamenti-di-fine-settembre-e-di-ottobre\/\" \/>\n<meta name=\"twitter:label1\" content=\"Scritto da\" \/>\n\t<meta name=\"twitter:data1\" content=\"Staff\" \/>\n\t<meta name=\"twitter:label2\" content=\"Tempo di lettura stimato\" \/>\n\t<meta name=\"twitter:data2\" content=\"2 minuti\" \/>\n<script type=\"application\/ld+json\" class=\"yoast-schema-graph\">{\"@context\":\"https:\\\/\\\/schema.org\",\"@graph\":[{\"@type\":\"Article\",\"@id\":\"https:\\\/\\\/www.valsanzibiogiardino.com\\\/it\\\/gli-appuntamenti-di-fine-settembre-e-di-ottobre\\\/#article\",\"isPartOf\":{\"@id\":\"https:\\\/\\\/www.valsanzibiogiardino.com\\\/it\\\/gli-appuntamenti-di-fine-settembre-e-di-ottobre\\\/\"},\"author\":{\"name\":\"Staff\",\"@id\":\"https:\\\/\\\/www.valsanzibiogiardino.com\\\/it\\\/#\\\/schema\\\/person\\\/f6b11a7fbc16b7bd8b7dff8c277936bb\"},\"headline\":\"Nessun titolo\",\"datePublished\":\"2016-09-25T09:00:21+00:00\",\"dateModified\":\"2016-10-08T16:38:59+00:00\",\"mainEntityOfPage\":{\"@id\":\"https:\\\/\\\/www.valsanzibiogiardino.com\\\/it\\\/gli-appuntamenti-di-fine-settembre-e-di-ottobre\\\/\"},\"wordCount\":320,\"image\":{\"@id\":\"https:\\\/\\\/www.valsanzibiogiardino.com\\\/it\\\/gli-appuntamenti-di-fine-settembre-e-di-ottobre\\\/#primaryimage\"},\"thumbnailUrl\":\"https:\\\/\\\/www.valsanzibiogiardino.com\\\/wp-content\\\/uploads\\\/2015\\\/02\\\/FotoAereaDecumanoDaOvest_Email.jpg\",\"articleSection\":[\"EVENTI\",\"NEWS\"],\"inLanguage\":\"it-IT\"},{\"@type\":\"WebPage\",\"@id\":\"https:\\\/\\\/www.valsanzibiogiardino.com\\\/it\\\/gli-appuntamenti-di-fine-settembre-e-di-ottobre\\\/\",\"url\":\"https:\\\/\\\/www.valsanzibiogiardino.com\\\/it\\\/gli-appuntamenti-di-fine-settembre-e-di-ottobre\\\/\",\"name\":\"- Giardino Storico di Valsanzibio | Villa Barbarigo Pizzoni Ardemani | Galzignano Terme, Padova\",\"isPartOf\":{\"@id\":\"https:\\\/\\\/www.valsanzibiogiardino.com\\\/it\\\/#website\"},\"primaryImageOfPage\":{\"@id\":\"https:\\\/\\\/www.valsanzibiogiardino.com\\\/it\\\/gli-appuntamenti-di-fine-settembre-e-di-ottobre\\\/#primaryimage\"},\"image\":{\"@id\":\"https:\\\/\\\/www.valsanzibiogiardino.com\\\/it\\\/gli-appuntamenti-di-fine-settembre-e-di-ottobre\\\/#primaryimage\"},\"thumbnailUrl\":\"https:\\\/\\\/www.valsanzibiogiardino.com\\\/wp-content\\\/uploads\\\/2015\\\/02\\\/FotoAereaDecumanoDaOvest_Email.jpg\",\"datePublished\":\"2016-09-25T09:00:21+00:00\",\"dateModified\":\"2016-10-08T16:38:59+00:00\",\"author\":{\"@id\":\"https:\\\/\\\/www.valsanzibiogiardino.com\\\/it\\\/#\\\/schema\\\/person\\\/f6b11a7fbc16b7bd8b7dff8c277936bb\"},\"inLanguage\":\"it-IT\",\"potentialAction\":[{\"@type\":\"ReadAction\",\"target\":[\"https:\\\/\\\/www.valsanzibiogiardino.com\\\/it\\\/gli-appuntamenti-di-fine-settembre-e-di-ottobre\\\/\"]}]},{\"@type\":\"ImageObject\",\"inLanguage\":\"it-IT\",\"@id\":\"https:\\\/\\\/www.valsanzibiogiardino.com\\\/it\\\/gli-appuntamenti-di-fine-settembre-e-di-ottobre\\\/#primaryimage\",\"url\":\"https:\\\/\\\/www.valsanzibiogiardino.com\\\/wp-content\\\/uploads\\\/2015\\\/02\\\/FotoAereaDecumanoDaOvest_Email.jpg\",\"contentUrl\":\"https:\\\/\\\/www.valsanzibiogiardino.com\\\/wp-content\\\/uploads\\\/2015\\\/02\\\/FotoAereaDecumanoDaOvest_Email.jpg\",\"width\":1024,\"height\":768},{\"@type\":\"WebSite\",\"@id\":\"https:\\\/\\\/www.valsanzibiogiardino.com\\\/it\\\/#website\",\"url\":\"https:\\\/\\\/www.valsanzibiogiardino.com\\\/it\\\/\",\"name\":\"Giardino Storico di Valsanzibio | Villa Barbarigo Pizzoni Ardemani | Galzignano Terme, Padova\",\"description\":\"Il Giardino Storico di Valsanzibio si trova a Galzignano Terme, in provincia di Padova, ed \u00e8 uno dei pi\u00f9 estesi ed integri giardini d\u2019Epoca mondiali.\",\"potentialAction\":[{\"@type\":\"SearchAction\",\"target\":{\"@type\":\"EntryPoint\",\"urlTemplate\":\"https:\\\/\\\/www.valsanzibiogiardino.com\\\/it\\\/?s={search_term_string}\"},\"query-input\":{\"@type\":\"PropertyValueSpecification\",\"valueRequired\":true,\"valueName\":\"search_term_string\"}}],\"inLanguage\":\"it-IT\"},{\"@type\":\"Person\",\"@id\":\"https:\\\/\\\/www.valsanzibiogiardino.com\\\/it\\\/#\\\/schema\\\/person\\\/f6b11a7fbc16b7bd8b7dff8c277936bb\",\"name\":\"Staff\",\"url\":\"https:\\\/\\\/www.valsanzibiogiardino.com\\\/it\\\/author\\\/staff\\\/\"}]}<\/script>\n<!-- \/ Yoast SEO plugin. -->","yoast_head_json":{"title":"- Giardino Storico di Valsanzibio | Villa Barbarigo Pizzoni Ardemani | Galzignano Terme, Padova","robots":{"index":"index","follow":"follow","max-snippet":"max-snippet:-1","max-image-preview":"max-image-preview:large","max-video-preview":"max-video-preview:-1"},"canonical":"https:\/\/www.valsanzibiogiardino.com\/it\/gli-appuntamenti-di-fine-settembre-e-di-ottobre\/","twitter_misc":{"Scritto da":"Staff","Tempo di lettura stimato":"2 minuti"},"schema":{"@context":"https:\/\/schema.org","@graph":[{"@type":"Article","@id":"https:\/\/www.valsanzibiogiardino.com\/it\/gli-appuntamenti-di-fine-settembre-e-di-ottobre\/#article","isPartOf":{"@id":"https:\/\/www.valsanzibiogiardino.com\/it\/gli-appuntamenti-di-fine-settembre-e-di-ottobre\/"},"author":{"name":"Staff","@id":"https:\/\/www.valsanzibiogiardino.com\/it\/#\/schema\/person\/f6b11a7fbc16b7bd8b7dff8c277936bb"},"headline":"Nessun titolo","datePublished":"2016-09-25T09:00:21+00:00","dateModified":"2016-10-08T16:38:59+00:00","mainEntityOfPage":{"@id":"https:\/\/www.valsanzibiogiardino.com\/it\/gli-appuntamenti-di-fine-settembre-e-di-ottobre\/"},"wordCount":320,"image":{"@id":"https:\/\/www.valsanzibiogiardino.com\/it\/gli-appuntamenti-di-fine-settembre-e-di-ottobre\/#primaryimage"},"thumbnailUrl":"https:\/\/www.valsanzibiogiardino.com\/wp-content\/uploads\/2015\/02\/FotoAereaDecumanoDaOvest_Email.jpg","articleSection":["EVENTI","NEWS"],"inLanguage":"it-IT"},{"@type":"WebPage","@id":"https:\/\/www.valsanzibiogiardino.com\/it\/gli-appuntamenti-di-fine-settembre-e-di-ottobre\/","url":"https:\/\/www.valsanzibiogiardino.com\/it\/gli-appuntamenti-di-fine-settembre-e-di-ottobre\/","name":"- Giardino Storico di Valsanzibio | Villa Barbarigo Pizzoni Ardemani | Galzignano Terme, Padova","isPartOf":{"@id":"https:\/\/www.valsanzibiogiardino.com\/it\/#website"},"primaryImageOfPage":{"@id":"https:\/\/www.valsanzibiogiardino.com\/it\/gli-appuntamenti-di-fine-settembre-e-di-ottobre\/#primaryimage"},"image":{"@id":"https:\/\/www.valsanzibiogiardino.com\/it\/gli-appuntamenti-di-fine-settembre-e-di-ottobre\/#primaryimage"},"thumbnailUrl":"https:\/\/www.valsanzibiogiardino.com\/wp-content\/uploads\/2015\/02\/FotoAereaDecumanoDaOvest_Email.jpg","datePublished":"2016-09-25T09:00:21+00:00","dateModified":"2016-10-08T16:38:59+00:00","author":{"@id":"https:\/\/www.valsanzibiogiardino.com\/it\/#\/schema\/person\/f6b11a7fbc16b7bd8b7dff8c277936bb"},"inLanguage":"it-IT","potentialAction":[{"@type":"ReadAction","target":["https:\/\/www.valsanzibiogiardino.com\/it\/gli-appuntamenti-di-fine-settembre-e-di-ottobre\/"]}]},{"@type":"ImageObject","inLanguage":"it-IT","@id":"https:\/\/www.valsanzibiogiardino.com\/it\/gli-appuntamenti-di-fine-settembre-e-di-ottobre\/#primaryimage","url":"https:\/\/www.valsanzibiogiardino.com\/wp-content\/uploads\/2015\/02\/FotoAereaDecumanoDaOvest_Email.jpg","contentUrl":"https:\/\/www.valsanzibiogiardino.com\/wp-content\/uploads\/2015\/02\/FotoAereaDecumanoDaOvest_Email.jpg","width":1024,"height":768},{"@type":"WebSite","@id":"https:\/\/www.valsanzibiogiardino.com\/it\/#website","url":"https:\/\/www.valsanzibiogiardino.com\/it\/","name":"Giardino Storico di Valsanzibio | Villa Barbarigo Pizzoni Ardemani | Galzignano Terme, Padova","description":"Il Giardino Storico di Valsanzibio si trova a Galzignano Terme, in provincia di Padova, ed \u00e8 uno dei pi\u00f9 estesi ed integri giardini d\u2019Epoca mondiali.","potentialAction":[{"@type":"SearchAction","target":{"@type":"EntryPoint","urlTemplate":"https:\/\/www.valsanzibiogiardino.com\/it\/?s={search_term_string}"},"query-input":{"@type":"PropertyValueSpecification","valueRequired":true,"valueName":"search_term_string"}}],"inLanguage":"it-IT"},{"@type":"Person","@id":"https:\/\/www.valsanzibiogiardino.com\/it\/#\/schema\/person\/f6b11a7fbc16b7bd8b7dff8c277936bb","name":"Staff","url":"https:\/\/www.valsanzibiogiardino.com\/it\/author\/staff\/"}]}},"_links":{"self":[{"href":"https:\/\/www.valsanzibiogiardino.com\/it\/wp-json\/wp\/v2\/posts\/4611","targetHints":{"allow":["GET"]}}],"collection":[{"href":"https:\/\/www.valsanzibiogiardino.com\/it\/wp-json\/wp\/v2\/posts"}],"about":[{"href":"https:\/\/www.valsanzibiogiardino.com\/it\/wp-json\/wp\/v2\/types\/post"}],"author":[{"embeddable":true,"href":"https:\/\/www.valsanzibiogiardino.com\/it\/wp-json\/wp\/v2\/users\/4"}],"replies":[{"embeddable":true,"href":"https:\/\/www.valsanzibiogiardino.com\/it\/wp-json\/wp\/v2\/comments?post=4611"}],"version-history":[{"count":0,"href":"https:\/\/www.valsanzibiogiardino.com\/it\/wp-json\/wp\/v2\/posts\/4611\/revisions"}],"wp:featuredmedia":[{"embeddable":true,"href":"https:\/\/www.valsanzibiogiardino.com\/it\/wp-json\/wp\/v2\/media\/2543"}],"wp:attachment":[{"href":"https:\/\/www.valsanzibiogiardino.com\/it\/wp-json\/wp\/v2\/media?parent=4611"}],"wp:term":[{"taxonomy":"category","embeddable":true,"href":"https:\/\/www.valsanzibiogiardino.com\/it\/wp-json\/wp\/v2\/categories?post=4611"},{"taxonomy":"post_tag","embeddable":true,"href":"https:\/\/www.valsanzibiogiardino.com\/it\/wp-json\/wp\/v2\/tags?post=4611"}],"curies":[{"name":"wp","href":"https:\/\/api.w.org\/{rel}","templated":true}]}}