{"id":4044,"date":"2016-04-12T23:28:25","date_gmt":"2016-04-12T21:28:25","guid":{"rendered":"https:\/\/www.valsanzibiogiardino.it\/?p=4044"},"modified":"2016-04-15T09:45:22","modified_gmt":"2016-04-15T07:45:22","slug":"il-giardino-olistico-al-giardino-monumentale-di-valsanzibio","status":"publish","type":"post","link":"https:\/\/www.valsanzibiogiardino.com\/it\/il-giardino-olistico-al-giardino-monumentale-di-valsanzibio\/","title":{"rendered":"Il Giardino Monumentale di Valsanzibio ospita il Giardino Olistico"},"content":{"rendered":"<p style=\"font-size: 2.4em; text-align: center;\">\n<div class=\"ngg-galleryoverview ngg-slideshow\"\n\tid=\"ngg-slideshow-9a8048a7a371ec9d578449678979537c-12493102460\"\n\tdata-gallery-id=\"9a8048a7a371ec9d578449678979537c\"\n\tstyle=\"max-width: 600px;\n\t\t\tmax-height: 400px;\n\t\t\tdisplay: none;\">\n\n\t\n\t\t<a href=\"https:\/\/www.valsanzibiogiardino.com\/wp-content\/gallery\/fotocardo_150416\/CardoDaVilla_150416_Verticale_email.jpg\"\n\t\t\ttitle=\"\"\n\t\t\tdata-src=\"https:\/\/www.valsanzibiogiardino.com\/wp-content\/gallery\/fotocardo_150416\/CardoDaVilla_150416_Verticale_email.jpg\"\n\t\t\tdata-thumbnail=\"https:\/\/www.valsanzibiogiardino.com\/wp-content\/gallery\/fotocardo_150416\/thumbs\/thumbs_CardoDaVilla_150416_Verticale_email.jpg\"\n\t\t\tdata-image-id=\"600\"\n\t\t\tdata-title=\"CardoDaVilla_150416_Verticale_email\"\n\t\t\tdata-description=\"\"\n\t\t\t\t\t\t\t\t\t\t\t\t\t\t\tclass=\"ngg-fancybox\" rel=\"9a8048a7a371ec9d578449678979537c\">\n\t\t\t\n\t\t\t<img data-image-id='600'\n\t\t\t\ttitle=\"\"\n\t\t\t\talt=\"CardoDaVilla_150416_Verticale_email\"\n\t\t\t\tsrc=\"https:\/\/www.valsanzibiogiardino.com\/wp-content\/gallery\/fotocardo_150416\/CardoDaVilla_150416_Verticale_email.jpg\"\n\t\t\t\tstyle=\"max-height: 380px;\"\/>\n\t\t<\/a>\n\n\t\t\n\t\t<a href=\"https:\/\/www.valsanzibiogiardino.com\/wp-content\/gallery\/fotocardo_150416\/ParterCardo_150416_F_email.jpg\"\n\t\t\ttitle=\" \"\n\t\t\tdata-src=\"https:\/\/www.valsanzibiogiardino.com\/wp-content\/gallery\/fotocardo_150416\/ParterCardo_150416_F_email.jpg\"\n\t\t\tdata-thumbnail=\"https:\/\/www.valsanzibiogiardino.com\/wp-content\/gallery\/fotocardo_150416\/thumbs\/thumbs_ParterCardo_150416_F_email.jpg\"\n\t\t\tdata-image-id=\"606\"\n\t\t\tdata-title=\"Parter&amp;Cardo_150416_F_email\"\n\t\t\tdata-description=\" \"\n\t\t\t\t\t\t\t\t\t\t\t\t\t\t\tclass=\"ngg-fancybox\" rel=\"9a8048a7a371ec9d578449678979537c\">\n\t\t\t\n\t\t\t<img data-image-id='606'\n\t\t\t\ttitle=\" \"\n\t\t\t\talt=\"Parter&amp;Cardo_150416_F_email\"\n\t\t\t\tsrc=\"https:\/\/www.valsanzibiogiardino.com\/wp-content\/gallery\/fotocardo_150416\/ParterCardo_150416_F_email.jpg\"\n\t\t\t\tstyle=\"max-height: 380px;\"\/>\n\t\t<\/a>\n\n\t\t\n\t\t<a href=\"https:\/\/www.valsanzibiogiardino.com\/wp-content\/gallery\/fotocardo_150416\/ParterCardo_150416_E_email.jpg\"\n\t\t\ttitle=\" \"\n\t\t\tdata-src=\"https:\/\/www.valsanzibiogiardino.com\/wp-content\/gallery\/fotocardo_150416\/ParterCardo_150416_E_email.jpg\"\n\t\t\tdata-thumbnail=\"https:\/\/www.valsanzibiogiardino.com\/wp-content\/gallery\/fotocardo_150416\/thumbs\/thumbs_ParterCardo_150416_E_email.jpg\"\n\t\t\tdata-image-id=\"605\"\n\t\t\tdata-title=\"Parter&amp;Cardo_150416_E_email\"\n\t\t\tdata-description=\" \"\n\t\t\t\t\t\t\t\t\t\t\t\t\t\t\tclass=\"ngg-fancybox\" rel=\"9a8048a7a371ec9d578449678979537c\">\n\t\t\t\n\t\t\t<img data-image-id='605'\n\t\t\t\ttitle=\" \"\n\t\t\t\talt=\"Parter&amp;Cardo_150416_E_email\"\n\t\t\t\tsrc=\"https:\/\/www.valsanzibiogiardino.com\/wp-content\/gallery\/fotocardo_150416\/ParterCardo_150416_E_email.jpg\"\n\t\t\t\tstyle=\"max-height: 380px;\"\/>\n\t\t<\/a>\n\n\t\t\n\t\t<a href=\"https:\/\/www.valsanzibiogiardino.com\/wp-content\/gallery\/fotocardo_150416\/ParterCardo_150416_D_Cardo_email.jpg\"\n\t\t\ttitle=\" \"\n\t\t\tdata-src=\"https:\/\/www.valsanzibiogiardino.com\/wp-content\/gallery\/fotocardo_150416\/ParterCardo_150416_D_Cardo_email.jpg\"\n\t\t\tdata-thumbnail=\"https:\/\/www.valsanzibiogiardino.com\/wp-content\/gallery\/fotocardo_150416\/thumbs\/thumbs_ParterCardo_150416_D_Cardo_email.jpg\"\n\t\t\tdata-image-id=\"604\"\n\t\t\tdata-title=\"Parter&amp;Cardo_150416_D_Cardo_email\"\n\t\t\tdata-description=\" \"\n\t\t\t\t\t\t\t\t\t\t\t\t\t\t\tclass=\"ngg-fancybox\" rel=\"9a8048a7a371ec9d578449678979537c\">\n\t\t\t\n\t\t\t<img data-image-id='604'\n\t\t\t\ttitle=\" \"\n\t\t\t\talt=\"Parter&amp;Cardo_150416_D_Cardo_email\"\n\t\t\t\tsrc=\"https:\/\/www.valsanzibiogiardino.com\/wp-content\/gallery\/fotocardo_150416\/ParterCardo_150416_D_Cardo_email.jpg\"\n\t\t\t\tstyle=\"max-height: 380px;\"\/>\n\t\t<\/a>\n\n\t\t\n\t\t<a href=\"https:\/\/www.valsanzibiogiardino.com\/wp-content\/gallery\/fotocardo_150416\/ParterCardo_150416_C_email.jpg\"\n\t\t\ttitle=\" \"\n\t\t\tdata-src=\"https:\/\/www.valsanzibiogiardino.com\/wp-content\/gallery\/fotocardo_150416\/ParterCardo_150416_C_email.jpg\"\n\t\t\tdata-thumbnail=\"https:\/\/www.valsanzibiogiardino.com\/wp-content\/gallery\/fotocardo_150416\/thumbs\/thumbs_ParterCardo_150416_C_email.jpg\"\n\t\t\tdata-image-id=\"603\"\n\t\t\tdata-title=\"Parter&amp;Cardo_150416_C_email\"\n\t\t\tdata-description=\" \"\n\t\t\t\t\t\t\t\t\t\t\t\t\t\t\tclass=\"ngg-fancybox\" rel=\"9a8048a7a371ec9d578449678979537c\">\n\t\t\t\n\t\t\t<img data-image-id='603'\n\t\t\t\ttitle=\" \"\n\t\t\t\talt=\"Parter&amp;Cardo_150416_C_email\"\n\t\t\t\tsrc=\"https:\/\/www.valsanzibiogiardino.com\/wp-content\/gallery\/fotocardo_150416\/ParterCardo_150416_C_email.jpg\"\n\t\t\t\tstyle=\"max-height: 380px;\"\/>\n\t\t<\/a>\n\n\t\t\n\t\t<a href=\"https:\/\/www.valsanzibiogiardino.com\/wp-content\/gallery\/fotocardo_150416\/ParterCardo_150416_B_email.jpg\"\n\t\t\ttitle=\" \"\n\t\t\tdata-src=\"https:\/\/www.valsanzibiogiardino.com\/wp-content\/gallery\/fotocardo_150416\/ParterCardo_150416_B_email.jpg\"\n\t\t\tdata-thumbnail=\"https:\/\/www.valsanzibiogiardino.com\/wp-content\/gallery\/fotocardo_150416\/thumbs\/thumbs_ParterCardo_150416_B_email.jpg\"\n\t\t\tdata-image-id=\"602\"\n\t\t\tdata-title=\"Parter&amp;Cardo_150416_B_email\"\n\t\t\tdata-description=\" \"\n\t\t\t\t\t\t\t\t\t\t\t\t\t\t\tclass=\"ngg-fancybox\" rel=\"9a8048a7a371ec9d578449678979537c\">\n\t\t\t\n\t\t\t<img data-image-id='602'\n\t\t\t\ttitle=\" \"\n\t\t\t\talt=\"Parter&amp;Cardo_150416_B_email\"\n\t\t\t\tsrc=\"https:\/\/www.valsanzibiogiardino.com\/wp-content\/gallery\/fotocardo_150416\/ParterCardo_150416_B_email.jpg\"\n\t\t\t\tstyle=\"max-height: 380px;\"\/>\n\t\t<\/a>\n\n\t\t\n\t\t<a href=\"https:\/\/www.valsanzibiogiardino.com\/wp-content\/gallery\/fotocardo_150416\/ParterCaedo_150416_A_email.jpg\"\n\t\t\ttitle=\" \"\n\t\t\tdata-src=\"https:\/\/www.valsanzibiogiardino.com\/wp-content\/gallery\/fotocardo_150416\/ParterCaedo_150416_A_email.jpg\"\n\t\t\tdata-thumbnail=\"https:\/\/www.valsanzibiogiardino.com\/wp-content\/gallery\/fotocardo_150416\/thumbs\/thumbs_ParterCaedo_150416_A_email.jpg\"\n\t\t\tdata-image-id=\"601\"\n\t\t\tdata-title=\"Parter&amp;Caedo_150416_A_email\"\n\t\t\tdata-description=\" \"\n\t\t\t\t\t\t\t\t\t\t\t\t\t\t\tclass=\"ngg-fancybox\" rel=\"9a8048a7a371ec9d578449678979537c\">\n\t\t\t\n\t\t\t<img data-image-id='601'\n\t\t\t\ttitle=\" \"\n\t\t\t\talt=\"Parter&amp;Caedo_150416_A_email\"\n\t\t\t\tsrc=\"https:\/\/www.valsanzibiogiardino.com\/wp-content\/gallery\/fotocardo_150416\/ParterCaedo_150416_A_email.jpg\"\n\t\t\t\tstyle=\"max-height: 380px;\"\/>\n\t\t<\/a>\n\n\t\t<\/div>\n\n\n<\/p>\n<p style=\"font-size: 1.8em; text-align: center;\"><em><span style=\"color: #222222;\">Il Cardo ed il parter di bossi davanti alla Villa (7:00 am del 15\/04\/16)<\/span><\/em><\/p>\n<p style=\"font-size: 2.4em; text-align: center;\"><em><strong>Il Giardino Olistico<\/strong><\/em><\/p>\n<p style=\"font-size: 2.2em; text-align: center;\"><strong>Domenica 17 aprile, 2016<\/strong><\/p>\n<p style=\"font-size: 2.0em; text-align: center;\"><strong>Il Giardino Monumentale di Valsanzibio<\/strong><\/p>\n<p style=\"font-size: 1.6em; text-align: center;\"><strong>sar\u00e0\u00a0aperto regolarmente\u00a0<\/strong><strong>dalle 10 alle 19:30<br \/>\n(orario continuato).<\/strong><\/p>\n<p style=\"font-size: 1.6em; text-align: center;\"><strong>Si accede al Giardino pagando<br \/>\nil regolare biglietto d\u2019ingresso.<\/strong><\/p>\n<p style=\"font-size: 1.6em; text-align: center;\"><strong>Nell\u2019area non monumentale adiacente<br \/>\nsi svolger\u00e0 in pi\u00f9 l\u2019evento<\/strong><\/p>\n<p style=\"font-size: 2.2em; text-align: center;\"><strong><em>Il Giardino Olistico<\/em><\/strong><\/p>\n<p style=\"font-size: 2.2em; text-align: center;\"><strong><em>l\u2019Occidente incontra l\u2019Oriente<\/em><\/strong><\/p>\n<p style=\"font-size: 1.4em; text-align: justify;\"><span style=\"color: #222222;\">Gli amanti delle discipline olistiche potranno vivere corsi di yoga, meditazione, Thai Chi Chuan, Aikido tra gli alberi secolari (Lecci e Tassi di oltre 380 anni, Cefalotassi, Bosi, Cedri dell&#8217;Atlante, Cedri dell&#8217;Himalaya e molte altre essenze arboree).<\/span><\/p>\n<p style=\"font-size: 1.4em; text-align: justify;\"><span style=\"color: #222222;\">E ancora meditazione nel bosco e laboratori per bambini alla scoperta di fate, elfi e gnomi.<\/span><\/p>\n<p style=\"font-size: 1.4em; text-align: justify;\"><span style=\"color: #222222;\">Bonsai: un maestro di bonsai si dedicher\u00e0 all&#8217;impostazione di una pianta e sar\u00e0 a disposizione per rispondere a domande e curiosit\u00e0.<\/span><\/p>\n<p style=\"font-size: 1.4em; text-align: justify;\"><span style=\"color: #222222;\">E ancora Shiatsu, Reiki, Theta Healing, Riflessologia Plantare, Suonoterapia&#8230;alla scoperta di nuovi metodi per ritrovare il proprio benessere psico-fisico-emozionale e il proprio equilibrio energetico.<\/span><\/p>\n<p style=\"font-size: 1.6em; text-align: center;\"><strong>Tutti i visitatori del Giardino potranno visitare l\u2019area Olistica.<\/strong><\/p>\n<p style=\"font-size: 1.6em; text-align: center;\"><strong>Sar\u00e0 a discrezione di ognuno scegliere<br \/>\ndi praticare le tecniche proposte.<\/strong><\/p>\n<p style=\"font-size: 1.6em; text-align: center;\"><strong> Dimostrazioni gratuite, corsi a pagamento<\/strong><\/p>\n<p style=\"font-size: 1.4em; text-align: justify;\"><em><strong>Di seguito\u00a0il programma completo:<\/strong><\/em><\/p>\n<p style=\"font-size: 1.8em; text-align: left;\"><strong>LABORATORI<\/strong><\/p>\n<table style=\"height: 989px;\" width=\"792\">\n<tbody>\n<tr>\n<td width=\"148\">\n<p style=\"font-size: 1.8em; text-align: center;\"><strong>Orario<\/strong><\/p>\n<\/td>\n<td width=\"261\">\n<p style=\"font-size: 1.8em; text-align: center;\"><strong>Adulti<\/strong><\/p>\n<\/td>\n<td width=\"233\">\n<p style=\"font-size: 1.8em; text-align: center;\"><strong>Bambini<\/strong><\/p>\n<\/td>\n<\/tr>\n<tr>\n<td width=\"148\"><strong>dalle ore 11 alle 12<\/strong><\/td>\n<td width=\"261\"><\/td>\n<td width=\"233\"><\/td>\n<\/tr>\n<tr>\n<td width=\"148\"><\/td>\n<td rowspan=\"2\" width=\"261\"><strong>Taiji Sciamanico<\/strong> (Alessandro Ervi e collaboratori)Oriente e americhe si fondono\u2026 corpo e natura unite in un metodo modellato sulle coscienze evolute che trae forza pace ed equilibrio da antichi esercizi.<\/td>\n<td rowspan=\"2\" width=\"233\"><strong>Le magiche creature del parco<\/strong> (Matteo Beltrame)Passeggiata al piccolo bosco alla scoperta di Fate, Gnomi e Folletti.<\/td>\n<\/tr>\n<tr>\n<td width=\"148\"><\/td>\n<\/tr>\n<tr>\n<td width=\"148\"><strong>dalle ore 12 alle 13<\/strong><\/td>\n<td width=\"261\"><\/td>\n<td width=\"233\"><\/td>\n<\/tr>\n<tr>\n<td width=\"148\"><\/td>\n<td rowspan=\"2\" width=\"261\"><strong>Suoni di Medicina <\/strong>(Alessandro Ervi e collaboratori)Un viaggio dentro se guidato da sciamani e guaritori del suono. Antiche tradizioni unite per la guarigione e l\u2019equilibrio del se.<\/td>\n<td width=\"233\"><\/td>\n<\/tr>\n<tr>\n<td width=\"148\"><\/td>\n<td width=\"233\"><\/td>\n<\/tr>\n<tr>\n<td width=\"148\"><strong>dalle ore 13 alle 14<\/strong><\/td>\n<td width=\"261\"><\/td>\n<td width=\"233\"><\/td>\n<\/tr>\n<tr>\n<td width=\"148\"><\/td>\n<td rowspan=\"3\" width=\"261\"><strong>Le piante ci raccontano<\/strong> (Matteo Beltrame)Suoni, profumi, emozioni tra gli alberi\u2026la parola alle piante che nel silenzio interiore esprimono la loro antica saggezza.<\/td>\n<td width=\"233\"><\/td>\n<\/tr>\n<tr>\n<td width=\"148\"><\/td>\n<td width=\"233\"><\/td>\n<\/tr>\n<tr>\n<td width=\"148\"><\/td>\n<td width=\"233\"><\/td>\n<\/tr>\n<tr>\n<td width=\"148\"><strong>dalle ore 15 alle 16<\/strong><\/td>\n<td width=\"261\"><\/td>\n<td width=\"233\"><\/td>\n<\/tr>\n<tr>\n<td width=\"148\"><\/td>\n<td rowspan=\"4\" width=\"261\"><strong>Yoga del Suono<\/strong> (Sabrina Sangiorgi e collaboratori)Movimenti semplici aiutati dai suoni specifici, dal vivo, per ogni parte del corpo.Verrete letteralmente aperti verso una nuova comprensione della materia, guidati dalla voce e da strumenti ancestrali.<\/td>\n<td width=\"233\"><\/td>\n<\/tr>\n<tr>\n<td width=\"148\"><\/td>\n<td width=\"233\"><\/td>\n<\/tr>\n<tr>\n<td width=\"148\"><\/td>\n<td width=\"233\"><\/td>\n<\/tr>\n<tr>\n<td width=\"148\"><\/td>\n<td width=\"233\"><\/td>\n<\/tr>\n<tr>\n<td width=\"148\"><strong>dalle ore 16 alle 17<\/strong><\/td>\n<td width=\"261\"><\/td>\n<td width=\"233\"><\/td>\n<\/tr>\n<tr>\n<td width=\"148\"><\/td>\n<td rowspan=\"3\" width=\"261\"><strong>L\u2019anima ti racconta \u2013 Meditazione<\/strong> (Alessandro Ervi e collaboratori)Sarete guidati all\u2019esplorazione dei poteri del vostro cuore.<\/td>\n<td rowspan=\"3\" width=\"233\"><strong>Le magiche creature del parco<\/strong> (Matteo Beltrame)Passeggiata al piccolo bosco alla scoperta di Fate, Gnomi e Folletti.<\/td>\n<\/tr>\n<tr>\n<td width=\"148\"><\/td>\n<\/tr>\n<tr>\n<td width=\"148\"><\/td>\n<\/tr>\n<tr>\n<td width=\"148\"><strong>dalle ore 17 alle 18<\/strong><\/td>\n<td width=\"261\"><\/td>\n<td width=\"233\"><\/td>\n<\/tr>\n<tr>\n<td width=\"148\"><\/td>\n<td rowspan=\"3\" width=\"261\"><strong>Le piante ci raccontano<\/strong> (Matteo Beltrame)Suoni, profumi, emozioni tra gli alberi\u2026la parola alle piante che nel silenzio interiore esprimono la loro antica saggezza.<\/td>\n<td width=\"233\"><\/td>\n<\/tr>\n<tr>\n<td width=\"148\"><\/td>\n<td width=\"233\"><\/td>\n<\/tr>\n<tr>\n<td width=\"148\"><\/td>\n<td width=\"233\"><\/td>\n<\/tr>\n<\/tbody>\n<\/table>\n<p>&nbsp;<\/p>\n<p style=\"font-size: 1.8em; text-align: left;\"><strong>ATTIVIT\u00c0<\/strong><\/p>\n<p style=\"font-size: 1.2em; text-align: justify;\">&#8211;\u00a0<strong>Aikido<\/strong>: il maestro Alan Pellegrini con gli allievi della scuola Aikido Aishinkan Italy si esibiranno in dimostrazioni di questa antica arte marziale; sar\u00e0 inoltre possibile fare un po di pratica insieme a loro.<\/p>\n<p style=\"font-size: 1.2em; text-align: justify;\">&#8211;\u00a0<strong>Bonsai<\/strong>: Vittorio Zagato, maestro di bonsai, si dedicher\u00e0 all&#8217;impostazione di una pianta e sar\u00e0 a disposizione per rispondere a tutte le vostre domande e curiosit\u00e0.<\/p>\n<p style=\"font-size: 1.2em; text-align: justify;\">&#8211; <strong>Tai Chi Chuan<\/strong>: con il maestro Roberto Galli, studioso di buddismo zen e di Shorinji Kempo (arte marziale derivata dallo Shaolin cinese). Insieme ai suoi collaboratori sar\u00e0 disponibile per esibizioni e prove pratiche.<\/p>\n<p>&nbsp;<\/p>\n<p style=\"font-size: 1.8em; text-align: left;\"><strong>TRATTAMENTI<\/strong><\/p>\n<p style=\"font-size: 1.2em; text-align: justify;\">&#8211;\u00a0<strong>Shiatsu, Reiki, Theta Healing, Riflessologia Plantare, Suonoterapia<\/strong>: alla scoperta di nuovi metodi per ritrovare il proprio benessere psico-fisico-emozionale e il proprio equilibrio energetico.<\/p>\n<p>&nbsp;<\/p>\n<p style=\"font-size: 1.8em; text-align: left;\"><strong>STAND<\/strong><\/p>\n<p style=\"font-size: 1.2em; text-align: justify;\">&#8211;\u00a0<strong>Cristalli<\/strong><\/p>\n<p style=\"font-size: 1.2em; text-align: justify;\">&#8211;\u00a0<strong>Incensi<\/strong><\/p>\n<p style=\"font-size: 1.2em; text-align: justify;\">&#8211;\u00a0<strong>Artigianato nativo<\/strong><\/p>\n<p style=\"font-size: 1.2em; text-align: justify;\">&#8211;\u00a0<strong>Tamburi sciamanici<\/strong><\/p>\n<p style=\"font-size: 1.2em; text-align: justify;\">&#8211;\u00a0<strong>Mala<\/strong><\/p>\n<p style=\"font-size: 1.2em; text-align: justify;\">&#8211;\u00a0<strong>Dipinti e altre creazioni artigianali<\/strong><\/p>\n<p style=\"font-size: 1.8em; text-align: center;\"><strong><span style=\"color: #222222;\"><a href=\" https:\/\/www.facebook.com\/events\/933015970147351\/\" target=\"_blank\">Cliccare QUI&#8217; per accedere alla pagina di Facebook<\/a><\/span><\/strong><\/p>\n<p style=\"font-size: 2.4em; text-align: center;\"><em><strong><span style=\"color: #222222;\"><a href=\" https:\/\/www.facebook.com\/events\/933015970147351\/\" target=\"_blank\">Il Giardino Olistico<\/a><\/span><\/strong><\/em><\/p>\n<!-- AddThis Advanced Settings generic via filter on the_content --><!-- AddThis Share Buttons generic via filter on the_content -->","protected":false},"excerpt":{"rendered":"<p>Il Cardo ed il parter di bossi davanti alla Villa (7:00 am del 15\/04\/16) Il Giardino Olistico Domenica 17 aprile, 2016 Il Giardino Monumentale di Valsanzibio sar\u00e0\u00a0aperto regolarmente\u00a0dalle 10 alle 19:30 (orario continuato). Si accede al Giardino pagando il regolare biglietto d\u2019ingresso. Nell\u2019area non monumentale adiacente si svolger\u00e0 in pi\u00f9 l\u2019evento Il Giardino Olistico l\u2019Occidente [&hellip;]<!-- AddThis Advanced Settings generic via filter on get_the_excerpt --><!-- AddThis Share Buttons generic via filter on get_the_excerpt --><\/p>\n","protected":false},"author":4,"featured_media":0,"comment_status":"closed","ping_status":"open","sticky":false,"template":"","format":"standard","meta":{"_monsterinsights_skip_tracking":false,"_monsterinsights_sitenote_active":false,"_monsterinsights_sitenote_note":"","_monsterinsights_sitenote_category":0,"ngg_post_thumbnail":0,"footnotes":""},"categories":[13,17],"tags":[],"class_list":["post-4044","post","type-post","status-publish","format-standard","hentry","category-eventi","category-news"],"yoast_head":"<!-- This site is optimized with the Yoast SEO plugin v27.3 - https:\/\/yoast.com\/product\/yoast-seo-wordpress\/ -->\n<title>Il Giardino Monumentale di Valsanzibio ospita il Giardino Olistico  - Giardino Storico di Valsanzibio | Villa Barbarigo Pizzoni Ardemani | Galzignano Terme, Padova<\/title>\n<meta name=\"robots\" content=\"index, follow, max-snippet:-1, max-image-preview:large, max-video-preview:-1\" \/>\n<link rel=\"canonical\" href=\"https:\/\/www.valsanzibiogiardino.com\/it\/il-giardino-olistico-al-giardino-monumentale-di-valsanzibio\/\" \/>\n<meta name=\"twitter:label1\" content=\"Scritto da\" \/>\n\t<meta name=\"twitter:data1\" content=\"Staff\" \/>\n\t<meta name=\"twitter:label2\" content=\"Tempo di lettura stimato\" \/>\n\t<meta name=\"twitter:data2\" content=\"3 minuti\" \/>\n<script type=\"application\/ld+json\" class=\"yoast-schema-graph\">{\"@context\":\"https:\\\/\\\/schema.org\",\"@graph\":[{\"@type\":\"Article\",\"@id\":\"https:\\\/\\\/www.valsanzibiogiardino.com\\\/it\\\/il-giardino-olistico-al-giardino-monumentale-di-valsanzibio\\\/#article\",\"isPartOf\":{\"@id\":\"https:\\\/\\\/www.valsanzibiogiardino.com\\\/it\\\/il-giardino-olistico-al-giardino-monumentale-di-valsanzibio\\\/\"},\"author\":{\"name\":\"Staff\",\"@id\":\"https:\\\/\\\/www.valsanzibiogiardino.com\\\/it\\\/#\\\/schema\\\/person\\\/f6b11a7fbc16b7bd8b7dff8c277936bb\"},\"headline\":\"Il Giardino Monumentale di Valsanzibio ospita il Giardino Olistico\",\"datePublished\":\"2016-04-12T21:28:25+00:00\",\"dateModified\":\"2016-04-15T07:45:22+00:00\",\"mainEntityOfPage\":{\"@id\":\"https:\\\/\\\/www.valsanzibiogiardino.com\\\/it\\\/il-giardino-olistico-al-giardino-monumentale-di-valsanzibio\\\/\"},\"wordCount\":571,\"image\":{\"@id\":\"https:\\\/\\\/www.valsanzibiogiardino.com\\\/it\\\/il-giardino-olistico-al-giardino-monumentale-di-valsanzibio\\\/#primaryimage\"},\"thumbnailUrl\":\"https:\\\/\\\/www.valsanzibiogiardino.it\\\/nextgen-attach_to_post\\\/preview\\\/id--4071\",\"articleSection\":[\"EVENTI\",\"NEWS\"],\"inLanguage\":\"it-IT\"},{\"@type\":\"WebPage\",\"@id\":\"https:\\\/\\\/www.valsanzibiogiardino.com\\\/it\\\/il-giardino-olistico-al-giardino-monumentale-di-valsanzibio\\\/\",\"url\":\"https:\\\/\\\/www.valsanzibiogiardino.com\\\/it\\\/il-giardino-olistico-al-giardino-monumentale-di-valsanzibio\\\/\",\"name\":\"Il Giardino Monumentale di Valsanzibio ospita il Giardino Olistico - Giardino Storico di Valsanzibio | Villa Barbarigo Pizzoni Ardemani | Galzignano Terme, Padova\",\"isPartOf\":{\"@id\":\"https:\\\/\\\/www.valsanzibiogiardino.com\\\/it\\\/#website\"},\"primaryImageOfPage\":{\"@id\":\"https:\\\/\\\/www.valsanzibiogiardino.com\\\/it\\\/il-giardino-olistico-al-giardino-monumentale-di-valsanzibio\\\/#primaryimage\"},\"image\":{\"@id\":\"https:\\\/\\\/www.valsanzibiogiardino.com\\\/it\\\/il-giardino-olistico-al-giardino-monumentale-di-valsanzibio\\\/#primaryimage\"},\"thumbnailUrl\":\"https:\\\/\\\/www.valsanzibiogiardino.it\\\/nextgen-attach_to_post\\\/preview\\\/id--4071\",\"datePublished\":\"2016-04-12T21:28:25+00:00\",\"dateModified\":\"2016-04-15T07:45:22+00:00\",\"author\":{\"@id\":\"https:\\\/\\\/www.valsanzibiogiardino.com\\\/it\\\/#\\\/schema\\\/person\\\/f6b11a7fbc16b7bd8b7dff8c277936bb\"},\"breadcrumb\":{\"@id\":\"https:\\\/\\\/www.valsanzibiogiardino.com\\\/it\\\/il-giardino-olistico-al-giardino-monumentale-di-valsanzibio\\\/#breadcrumb\"},\"inLanguage\":\"it-IT\",\"potentialAction\":[{\"@type\":\"ReadAction\",\"target\":[\"https:\\\/\\\/www.valsanzibiogiardino.com\\\/it\\\/il-giardino-olistico-al-giardino-monumentale-di-valsanzibio\\\/\"]}]},{\"@type\":\"ImageObject\",\"inLanguage\":\"it-IT\",\"@id\":\"https:\\\/\\\/www.valsanzibiogiardino.com\\\/it\\\/il-giardino-olistico-al-giardino-monumentale-di-valsanzibio\\\/#primaryimage\",\"url\":\"https:\\\/\\\/www.valsanzibiogiardino.it\\\/nextgen-attach_to_post\\\/preview\\\/id--4071\",\"contentUrl\":\"https:\\\/\\\/www.valsanzibiogiardino.it\\\/nextgen-attach_to_post\\\/preview\\\/id--4071\"},{\"@type\":\"BreadcrumbList\",\"@id\":\"https:\\\/\\\/www.valsanzibiogiardino.com\\\/it\\\/il-giardino-olistico-al-giardino-monumentale-di-valsanzibio\\\/#breadcrumb\",\"itemListElement\":[{\"@type\":\"ListItem\",\"position\":1,\"name\":\"Home\",\"item\":\"https:\\\/\\\/www.valsanzibiogiardino.com\\\/it\\\/\"},{\"@type\":\"ListItem\",\"position\":2,\"name\":\"Il Giardino Monumentale di Valsanzibio ospita il Giardino Olistico\"}]},{\"@type\":\"WebSite\",\"@id\":\"https:\\\/\\\/www.valsanzibiogiardino.com\\\/it\\\/#website\",\"url\":\"https:\\\/\\\/www.valsanzibiogiardino.com\\\/it\\\/\",\"name\":\"Giardino Storico di Valsanzibio | Villa Barbarigo Pizzoni Ardemani | Galzignano Terme, Padova\",\"description\":\"Il Giardino Storico di Valsanzibio si trova a Galzignano Terme, in provincia di Padova, ed \u00e8 uno dei pi\u00f9 estesi ed integri giardini d\u2019Epoca mondiali.\",\"potentialAction\":[{\"@type\":\"SearchAction\",\"target\":{\"@type\":\"EntryPoint\",\"urlTemplate\":\"https:\\\/\\\/www.valsanzibiogiardino.com\\\/it\\\/?s={search_term_string}\"},\"query-input\":{\"@type\":\"PropertyValueSpecification\",\"valueRequired\":true,\"valueName\":\"search_term_string\"}}],\"inLanguage\":\"it-IT\"},{\"@type\":\"Person\",\"@id\":\"https:\\\/\\\/www.valsanzibiogiardino.com\\\/it\\\/#\\\/schema\\\/person\\\/f6b11a7fbc16b7bd8b7dff8c277936bb\",\"name\":\"Staff\",\"url\":\"https:\\\/\\\/www.valsanzibiogiardino.com\\\/it\\\/author\\\/staff\\\/\"}]}<\/script>\n<!-- \/ Yoast SEO plugin. -->","yoast_head_json":{"title":"Il Giardino Monumentale di Valsanzibio ospita il Giardino Olistico  - Giardino Storico di Valsanzibio | Villa Barbarigo Pizzoni Ardemani | Galzignano Terme, Padova","robots":{"index":"index","follow":"follow","max-snippet":"max-snippet:-1","max-image-preview":"max-image-preview:large","max-video-preview":"max-video-preview:-1"},"canonical":"https:\/\/www.valsanzibiogiardino.com\/it\/il-giardino-olistico-al-giardino-monumentale-di-valsanzibio\/","twitter_misc":{"Scritto da":"Staff","Tempo di lettura stimato":"3 minuti"},"schema":{"@context":"https:\/\/schema.org","@graph":[{"@type":"Article","@id":"https:\/\/www.valsanzibiogiardino.com\/it\/il-giardino-olistico-al-giardino-monumentale-di-valsanzibio\/#article","isPartOf":{"@id":"https:\/\/www.valsanzibiogiardino.com\/it\/il-giardino-olistico-al-giardino-monumentale-di-valsanzibio\/"},"author":{"name":"Staff","@id":"https:\/\/www.valsanzibiogiardino.com\/it\/#\/schema\/person\/f6b11a7fbc16b7bd8b7dff8c277936bb"},"headline":"Il Giardino Monumentale di Valsanzibio ospita il Giardino Olistico","datePublished":"2016-04-12T21:28:25+00:00","dateModified":"2016-04-15T07:45:22+00:00","mainEntityOfPage":{"@id":"https:\/\/www.valsanzibiogiardino.com\/it\/il-giardino-olistico-al-giardino-monumentale-di-valsanzibio\/"},"wordCount":571,"image":{"@id":"https:\/\/www.valsanzibiogiardino.com\/it\/il-giardino-olistico-al-giardino-monumentale-di-valsanzibio\/#primaryimage"},"thumbnailUrl":"https:\/\/www.valsanzibiogiardino.it\/nextgen-attach_to_post\/preview\/id--4071","articleSection":["EVENTI","NEWS"],"inLanguage":"it-IT"},{"@type":"WebPage","@id":"https:\/\/www.valsanzibiogiardino.com\/it\/il-giardino-olistico-al-giardino-monumentale-di-valsanzibio\/","url":"https:\/\/www.valsanzibiogiardino.com\/it\/il-giardino-olistico-al-giardino-monumentale-di-valsanzibio\/","name":"Il Giardino Monumentale di Valsanzibio ospita il Giardino Olistico - Giardino Storico di Valsanzibio | Villa Barbarigo Pizzoni Ardemani | Galzignano Terme, Padova","isPartOf":{"@id":"https:\/\/www.valsanzibiogiardino.com\/it\/#website"},"primaryImageOfPage":{"@id":"https:\/\/www.valsanzibiogiardino.com\/it\/il-giardino-olistico-al-giardino-monumentale-di-valsanzibio\/#primaryimage"},"image":{"@id":"https:\/\/www.valsanzibiogiardino.com\/it\/il-giardino-olistico-al-giardino-monumentale-di-valsanzibio\/#primaryimage"},"thumbnailUrl":"https:\/\/www.valsanzibiogiardino.it\/nextgen-attach_to_post\/preview\/id--4071","datePublished":"2016-04-12T21:28:25+00:00","dateModified":"2016-04-15T07:45:22+00:00","author":{"@id":"https:\/\/www.valsanzibiogiardino.com\/it\/#\/schema\/person\/f6b11a7fbc16b7bd8b7dff8c277936bb"},"breadcrumb":{"@id":"https:\/\/www.valsanzibiogiardino.com\/it\/il-giardino-olistico-al-giardino-monumentale-di-valsanzibio\/#breadcrumb"},"inLanguage":"it-IT","potentialAction":[{"@type":"ReadAction","target":["https:\/\/www.valsanzibiogiardino.com\/it\/il-giardino-olistico-al-giardino-monumentale-di-valsanzibio\/"]}]},{"@type":"ImageObject","inLanguage":"it-IT","@id":"https:\/\/www.valsanzibiogiardino.com\/it\/il-giardino-olistico-al-giardino-monumentale-di-valsanzibio\/#primaryimage","url":"https:\/\/www.valsanzibiogiardino.it\/nextgen-attach_to_post\/preview\/id--4071","contentUrl":"https:\/\/www.valsanzibiogiardino.it\/nextgen-attach_to_post\/preview\/id--4071"},{"@type":"BreadcrumbList","@id":"https:\/\/www.valsanzibiogiardino.com\/it\/il-giardino-olistico-al-giardino-monumentale-di-valsanzibio\/#breadcrumb","itemListElement":[{"@type":"ListItem","position":1,"name":"Home","item":"https:\/\/www.valsanzibiogiardino.com\/it\/"},{"@type":"ListItem","position":2,"name":"Il Giardino Monumentale di Valsanzibio ospita il Giardino Olistico"}]},{"@type":"WebSite","@id":"https:\/\/www.valsanzibiogiardino.com\/it\/#website","url":"https:\/\/www.valsanzibiogiardino.com\/it\/","name":"Giardino Storico di Valsanzibio | Villa Barbarigo Pizzoni Ardemani | Galzignano Terme, Padova","description":"Il Giardino Storico di Valsanzibio si trova a Galzignano Terme, in provincia di Padova, ed \u00e8 uno dei pi\u00f9 estesi ed integri giardini d\u2019Epoca mondiali.","potentialAction":[{"@type":"SearchAction","target":{"@type":"EntryPoint","urlTemplate":"https:\/\/www.valsanzibiogiardino.com\/it\/?s={search_term_string}"},"query-input":{"@type":"PropertyValueSpecification","valueRequired":true,"valueName":"search_term_string"}}],"inLanguage":"it-IT"},{"@type":"Person","@id":"https:\/\/www.valsanzibiogiardino.com\/it\/#\/schema\/person\/f6b11a7fbc16b7bd8b7dff8c277936bb","name":"Staff","url":"https:\/\/www.valsanzibiogiardino.com\/it\/author\/staff\/"}]}},"_links":{"self":[{"href":"https:\/\/www.valsanzibiogiardino.com\/it\/wp-json\/wp\/v2\/posts\/4044","targetHints":{"allow":["GET"]}}],"collection":[{"href":"https:\/\/www.valsanzibiogiardino.com\/it\/wp-json\/wp\/v2\/posts"}],"about":[{"href":"https:\/\/www.valsanzibiogiardino.com\/it\/wp-json\/wp\/v2\/types\/post"}],"author":[{"embeddable":true,"href":"https:\/\/www.valsanzibiogiardino.com\/it\/wp-json\/wp\/v2\/users\/4"}],"replies":[{"embeddable":true,"href":"https:\/\/www.valsanzibiogiardino.com\/it\/wp-json\/wp\/v2\/comments?post=4044"}],"version-history":[{"count":0,"href":"https:\/\/www.valsanzibiogiardino.com\/it\/wp-json\/wp\/v2\/posts\/4044\/revisions"}],"wp:attachment":[{"href":"https:\/\/www.valsanzibiogiardino.com\/it\/wp-json\/wp\/v2\/media?parent=4044"}],"wp:term":[{"taxonomy":"category","embeddable":true,"href":"https:\/\/www.valsanzibiogiardino.com\/it\/wp-json\/wp\/v2\/categories?post=4044"},{"taxonomy":"post_tag","embeddable":true,"href":"https:\/\/www.valsanzibiogiardino.com\/it\/wp-json\/wp\/v2\/tags?post=4044"}],"curies":[{"name":"wp","href":"https:\/\/api.w.org\/{rel}","templated":true}]}}