{"id":3955,"date":"2016-02-28T19:13:31","date_gmt":"2016-02-28T18:13:31","guid":{"rendered":"https:\/\/www.valsanzibiogiardino.it\/?p=3955"},"modified":"2016-03-08T13:52:49","modified_gmt":"2016-03-08T12:52:49","slug":"il-giardino-di-valsanzibio-tra-simbolismi-e-allegorie","status":"publish","type":"post","link":"https:\/\/www.valsanzibiogiardino.com\/it\/il-giardino-di-valsanzibio-tra-simbolismi-e-allegorie\/","title":{"rendered":"IL GIARDINO DI VALSANZIBIO TRA SIMBOLISMI E ALLEGORIE"},"content":{"rendered":"<p style=\"font-size: 1.9em; text-align: center;\"><strong><span style=\"color: #222222;\"> Alla scoperta del significato artistico e spirituale del Giardino,<\/span><\/strong><\/p>\n<p style=\"font-size: 1.9em; text-align: center;\"><strong><span style=\"color: #222222;\"> immersi tra piante secolari da tutto il mondo<\/span><\/strong><\/p>\n<p style=\"font-size: 1.7em; text-align: center;\">Apertura 2016: da Sabato 27 febbraio, tutti i giorni, fino a dicembre.<\/p>\n<p style=\"font-size: 1.4em; text-align: center;\">Nel week end di apertura sar\u00e0 possibile partecipare alle due visite guidate sabato e domenica alle ore 11.30. Nel caso di brutto tempo le visite verranno spostate al week end successivo<\/p>\n<p style=\"font-size: 1.2em; text-align: justify;\">Nel week end di fine febbraio 2016 riaprono al pubblico i cancelli del Giardino Monumentale di Valsanzibio, ai piedi del Parco Colli Euganei a Galzignano Terme (Padova). Inizia cos\u00ec la stagione 2016 dove sar\u00e0 possibile visitare il Giardino Monumentale tutti i giorni fino a dicembre. L\u2019obiettivo per quest&#8217;anno sar\u00e0 quello di far apprezzare ai numerosi visitatori italiani e turisti internazionali il ricco simbolismo che si snoda nel percorso, dove a fianco di alberi ultra secolari provenienti dai quattro continenti- America, Asia, Africa e Europa \u2013 portati in Italia oltre tre secoli fa, si possono leggere vari messaggi tra spiritualit\u00e0 cristiana, paganesimo e allegorie filosofali.<\/p>\n<p style=\"font-size: 1.2em; text-align: justify;\">Il Giardino venne realizzato nel 1665 su progetto di Luigi Bernini, architetto pontificio fratello di Gian Lorenzo, su commissione della famiglia Barbarigo, che diede i natali al Santo Gregorio. E molti sono i significati e allegorie di purificazione e salvezza dell\u2019anima che la famiglia Barbarigo volle trasmettere. Si passa dalla figura mitologica di Diana, dea della caccia e delle mutazioni, che si erge sopra il maestoso Padiglione \u2013 portale d\u2019ingresso al Giardino fino all\u2019800, ossia fino a quando era possibile giungere a Valsanzibio in barca direttamente da Venezia &#8211; al percorso del Labirinto, in bossi secolari e perfettamente conservato, che presenta sette vie trabocchetto come i sette vizi capitali. Nel cuore del Giardino, dove decumano e cardo si intersecano, si trova la scultura di Argo dai cent\u2019occhi, in pietra d\u2019Istria, e difronte c\u2019\u00e8 quella di Mercurio, e poi altre divinit\u00e0 pagane, che raffigurano Fertilit\u00e0 e Salubrit\u00e0. Si arriva all\u2019isola dei Conigli, metafora della vita umana, si passa davanti agli scherzi d\u2019acqua per giungere alla scalinata del Sonetto, dove i versi incisi sottolineano la vocazione di pace e serenit\u00e0 del Giardino, fino a giungere alla Statua del tempo, metafora dell\u2019anima che si eleva al cielo. Un insieme di significati che si susseguono, cos\u00ec da accompagnare il visitatore in un viaggio reale ed allegorico allo stesso tempo. Un viaggio dove \u201cperdersi permette di ritrovarsi\u201d.<\/p>\n<p style=\"font-size: 1.2em; text-align: justify;\">Il Giardino, considerato tra i pi\u00f9 importanti Giardini barocchi italiani, dal significato ancora perfettamente leggibile, negli ultimi anni ha visto riconoscimenti importanti. Pubblicato nei principali libri di arte e botanica, gi\u00e0 premiato come il Giardino pi\u00f9 bello d\u2019Italia nel 2003 e tra i primi in Europa nel 2007, lo scorso anno \u00e8 stato scelto da Arte, il canale franco-tedesco di contenuto culturale, tra i venti giardini storici pi\u00f9 significativi d\u2019Europa, e vi \u00e8 stata girata una puntata del programma \u201cJardins d\u2019ici et d\u2019ailleurs\u201d che andr\u00e0 in onda in primavera in Francia e Germania. E numerosi programmi nazionali italiani- da Rai 2 Dossier a Sereno Variabile- gli hanno recentemente dedicato ampio spazio.<\/p>\n<p style=\"font-size: 1.2em; text-align: justify;\">Al fine di far conoscere ed apprezzare i numerosi significati allegorici, quest\u2019anno verranno organizzate un numero maggiore di visite guidate, anche nei fine settimana, cos\u00ec da poter divulgare il messaggio che la famiglia Barbarigo volle trasmettere e la famiglia Pizzoni Ardemani ha mantenuto integro e valorizzato nell\u2019ultimo secolo. Oltre alle guide esperte del Giardino nell\u2019arco dell\u2019anno si potr\u00e0 essere accompagnati da docenti universitari e importanti critici d\u2019arte. Il calendario verr\u00e0 esposto a breve nel sito www.valsanzibiogiardino.it<\/p>\n<p style=\"font-size: 1.2em; text-align: justify;\">Un anno dove protagonista assoluto sar\u00e0 la bellezza del Giardino Monumentale, ma verranno creati dei momenti ludici al fine di far vivere Valsanzibio a 360 gradi.<\/p>\n<p style=\"font-size: 1.2em; text-align: justify;\">La terza domenica di ogni mese vedr\u00e0 appuntamenti ed eventi da vivere all&#8217;aria aperta, cos\u00ec come ogni giornata festiva sar\u00e0 allietata da occasioni piacevoli.<\/p>\n<p style=\"font-size: 1.2em; text-align: justify;\">A <strong>Pasquetta<\/strong>, per esempio, sar\u00e0 possibile fare \u201cIl pic nic del Doge\u201d, grazie alle prelibatezze veneziane, cicchetti, fritti e baccal\u00e0 preparati da chef di street food che si potranno acquistare e degustare nel Giardino.<\/p>\n<p style=\"font-size: 1.2em; text-align: justify;\">E queste alcune delle date gi\u00e0 fissate:<\/p>\n<p style=\"font-size: 1.2em; text-align: justify;\"><strong>17 aprile<\/strong>. Una giornata intitolata \u201c Il Giardino Olistico\u201d, per vivere seguiti da insegnanti esperti un&#8217; ora di meditazione nel bosco nell\u2019area adiacente al Giardino Monumentale e esercizi yoga da svolgere sotto alcuni dei maestosi trionfi botanici del Giardino.<\/p>\n<p style=\"font-size: 1.2em; text-align: justify;\"><strong>15 maggio<\/strong>. Si potr\u00e0 ammirare la mostra \u201cDame e Cavalieri\u201d, dove saranno esposte alcune carrozze e calessi di fine \u2018800, una collezione esclusiva di foulard di Hermes dedicata al mondo dell&#8217;ippica, e altri oggetti storici legati al mondo dell\u2019equitazione.<\/p>\n<p style=\"font-size: 1.2em; text-align: justify;\"><strong>18 giugno<\/strong>: si festegger\u00e0 la festa di San Gregorio Barbarigo, Santo che a Valsanzibio fece la Prima Comunione e che ispir\u00f2 l&#8217;alta simbologia del giardino stesso. Il 18 e 19 giugno sar\u00e0 un weekend dove si potranno ammirare performance live di \u201cArti e mestieri\u201d e degustare assaggi prodotti dalle attivit\u00e0 tipiche dei Colli. Sabato 18 giugno, inoltre, sar\u00e0 occasione per vivere un appuntamento magico in giardino e aperitivo al tramonto (a breve tutti i dettagli).<\/p>\n<p style=\"font-size: 1.2em; text-align: justify;\">Oltre ad avere la possibilit\u00e0 di visitare il Giardino guidati da critici d\u2019arte di grande fama, d\u2019estate si potr\u00e0 vivere il Giardino al tramonto, con visite guidate e proiettate nel tempo.<\/p>\n<p style=\"font-size: 1.2em; text-align: center;\">(in caso di brutto tempo ci potranno essere variazioni)<\/p>\n<!-- AddThis Advanced Settings generic via filter on the_content --><!-- AddThis Share Buttons generic via filter on the_content -->","protected":false},"excerpt":{"rendered":"<p>Alla scoperta del significato artistico e spirituale del Giardino, immersi tra piante secolari da tutto il mondo Apertura 2016: da Sabato 27 febbraio, tutti i giorni, fino a dicembre. Nel week end di apertura sar\u00e0 possibile partecipare alle due visite guidate sabato e domenica alle ore 11.30. Nel caso di brutto tempo le visite verranno [&hellip;]<!-- AddThis Advanced Settings generic via filter on get_the_excerpt --><!-- AddThis Share Buttons generic via filter on get_the_excerpt --><\/p>\n","protected":false},"author":4,"featured_media":1874,"comment_status":"closed","ping_status":"open","sticky":false,"template":"","format":"standard","meta":{"_monsterinsights_skip_tracking":false,"_monsterinsights_sitenote_active":false,"_monsterinsights_sitenote_note":"","_monsterinsights_sitenote_category":0,"ngg_post_thumbnail":0,"footnotes":""},"categories":[13,17],"tags":[],"class_list":["post-3955","post","type-post","status-publish","format-standard","has-post-thumbnail","hentry","category-eventi","category-news"],"yoast_head":"<!-- This site is optimized with the Yoast SEO plugin v27.5 - https:\/\/yoast.com\/product\/yoast-seo-wordpress\/ -->\n<title>IL GIARDINO DI VALSANZIBIO TRA SIMBOLISMI E ALLEGORIE - Giardino Storico di Valsanzibio | Villa Barbarigo Pizzoni Ardemani | Galzignano Terme, Padova<\/title>\n<meta name=\"robots\" content=\"index, follow, max-snippet:-1, max-image-preview:large, max-video-preview:-1\" \/>\n<link rel=\"canonical\" href=\"https:\/\/www.valsanzibiogiardino.com\/it\/il-giardino-di-valsanzibio-tra-simbolismi-e-allegorie\/\" \/>\n<meta name=\"twitter:label1\" content=\"Scritto da\" \/>\n\t<meta name=\"twitter:data1\" content=\"Staff\" \/>\n\t<meta name=\"twitter:label2\" content=\"Tempo di lettura stimato\" \/>\n\t<meta name=\"twitter:data2\" content=\"4 minuti\" \/>\n<script type=\"application\/ld+json\" class=\"yoast-schema-graph\">{\"@context\":\"https:\\\/\\\/schema.org\",\"@graph\":[{\"@type\":\"Article\",\"@id\":\"https:\\\/\\\/www.valsanzibiogiardino.com\\\/it\\\/il-giardino-di-valsanzibio-tra-simbolismi-e-allegorie\\\/#article\",\"isPartOf\":{\"@id\":\"https:\\\/\\\/www.valsanzibiogiardino.com\\\/it\\\/il-giardino-di-valsanzibio-tra-simbolismi-e-allegorie\\\/\"},\"author\":{\"name\":\"Staff\",\"@id\":\"https:\\\/\\\/www.valsanzibiogiardino.com\\\/it\\\/#\\\/schema\\\/person\\\/f6b11a7fbc16b7bd8b7dff8c277936bb\"},\"headline\":\"IL GIARDINO DI VALSANZIBIO TRA SIMBOLISMI E ALLEGORIE\",\"datePublished\":\"2016-02-28T18:13:31+00:00\",\"dateModified\":\"2016-03-08T12:52:49+00:00\",\"mainEntityOfPage\":{\"@id\":\"https:\\\/\\\/www.valsanzibiogiardino.com\\\/it\\\/il-giardino-di-valsanzibio-tra-simbolismi-e-allegorie\\\/\"},\"wordCount\":866,\"image\":{\"@id\":\"https:\\\/\\\/www.valsanzibiogiardino.com\\\/it\\\/il-giardino-di-valsanzibio-tra-simbolismi-e-allegorie\\\/#primaryimage\"},\"thumbnailUrl\":\"https:\\\/\\\/www.valsanzibiogiardino.com\\\/wp-content\\\/uploads\\\/2014\\\/08\\\/Vicenza2014_19_HDR2_low.jpg\",\"articleSection\":[\"EVENTI\",\"NEWS\"],\"inLanguage\":\"it-IT\"},{\"@type\":\"WebPage\",\"@id\":\"https:\\\/\\\/www.valsanzibiogiardino.com\\\/it\\\/il-giardino-di-valsanzibio-tra-simbolismi-e-allegorie\\\/\",\"url\":\"https:\\\/\\\/www.valsanzibiogiardino.com\\\/it\\\/il-giardino-di-valsanzibio-tra-simbolismi-e-allegorie\\\/\",\"name\":\"IL GIARDINO DI VALSANZIBIO TRA SIMBOLISMI E ALLEGORIE - Giardino Storico di Valsanzibio | Villa Barbarigo Pizzoni Ardemani | Galzignano Terme, Padova\",\"isPartOf\":{\"@id\":\"https:\\\/\\\/www.valsanzibiogiardino.com\\\/it\\\/#website\"},\"primaryImageOfPage\":{\"@id\":\"https:\\\/\\\/www.valsanzibiogiardino.com\\\/it\\\/il-giardino-di-valsanzibio-tra-simbolismi-e-allegorie\\\/#primaryimage\"},\"image\":{\"@id\":\"https:\\\/\\\/www.valsanzibiogiardino.com\\\/it\\\/il-giardino-di-valsanzibio-tra-simbolismi-e-allegorie\\\/#primaryimage\"},\"thumbnailUrl\":\"https:\\\/\\\/www.valsanzibiogiardino.com\\\/wp-content\\\/uploads\\\/2014\\\/08\\\/Vicenza2014_19_HDR2_low.jpg\",\"datePublished\":\"2016-02-28T18:13:31+00:00\",\"dateModified\":\"2016-03-08T12:52:49+00:00\",\"author\":{\"@id\":\"https:\\\/\\\/www.valsanzibiogiardino.com\\\/it\\\/#\\\/schema\\\/person\\\/f6b11a7fbc16b7bd8b7dff8c277936bb\"},\"breadcrumb\":{\"@id\":\"https:\\\/\\\/www.valsanzibiogiardino.com\\\/it\\\/il-giardino-di-valsanzibio-tra-simbolismi-e-allegorie\\\/#breadcrumb\"},\"inLanguage\":\"it-IT\",\"potentialAction\":[{\"@type\":\"ReadAction\",\"target\":[\"https:\\\/\\\/www.valsanzibiogiardino.com\\\/it\\\/il-giardino-di-valsanzibio-tra-simbolismi-e-allegorie\\\/\"]}]},{\"@type\":\"ImageObject\",\"inLanguage\":\"it-IT\",\"@id\":\"https:\\\/\\\/www.valsanzibiogiardino.com\\\/it\\\/il-giardino-di-valsanzibio-tra-simbolismi-e-allegorie\\\/#primaryimage\",\"url\":\"https:\\\/\\\/www.valsanzibiogiardino.com\\\/wp-content\\\/uploads\\\/2014\\\/08\\\/Vicenza2014_19_HDR2_low.jpg\",\"contentUrl\":\"https:\\\/\\\/www.valsanzibiogiardino.com\\\/wp-content\\\/uploads\\\/2014\\\/08\\\/Vicenza2014_19_HDR2_low.jpg\",\"width\":1024,\"height\":576},{\"@type\":\"BreadcrumbList\",\"@id\":\"https:\\\/\\\/www.valsanzibiogiardino.com\\\/it\\\/il-giardino-di-valsanzibio-tra-simbolismi-e-allegorie\\\/#breadcrumb\",\"itemListElement\":[{\"@type\":\"ListItem\",\"position\":1,\"name\":\"Home\",\"item\":\"https:\\\/\\\/www.valsanzibiogiardino.com\\\/it\\\/\"},{\"@type\":\"ListItem\",\"position\":2,\"name\":\"IL GIARDINO DI VALSANZIBIO TRA SIMBOLISMI E ALLEGORIE\"}]},{\"@type\":\"WebSite\",\"@id\":\"https:\\\/\\\/www.valsanzibiogiardino.com\\\/it\\\/#website\",\"url\":\"https:\\\/\\\/www.valsanzibiogiardino.com\\\/it\\\/\",\"name\":\"Giardino Storico di Valsanzibio | Villa Barbarigo Pizzoni Ardemani | Galzignano Terme, Padova\",\"description\":\"Il Giardino Storico di Valsanzibio si trova a Galzignano Terme, in provincia di Padova, ed \u00e8 uno dei pi\u00f9 estesi ed integri giardini d\u2019Epoca mondiali.\",\"potentialAction\":[{\"@type\":\"SearchAction\",\"target\":{\"@type\":\"EntryPoint\",\"urlTemplate\":\"https:\\\/\\\/www.valsanzibiogiardino.com\\\/it\\\/?s={search_term_string}\"},\"query-input\":{\"@type\":\"PropertyValueSpecification\",\"valueRequired\":true,\"valueName\":\"search_term_string\"}}],\"inLanguage\":\"it-IT\"},{\"@type\":\"Person\",\"@id\":\"https:\\\/\\\/www.valsanzibiogiardino.com\\\/it\\\/#\\\/schema\\\/person\\\/f6b11a7fbc16b7bd8b7dff8c277936bb\",\"name\":\"Staff\",\"url\":\"https:\\\/\\\/www.valsanzibiogiardino.com\\\/it\\\/author\\\/staff\\\/\"}]}<\/script>\n<!-- \/ Yoast SEO plugin. -->","yoast_head_json":{"title":"IL GIARDINO DI VALSANZIBIO TRA SIMBOLISMI E ALLEGORIE - Giardino Storico di Valsanzibio | Villa Barbarigo Pizzoni Ardemani | Galzignano Terme, Padova","robots":{"index":"index","follow":"follow","max-snippet":"max-snippet:-1","max-image-preview":"max-image-preview:large","max-video-preview":"max-video-preview:-1"},"canonical":"https:\/\/www.valsanzibiogiardino.com\/it\/il-giardino-di-valsanzibio-tra-simbolismi-e-allegorie\/","twitter_misc":{"Scritto da":"Staff","Tempo di lettura stimato":"4 minuti"},"schema":{"@context":"https:\/\/schema.org","@graph":[{"@type":"Article","@id":"https:\/\/www.valsanzibiogiardino.com\/it\/il-giardino-di-valsanzibio-tra-simbolismi-e-allegorie\/#article","isPartOf":{"@id":"https:\/\/www.valsanzibiogiardino.com\/it\/il-giardino-di-valsanzibio-tra-simbolismi-e-allegorie\/"},"author":{"name":"Staff","@id":"https:\/\/www.valsanzibiogiardino.com\/it\/#\/schema\/person\/f6b11a7fbc16b7bd8b7dff8c277936bb"},"headline":"IL GIARDINO DI VALSANZIBIO TRA SIMBOLISMI E ALLEGORIE","datePublished":"2016-02-28T18:13:31+00:00","dateModified":"2016-03-08T12:52:49+00:00","mainEntityOfPage":{"@id":"https:\/\/www.valsanzibiogiardino.com\/it\/il-giardino-di-valsanzibio-tra-simbolismi-e-allegorie\/"},"wordCount":866,"image":{"@id":"https:\/\/www.valsanzibiogiardino.com\/it\/il-giardino-di-valsanzibio-tra-simbolismi-e-allegorie\/#primaryimage"},"thumbnailUrl":"https:\/\/www.valsanzibiogiardino.com\/wp-content\/uploads\/2014\/08\/Vicenza2014_19_HDR2_low.jpg","articleSection":["EVENTI","NEWS"],"inLanguage":"it-IT"},{"@type":"WebPage","@id":"https:\/\/www.valsanzibiogiardino.com\/it\/il-giardino-di-valsanzibio-tra-simbolismi-e-allegorie\/","url":"https:\/\/www.valsanzibiogiardino.com\/it\/il-giardino-di-valsanzibio-tra-simbolismi-e-allegorie\/","name":"IL GIARDINO DI VALSANZIBIO TRA SIMBOLISMI E ALLEGORIE - Giardino Storico di Valsanzibio | Villa Barbarigo Pizzoni Ardemani | Galzignano Terme, Padova","isPartOf":{"@id":"https:\/\/www.valsanzibiogiardino.com\/it\/#website"},"primaryImageOfPage":{"@id":"https:\/\/www.valsanzibiogiardino.com\/it\/il-giardino-di-valsanzibio-tra-simbolismi-e-allegorie\/#primaryimage"},"image":{"@id":"https:\/\/www.valsanzibiogiardino.com\/it\/il-giardino-di-valsanzibio-tra-simbolismi-e-allegorie\/#primaryimage"},"thumbnailUrl":"https:\/\/www.valsanzibiogiardino.com\/wp-content\/uploads\/2014\/08\/Vicenza2014_19_HDR2_low.jpg","datePublished":"2016-02-28T18:13:31+00:00","dateModified":"2016-03-08T12:52:49+00:00","author":{"@id":"https:\/\/www.valsanzibiogiardino.com\/it\/#\/schema\/person\/f6b11a7fbc16b7bd8b7dff8c277936bb"},"breadcrumb":{"@id":"https:\/\/www.valsanzibiogiardino.com\/it\/il-giardino-di-valsanzibio-tra-simbolismi-e-allegorie\/#breadcrumb"},"inLanguage":"it-IT","potentialAction":[{"@type":"ReadAction","target":["https:\/\/www.valsanzibiogiardino.com\/it\/il-giardino-di-valsanzibio-tra-simbolismi-e-allegorie\/"]}]},{"@type":"ImageObject","inLanguage":"it-IT","@id":"https:\/\/www.valsanzibiogiardino.com\/it\/il-giardino-di-valsanzibio-tra-simbolismi-e-allegorie\/#primaryimage","url":"https:\/\/www.valsanzibiogiardino.com\/wp-content\/uploads\/2014\/08\/Vicenza2014_19_HDR2_low.jpg","contentUrl":"https:\/\/www.valsanzibiogiardino.com\/wp-content\/uploads\/2014\/08\/Vicenza2014_19_HDR2_low.jpg","width":1024,"height":576},{"@type":"BreadcrumbList","@id":"https:\/\/www.valsanzibiogiardino.com\/it\/il-giardino-di-valsanzibio-tra-simbolismi-e-allegorie\/#breadcrumb","itemListElement":[{"@type":"ListItem","position":1,"name":"Home","item":"https:\/\/www.valsanzibiogiardino.com\/it\/"},{"@type":"ListItem","position":2,"name":"IL GIARDINO DI VALSANZIBIO TRA SIMBOLISMI E ALLEGORIE"}]},{"@type":"WebSite","@id":"https:\/\/www.valsanzibiogiardino.com\/it\/#website","url":"https:\/\/www.valsanzibiogiardino.com\/it\/","name":"Giardino Storico di Valsanzibio | Villa Barbarigo Pizzoni Ardemani | Galzignano Terme, Padova","description":"Il Giardino Storico di Valsanzibio si trova a Galzignano Terme, in provincia di Padova, ed \u00e8 uno dei pi\u00f9 estesi ed integri giardini d\u2019Epoca mondiali.","potentialAction":[{"@type":"SearchAction","target":{"@type":"EntryPoint","urlTemplate":"https:\/\/www.valsanzibiogiardino.com\/it\/?s={search_term_string}"},"query-input":{"@type":"PropertyValueSpecification","valueRequired":true,"valueName":"search_term_string"}}],"inLanguage":"it-IT"},{"@type":"Person","@id":"https:\/\/www.valsanzibiogiardino.com\/it\/#\/schema\/person\/f6b11a7fbc16b7bd8b7dff8c277936bb","name":"Staff","url":"https:\/\/www.valsanzibiogiardino.com\/it\/author\/staff\/"}]}},"_links":{"self":[{"href":"https:\/\/www.valsanzibiogiardino.com\/it\/wp-json\/wp\/v2\/posts\/3955","targetHints":{"allow":["GET"]}}],"collection":[{"href":"https:\/\/www.valsanzibiogiardino.com\/it\/wp-json\/wp\/v2\/posts"}],"about":[{"href":"https:\/\/www.valsanzibiogiardino.com\/it\/wp-json\/wp\/v2\/types\/post"}],"author":[{"embeddable":true,"href":"https:\/\/www.valsanzibiogiardino.com\/it\/wp-json\/wp\/v2\/users\/4"}],"replies":[{"embeddable":true,"href":"https:\/\/www.valsanzibiogiardino.com\/it\/wp-json\/wp\/v2\/comments?post=3955"}],"version-history":[{"count":0,"href":"https:\/\/www.valsanzibiogiardino.com\/it\/wp-json\/wp\/v2\/posts\/3955\/revisions"}],"wp:featuredmedia":[{"embeddable":true,"href":"https:\/\/www.valsanzibiogiardino.com\/it\/wp-json\/wp\/v2\/media\/1874"}],"wp:attachment":[{"href":"https:\/\/www.valsanzibiogiardino.com\/it\/wp-json\/wp\/v2\/media?parent=3955"}],"wp:term":[{"taxonomy":"category","embeddable":true,"href":"https:\/\/www.valsanzibiogiardino.com\/it\/wp-json\/wp\/v2\/categories?post=3955"},{"taxonomy":"post_tag","embeddable":true,"href":"https:\/\/www.valsanzibiogiardino.com\/it\/wp-json\/wp\/v2\/tags?post=3955"}],"curies":[{"name":"wp","href":"https:\/\/api.w.org\/{rel}","templated":true}]}}