{"id":3712,"date":"2016-01-06T15:26:31","date_gmt":"2016-01-06T14:26:31","guid":{"rendered":"https:\/\/www.valsanzibiogiardino.it\/?p=3712"},"modified":"2016-07-08T11:43:29","modified_gmt":"2016-07-08T09:43:29","slug":"diventa-sponsor-2","status":"publish","type":"post","link":"https:\/\/www.valsanzibiogiardino.com\/it\/diventa-sponsor-2\/","title":{"rendered":"DIVENTA SPONSOR"},"content":{"rendered":"<p style=\"text-align: center;\">\n<div class=\"ngg-galleryoverview ngg-slideshow\"\n\tid=\"ngg-slideshow-fb1b643f2342e2260eabf01f753ff4d0-11666741790\"\n\tdata-gallery-id=\"fb1b643f2342e2260eabf01f753ff4d0\"\n\tstyle=\"max-width: 600px;\n\t\t\tmax-height: 400px;\n\t\t\tdisplay: none;\">\n\n\t\n\t\t<a href=\"https:\/\/www.valsanzibiogiardino.com\/wp-content\/gallery\/350-anniversario\/10379016_240961942767317_3644156387618393954_n.jpg\"\n\t\t\ttitle=\"\"\n\t\t\tdata-src=\"https:\/\/www.valsanzibiogiardino.com\/wp-content\/gallery\/350-anniversario\/10379016_240961942767317_3644156387618393954_n.jpg\"\n\t\t\tdata-thumbnail=\"https:\/\/www.valsanzibiogiardino.com\/wp-content\/gallery\/350-anniversario\/thumbs\/thumbs_10379016_240961942767317_3644156387618393954_n.jpg\"\n\t\t\tdata-image-id=\"388\"\n\t\t\tdata-title=\"10379016_240961942767317_3644156387618393954_n\"\n\t\t\tdata-description=\"\"\n\t\t\t\t\t\t\t\t\t\t\t\t\t\t\tclass=\"ngg-fancybox\" rel=\"fb1b643f2342e2260eabf01f753ff4d0\">\n\t\t\t\n\t\t\t<img data-image-id='388'\n\t\t\t\ttitle=\"\"\n\t\t\t\talt=\"10379016_240961942767317_3644156387618393954_n\"\n\t\t\t\tsrc=\"https:\/\/www.valsanzibiogiardino.com\/wp-content\/gallery\/350-anniversario\/10379016_240961942767317_3644156387618393954_n.jpg\"\n\t\t\t\tstyle=\"max-height: 380px;\"\/>\n\t\t<\/a>\n\n\t\t\n\t\t<a href=\"https:\/\/www.valsanzibiogiardino.com\/wp-content\/gallery\/350-anniversario\/10418907_240961806100664_6448514241227385624_n.jpg\"\n\t\t\ttitle=\"\"\n\t\t\tdata-src=\"https:\/\/www.valsanzibiogiardino.com\/wp-content\/gallery\/350-anniversario\/10418907_240961806100664_6448514241227385624_n.jpg\"\n\t\t\tdata-thumbnail=\"https:\/\/www.valsanzibiogiardino.com\/wp-content\/gallery\/350-anniversario\/thumbs\/thumbs_10418907_240961806100664_6448514241227385624_n.jpg\"\n\t\t\tdata-image-id=\"389\"\n\t\t\tdata-title=\"10418907_240961806100664_6448514241227385624_n\"\n\t\t\tdata-description=\"\"\n\t\t\t\t\t\t\t\t\t\t\t\t\t\t\tclass=\"ngg-fancybox\" rel=\"fb1b643f2342e2260eabf01f753ff4d0\">\n\t\t\t\n\t\t\t<img data-image-id='389'\n\t\t\t\ttitle=\"\"\n\t\t\t\talt=\"10418907_240961806100664_6448514241227385624_n\"\n\t\t\t\tsrc=\"https:\/\/www.valsanzibiogiardino.com\/wp-content\/gallery\/350-anniversario\/10418907_240961806100664_6448514241227385624_n.jpg\"\n\t\t\t\tstyle=\"max-height: 380px;\"\/>\n\t\t<\/a>\n\n\t\t\n\t\t<a href=\"https:\/\/www.valsanzibiogiardino.com\/wp-content\/gallery\/350-anniversario\/Vicenza2014_18_HDR2_low.jpg\"\n\t\t\ttitle=\"\"\n\t\t\tdata-src=\"https:\/\/www.valsanzibiogiardino.com\/wp-content\/gallery\/350-anniversario\/Vicenza2014_18_HDR2_low.jpg\"\n\t\t\tdata-thumbnail=\"https:\/\/www.valsanzibiogiardino.com\/wp-content\/gallery\/350-anniversario\/thumbs\/thumbs_Vicenza2014_18_HDR2_low.jpg\"\n\t\t\tdata-image-id=\"391\"\n\t\t\tdata-title=\"Vicenza2014_18_HDR2_low\"\n\t\t\tdata-description=\"\"\n\t\t\t\t\t\t\t\t\t\t\t\t\t\t\tclass=\"ngg-fancybox\" rel=\"fb1b643f2342e2260eabf01f753ff4d0\">\n\t\t\t\n\t\t\t<img data-image-id='391'\n\t\t\t\ttitle=\"\"\n\t\t\t\talt=\"Vicenza2014_18_HDR2_low\"\n\t\t\t\tsrc=\"https:\/\/www.valsanzibiogiardino.com\/wp-content\/gallery\/350-anniversario\/Vicenza2014_18_HDR2_low.jpg\"\n\t\t\t\tstyle=\"max-height: 380px;\"\/>\n\t\t<\/a>\n\n\t\t\n\t\t<a href=\"https:\/\/www.valsanzibiogiardino.com\/wp-content\/gallery\/350-anniversario\/Vicenza2014_19_HDR2_low.jpg\"\n\t\t\ttitle=\"\"\n\t\t\tdata-src=\"https:\/\/www.valsanzibiogiardino.com\/wp-content\/gallery\/350-anniversario\/Vicenza2014_19_HDR2_low.jpg\"\n\t\t\tdata-thumbnail=\"https:\/\/www.valsanzibiogiardino.com\/wp-content\/gallery\/350-anniversario\/thumbs\/thumbs_Vicenza2014_19_HDR2_low.jpg\"\n\t\t\tdata-image-id=\"392\"\n\t\t\tdata-title=\"Vicenza2014_19_HDR2_low\"\n\t\t\tdata-description=\"\"\n\t\t\t\t\t\t\t\t\t\t\t\t\t\t\tclass=\"ngg-fancybox\" rel=\"fb1b643f2342e2260eabf01f753ff4d0\">\n\t\t\t\n\t\t\t<img data-image-id='392'\n\t\t\t\ttitle=\"\"\n\t\t\t\talt=\"Vicenza2014_19_HDR2_low\"\n\t\t\t\tsrc=\"https:\/\/www.valsanzibiogiardino.com\/wp-content\/gallery\/350-anniversario\/Vicenza2014_19_HDR2_low.jpg\"\n\t\t\t\tstyle=\"max-height: 380px;\"\/>\n\t\t<\/a>\n\n\t\t\n\t\t<a href=\"https:\/\/www.valsanzibiogiardino.com\/wp-content\/gallery\/350-anniversario\/PeschieraVentiNotte_0514_low.jpg\"\n\t\t\ttitle=\"\"\n\t\t\tdata-src=\"https:\/\/www.valsanzibiogiardino.com\/wp-content\/gallery\/350-anniversario\/PeschieraVentiNotte_0514_low.jpg\"\n\t\t\tdata-thumbnail=\"https:\/\/www.valsanzibiogiardino.com\/wp-content\/gallery\/350-anniversario\/thumbs\/thumbs_PeschieraVentiNotte_0514_low.jpg\"\n\t\t\tdata-image-id=\"393\"\n\t\t\tdata-title=\"PeschieraVentiNotte_0514_low\"\n\t\t\tdata-description=\"\"\n\t\t\t\t\t\t\t\t\t\t\t\t\t\t\tclass=\"ngg-fancybox\" rel=\"fb1b643f2342e2260eabf01f753ff4d0\">\n\t\t\t\n\t\t\t<img data-image-id='393'\n\t\t\t\ttitle=\"\"\n\t\t\t\talt=\"PeschieraVentiNotte_0514_low\"\n\t\t\t\tsrc=\"https:\/\/www.valsanzibiogiardino.com\/wp-content\/gallery\/350-anniversario\/PeschieraVentiNotte_0514_low.jpg\"\n\t\t\t\tstyle=\"max-height: 380px;\"\/>\n\t\t<\/a>\n\n\t\t\n\t\t<a href=\"https:\/\/www.valsanzibiogiardino.com\/wp-content\/gallery\/350-anniversario\/StatuaDelPiazzale_Solitudine_QVC_Giu2014.jpg\"\n\t\t\ttitle=\"\"\n\t\t\tdata-src=\"https:\/\/www.valsanzibiogiardino.com\/wp-content\/gallery\/350-anniversario\/StatuaDelPiazzale_Solitudine_QVC_Giu2014.jpg\"\n\t\t\tdata-thumbnail=\"https:\/\/www.valsanzibiogiardino.com\/wp-content\/gallery\/350-anniversario\/thumbs\/thumbs_StatuaDelPiazzale_Solitudine_QVC_Giu2014.jpg\"\n\t\t\tdata-image-id=\"394\"\n\t\t\tdata-title=\"StatuaDelPiazzale_Solitudine_QVC_Giu2014\"\n\t\t\tdata-description=\"\"\n\t\t\t\t\t\t\t\t\t\t\t\t\t\t\tclass=\"ngg-fancybox\" rel=\"fb1b643f2342e2260eabf01f753ff4d0\">\n\t\t\t\n\t\t\t<img data-image-id='394'\n\t\t\t\ttitle=\"\"\n\t\t\t\talt=\"StatuaDelPiazzale_Solitudine_QVC_Giu2014\"\n\t\t\t\tsrc=\"https:\/\/www.valsanzibiogiardino.com\/wp-content\/gallery\/350-anniversario\/StatuaDelPiazzale_Solitudine_QVC_Giu2014.jpg\"\n\t\t\t\tstyle=\"max-height: 380px;\"\/>\n\t\t<\/a>\n\n\t\t\n\t\t<a href=\"https:\/\/www.valsanzibiogiardino.com\/wp-content\/gallery\/350-anniversario\/MG_6779.jpg\"\n\t\t\ttitle=\" \"\n\t\t\tdata-src=\"https:\/\/www.valsanzibiogiardino.com\/wp-content\/gallery\/350-anniversario\/MG_6779.jpg\"\n\t\t\tdata-thumbnail=\"https:\/\/www.valsanzibiogiardino.com\/wp-content\/gallery\/350-anniversario\/thumbs\/thumbs_MG_6779.jpg\"\n\t\t\tdata-image-id=\"396\"\n\t\t\tdata-title=\"_MG_6779\"\n\t\t\tdata-description=\" \"\n\t\t\t\t\t\t\t\t\t\t\t\t\t\t\tclass=\"ngg-fancybox\" rel=\"fb1b643f2342e2260eabf01f753ff4d0\">\n\t\t\t\n\t\t\t<img data-image-id='396'\n\t\t\t\ttitle=\" \"\n\t\t\t\talt=\"_MG_6779\"\n\t\t\t\tsrc=\"https:\/\/www.valsanzibiogiardino.com\/wp-content\/gallery\/350-anniversario\/MG_6779.jpg\"\n\t\t\t\tstyle=\"max-height: 380px;\"\/>\n\t\t<\/a>\n\n\t\t\n\t\t<a href=\"https:\/\/www.valsanzibiogiardino.com\/wp-content\/gallery\/350-anniversario\/MG_6865.jpg\"\n\t\t\ttitle=\" \"\n\t\t\tdata-src=\"https:\/\/www.valsanzibiogiardino.com\/wp-content\/gallery\/350-anniversario\/MG_6865.jpg\"\n\t\t\tdata-thumbnail=\"https:\/\/www.valsanzibiogiardino.com\/wp-content\/gallery\/350-anniversario\/thumbs\/thumbs_MG_6865.jpg\"\n\t\t\tdata-image-id=\"397\"\n\t\t\tdata-title=\"_MG_6865\"\n\t\t\tdata-description=\" \"\n\t\t\t\t\t\t\t\t\t\t\t\t\t\t\tclass=\"ngg-fancybox\" rel=\"fb1b643f2342e2260eabf01f753ff4d0\">\n\t\t\t\n\t\t\t<img data-image-id='397'\n\t\t\t\ttitle=\" \"\n\t\t\t\talt=\"_MG_6865\"\n\t\t\t\tsrc=\"https:\/\/www.valsanzibiogiardino.com\/wp-content\/gallery\/350-anniversario\/MG_6865.jpg\"\n\t\t\t\tstyle=\"max-height: 380px;\"\/>\n\t\t<\/a>\n\n\t\t\n\t\t<a href=\"https:\/\/www.valsanzibiogiardino.com\/wp-content\/gallery\/350-anniversario\/MG_6880.jpg\"\n\t\t\ttitle=\" \"\n\t\t\tdata-src=\"https:\/\/www.valsanzibiogiardino.com\/wp-content\/gallery\/350-anniversario\/MG_6880.jpg\"\n\t\t\tdata-thumbnail=\"https:\/\/www.valsanzibiogiardino.com\/wp-content\/gallery\/350-anniversario\/thumbs\/thumbs_MG_6880.jpg\"\n\t\t\tdata-image-id=\"398\"\n\t\t\tdata-title=\"_MG_6880\"\n\t\t\tdata-description=\" \"\n\t\t\t\t\t\t\t\t\t\t\t\t\t\t\tclass=\"ngg-fancybox\" rel=\"fb1b643f2342e2260eabf01f753ff4d0\">\n\t\t\t\n\t\t\t<img data-image-id='398'\n\t\t\t\ttitle=\" \"\n\t\t\t\talt=\"_MG_6880\"\n\t\t\t\tsrc=\"https:\/\/www.valsanzibiogiardino.com\/wp-content\/gallery\/350-anniversario\/MG_6880.jpg\"\n\t\t\t\tstyle=\"max-height: 380px;\"\/>\n\t\t<\/a>\n\n\t\t\n\t\t<a href=\"https:\/\/www.valsanzibiogiardino.com\/wp-content\/gallery\/350-anniversario\/MG_6911.jpg\"\n\t\t\ttitle=\" \"\n\t\t\tdata-src=\"https:\/\/www.valsanzibiogiardino.com\/wp-content\/gallery\/350-anniversario\/MG_6911.jpg\"\n\t\t\tdata-thumbnail=\"https:\/\/www.valsanzibiogiardino.com\/wp-content\/gallery\/350-anniversario\/thumbs\/thumbs_MG_6911.jpg\"\n\t\t\tdata-image-id=\"399\"\n\t\t\tdata-title=\"_MG_6911\"\n\t\t\tdata-description=\" \"\n\t\t\t\t\t\t\t\t\t\t\t\t\t\t\tclass=\"ngg-fancybox\" rel=\"fb1b643f2342e2260eabf01f753ff4d0\">\n\t\t\t\n\t\t\t<img data-image-id='399'\n\t\t\t\ttitle=\" \"\n\t\t\t\talt=\"_MG_6911\"\n\t\t\t\tsrc=\"https:\/\/www.valsanzibiogiardino.com\/wp-content\/gallery\/350-anniversario\/MG_6911.jpg\"\n\t\t\t\tstyle=\"max-height: 380px;\"\/>\n\t\t<\/a>\n\n\t\t\n\t\t<a href=\"https:\/\/www.valsanzibiogiardino.com\/wp-content\/gallery\/350-anniversario\/MG_6445_EventoAirc130414.jpg\"\n\t\t\ttitle=\" \"\n\t\t\tdata-src=\"https:\/\/www.valsanzibiogiardino.com\/wp-content\/gallery\/350-anniversario\/MG_6445_EventoAirc130414.jpg\"\n\t\t\tdata-thumbnail=\"https:\/\/www.valsanzibiogiardino.com\/wp-content\/gallery\/350-anniversario\/thumbs\/thumbs_MG_6445_EventoAirc130414.jpg\"\n\t\t\tdata-image-id=\"395\"\n\t\t\tdata-title=\"_MG_6445_EventoAirc130414\"\n\t\t\tdata-description=\" \"\n\t\t\t\t\t\t\t\t\t\t\t\t\t\t\tclass=\"ngg-fancybox\" rel=\"fb1b643f2342e2260eabf01f753ff4d0\">\n\t\t\t\n\t\t\t<img data-image-id='395'\n\t\t\t\ttitle=\" \"\n\t\t\t\talt=\"_MG_6445_EventoAirc130414\"\n\t\t\t\tsrc=\"https:\/\/www.valsanzibiogiardino.com\/wp-content\/gallery\/350-anniversario\/MG_6445_EventoAirc130414.jpg\"\n\t\t\t\tstyle=\"max-height: 380px;\"\/>\n\t\t<\/a>\n\n\t\t\n\t\t<a href=\"https:\/\/www.valsanzibiogiardino.com\/wp-content\/gallery\/350-anniversario\/MG_7047.jpg\"\n\t\t\ttitle=\" \"\n\t\t\tdata-src=\"https:\/\/www.valsanzibiogiardino.com\/wp-content\/gallery\/350-anniversario\/MG_7047.jpg\"\n\t\t\tdata-thumbnail=\"https:\/\/www.valsanzibiogiardino.com\/wp-content\/gallery\/350-anniversario\/thumbs\/thumbs_MG_7047.jpg\"\n\t\t\tdata-image-id=\"400\"\n\t\t\tdata-title=\"_MG_7047\"\n\t\t\tdata-description=\" \"\n\t\t\t\t\t\t\t\t\t\t\t\t\t\t\tclass=\"ngg-fancybox\" rel=\"fb1b643f2342e2260eabf01f753ff4d0\">\n\t\t\t\n\t\t\t<img data-image-id='400'\n\t\t\t\ttitle=\" \"\n\t\t\t\talt=\"_MG_7047\"\n\t\t\t\tsrc=\"https:\/\/www.valsanzibiogiardino.com\/wp-content\/gallery\/350-anniversario\/MG_7047.jpg\"\n\t\t\t\tstyle=\"max-height: 380px;\"\/>\n\t\t<\/a>\n\n\t\t\n\t\t<a href=\"https:\/\/www.valsanzibiogiardino.com\/wp-content\/gallery\/350-anniversario\/MG_7052.jpg\"\n\t\t\ttitle=\" \"\n\t\t\tdata-src=\"https:\/\/www.valsanzibiogiardino.com\/wp-content\/gallery\/350-anniversario\/MG_7052.jpg\"\n\t\t\tdata-thumbnail=\"https:\/\/www.valsanzibiogiardino.com\/wp-content\/gallery\/350-anniversario\/thumbs\/thumbs_MG_7052.jpg\"\n\t\t\tdata-image-id=\"401\"\n\t\t\tdata-title=\"_MG_7052\"\n\t\t\tdata-description=\" \"\n\t\t\t\t\t\t\t\t\t\t\t\t\t\t\tclass=\"ngg-fancybox\" rel=\"fb1b643f2342e2260eabf01f753ff4d0\">\n\t\t\t\n\t\t\t<img data-image-id='401'\n\t\t\t\ttitle=\" \"\n\t\t\t\talt=\"_MG_7052\"\n\t\t\t\tsrc=\"https:\/\/www.valsanzibiogiardino.com\/wp-content\/gallery\/350-anniversario\/MG_7052.jpg\"\n\t\t\t\tstyle=\"max-height: 380px;\"\/>\n\t\t<\/a>\n\n\t\t\n\t\t<a href=\"https:\/\/www.valsanzibiogiardino.com\/wp-content\/gallery\/350-anniversario\/MG_7074.jpg\"\n\t\t\ttitle=\" \"\n\t\t\tdata-src=\"https:\/\/www.valsanzibiogiardino.com\/wp-content\/gallery\/350-anniversario\/MG_7074.jpg\"\n\t\t\tdata-thumbnail=\"https:\/\/www.valsanzibiogiardino.com\/wp-content\/gallery\/350-anniversario\/thumbs\/thumbs_MG_7074.jpg\"\n\t\t\tdata-image-id=\"402\"\n\t\t\tdata-title=\"_MG_7074\"\n\t\t\tdata-description=\" \"\n\t\t\t\t\t\t\t\t\t\t\t\t\t\t\tclass=\"ngg-fancybox\" rel=\"fb1b643f2342e2260eabf01f753ff4d0\">\n\t\t\t\n\t\t\t<img data-image-id='402'\n\t\t\t\ttitle=\" \"\n\t\t\t\talt=\"_MG_7074\"\n\t\t\t\tsrc=\"https:\/\/www.valsanzibiogiardino.com\/wp-content\/gallery\/350-anniversario\/MG_7074.jpg\"\n\t\t\t\tstyle=\"max-height: 380px;\"\/>\n\t\t<\/a>\n\n\t\t\n\t\t<a href=\"https:\/\/www.valsanzibiogiardino.com\/wp-content\/gallery\/350-anniversario\/Vicenza2014_14_HDR2_low.jpg\"\n\t\t\ttitle=\" \"\n\t\t\tdata-src=\"https:\/\/www.valsanzibiogiardino.com\/wp-content\/gallery\/350-anniversario\/Vicenza2014_14_HDR2_low.jpg\"\n\t\t\tdata-thumbnail=\"https:\/\/www.valsanzibiogiardino.com\/wp-content\/gallery\/350-anniversario\/thumbs\/thumbs_Vicenza2014_14_HDR2_low.jpg\"\n\t\t\tdata-image-id=\"403\"\n\t\t\tdata-title=\"Vicenza2014_14_HDR2_low\"\n\t\t\tdata-description=\" \"\n\t\t\t\t\t\t\t\t\t\t\t\t\t\t\tclass=\"ngg-fancybox\" rel=\"fb1b643f2342e2260eabf01f753ff4d0\">\n\t\t\t\n\t\t\t<img data-image-id='403'\n\t\t\t\ttitle=\" \"\n\t\t\t\talt=\"Vicenza2014_14_HDR2_low\"\n\t\t\t\tsrc=\"https:\/\/www.valsanzibiogiardino.com\/wp-content\/gallery\/350-anniversario\/Vicenza2014_14_HDR2_low.jpg\"\n\t\t\t\tstyle=\"max-height: 380px;\"\/>\n\t\t<\/a>\n\n\t\t\n\t\t<a href=\"https:\/\/www.valsanzibiogiardino.com\/wp-content\/gallery\/350-anniversario\/Vicenza2014_17_HDR2_low.jpg\"\n\t\t\ttitle=\" \"\n\t\t\tdata-src=\"https:\/\/www.valsanzibiogiardino.com\/wp-content\/gallery\/350-anniversario\/Vicenza2014_17_HDR2_low.jpg\"\n\t\t\tdata-thumbnail=\"https:\/\/www.valsanzibiogiardino.com\/wp-content\/gallery\/350-anniversario\/thumbs\/thumbs_Vicenza2014_17_HDR2_low.jpg\"\n\t\t\tdata-image-id=\"404\"\n\t\t\tdata-title=\"Vicenza2014_17_HDR2_low\"\n\t\t\tdata-description=\" \"\n\t\t\t\t\t\t\t\t\t\t\t\t\t\t\tclass=\"ngg-fancybox\" rel=\"fb1b643f2342e2260eabf01f753ff4d0\">\n\t\t\t\n\t\t\t<img data-image-id='404'\n\t\t\t\ttitle=\" \"\n\t\t\t\talt=\"Vicenza2014_17_HDR2_low\"\n\t\t\t\tsrc=\"https:\/\/www.valsanzibiogiardino.com\/wp-content\/gallery\/350-anniversario\/Vicenza2014_17_HDR2_low.jpg\"\n\t\t\t\tstyle=\"max-height: 380px;\"\/>\n\t\t<\/a>\n\n\t\t\n\t\t<a href=\"https:\/\/www.valsanzibiogiardino.com\/wp-content\/gallery\/350-anniversario\/Zeffiro_Low.jpg\"\n\t\t\ttitle=\" \"\n\t\t\tdata-src=\"https:\/\/www.valsanzibiogiardino.com\/wp-content\/gallery\/350-anniversario\/Zeffiro_Low.jpg\"\n\t\t\tdata-thumbnail=\"https:\/\/www.valsanzibiogiardino.com\/wp-content\/gallery\/350-anniversario\/thumbs\/thumbs_Zeffiro_Low.jpg\"\n\t\t\tdata-image-id=\"405\"\n\t\t\tdata-title=\"Zeffiro_Low\"\n\t\t\tdata-description=\" \"\n\t\t\t\t\t\t\t\t\t\t\t\t\t\t\tclass=\"ngg-fancybox\" rel=\"fb1b643f2342e2260eabf01f753ff4d0\">\n\t\t\t\n\t\t\t<img data-image-id='405'\n\t\t\t\ttitle=\" \"\n\t\t\t\talt=\"Zeffiro_Low\"\n\t\t\t\tsrc=\"https:\/\/www.valsanzibiogiardino.com\/wp-content\/gallery\/350-anniversario\/Zeffiro_Low.jpg\"\n\t\t\t\tstyle=\"max-height: 380px;\"\/>\n\t\t<\/a>\n\n\t\t\n\t\t<a href=\"https:\/\/www.valsanzibiogiardino.com\/wp-content\/gallery\/350-anniversario\/FotoAereaLabirinto_Email.jpg\"\n\t\t\ttitle=\" \"\n\t\t\tdata-src=\"https:\/\/www.valsanzibiogiardino.com\/wp-content\/gallery\/350-anniversario\/FotoAereaLabirinto_Email.jpg\"\n\t\t\tdata-thumbnail=\"https:\/\/www.valsanzibiogiardino.com\/wp-content\/gallery\/350-anniversario\/thumbs\/thumbs_FotoAereaLabirinto_Email.jpg\"\n\t\t\tdata-image-id=\"539\"\n\t\t\tdata-title=\"FotoAereaLabirinto_Email\"\n\t\t\tdata-description=\" \"\n\t\t\t\t\t\t\t\t\t\t\t\t\t\t\tclass=\"ngg-fancybox\" rel=\"fb1b643f2342e2260eabf01f753ff4d0\">\n\t\t\t\n\t\t\t<img data-image-id='539'\n\t\t\t\ttitle=\" \"\n\t\t\t\talt=\"FotoAereaLabirinto_Email\"\n\t\t\t\tsrc=\"https:\/\/www.valsanzibiogiardino.com\/wp-content\/gallery\/350-anniversario\/FotoAereaLabirinto_Email.jpg\"\n\t\t\t\tstyle=\"max-height: 380px;\"\/>\n\t\t<\/a>\n\n\t\t<\/div>\n\n\n<\/p>\n<p style=\"font-size: 1.4em; text-align: justify;\">Sostenere il GIARDINO MONUMENTALE DI VALSANZIBIO, ovviamente, consente di fare promozione del proprio BRAND e di ottenere visibilit\u00e0 dalla campagna di comunicazione.<\/p>\n<p style=\"font-size: 1.4em; text-align: justify;\">Per\u00f2, questo aspetto immediato, pratico e pragmatico \u00e8 forse meno importante, e sicuramente meno nobile, del fatto che un PARTNER di questa impareggiabile realt\u00e0 diventa <strong>protagonista di un\u2019importante sfida culturale, artistica ed ambientale<\/strong>.<\/p>\n<p style=\"font-size: 1.4em; text-align: justify;\">Il Giardino di Valsanzibio \u00e8 un concentrato di quasi 400 anni di storia dove architetture, statue e piante si intrecciano descrivendo allegorie e simbolismi senza tempo e creando una dimensione oggi giorno molto rara, una dimensione dove la bellezza di madre natura si fonde in perfetta armonia con la bellezza forgiata dalla mano dell\u2019uomo.<\/p>\n<p style=\"font-size: 1.8em; text-align: center;\">Per informazioni contattare<\/p>\n<p style=\"font-size: 2.2em; text-align: center;\"><strong>info@valsanzibiogiardino.it<\/strong><\/p>\n<p style=\"font-size: 1.8em; text-align: center;\">o chiamare il 335\/5634918<\/p>\n<!-- AddThis Advanced Settings generic via filter on the_content --><!-- AddThis Share Buttons generic via filter on the_content -->","protected":false},"excerpt":{"rendered":"<p>Sostenere il GIARDINO MONUMENTALE DI VALSANZIBIO, ovviamente, consente di fare promozione del proprio BRAND e di ottenere visibilit\u00e0 dalla campagna di comunicazione. Per\u00f2, questo aspetto immediato, pratico e pragmatico \u00e8 forse meno importante, e sicuramente meno nobile, del fatto che un PARTNER di questa impareggiabile realt\u00e0 diventa protagonista di un\u2019importante sfida culturale, artistica ed ambientale. [&hellip;]<!-- AddThis Advanced Settings generic via filter on get_the_excerpt --><!-- AddThis Share Buttons generic via filter on get_the_excerpt --><\/p>\n","protected":false},"author":4,"featured_media":0,"comment_status":"closed","ping_status":"open","sticky":false,"template":"","format":"standard","meta":{"_monsterinsights_skip_tracking":false,"_monsterinsights_sitenote_active":false,"_monsterinsights_sitenote_note":"","_monsterinsights_sitenote_category":0,"ngg_post_thumbnail":0,"footnotes":""},"categories":[1],"tags":[],"class_list":["post-3712","post","type-post","status-publish","format-standard","hentry","category-senzacategoria"],"yoast_head":"<!-- This site is optimized with the Yoast SEO plugin v27.3 - https:\/\/yoast.com\/product\/yoast-seo-wordpress\/ -->\n<title>DIVENTA SPONSOR - Giardino Storico di Valsanzibio | Villa Barbarigo Pizzoni Ardemani | Galzignano Terme, Padova<\/title>\n<meta name=\"robots\" content=\"index, follow, max-snippet:-1, max-image-preview:large, max-video-preview:-1\" \/>\n<link rel=\"canonical\" href=\"https:\/\/www.valsanzibiogiardino.com\/it\/diventa-sponsor-2\/\" \/>\n<meta name=\"twitter:label1\" content=\"Scritto da\" \/>\n\t<meta name=\"twitter:data1\" content=\"Staff\" \/>\n\t<meta name=\"twitter:label2\" content=\"Tempo di lettura stimato\" \/>\n\t<meta name=\"twitter:data2\" content=\"1 minuto\" \/>\n<script type=\"application\/ld+json\" class=\"yoast-schema-graph\">{\"@context\":\"https:\\\/\\\/schema.org\",\"@graph\":[{\"@type\":\"Article\",\"@id\":\"https:\\\/\\\/www.valsanzibiogiardino.com\\\/it\\\/diventa-sponsor-2\\\/#article\",\"isPartOf\":{\"@id\":\"https:\\\/\\\/www.valsanzibiogiardino.com\\\/it\\\/diventa-sponsor-2\\\/\"},\"author\":{\"name\":\"Staff\",\"@id\":\"https:\\\/\\\/www.valsanzibiogiardino.com\\\/it\\\/#\\\/schema\\\/person\\\/f6b11a7fbc16b7bd8b7dff8c277936bb\"},\"headline\":\"DIVENTA SPONSOR\",\"datePublished\":\"2016-01-06T14:26:31+00:00\",\"dateModified\":\"2016-07-08T09:43:29+00:00\",\"mainEntityOfPage\":{\"@id\":\"https:\\\/\\\/www.valsanzibiogiardino.com\\\/it\\\/diventa-sponsor-2\\\/\"},\"wordCount\":119,\"image\":{\"@id\":\"https:\\\/\\\/www.valsanzibiogiardino.com\\\/it\\\/diventa-sponsor-2\\\/#primaryimage\"},\"thumbnailUrl\":\"https:\\\/\\\/www.valsanzibiogiardino.it\\\/nextgen-attach_to_post\\\/preview\\\/id--4282\",\"articleSection\":[\"Senza Categoria\"],\"inLanguage\":\"it-IT\"},{\"@type\":\"WebPage\",\"@id\":\"https:\\\/\\\/www.valsanzibiogiardino.com\\\/it\\\/diventa-sponsor-2\\\/\",\"url\":\"https:\\\/\\\/www.valsanzibiogiardino.com\\\/it\\\/diventa-sponsor-2\\\/\",\"name\":\"DIVENTA SPONSOR - Giardino Storico di Valsanzibio | Villa Barbarigo Pizzoni Ardemani | Galzignano Terme, Padova\",\"isPartOf\":{\"@id\":\"https:\\\/\\\/www.valsanzibiogiardino.com\\\/it\\\/#website\"},\"primaryImageOfPage\":{\"@id\":\"https:\\\/\\\/www.valsanzibiogiardino.com\\\/it\\\/diventa-sponsor-2\\\/#primaryimage\"},\"image\":{\"@id\":\"https:\\\/\\\/www.valsanzibiogiardino.com\\\/it\\\/diventa-sponsor-2\\\/#primaryimage\"},\"thumbnailUrl\":\"https:\\\/\\\/www.valsanzibiogiardino.it\\\/nextgen-attach_to_post\\\/preview\\\/id--4282\",\"datePublished\":\"2016-01-06T14:26:31+00:00\",\"dateModified\":\"2016-07-08T09:43:29+00:00\",\"author\":{\"@id\":\"https:\\\/\\\/www.valsanzibiogiardino.com\\\/it\\\/#\\\/schema\\\/person\\\/f6b11a7fbc16b7bd8b7dff8c277936bb\"},\"breadcrumb\":{\"@id\":\"https:\\\/\\\/www.valsanzibiogiardino.com\\\/it\\\/diventa-sponsor-2\\\/#breadcrumb\"},\"inLanguage\":\"it-IT\",\"potentialAction\":[{\"@type\":\"ReadAction\",\"target\":[\"https:\\\/\\\/www.valsanzibiogiardino.com\\\/it\\\/diventa-sponsor-2\\\/\"]}]},{\"@type\":\"ImageObject\",\"inLanguage\":\"it-IT\",\"@id\":\"https:\\\/\\\/www.valsanzibiogiardino.com\\\/it\\\/diventa-sponsor-2\\\/#primaryimage\",\"url\":\"https:\\\/\\\/www.valsanzibiogiardino.it\\\/nextgen-attach_to_post\\\/preview\\\/id--4282\",\"contentUrl\":\"https:\\\/\\\/www.valsanzibiogiardino.it\\\/nextgen-attach_to_post\\\/preview\\\/id--4282\"},{\"@type\":\"BreadcrumbList\",\"@id\":\"https:\\\/\\\/www.valsanzibiogiardino.com\\\/it\\\/diventa-sponsor-2\\\/#breadcrumb\",\"itemListElement\":[{\"@type\":\"ListItem\",\"position\":1,\"name\":\"Home\",\"item\":\"https:\\\/\\\/www.valsanzibiogiardino.com\\\/it\\\/\"},{\"@type\":\"ListItem\",\"position\":2,\"name\":\"DIVENTA SPONSOR\"}]},{\"@type\":\"WebSite\",\"@id\":\"https:\\\/\\\/www.valsanzibiogiardino.com\\\/it\\\/#website\",\"url\":\"https:\\\/\\\/www.valsanzibiogiardino.com\\\/it\\\/\",\"name\":\"Giardino Storico di Valsanzibio | Villa Barbarigo Pizzoni Ardemani | Galzignano Terme, Padova\",\"description\":\"Il Giardino Storico di Valsanzibio si trova a Galzignano Terme, in provincia di Padova, ed \u00e8 uno dei pi\u00f9 estesi ed integri giardini d\u2019Epoca mondiali.\",\"potentialAction\":[{\"@type\":\"SearchAction\",\"target\":{\"@type\":\"EntryPoint\",\"urlTemplate\":\"https:\\\/\\\/www.valsanzibiogiardino.com\\\/it\\\/?s={search_term_string}\"},\"query-input\":{\"@type\":\"PropertyValueSpecification\",\"valueRequired\":true,\"valueName\":\"search_term_string\"}}],\"inLanguage\":\"it-IT\"},{\"@type\":\"Person\",\"@id\":\"https:\\\/\\\/www.valsanzibiogiardino.com\\\/it\\\/#\\\/schema\\\/person\\\/f6b11a7fbc16b7bd8b7dff8c277936bb\",\"name\":\"Staff\",\"url\":\"https:\\\/\\\/www.valsanzibiogiardino.com\\\/it\\\/author\\\/staff\\\/\"}]}<\/script>\n<!-- \/ Yoast SEO plugin. -->","yoast_head_json":{"title":"DIVENTA SPONSOR - Giardino Storico di Valsanzibio | Villa Barbarigo Pizzoni Ardemani | Galzignano Terme, Padova","robots":{"index":"index","follow":"follow","max-snippet":"max-snippet:-1","max-image-preview":"max-image-preview:large","max-video-preview":"max-video-preview:-1"},"canonical":"https:\/\/www.valsanzibiogiardino.com\/it\/diventa-sponsor-2\/","twitter_misc":{"Scritto da":"Staff","Tempo di lettura stimato":"1 minuto"},"schema":{"@context":"https:\/\/schema.org","@graph":[{"@type":"Article","@id":"https:\/\/www.valsanzibiogiardino.com\/it\/diventa-sponsor-2\/#article","isPartOf":{"@id":"https:\/\/www.valsanzibiogiardino.com\/it\/diventa-sponsor-2\/"},"author":{"name":"Staff","@id":"https:\/\/www.valsanzibiogiardino.com\/it\/#\/schema\/person\/f6b11a7fbc16b7bd8b7dff8c277936bb"},"headline":"DIVENTA SPONSOR","datePublished":"2016-01-06T14:26:31+00:00","dateModified":"2016-07-08T09:43:29+00:00","mainEntityOfPage":{"@id":"https:\/\/www.valsanzibiogiardino.com\/it\/diventa-sponsor-2\/"},"wordCount":119,"image":{"@id":"https:\/\/www.valsanzibiogiardino.com\/it\/diventa-sponsor-2\/#primaryimage"},"thumbnailUrl":"https:\/\/www.valsanzibiogiardino.it\/nextgen-attach_to_post\/preview\/id--4282","articleSection":["Senza Categoria"],"inLanguage":"it-IT"},{"@type":"WebPage","@id":"https:\/\/www.valsanzibiogiardino.com\/it\/diventa-sponsor-2\/","url":"https:\/\/www.valsanzibiogiardino.com\/it\/diventa-sponsor-2\/","name":"DIVENTA SPONSOR - Giardino Storico di Valsanzibio | Villa Barbarigo Pizzoni Ardemani | Galzignano Terme, Padova","isPartOf":{"@id":"https:\/\/www.valsanzibiogiardino.com\/it\/#website"},"primaryImageOfPage":{"@id":"https:\/\/www.valsanzibiogiardino.com\/it\/diventa-sponsor-2\/#primaryimage"},"image":{"@id":"https:\/\/www.valsanzibiogiardino.com\/it\/diventa-sponsor-2\/#primaryimage"},"thumbnailUrl":"https:\/\/www.valsanzibiogiardino.it\/nextgen-attach_to_post\/preview\/id--4282","datePublished":"2016-01-06T14:26:31+00:00","dateModified":"2016-07-08T09:43:29+00:00","author":{"@id":"https:\/\/www.valsanzibiogiardino.com\/it\/#\/schema\/person\/f6b11a7fbc16b7bd8b7dff8c277936bb"},"breadcrumb":{"@id":"https:\/\/www.valsanzibiogiardino.com\/it\/diventa-sponsor-2\/#breadcrumb"},"inLanguage":"it-IT","potentialAction":[{"@type":"ReadAction","target":["https:\/\/www.valsanzibiogiardino.com\/it\/diventa-sponsor-2\/"]}]},{"@type":"ImageObject","inLanguage":"it-IT","@id":"https:\/\/www.valsanzibiogiardino.com\/it\/diventa-sponsor-2\/#primaryimage","url":"https:\/\/www.valsanzibiogiardino.it\/nextgen-attach_to_post\/preview\/id--4282","contentUrl":"https:\/\/www.valsanzibiogiardino.it\/nextgen-attach_to_post\/preview\/id--4282"},{"@type":"BreadcrumbList","@id":"https:\/\/www.valsanzibiogiardino.com\/it\/diventa-sponsor-2\/#breadcrumb","itemListElement":[{"@type":"ListItem","position":1,"name":"Home","item":"https:\/\/www.valsanzibiogiardino.com\/it\/"},{"@type":"ListItem","position":2,"name":"DIVENTA SPONSOR"}]},{"@type":"WebSite","@id":"https:\/\/www.valsanzibiogiardino.com\/it\/#website","url":"https:\/\/www.valsanzibiogiardino.com\/it\/","name":"Giardino Storico di Valsanzibio | Villa Barbarigo Pizzoni Ardemani | Galzignano Terme, Padova","description":"Il Giardino Storico di Valsanzibio si trova a Galzignano Terme, in provincia di Padova, ed \u00e8 uno dei pi\u00f9 estesi ed integri giardini d\u2019Epoca mondiali.","potentialAction":[{"@type":"SearchAction","target":{"@type":"EntryPoint","urlTemplate":"https:\/\/www.valsanzibiogiardino.com\/it\/?s={search_term_string}"},"query-input":{"@type":"PropertyValueSpecification","valueRequired":true,"valueName":"search_term_string"}}],"inLanguage":"it-IT"},{"@type":"Person","@id":"https:\/\/www.valsanzibiogiardino.com\/it\/#\/schema\/person\/f6b11a7fbc16b7bd8b7dff8c277936bb","name":"Staff","url":"https:\/\/www.valsanzibiogiardino.com\/it\/author\/staff\/"}]}},"_links":{"self":[{"href":"https:\/\/www.valsanzibiogiardino.com\/it\/wp-json\/wp\/v2\/posts\/3712","targetHints":{"allow":["GET"]}}],"collection":[{"href":"https:\/\/www.valsanzibiogiardino.com\/it\/wp-json\/wp\/v2\/posts"}],"about":[{"href":"https:\/\/www.valsanzibiogiardino.com\/it\/wp-json\/wp\/v2\/types\/post"}],"author":[{"embeddable":true,"href":"https:\/\/www.valsanzibiogiardino.com\/it\/wp-json\/wp\/v2\/users\/4"}],"replies":[{"embeddable":true,"href":"https:\/\/www.valsanzibiogiardino.com\/it\/wp-json\/wp\/v2\/comments?post=3712"}],"version-history":[{"count":0,"href":"https:\/\/www.valsanzibiogiardino.com\/it\/wp-json\/wp\/v2\/posts\/3712\/revisions"}],"wp:attachment":[{"href":"https:\/\/www.valsanzibiogiardino.com\/it\/wp-json\/wp\/v2\/media?parent=3712"}],"wp:term":[{"taxonomy":"category","embeddable":true,"href":"https:\/\/www.valsanzibiogiardino.com\/it\/wp-json\/wp\/v2\/categories?post=3712"},{"taxonomy":"post_tag","embeddable":true,"href":"https:\/\/www.valsanzibiogiardino.com\/it\/wp-json\/wp\/v2\/tags?post=3712"}],"curies":[{"name":"wp","href":"https:\/\/api.w.org\/{rel}","templated":true}]}}