{"id":3098,"date":"2015-06-26T22:43:27","date_gmt":"2015-06-26T20:43:27","guid":{"rendered":"https:\/\/www.valsanzibiogiardino.it\/?p=3098"},"modified":"2019-06-27T13:24:41","modified_gmt":"2019-06-27T11:24:41","slug":"ri-generamento-di-cracking-art-giardino-monumentale-di-valsanzibio-2","status":"publish","type":"post","link":"https:\/\/www.valsanzibiogiardino.com\/it\/ri-generamento-di-cracking-art-giardino-monumentale-di-valsanzibio-2\/","title":{"rendered":"RI-GENERAMENTO DI CRACKING ART &#8211; Giardino Monumentale di Valsanzibio"},"content":{"rendered":"<p style=\"font-size: 1.6em; text-align: center;\"><p>Invalid Displayed Gallery<\/p><\/p>\n<p style=\"font-size: 1.6em; text-align: center;\"><strong>RI-GENERAMENTO DI CRACKING ART<\/strong><\/p>\n<p style=\"font-size: 1.6em; text-align: center;\"><strong>Giardino Monumentale di Valsanzibio &#8211; Galzignano Terme &#8211; Padova<\/strong><\/p>\n<p style=\"font-size: 1.6em; text-align: center;\"><strong> Dal 21 maggio al 27 settembre <\/strong><\/p>\n<p style=\"font-size: 1.4em; text-align: justify;\">Galzignano Terme &#8211; Padova. Per tutta l\u2019estate nel <strong>Giardino Monumentale di Valsanzibio<\/strong> sono state esposte le sculture <a href=\"http:\/\/www.crackingartgroup.com\/\"><strong>Cracking Art<\/strong><\/a>, movimento di fama internazionale che ha debuttato a Milano nel 1993 con una mostra epocale, e negli anni ha esposto nelle principali citt\u00e0 del mondo. Gli animali Cracking sono una provocazione, un monito ad amare e rispettare la natura.<\/p>\n<p style=\"font-size: 1.4em; text-align: justify;\">\u201cChiocciole, rane, rondini, conigli, lupi e suricati di grandi dimensioni in plastica: sono quanto rischiamo di trovare nel futuro prossimo se non viene dato uno stop a deforestazione, inquinamento, distruzione della natura.\u201d dice Armando Pizzoni Ardemani, titolare della Tenuta Valsanzibio, zoologo laureato presso la Nord Carolina State University, ben lieto di ospitare questo allestimento negli otto ettari del Giardino. Valsanzibio \u00e8 un museo all\u2019aria aperta mantenuto integro in 350 anni di storia. Questa mostra \u00e8 per certi aspetti provocatoria, poich\u00e9 propone circa 30 opere d\u2019arte contemporanea Cracking Art in plastica riciclata in un Giardino Barocco stimato tra i pi\u00f9 pregiati in Italia, realizzato su progetto del fontaniere pontificio Luigi Bernini, impreziosito da circa una settantina di sculture in pietra d\u2019Istria attribuite al Merengo, fontane e scherzi d\u2019acqua, con alberi di provenienza internazionale ultrasecolari &#8211; dal cedro della California, esemplare stimato pi\u00f9 antico in Europa della specie, oppure bossi delle Baleari, cedri dell\u2019Atlante, cipressi dell\u2019Arizona.<\/p>\n<p style=\"font-size: 1.4em; text-align: justify;\"><em> (Ai tempi della famiglia Barbarigo, nel diciasettesimo secolo, riuscire ad avere nelle proprie propriet\u00e0 alberi provenienti oltreoceano erano uno status che rappresentava ricchezza e potere.)<\/em><\/p>\n<p style=\"font-size: 1.4em; text-align: justify;\">Valsanzibio \u00e8 un luogo dove tutt\u2019oggi trionfa la bellezza della natura incontaminata, e vuole essere un invito affinch\u00e8 altri Giardini, aree verdi, boschi e foreste, non di meno mari e oceani, vengano conservati con amore e cure.<\/p>\n<p style=\"font-size: 1.4em; text-align: justify;\">Il titolo scelto per questa esposizione \u00e8 <strong>Ri-generamento<\/strong>, con un chiaro riferimento alle mostre Re-Generation del movimento artistico Cracking Art, allestite in Italia e negli Stati Uniti, inoltre vuole far da eco in modo benaugurale al Rinascimento, e per finire vuole essere un omaggio alla sensazione di pace e benessere che il Giardino di Valsanzibio trasmette.<\/p>\n<p style=\"font-size: 1.4em; text-align: justify;\">\u201cLe nostre installazioni sono presenze semplici e immediate ma allo stesso tempo sorprendenti, che desiderano portare un alto valore partecipativo ed empatico da parte del pubblico. Presenze che intendono essere richiamo ad una maggiore attenzione alla tutela del paesaggio, all\u2019Arte e alla cultura. Sono invasioni ludiche, icone odierne di favole contemporanee che vogliono dialogare con il patrimonio culturale che li ha generati, rigenerandolo.\u201d <a href=\"http:\/\/www.artantide.com\/artisti_BiografiaArtista?idArtista=379\"><strong><em>Kicco &#8211; Cracking Art<\/em><\/strong><\/a><\/p>\n<p style=\"font-size: 1.4em; text-align: justify;\">Cracking Art \u00e8 un movimento artistico contemporaneo, ideato da sei artisti internazionali, che ha visto il debutto nel 1993 con la mostra Epocale a Milano curata da Tommaso Trini e Luca Beatrice. Sottolineano l\u2019intenzione di cambiare la storia dell\u2019arte attraverso un forte impegno sociale e ambientale unito ad un rivoluzionario innovativo uso di materiali plastici che evocano una stretta relazione tra natura e artificiale. La derivazione del termine \u201cCracking Art\u201d deriva dal verbo inglese \u201cto crack\u201d, ossia spaccarsi, spezzarsi, incrinarsi, cedere, crollare\u2026 \u201cCracking\u201d \u00e8 il divario dell\u2019uomo contemporaneo, dibattuto tra la naturalit\u00e0 originaria e un futuro sempre pi\u00f9 artificiale. Per gli artisti di questa corrente Cracking \u00e8 quel processo che trasforma il naturale in artificiale, l\u2019organico in sintetico. Un procedimento drammatico se non controllato. Negli anni le loro installazioni sono state richieste in importanti sedi italiane ed internazionali.<\/p>\n<p style=\"font-size: 1.6em; text-align: center;\"><strong><em> Le foto scattate dai visitatori potranno essere pubblicate con l\u2019hashtag<\/em><\/strong><\/p>\n<p style=\"font-size: 2.0em; text-align: center;\"><strong><em> #valsanzibio, #cracking<\/em><\/strong><\/p>\n<p style=\"font-size: 1.4em; text-align: justify;\"><strong><em> Per questi mesi all\u2019interno del Giardino si potranno acquistare le opere mignon al fine di devolvere il contributo alla rigenerazione dell\u2019arte.<\/em><\/strong><\/p>\n<!-- AddThis Advanced Settings generic via filter on the_content --><!-- AddThis Share Buttons generic via filter on the_content -->","protected":false},"excerpt":{"rendered":"<p>Invalid Displayed Gallery RI-GENERAMENTO DI CRACKING ART Giardino Monumentale di Valsanzibio &#8211; Galzignano Terme &#8211; Padova Dal 21 maggio al 27 settembre Galzignano Terme &#8211; Padova. Per tutta l\u2019estate nel Giardino Monumentale di Valsanzibio sono state esposte le sculture Cracking Art, movimento di fama internazionale che ha debuttato a Milano nel 1993 con una mostra [&hellip;]<!-- AddThis Advanced Settings generic via filter on get_the_excerpt --><!-- AddThis Share Buttons generic via filter on get_the_excerpt --><\/p>\n","protected":false},"author":4,"featured_media":0,"comment_status":"closed","ping_status":"open","sticky":false,"template":"","format":"standard","meta":{"_monsterinsights_skip_tracking":false,"_monsterinsights_sitenote_active":false,"_monsterinsights_sitenote_note":"","_monsterinsights_sitenote_category":0,"ngg_post_thumbnail":0,"footnotes":""},"categories":[13],"tags":[],"class_list":["post-3098","post","type-post","status-publish","format-standard","hentry","category-eventi"],"yoast_head":"<!-- This site is optimized with the Yoast SEO plugin v27.3 - https:\/\/yoast.com\/product\/yoast-seo-wordpress\/ -->\n<title>RI-GENERAMENTO DI CRACKING ART - Giardino Monumentale di Valsanzibio - Giardino Storico di Valsanzibio | Villa Barbarigo Pizzoni Ardemani | Galzignano Terme, Padova<\/title>\n<meta name=\"robots\" content=\"index, follow, max-snippet:-1, max-image-preview:large, max-video-preview:-1\" \/>\n<link rel=\"canonical\" href=\"https:\/\/www.valsanzibiogiardino.com\/it\/ri-generamento-di-cracking-art-giardino-monumentale-di-valsanzibio-2\/\" \/>\n<meta name=\"twitter:label1\" content=\"Scritto da\" \/>\n\t<meta name=\"twitter:data1\" content=\"Staff\" \/>\n\t<meta name=\"twitter:label2\" content=\"Tempo di lettura stimato\" \/>\n\t<meta name=\"twitter:data2\" content=\"3 minuti\" \/>\n<script type=\"application\/ld+json\" class=\"yoast-schema-graph\">{\"@context\":\"https:\\\/\\\/schema.org\",\"@graph\":[{\"@type\":\"Article\",\"@id\":\"https:\\\/\\\/www.valsanzibiogiardino.com\\\/it\\\/ri-generamento-di-cracking-art-giardino-monumentale-di-valsanzibio-2\\\/#article\",\"isPartOf\":{\"@id\":\"https:\\\/\\\/www.valsanzibiogiardino.com\\\/it\\\/ri-generamento-di-cracking-art-giardino-monumentale-di-valsanzibio-2\\\/\"},\"author\":{\"name\":\"Staff\",\"@id\":\"https:\\\/\\\/www.valsanzibiogiardino.com\\\/it\\\/#\\\/schema\\\/person\\\/f6b11a7fbc16b7bd8b7dff8c277936bb\"},\"headline\":\"RI-GENERAMENTO DI CRACKING ART &#8211; Giardino Monumentale di Valsanzibio\",\"datePublished\":\"2015-06-26T20:43:27+00:00\",\"dateModified\":\"2019-06-27T11:24:41+00:00\",\"mainEntityOfPage\":{\"@id\":\"https:\\\/\\\/www.valsanzibiogiardino.com\\\/it\\\/ri-generamento-di-cracking-art-giardino-monumentale-di-valsanzibio-2\\\/\"},\"wordCount\":599,\"image\":{\"@id\":\"https:\\\/\\\/www.valsanzibiogiardino.com\\\/it\\\/ri-generamento-di-cracking-art-giardino-monumentale-di-valsanzibio-2\\\/#primaryimage\"},\"thumbnailUrl\":\"https:\\\/\\\/www.valsanzibiogiardino.it\\\/nextgen-attach_to_post\\\/preview\\\/id--3091\",\"articleSection\":[\"EVENTI\"],\"inLanguage\":\"it-IT\"},{\"@type\":\"WebPage\",\"@id\":\"https:\\\/\\\/www.valsanzibiogiardino.com\\\/it\\\/ri-generamento-di-cracking-art-giardino-monumentale-di-valsanzibio-2\\\/\",\"url\":\"https:\\\/\\\/www.valsanzibiogiardino.com\\\/it\\\/ri-generamento-di-cracking-art-giardino-monumentale-di-valsanzibio-2\\\/\",\"name\":\"RI-GENERAMENTO DI CRACKING ART - Giardino Monumentale di Valsanzibio - Giardino Storico di Valsanzibio | Villa Barbarigo Pizzoni Ardemani | Galzignano Terme, Padova\",\"isPartOf\":{\"@id\":\"https:\\\/\\\/www.valsanzibiogiardino.com\\\/it\\\/#website\"},\"primaryImageOfPage\":{\"@id\":\"https:\\\/\\\/www.valsanzibiogiardino.com\\\/it\\\/ri-generamento-di-cracking-art-giardino-monumentale-di-valsanzibio-2\\\/#primaryimage\"},\"image\":{\"@id\":\"https:\\\/\\\/www.valsanzibiogiardino.com\\\/it\\\/ri-generamento-di-cracking-art-giardino-monumentale-di-valsanzibio-2\\\/#primaryimage\"},\"thumbnailUrl\":\"https:\\\/\\\/www.valsanzibiogiardino.it\\\/nextgen-attach_to_post\\\/preview\\\/id--3091\",\"datePublished\":\"2015-06-26T20:43:27+00:00\",\"dateModified\":\"2019-06-27T11:24:41+00:00\",\"author\":{\"@id\":\"https:\\\/\\\/www.valsanzibiogiardino.com\\\/it\\\/#\\\/schema\\\/person\\\/f6b11a7fbc16b7bd8b7dff8c277936bb\"},\"breadcrumb\":{\"@id\":\"https:\\\/\\\/www.valsanzibiogiardino.com\\\/it\\\/ri-generamento-di-cracking-art-giardino-monumentale-di-valsanzibio-2\\\/#breadcrumb\"},\"inLanguage\":\"it-IT\",\"potentialAction\":[{\"@type\":\"ReadAction\",\"target\":[\"https:\\\/\\\/www.valsanzibiogiardino.com\\\/it\\\/ri-generamento-di-cracking-art-giardino-monumentale-di-valsanzibio-2\\\/\"]}]},{\"@type\":\"ImageObject\",\"inLanguage\":\"it-IT\",\"@id\":\"https:\\\/\\\/www.valsanzibiogiardino.com\\\/it\\\/ri-generamento-di-cracking-art-giardino-monumentale-di-valsanzibio-2\\\/#primaryimage\",\"url\":\"https:\\\/\\\/www.valsanzibiogiardino.it\\\/nextgen-attach_to_post\\\/preview\\\/id--3091\",\"contentUrl\":\"https:\\\/\\\/www.valsanzibiogiardino.it\\\/nextgen-attach_to_post\\\/preview\\\/id--3091\"},{\"@type\":\"BreadcrumbList\",\"@id\":\"https:\\\/\\\/www.valsanzibiogiardino.com\\\/it\\\/ri-generamento-di-cracking-art-giardino-monumentale-di-valsanzibio-2\\\/#breadcrumb\",\"itemListElement\":[{\"@type\":\"ListItem\",\"position\":1,\"name\":\"Home\",\"item\":\"https:\\\/\\\/www.valsanzibiogiardino.com\\\/it\\\/\"},{\"@type\":\"ListItem\",\"position\":2,\"name\":\"RI-GENERAMENTO DI CRACKING ART &#8211; Giardino Monumentale di Valsanzibio\"}]},{\"@type\":\"WebSite\",\"@id\":\"https:\\\/\\\/www.valsanzibiogiardino.com\\\/it\\\/#website\",\"url\":\"https:\\\/\\\/www.valsanzibiogiardino.com\\\/it\\\/\",\"name\":\"Giardino Storico di Valsanzibio | Villa Barbarigo Pizzoni Ardemani | Galzignano Terme, Padova\",\"description\":\"Il Giardino Storico di Valsanzibio si trova a Galzignano Terme, in provincia di Padova, ed \u00e8 uno dei pi\u00f9 estesi ed integri giardini d\u2019Epoca mondiali.\",\"potentialAction\":[{\"@type\":\"SearchAction\",\"target\":{\"@type\":\"EntryPoint\",\"urlTemplate\":\"https:\\\/\\\/www.valsanzibiogiardino.com\\\/it\\\/?s={search_term_string}\"},\"query-input\":{\"@type\":\"PropertyValueSpecification\",\"valueRequired\":true,\"valueName\":\"search_term_string\"}}],\"inLanguage\":\"it-IT\"},{\"@type\":\"Person\",\"@id\":\"https:\\\/\\\/www.valsanzibiogiardino.com\\\/it\\\/#\\\/schema\\\/person\\\/f6b11a7fbc16b7bd8b7dff8c277936bb\",\"name\":\"Staff\",\"url\":\"https:\\\/\\\/www.valsanzibiogiardino.com\\\/it\\\/author\\\/staff\\\/\"}]}<\/script>\n<!-- \/ Yoast SEO plugin. -->","yoast_head_json":{"title":"RI-GENERAMENTO DI CRACKING ART - Giardino Monumentale di Valsanzibio - Giardino Storico di Valsanzibio | Villa Barbarigo Pizzoni Ardemani | Galzignano Terme, Padova","robots":{"index":"index","follow":"follow","max-snippet":"max-snippet:-1","max-image-preview":"max-image-preview:large","max-video-preview":"max-video-preview:-1"},"canonical":"https:\/\/www.valsanzibiogiardino.com\/it\/ri-generamento-di-cracking-art-giardino-monumentale-di-valsanzibio-2\/","twitter_misc":{"Scritto da":"Staff","Tempo di lettura stimato":"3 minuti"},"schema":{"@context":"https:\/\/schema.org","@graph":[{"@type":"Article","@id":"https:\/\/www.valsanzibiogiardino.com\/it\/ri-generamento-di-cracking-art-giardino-monumentale-di-valsanzibio-2\/#article","isPartOf":{"@id":"https:\/\/www.valsanzibiogiardino.com\/it\/ri-generamento-di-cracking-art-giardino-monumentale-di-valsanzibio-2\/"},"author":{"name":"Staff","@id":"https:\/\/www.valsanzibiogiardino.com\/it\/#\/schema\/person\/f6b11a7fbc16b7bd8b7dff8c277936bb"},"headline":"RI-GENERAMENTO DI CRACKING ART &#8211; Giardino Monumentale di Valsanzibio","datePublished":"2015-06-26T20:43:27+00:00","dateModified":"2019-06-27T11:24:41+00:00","mainEntityOfPage":{"@id":"https:\/\/www.valsanzibiogiardino.com\/it\/ri-generamento-di-cracking-art-giardino-monumentale-di-valsanzibio-2\/"},"wordCount":599,"image":{"@id":"https:\/\/www.valsanzibiogiardino.com\/it\/ri-generamento-di-cracking-art-giardino-monumentale-di-valsanzibio-2\/#primaryimage"},"thumbnailUrl":"https:\/\/www.valsanzibiogiardino.it\/nextgen-attach_to_post\/preview\/id--3091","articleSection":["EVENTI"],"inLanguage":"it-IT"},{"@type":"WebPage","@id":"https:\/\/www.valsanzibiogiardino.com\/it\/ri-generamento-di-cracking-art-giardino-monumentale-di-valsanzibio-2\/","url":"https:\/\/www.valsanzibiogiardino.com\/it\/ri-generamento-di-cracking-art-giardino-monumentale-di-valsanzibio-2\/","name":"RI-GENERAMENTO DI CRACKING ART - Giardino Monumentale di Valsanzibio - Giardino Storico di Valsanzibio | Villa Barbarigo Pizzoni Ardemani | Galzignano Terme, Padova","isPartOf":{"@id":"https:\/\/www.valsanzibiogiardino.com\/it\/#website"},"primaryImageOfPage":{"@id":"https:\/\/www.valsanzibiogiardino.com\/it\/ri-generamento-di-cracking-art-giardino-monumentale-di-valsanzibio-2\/#primaryimage"},"image":{"@id":"https:\/\/www.valsanzibiogiardino.com\/it\/ri-generamento-di-cracking-art-giardino-monumentale-di-valsanzibio-2\/#primaryimage"},"thumbnailUrl":"https:\/\/www.valsanzibiogiardino.it\/nextgen-attach_to_post\/preview\/id--3091","datePublished":"2015-06-26T20:43:27+00:00","dateModified":"2019-06-27T11:24:41+00:00","author":{"@id":"https:\/\/www.valsanzibiogiardino.com\/it\/#\/schema\/person\/f6b11a7fbc16b7bd8b7dff8c277936bb"},"breadcrumb":{"@id":"https:\/\/www.valsanzibiogiardino.com\/it\/ri-generamento-di-cracking-art-giardino-monumentale-di-valsanzibio-2\/#breadcrumb"},"inLanguage":"it-IT","potentialAction":[{"@type":"ReadAction","target":["https:\/\/www.valsanzibiogiardino.com\/it\/ri-generamento-di-cracking-art-giardino-monumentale-di-valsanzibio-2\/"]}]},{"@type":"ImageObject","inLanguage":"it-IT","@id":"https:\/\/www.valsanzibiogiardino.com\/it\/ri-generamento-di-cracking-art-giardino-monumentale-di-valsanzibio-2\/#primaryimage","url":"https:\/\/www.valsanzibiogiardino.it\/nextgen-attach_to_post\/preview\/id--3091","contentUrl":"https:\/\/www.valsanzibiogiardino.it\/nextgen-attach_to_post\/preview\/id--3091"},{"@type":"BreadcrumbList","@id":"https:\/\/www.valsanzibiogiardino.com\/it\/ri-generamento-di-cracking-art-giardino-monumentale-di-valsanzibio-2\/#breadcrumb","itemListElement":[{"@type":"ListItem","position":1,"name":"Home","item":"https:\/\/www.valsanzibiogiardino.com\/it\/"},{"@type":"ListItem","position":2,"name":"RI-GENERAMENTO DI CRACKING ART &#8211; Giardino Monumentale di Valsanzibio"}]},{"@type":"WebSite","@id":"https:\/\/www.valsanzibiogiardino.com\/it\/#website","url":"https:\/\/www.valsanzibiogiardino.com\/it\/","name":"Giardino Storico di Valsanzibio | Villa Barbarigo Pizzoni Ardemani | Galzignano Terme, Padova","description":"Il Giardino Storico di Valsanzibio si trova a Galzignano Terme, in provincia di Padova, ed \u00e8 uno dei pi\u00f9 estesi ed integri giardini d\u2019Epoca mondiali.","potentialAction":[{"@type":"SearchAction","target":{"@type":"EntryPoint","urlTemplate":"https:\/\/www.valsanzibiogiardino.com\/it\/?s={search_term_string}"},"query-input":{"@type":"PropertyValueSpecification","valueRequired":true,"valueName":"search_term_string"}}],"inLanguage":"it-IT"},{"@type":"Person","@id":"https:\/\/www.valsanzibiogiardino.com\/it\/#\/schema\/person\/f6b11a7fbc16b7bd8b7dff8c277936bb","name":"Staff","url":"https:\/\/www.valsanzibiogiardino.com\/it\/author\/staff\/"}]}},"_links":{"self":[{"href":"https:\/\/www.valsanzibiogiardino.com\/it\/wp-json\/wp\/v2\/posts\/3098","targetHints":{"allow":["GET"]}}],"collection":[{"href":"https:\/\/www.valsanzibiogiardino.com\/it\/wp-json\/wp\/v2\/posts"}],"about":[{"href":"https:\/\/www.valsanzibiogiardino.com\/it\/wp-json\/wp\/v2\/types\/post"}],"author":[{"embeddable":true,"href":"https:\/\/www.valsanzibiogiardino.com\/it\/wp-json\/wp\/v2\/users\/4"}],"replies":[{"embeddable":true,"href":"https:\/\/www.valsanzibiogiardino.com\/it\/wp-json\/wp\/v2\/comments?post=3098"}],"version-history":[{"count":0,"href":"https:\/\/www.valsanzibiogiardino.com\/it\/wp-json\/wp\/v2\/posts\/3098\/revisions"}],"wp:attachment":[{"href":"https:\/\/www.valsanzibiogiardino.com\/it\/wp-json\/wp\/v2\/media?parent=3098"}],"wp:term":[{"taxonomy":"category","embeddable":true,"href":"https:\/\/www.valsanzibiogiardino.com\/it\/wp-json\/wp\/v2\/categories?post=3098"},{"taxonomy":"post_tag","embeddable":true,"href":"https:\/\/www.valsanzibiogiardino.com\/it\/wp-json\/wp\/v2\/tags?post=3098"}],"curies":[{"name":"wp","href":"https:\/\/api.w.org\/{rel}","templated":true}]}}