{"id":3027,"date":"2015-06-10T17:26:14","date_gmt":"2015-06-10T15:26:14","guid":{"rendered":"https:\/\/www.valsanzibiogiardino.it\/?p=3027"},"modified":"2015-09-19T11:21:04","modified_gmt":"2015-09-19T09:21:04","slug":"venerdi-19-giugno-2015-brindisi-allestate-2015","status":"publish","type":"post","link":"https:\/\/www.valsanzibiogiardino.com\/it\/venerdi-19-giugno-2015-brindisi-allestate-2015\/","title":{"rendered":"VENERDI\u2019 19 GIUGNO 2015 \u2013 BRINDISI ALL\u2019ESTATE 2015"},"content":{"rendered":"<p style=\"font-size: 1.6em; text-align: center;\"><strong> &#8220;<em>Aperitivo in Giardino al tramonto tra arte, natura e degustazioni<\/em>\u201d<\/strong><\/p>\n<p style=\"font-size: 1.9em; text-align: center;\"><strong>Il Giardino Monumentale di Valsanzibio,<\/strong><\/p>\n<p style=\"font-size: 1.6em; text-align: center;\"><strong> in occasione dei vari eventi organizzati per\u00a0<\/strong><strong>festeggiare il <\/strong><strong>350esimo,<\/strong><\/p>\n<p style=\"font-size: 1.6em; text-align: center;\"><strong> presenta il primo Aperitivo in Giardino al tramonto,\u00a0<\/strong><strong>in collaborazione<\/strong><\/p>\n<p style=\"font-size: 1.6em; text-align: center;\"><strong> con la Pro Loco Galzignano Valsanzibio.<\/strong><\/p>\n<p style=\"font-size: 1.4em; text-align: justify;\">Il giorno scelto \u00e8 <strong>Venerd\u00ec 19 giugno<\/strong>, giorno successivo alla festivit\u00e0 di San Gregorio Barbarigo, Santo che in giovane et\u00e0 visse nella tenuta di famiglia ai piedi dei Colli Euganei ed ispiratore del giardino allegorico stesso, e ultimo venerd\u00ec di primavera. Un brindisi tra arte, natura e prelibatezze all\u2019imminente estate 2015.<\/p>\n<p style=\"font-size: 1.4em; text-align: justify;\">Il Giardino, aperto nei soliti orari, chiuder\u00e0 eccezionalmente alle 21:00. Dalle 18:00 alle 21:00 i visitatori avranno l\u2019opportunit\u00e0 di partecipare all\u2019aperitivo nell\u2019area delle Antiche Scuderie. Il prezzo di partecipazione, incluso ingresso e visita al Giardino e degustazione di tre calici e di varie specialit\u00e0 culinarie venete, \u00e8 di 15,00 \u20ac.<\/p>\n<p style=\"font-size: 1.4em; text-align: center;\"><strong>Queste le cantine presenti<\/strong><\/p>\n<p style=\"font-size: 1.4em; text-align: justify;\">Vini Marchioro Mauro, Fattoria San Bartolomeo, Tenuta San Zibio, Azienda Vinicola Selmin Il Pianzio, Vini Montecchio Antonio, Azienda Vinicola Minelle Massimiliano, Azienda Vinicola La Cengolina di Giacomin.<\/p>\n<p style=\"font-size: 1.4em; text-align: center;\"><strong> Queste le attivit\u00e0 gastronomiche presenti<\/strong><\/p>\n<p style=\"font-size: 1.4em; text-align: justify;\">Pasticceria Bacelle con Zaeti e altre dolcezze, Panificio Lissandrin con Schissotto di Galzignano, Ristorante Al Patibolo Cous Cous di mare, Osteria El Bachetaro con Sardee in Saore, Ristorante Da Marino con Pasticcio alle Erbette, Frantoio Colli del Poeta con Olio d&#8217;oliva e prodotti a base d&#8217;olio, La Cengolina con le ciliegie, Pizzeria Valley.<\/p>\n<p style=\"font-size: 1.4em; text-align: left;\">Gli addobbi floreali sono offerti da Fioreria Le Clematis di Antonella Menato.<\/p>\n<p style=\"font-size: 1.4em; text-align: justify;\">All\u00b4aperitivo sar\u00e0 presente anche Venetoemotion,\u00a0la\u00a0giovane start-up nata ad Abano Terme che, tramite biciclette elettriche dotate di navigatori gps semplificati ad itinerari precaricati\u00a0sta facilitando\u00a0un nuovo modello di\u00a0mobilit\u00e0 degli ospiti del bacino termale\u00a0tra le eccellenze culturali, naturalistiche ed enogastronomiche del territorio. \u00a0Il progetto Venetoemotion ha inserito le Terme Eugane e i Colli Euganei all\u00b4interno di un Network di 80 Parchi naturali Europei che\u00a0vogliono promuovere\u00a0la mobilit\u00e0 elettrica contro l\u00b4inquinamento e il consumo del suolo. A margine dell\u00b4aperitivo sara\u00b4possibile un test gratuito delle E-Bike di Venetoemotion (<a href=\"http:\/\/www.venetoemotion.com\/\">www.venetoemotion.com<\/a>).<\/p>\n<p style=\"font-size: 1.4em; text-align: center;\">La serata vede la partecipazione degli artisti di Festitalia<\/p>\n<!-- AddThis Advanced Settings generic via filter on the_content --><!-- AddThis Share Buttons generic via filter on the_content -->","protected":false},"excerpt":{"rendered":"<p>&#8220;Aperitivo in Giardino al tramonto tra arte, natura e degustazioni\u201d Il Giardino Monumentale di Valsanzibio, in occasione dei vari eventi organizzati per\u00a0festeggiare il 350esimo, presenta il primo Aperitivo in Giardino al tramonto,\u00a0in collaborazione con la Pro Loco Galzignano Valsanzibio. Il giorno scelto \u00e8 Venerd\u00ec 19 giugno, giorno successivo alla festivit\u00e0 di San Gregorio Barbarigo, Santo [&hellip;]<!-- AddThis Advanced Settings generic via filter on get_the_excerpt --><!-- AddThis Share Buttons generic via filter on get_the_excerpt --><\/p>\n","protected":false},"author":4,"featured_media":1999,"comment_status":"closed","ping_status":"open","sticky":false,"template":"","format":"standard","meta":{"_monsterinsights_skip_tracking":false,"_monsterinsights_sitenote_active":false,"_monsterinsights_sitenote_note":"","_monsterinsights_sitenote_category":0,"ngg_post_thumbnail":0,"footnotes":""},"categories":[13],"tags":[],"class_list":["post-3027","post","type-post","status-publish","format-standard","has-post-thumbnail","hentry","category-eventi"],"yoast_head":"<!-- This site is optimized with the Yoast SEO plugin v27.3 - https:\/\/yoast.com\/product\/yoast-seo-wordpress\/ -->\n<title>VENERDI\u2019 19 GIUGNO 2015 \u2013 BRINDISI ALL\u2019ESTATE 2015 - Giardino Storico di Valsanzibio | Villa Barbarigo Pizzoni Ardemani | Galzignano Terme, Padova<\/title>\n<meta name=\"robots\" content=\"index, follow, max-snippet:-1, max-image-preview:large, max-video-preview:-1\" \/>\n<link rel=\"canonical\" href=\"https:\/\/www.valsanzibiogiardino.com\/it\/venerdi-19-giugno-2015-brindisi-allestate-2015\/\" \/>\n<meta name=\"twitter:label1\" content=\"Scritto da\" \/>\n\t<meta name=\"twitter:data1\" content=\"Staff\" \/>\n\t<meta name=\"twitter:label2\" content=\"Tempo di lettura stimato\" \/>\n\t<meta name=\"twitter:data2\" content=\"2 minuti\" \/>\n<script type=\"application\/ld+json\" class=\"yoast-schema-graph\">{\"@context\":\"https:\\\/\\\/schema.org\",\"@graph\":[{\"@type\":\"Article\",\"@id\":\"https:\\\/\\\/www.valsanzibiogiardino.com\\\/it\\\/venerdi-19-giugno-2015-brindisi-allestate-2015\\\/#article\",\"isPartOf\":{\"@id\":\"https:\\\/\\\/www.valsanzibiogiardino.com\\\/it\\\/venerdi-19-giugno-2015-brindisi-allestate-2015\\\/\"},\"author\":{\"name\":\"Staff\",\"@id\":\"https:\\\/\\\/www.valsanzibiogiardino.com\\\/it\\\/#\\\/schema\\\/person\\\/f6b11a7fbc16b7bd8b7dff8c277936bb\"},\"headline\":\"VENERDI\u2019 19 GIUGNO 2015 \u2013 BRINDISI ALL\u2019ESTATE 2015\",\"datePublished\":\"2015-06-10T15:26:14+00:00\",\"dateModified\":\"2015-09-19T09:21:04+00:00\",\"mainEntityOfPage\":{\"@id\":\"https:\\\/\\\/www.valsanzibiogiardino.com\\\/it\\\/venerdi-19-giugno-2015-brindisi-allestate-2015\\\/\"},\"wordCount\":349,\"image\":{\"@id\":\"https:\\\/\\\/www.valsanzibiogiardino.com\\\/it\\\/venerdi-19-giugno-2015-brindisi-allestate-2015\\\/#primaryimage\"},\"thumbnailUrl\":\"https:\\\/\\\/www.valsanzibiogiardino.com\\\/wp-content\\\/uploads\\\/2014\\\/08\\\/PeschieraVentiNotte_0514_low_Modificata2.jpg\",\"articleSection\":[\"EVENTI\"],\"inLanguage\":\"it-IT\"},{\"@type\":\"WebPage\",\"@id\":\"https:\\\/\\\/www.valsanzibiogiardino.com\\\/it\\\/venerdi-19-giugno-2015-brindisi-allestate-2015\\\/\",\"url\":\"https:\\\/\\\/www.valsanzibiogiardino.com\\\/it\\\/venerdi-19-giugno-2015-brindisi-allestate-2015\\\/\",\"name\":\"VENERDI\u2019 19 GIUGNO 2015 \u2013 BRINDISI ALL\u2019ESTATE 2015 - Giardino Storico di Valsanzibio | Villa Barbarigo Pizzoni Ardemani | Galzignano Terme, Padova\",\"isPartOf\":{\"@id\":\"https:\\\/\\\/www.valsanzibiogiardino.com\\\/it\\\/#website\"},\"primaryImageOfPage\":{\"@id\":\"https:\\\/\\\/www.valsanzibiogiardino.com\\\/it\\\/venerdi-19-giugno-2015-brindisi-allestate-2015\\\/#primaryimage\"},\"image\":{\"@id\":\"https:\\\/\\\/www.valsanzibiogiardino.com\\\/it\\\/venerdi-19-giugno-2015-brindisi-allestate-2015\\\/#primaryimage\"},\"thumbnailUrl\":\"https:\\\/\\\/www.valsanzibiogiardino.com\\\/wp-content\\\/uploads\\\/2014\\\/08\\\/PeschieraVentiNotte_0514_low_Modificata2.jpg\",\"datePublished\":\"2015-06-10T15:26:14+00:00\",\"dateModified\":\"2015-09-19T09:21:04+00:00\",\"author\":{\"@id\":\"https:\\\/\\\/www.valsanzibiogiardino.com\\\/it\\\/#\\\/schema\\\/person\\\/f6b11a7fbc16b7bd8b7dff8c277936bb\"},\"breadcrumb\":{\"@id\":\"https:\\\/\\\/www.valsanzibiogiardino.com\\\/it\\\/venerdi-19-giugno-2015-brindisi-allestate-2015\\\/#breadcrumb\"},\"inLanguage\":\"it-IT\",\"potentialAction\":[{\"@type\":\"ReadAction\",\"target\":[\"https:\\\/\\\/www.valsanzibiogiardino.com\\\/it\\\/venerdi-19-giugno-2015-brindisi-allestate-2015\\\/\"]}]},{\"@type\":\"ImageObject\",\"inLanguage\":\"it-IT\",\"@id\":\"https:\\\/\\\/www.valsanzibiogiardino.com\\\/it\\\/venerdi-19-giugno-2015-brindisi-allestate-2015\\\/#primaryimage\",\"url\":\"https:\\\/\\\/www.valsanzibiogiardino.com\\\/wp-content\\\/uploads\\\/2014\\\/08\\\/PeschieraVentiNotte_0514_low_Modificata2.jpg\",\"contentUrl\":\"https:\\\/\\\/www.valsanzibiogiardino.com\\\/wp-content\\\/uploads\\\/2014\\\/08\\\/PeschieraVentiNotte_0514_low_Modificata2.jpg\",\"width\":1024,\"height\":428,\"caption\":\"Grotta dei Venti in notturna - Giugno 2014\"},{\"@type\":\"BreadcrumbList\",\"@id\":\"https:\\\/\\\/www.valsanzibiogiardino.com\\\/it\\\/venerdi-19-giugno-2015-brindisi-allestate-2015\\\/#breadcrumb\",\"itemListElement\":[{\"@type\":\"ListItem\",\"position\":1,\"name\":\"Home\",\"item\":\"https:\\\/\\\/www.valsanzibiogiardino.com\\\/it\\\/\"},{\"@type\":\"ListItem\",\"position\":2,\"name\":\"VENERDI\u2019 19 GIUGNO 2015 \u2013 BRINDISI ALL\u2019ESTATE 2015\"}]},{\"@type\":\"WebSite\",\"@id\":\"https:\\\/\\\/www.valsanzibiogiardino.com\\\/it\\\/#website\",\"url\":\"https:\\\/\\\/www.valsanzibiogiardino.com\\\/it\\\/\",\"name\":\"Giardino Storico di Valsanzibio | Villa Barbarigo Pizzoni Ardemani | Galzignano Terme, Padova\",\"description\":\"Il Giardino Storico di Valsanzibio si trova a Galzignano Terme, in provincia di Padova, ed \u00e8 uno dei pi\u00f9 estesi ed integri giardini d\u2019Epoca mondiali.\",\"potentialAction\":[{\"@type\":\"SearchAction\",\"target\":{\"@type\":\"EntryPoint\",\"urlTemplate\":\"https:\\\/\\\/www.valsanzibiogiardino.com\\\/it\\\/?s={search_term_string}\"},\"query-input\":{\"@type\":\"PropertyValueSpecification\",\"valueRequired\":true,\"valueName\":\"search_term_string\"}}],\"inLanguage\":\"it-IT\"},{\"@type\":\"Person\",\"@id\":\"https:\\\/\\\/www.valsanzibiogiardino.com\\\/it\\\/#\\\/schema\\\/person\\\/f6b11a7fbc16b7bd8b7dff8c277936bb\",\"name\":\"Staff\",\"url\":\"https:\\\/\\\/www.valsanzibiogiardino.com\\\/it\\\/author\\\/staff\\\/\"}]}<\/script>\n<!-- \/ Yoast SEO plugin. -->","yoast_head_json":{"title":"VENERDI\u2019 19 GIUGNO 2015 \u2013 BRINDISI ALL\u2019ESTATE 2015 - Giardino Storico di Valsanzibio | Villa Barbarigo Pizzoni Ardemani | Galzignano Terme, Padova","robots":{"index":"index","follow":"follow","max-snippet":"max-snippet:-1","max-image-preview":"max-image-preview:large","max-video-preview":"max-video-preview:-1"},"canonical":"https:\/\/www.valsanzibiogiardino.com\/it\/venerdi-19-giugno-2015-brindisi-allestate-2015\/","twitter_misc":{"Scritto da":"Staff","Tempo di lettura stimato":"2 minuti"},"schema":{"@context":"https:\/\/schema.org","@graph":[{"@type":"Article","@id":"https:\/\/www.valsanzibiogiardino.com\/it\/venerdi-19-giugno-2015-brindisi-allestate-2015\/#article","isPartOf":{"@id":"https:\/\/www.valsanzibiogiardino.com\/it\/venerdi-19-giugno-2015-brindisi-allestate-2015\/"},"author":{"name":"Staff","@id":"https:\/\/www.valsanzibiogiardino.com\/it\/#\/schema\/person\/f6b11a7fbc16b7bd8b7dff8c277936bb"},"headline":"VENERDI\u2019 19 GIUGNO 2015 \u2013 BRINDISI ALL\u2019ESTATE 2015","datePublished":"2015-06-10T15:26:14+00:00","dateModified":"2015-09-19T09:21:04+00:00","mainEntityOfPage":{"@id":"https:\/\/www.valsanzibiogiardino.com\/it\/venerdi-19-giugno-2015-brindisi-allestate-2015\/"},"wordCount":349,"image":{"@id":"https:\/\/www.valsanzibiogiardino.com\/it\/venerdi-19-giugno-2015-brindisi-allestate-2015\/#primaryimage"},"thumbnailUrl":"https:\/\/www.valsanzibiogiardino.com\/wp-content\/uploads\/2014\/08\/PeschieraVentiNotte_0514_low_Modificata2.jpg","articleSection":["EVENTI"],"inLanguage":"it-IT"},{"@type":"WebPage","@id":"https:\/\/www.valsanzibiogiardino.com\/it\/venerdi-19-giugno-2015-brindisi-allestate-2015\/","url":"https:\/\/www.valsanzibiogiardino.com\/it\/venerdi-19-giugno-2015-brindisi-allestate-2015\/","name":"VENERDI\u2019 19 GIUGNO 2015 \u2013 BRINDISI ALL\u2019ESTATE 2015 - Giardino Storico di Valsanzibio | Villa Barbarigo Pizzoni Ardemani | Galzignano Terme, Padova","isPartOf":{"@id":"https:\/\/www.valsanzibiogiardino.com\/it\/#website"},"primaryImageOfPage":{"@id":"https:\/\/www.valsanzibiogiardino.com\/it\/venerdi-19-giugno-2015-brindisi-allestate-2015\/#primaryimage"},"image":{"@id":"https:\/\/www.valsanzibiogiardino.com\/it\/venerdi-19-giugno-2015-brindisi-allestate-2015\/#primaryimage"},"thumbnailUrl":"https:\/\/www.valsanzibiogiardino.com\/wp-content\/uploads\/2014\/08\/PeschieraVentiNotte_0514_low_Modificata2.jpg","datePublished":"2015-06-10T15:26:14+00:00","dateModified":"2015-09-19T09:21:04+00:00","author":{"@id":"https:\/\/www.valsanzibiogiardino.com\/it\/#\/schema\/person\/f6b11a7fbc16b7bd8b7dff8c277936bb"},"breadcrumb":{"@id":"https:\/\/www.valsanzibiogiardino.com\/it\/venerdi-19-giugno-2015-brindisi-allestate-2015\/#breadcrumb"},"inLanguage":"it-IT","potentialAction":[{"@type":"ReadAction","target":["https:\/\/www.valsanzibiogiardino.com\/it\/venerdi-19-giugno-2015-brindisi-allestate-2015\/"]}]},{"@type":"ImageObject","inLanguage":"it-IT","@id":"https:\/\/www.valsanzibiogiardino.com\/it\/venerdi-19-giugno-2015-brindisi-allestate-2015\/#primaryimage","url":"https:\/\/www.valsanzibiogiardino.com\/wp-content\/uploads\/2014\/08\/PeschieraVentiNotte_0514_low_Modificata2.jpg","contentUrl":"https:\/\/www.valsanzibiogiardino.com\/wp-content\/uploads\/2014\/08\/PeschieraVentiNotte_0514_low_Modificata2.jpg","width":1024,"height":428,"caption":"Grotta dei Venti in notturna - Giugno 2014"},{"@type":"BreadcrumbList","@id":"https:\/\/www.valsanzibiogiardino.com\/it\/venerdi-19-giugno-2015-brindisi-allestate-2015\/#breadcrumb","itemListElement":[{"@type":"ListItem","position":1,"name":"Home","item":"https:\/\/www.valsanzibiogiardino.com\/it\/"},{"@type":"ListItem","position":2,"name":"VENERDI\u2019 19 GIUGNO 2015 \u2013 BRINDISI ALL\u2019ESTATE 2015"}]},{"@type":"WebSite","@id":"https:\/\/www.valsanzibiogiardino.com\/it\/#website","url":"https:\/\/www.valsanzibiogiardino.com\/it\/","name":"Giardino Storico di Valsanzibio | Villa Barbarigo Pizzoni Ardemani | Galzignano Terme, Padova","description":"Il Giardino Storico di Valsanzibio si trova a Galzignano Terme, in provincia di Padova, ed \u00e8 uno dei pi\u00f9 estesi ed integri giardini d\u2019Epoca mondiali.","potentialAction":[{"@type":"SearchAction","target":{"@type":"EntryPoint","urlTemplate":"https:\/\/www.valsanzibiogiardino.com\/it\/?s={search_term_string}"},"query-input":{"@type":"PropertyValueSpecification","valueRequired":true,"valueName":"search_term_string"}}],"inLanguage":"it-IT"},{"@type":"Person","@id":"https:\/\/www.valsanzibiogiardino.com\/it\/#\/schema\/person\/f6b11a7fbc16b7bd8b7dff8c277936bb","name":"Staff","url":"https:\/\/www.valsanzibiogiardino.com\/it\/author\/staff\/"}]}},"_links":{"self":[{"href":"https:\/\/www.valsanzibiogiardino.com\/it\/wp-json\/wp\/v2\/posts\/3027","targetHints":{"allow":["GET"]}}],"collection":[{"href":"https:\/\/www.valsanzibiogiardino.com\/it\/wp-json\/wp\/v2\/posts"}],"about":[{"href":"https:\/\/www.valsanzibiogiardino.com\/it\/wp-json\/wp\/v2\/types\/post"}],"author":[{"embeddable":true,"href":"https:\/\/www.valsanzibiogiardino.com\/it\/wp-json\/wp\/v2\/users\/4"}],"replies":[{"embeddable":true,"href":"https:\/\/www.valsanzibiogiardino.com\/it\/wp-json\/wp\/v2\/comments?post=3027"}],"version-history":[{"count":0,"href":"https:\/\/www.valsanzibiogiardino.com\/it\/wp-json\/wp\/v2\/posts\/3027\/revisions"}],"wp:featuredmedia":[{"embeddable":true,"href":"https:\/\/www.valsanzibiogiardino.com\/it\/wp-json\/wp\/v2\/media\/1999"}],"wp:attachment":[{"href":"https:\/\/www.valsanzibiogiardino.com\/it\/wp-json\/wp\/v2\/media?parent=3027"}],"wp:term":[{"taxonomy":"category","embeddable":true,"href":"https:\/\/www.valsanzibiogiardino.com\/it\/wp-json\/wp\/v2\/categories?post=3027"},{"taxonomy":"post_tag","embeddable":true,"href":"https:\/\/www.valsanzibiogiardino.com\/it\/wp-json\/wp\/v2\/tags?post=3027"}],"curies":[{"name":"wp","href":"https:\/\/api.w.org\/{rel}","templated":true}]}}