{"id":2908,"date":"2015-05-22T14:15:02","date_gmt":"2015-05-22T12:15:02","guid":{"rendered":"https:\/\/www.valsanzibiogiardino.it\/?p=2908"},"modified":"2015-05-22T19:26:09","modified_gmt":"2015-05-22T17:26:09","slug":"i-nuovi-guardiani-di-valsanzibio-prendono-posizione","status":"publish","type":"post","link":"https:\/\/www.valsanzibiogiardino.com\/it\/i-nuovi-guardiani-di-valsanzibio-prendono-posizione\/","title":{"rendered":"I NUOVI GUARDIANI DI VALSANZIBIO PRENDONO POSIZIONE!"},"content":{"rendered":"<p style=\"font-size: 1.4em; text-align: center;\">\t<div class='ngg-imagebrowser default-view'\n\t\tid='ngg-imagebrowser-b89ba27b1246cec12b7747a6bfbf0f00-2908'\n\t\tdata-nextgen-gallery-id=\"b89ba27b1246cec12b7747a6bfbf0f00\"\n\t\tdata-gallery-id=\"19\">\n\n\t\t<h3>Foto1_2Suricati<\/h3>\n\n\t\t<div id=\"ngg-image-0\" class=\"pic\" \n\t\t\t\t\t>\n\t\t\t\t<a href='https:\/\/www.valsanzibiogiardino.com\/wp-content\/gallery\/fotocracking2\/Foto1_2Suricati.jpg'\n\t\t\ttitle=' '\n\t\t\tdata-src=\"https:\/\/www.valsanzibiogiardino.com\/wp-content\/gallery\/fotocracking2\/Foto1_2Suricati.jpg\"\n\t\t\tdata-thumbnail=\"https:\/\/www.valsanzibiogiardino.com\/wp-content\/gallery\/fotocracking2\/thumbs\/thumbs_Foto1_2Suricati.jpg\"\n\t\t\tdata-image-id=\"456\"\n\t\t\tdata-title=\"Foto1_2Suricati\"\n\t\t\tdata-description=\" \"\n\t\t\t\t\t\t\t\t\t\t\t\t\t\t\tclass=\"ngg-fancybox\" rel=\"b89ba27b1246cec12b7747a6bfbf0f00\">\n\t\t\t\t\t\t<img title='Foto1_2Suricati'\n\t\t\t\talt='Foto1_2Suricati'\n\t\t\t\tsrc='https:\/\/www.valsanzibiogiardino.com\/wp-content\/gallery\/fotocracking2\/Foto1_2Suricati.jpg'\/>\n\t\t<\/a>\n\n\t\t<\/div>\n\t\t<div class='ngg-imagebrowser-nav'>\n\n\t\t\t<div class='back'>\n\t\t\t\t<a class='ngg-browser-prev'\n\t\t\t\t\tid='ngg-prev-481'\n\t\t\t\t\thref='https:\/\/www.valsanzibiogiardino.com\/it\/i-nuovi-guardiani-di-valsanzibio-prendono-posizione\/nggallery\/image\/foto29_coniglioisola\/'>\n\t\t\t\t\t<i class=\"fa fa-chevron-left\" aria-hidden=\"true\"><\/i>\n\t\t\t\t<\/a>\n\t\t\t<\/div>\n\n\t\t\t<div class='next'>\n\t\t\t\t<a class='ngg-browser-next'\n\t\t\t\t\tid='ngg-next-457'\n\t\t\t\t\thref='https:\/\/www.valsanzibiogiardino.com\/it\/i-nuovi-guardiani-di-valsanzibio-prendono-posizione\/nggallery\/image\/foto2_chiociolavilla\/'>\n\t\t\t\t\t<i class=\"fa fa-chevron-right\" aria-hidden=\"true\"><\/i>\n\t\t\t\t<\/a>\n\t\t\t<\/div>\n\n\t\t\t<div class='counter'>\n\t\t\t\tImmagine\t\t\t\t1\t\t\t\tdi\t\t\t\t26\t\t\t<\/div>\n\n\t\t<\/div>\n\n\t\t<div class='ngg-imagebrowser-desc'>\n\t\t\t<p> <\/p>\n\t\t<\/div>\n\n\t<\/div>\t\t<\/div>\n\t<\/div>\n<\/p>\n<p style=\"font-size: 1.4em; text-align: justify;\">I nuovi CUSTODI del giardino Monumentale di Valsanzibio prendono posizione. Tutti i punti strategici di Valsanzibio sono stati presidiati\u2026sara felice \u2018<a href=\"https:\/\/www.valsanzibiogiardino.it\/?attachment_id=2974\"><strong>ARGO dai cent\u2019occhi<\/strong><\/a>\u2019, la mitologica statua posizionata sul Gran Viale nei pressi della Fontana della Pila, perch\u00e9, finalmente dopo 350\u00b0 anni, non \u00e8 pi\u00f9 solo a proteggere questo impareggiabile luogo. I viali, il Monumento al Tempo, l\u2019Isola dei Conigli, il Labirinto, La Grotta dell\u2019Eremita, la Tavola di Marmo, tutte le statue, le fontane, i giochi d\u2019acqua, le peschiere e soprattutto tutte le secolari essenze arboree del giardino sono sotto l\u2019attento controllo degli animali della <strong><a href=\"http:\/\/www.crackingartgroup.com\/\">CRAKING ART.<\/a><\/strong> La famosa pace, tranquillit\u00e0 ed integrit\u00e0 del posto \u00e8 tutelata da una squadra di 10 Suricati, 7 Lupi, 5 Conigli, 4 Rane e 3 Chiocciole a cui, nei prossimi mesi, si aggiungeranno altri compagni. \u00a0<a href=\"https:\/\/www.valsanzibiogiardino.it\/?attachment_id=2978\"><strong>MERCURIO<\/strong><\/a>(a), altra statua presente nei pressi della Fontana della Pila e posizionata di fronte ad Argo, dovr\u00e0 continuare a suonare il suo flauto perch\u00e9, ormai, non \u00e8 solo Argo a proteggere la quiete di Valsanzibio!<\/p>\n<p style=\"font-size: 1.2em; text-align: justify;\">(a) Il Dio mitologico\u00a0<a href=\"https:\/\/www.valsanzibiogiardino.it\/?attachment_id=2978\"><strong>MERCURIO<\/strong><\/a>\u00a0\u00e8 il protettore dei mercanti e dei furfanti. \u00a0A Valsanzibio il Merengo lo ha scolpito mentre suona il flauto e cio\u00e8 mentre fa tutt\u2019altra cosa di quella che normalmente era preposto a fare\u2026lavorare, frodare, disturbare. \u00a0&#8216;Quivi perde Mercurio ogni sua frode&#8217;, cita un verso della <strong><a href=\"\/?p=613\">SCALINATA DEL SONETTO<\/a><\/strong>\u00a0alla fine del Gran Viale; a Valsanzibio vige la regola ferrea di pace e tranquillit\u00e0, qualunque cosa possa disturbare questo impareggiabile luogo \u00e8 bandita&#8230;a Mercurio non resta che suonare il suo strumento!<\/p>\n<!-- AddThis Advanced Settings generic via filter on the_content --><!-- AddThis Share Buttons generic via filter on the_content -->","protected":false},"excerpt":{"rendered":"<p>Foto1_2Suricati Immagine 1 di 26 I nuovi CUSTODI del giardino Monumentale di Valsanzibio prendono posizione. Tutti i punti strategici di Valsanzibio sono stati presidiati\u2026sara felice \u2018ARGO dai cent\u2019occhi\u2019, la mitologica statua posizionata sul Gran Viale nei pressi della Fontana della Pila, perch\u00e9, finalmente dopo 350\u00b0 anni, non \u00e8 pi\u00f9 solo a proteggere questo impareggiabile luogo. [&hellip;]<!-- AddThis Advanced Settings generic via filter on get_the_excerpt --><!-- AddThis Share Buttons generic via filter on get_the_excerpt --><\/p>\n","protected":false},"author":4,"featured_media":0,"comment_status":"closed","ping_status":"open","sticky":false,"template":"","format":"standard","meta":{"_monsterinsights_skip_tracking":false,"_monsterinsights_sitenote_active":false,"_monsterinsights_sitenote_note":"","_monsterinsights_sitenote_category":0,"ngg_post_thumbnail":0,"footnotes":""},"categories":[17],"tags":[],"class_list":["post-2908","post","type-post","status-publish","format-standard","hentry","category-news"],"yoast_head":"<!-- This site is optimized with the Yoast SEO plugin v27.3 - https:\/\/yoast.com\/product\/yoast-seo-wordpress\/ -->\n<title>I NUOVI GUARDIANI DI VALSANZIBIO PRENDONO POSIZIONE! - Giardino Storico di Valsanzibio | Villa Barbarigo Pizzoni Ardemani | Galzignano Terme, Padova<\/title>\n<meta name=\"robots\" content=\"index, follow, max-snippet:-1, max-image-preview:large, max-video-preview:-1\" \/>\n<link rel=\"canonical\" href=\"https:\/\/www.valsanzibiogiardino.com\/it\/i-nuovi-guardiani-di-valsanzibio-prendono-posizione\/\" \/>\n<meta name=\"twitter:label1\" content=\"Scritto da\" \/>\n\t<meta name=\"twitter:data1\" content=\"Staff\" \/>\n\t<meta name=\"twitter:label2\" content=\"Tempo di lettura stimato\" \/>\n\t<meta name=\"twitter:data2\" content=\"1 minuto\" \/>\n<script type=\"application\/ld+json\" class=\"yoast-schema-graph\">{\"@context\":\"https:\\\/\\\/schema.org\",\"@graph\":[{\"@type\":\"Article\",\"@id\":\"https:\\\/\\\/www.valsanzibiogiardino.com\\\/it\\\/i-nuovi-guardiani-di-valsanzibio-prendono-posizione\\\/#article\",\"isPartOf\":{\"@id\":\"https:\\\/\\\/www.valsanzibiogiardino.com\\\/it\\\/i-nuovi-guardiani-di-valsanzibio-prendono-posizione\\\/\"},\"author\":{\"name\":\"Staff\",\"@id\":\"https:\\\/\\\/www.valsanzibiogiardino.com\\\/it\\\/#\\\/schema\\\/person\\\/f6b11a7fbc16b7bd8b7dff8c277936bb\"},\"headline\":\"I NUOVI GUARDIANI DI VALSANZIBIO PRENDONO POSIZIONE!\",\"datePublished\":\"2015-05-22T12:15:02+00:00\",\"dateModified\":\"2015-05-22T17:26:09+00:00\",\"mainEntityOfPage\":{\"@id\":\"https:\\\/\\\/www.valsanzibiogiardino.com\\\/it\\\/i-nuovi-guardiani-di-valsanzibio-prendono-posizione\\\/\"},\"wordCount\":256,\"image\":{\"@id\":\"https:\\\/\\\/www.valsanzibiogiardino.com\\\/it\\\/i-nuovi-guardiani-di-valsanzibio-prendono-posizione\\\/#primaryimage\"},\"thumbnailUrl\":\"https:\\\/\\\/www.valsanzibiogiardino.it\\\/nextgen-attach_to_post\\\/preview\\\/id--2970\",\"articleSection\":[\"NEWS\"],\"inLanguage\":\"it-IT\"},{\"@type\":\"WebPage\",\"@id\":\"https:\\\/\\\/www.valsanzibiogiardino.com\\\/it\\\/i-nuovi-guardiani-di-valsanzibio-prendono-posizione\\\/\",\"url\":\"https:\\\/\\\/www.valsanzibiogiardino.com\\\/it\\\/i-nuovi-guardiani-di-valsanzibio-prendono-posizione\\\/\",\"name\":\"I NUOVI GUARDIANI DI VALSANZIBIO PRENDONO POSIZIONE! - Giardino Storico di Valsanzibio | Villa Barbarigo Pizzoni Ardemani | Galzignano Terme, Padova\",\"isPartOf\":{\"@id\":\"https:\\\/\\\/www.valsanzibiogiardino.com\\\/it\\\/#website\"},\"primaryImageOfPage\":{\"@id\":\"https:\\\/\\\/www.valsanzibiogiardino.com\\\/it\\\/i-nuovi-guardiani-di-valsanzibio-prendono-posizione\\\/#primaryimage\"},\"image\":{\"@id\":\"https:\\\/\\\/www.valsanzibiogiardino.com\\\/it\\\/i-nuovi-guardiani-di-valsanzibio-prendono-posizione\\\/#primaryimage\"},\"thumbnailUrl\":\"https:\\\/\\\/www.valsanzibiogiardino.it\\\/nextgen-attach_to_post\\\/preview\\\/id--2970\",\"datePublished\":\"2015-05-22T12:15:02+00:00\",\"dateModified\":\"2015-05-22T17:26:09+00:00\",\"author\":{\"@id\":\"https:\\\/\\\/www.valsanzibiogiardino.com\\\/it\\\/#\\\/schema\\\/person\\\/f6b11a7fbc16b7bd8b7dff8c277936bb\"},\"breadcrumb\":{\"@id\":\"https:\\\/\\\/www.valsanzibiogiardino.com\\\/it\\\/i-nuovi-guardiani-di-valsanzibio-prendono-posizione\\\/#breadcrumb\"},\"inLanguage\":\"it-IT\",\"potentialAction\":[{\"@type\":\"ReadAction\",\"target\":[\"https:\\\/\\\/www.valsanzibiogiardino.com\\\/it\\\/i-nuovi-guardiani-di-valsanzibio-prendono-posizione\\\/\"]}]},{\"@type\":\"ImageObject\",\"inLanguage\":\"it-IT\",\"@id\":\"https:\\\/\\\/www.valsanzibiogiardino.com\\\/it\\\/i-nuovi-guardiani-di-valsanzibio-prendono-posizione\\\/#primaryimage\",\"url\":\"https:\\\/\\\/www.valsanzibiogiardino.it\\\/nextgen-attach_to_post\\\/preview\\\/id--2970\",\"contentUrl\":\"https:\\\/\\\/www.valsanzibiogiardino.it\\\/nextgen-attach_to_post\\\/preview\\\/id--2970\"},{\"@type\":\"BreadcrumbList\",\"@id\":\"https:\\\/\\\/www.valsanzibiogiardino.com\\\/it\\\/i-nuovi-guardiani-di-valsanzibio-prendono-posizione\\\/#breadcrumb\",\"itemListElement\":[{\"@type\":\"ListItem\",\"position\":1,\"name\":\"Home\",\"item\":\"https:\\\/\\\/www.valsanzibiogiardino.com\\\/it\\\/\"},{\"@type\":\"ListItem\",\"position\":2,\"name\":\"I NUOVI GUARDIANI DI VALSANZIBIO PRENDONO POSIZIONE!\"}]},{\"@type\":\"WebSite\",\"@id\":\"https:\\\/\\\/www.valsanzibiogiardino.com\\\/it\\\/#website\",\"url\":\"https:\\\/\\\/www.valsanzibiogiardino.com\\\/it\\\/\",\"name\":\"Giardino Storico di Valsanzibio | Villa Barbarigo Pizzoni Ardemani | Galzignano Terme, Padova\",\"description\":\"Il Giardino Storico di Valsanzibio si trova a Galzignano Terme, in provincia di Padova, ed \u00e8 uno dei pi\u00f9 estesi ed integri giardini d\u2019Epoca mondiali.\",\"potentialAction\":[{\"@type\":\"SearchAction\",\"target\":{\"@type\":\"EntryPoint\",\"urlTemplate\":\"https:\\\/\\\/www.valsanzibiogiardino.com\\\/it\\\/?s={search_term_string}\"},\"query-input\":{\"@type\":\"PropertyValueSpecification\",\"valueRequired\":true,\"valueName\":\"search_term_string\"}}],\"inLanguage\":\"it-IT\"},{\"@type\":\"Person\",\"@id\":\"https:\\\/\\\/www.valsanzibiogiardino.com\\\/it\\\/#\\\/schema\\\/person\\\/f6b11a7fbc16b7bd8b7dff8c277936bb\",\"name\":\"Staff\",\"url\":\"https:\\\/\\\/www.valsanzibiogiardino.com\\\/it\\\/author\\\/staff\\\/\"}]}<\/script>\n<!-- \/ Yoast SEO plugin. -->","yoast_head_json":{"title":"I NUOVI GUARDIANI DI VALSANZIBIO PRENDONO POSIZIONE! - Giardino Storico di Valsanzibio | Villa Barbarigo Pizzoni Ardemani | Galzignano Terme, Padova","robots":{"index":"index","follow":"follow","max-snippet":"max-snippet:-1","max-image-preview":"max-image-preview:large","max-video-preview":"max-video-preview:-1"},"canonical":"https:\/\/www.valsanzibiogiardino.com\/it\/i-nuovi-guardiani-di-valsanzibio-prendono-posizione\/","twitter_misc":{"Scritto da":"Staff","Tempo di lettura stimato":"1 minuto"},"schema":{"@context":"https:\/\/schema.org","@graph":[{"@type":"Article","@id":"https:\/\/www.valsanzibiogiardino.com\/it\/i-nuovi-guardiani-di-valsanzibio-prendono-posizione\/#article","isPartOf":{"@id":"https:\/\/www.valsanzibiogiardino.com\/it\/i-nuovi-guardiani-di-valsanzibio-prendono-posizione\/"},"author":{"name":"Staff","@id":"https:\/\/www.valsanzibiogiardino.com\/it\/#\/schema\/person\/f6b11a7fbc16b7bd8b7dff8c277936bb"},"headline":"I NUOVI GUARDIANI DI VALSANZIBIO PRENDONO POSIZIONE!","datePublished":"2015-05-22T12:15:02+00:00","dateModified":"2015-05-22T17:26:09+00:00","mainEntityOfPage":{"@id":"https:\/\/www.valsanzibiogiardino.com\/it\/i-nuovi-guardiani-di-valsanzibio-prendono-posizione\/"},"wordCount":256,"image":{"@id":"https:\/\/www.valsanzibiogiardino.com\/it\/i-nuovi-guardiani-di-valsanzibio-prendono-posizione\/#primaryimage"},"thumbnailUrl":"https:\/\/www.valsanzibiogiardino.it\/nextgen-attach_to_post\/preview\/id--2970","articleSection":["NEWS"],"inLanguage":"it-IT"},{"@type":"WebPage","@id":"https:\/\/www.valsanzibiogiardino.com\/it\/i-nuovi-guardiani-di-valsanzibio-prendono-posizione\/","url":"https:\/\/www.valsanzibiogiardino.com\/it\/i-nuovi-guardiani-di-valsanzibio-prendono-posizione\/","name":"I NUOVI GUARDIANI DI VALSANZIBIO PRENDONO POSIZIONE! - Giardino Storico di Valsanzibio | Villa Barbarigo Pizzoni Ardemani | Galzignano Terme, Padova","isPartOf":{"@id":"https:\/\/www.valsanzibiogiardino.com\/it\/#website"},"primaryImageOfPage":{"@id":"https:\/\/www.valsanzibiogiardino.com\/it\/i-nuovi-guardiani-di-valsanzibio-prendono-posizione\/#primaryimage"},"image":{"@id":"https:\/\/www.valsanzibiogiardino.com\/it\/i-nuovi-guardiani-di-valsanzibio-prendono-posizione\/#primaryimage"},"thumbnailUrl":"https:\/\/www.valsanzibiogiardino.it\/nextgen-attach_to_post\/preview\/id--2970","datePublished":"2015-05-22T12:15:02+00:00","dateModified":"2015-05-22T17:26:09+00:00","author":{"@id":"https:\/\/www.valsanzibiogiardino.com\/it\/#\/schema\/person\/f6b11a7fbc16b7bd8b7dff8c277936bb"},"breadcrumb":{"@id":"https:\/\/www.valsanzibiogiardino.com\/it\/i-nuovi-guardiani-di-valsanzibio-prendono-posizione\/#breadcrumb"},"inLanguage":"it-IT","potentialAction":[{"@type":"ReadAction","target":["https:\/\/www.valsanzibiogiardino.com\/it\/i-nuovi-guardiani-di-valsanzibio-prendono-posizione\/"]}]},{"@type":"ImageObject","inLanguage":"it-IT","@id":"https:\/\/www.valsanzibiogiardino.com\/it\/i-nuovi-guardiani-di-valsanzibio-prendono-posizione\/#primaryimage","url":"https:\/\/www.valsanzibiogiardino.it\/nextgen-attach_to_post\/preview\/id--2970","contentUrl":"https:\/\/www.valsanzibiogiardino.it\/nextgen-attach_to_post\/preview\/id--2970"},{"@type":"BreadcrumbList","@id":"https:\/\/www.valsanzibiogiardino.com\/it\/i-nuovi-guardiani-di-valsanzibio-prendono-posizione\/#breadcrumb","itemListElement":[{"@type":"ListItem","position":1,"name":"Home","item":"https:\/\/www.valsanzibiogiardino.com\/it\/"},{"@type":"ListItem","position":2,"name":"I NUOVI GUARDIANI DI VALSANZIBIO PRENDONO POSIZIONE!"}]},{"@type":"WebSite","@id":"https:\/\/www.valsanzibiogiardino.com\/it\/#website","url":"https:\/\/www.valsanzibiogiardino.com\/it\/","name":"Giardino Storico di Valsanzibio | Villa Barbarigo Pizzoni Ardemani | Galzignano Terme, Padova","description":"Il Giardino Storico di Valsanzibio si trova a Galzignano Terme, in provincia di Padova, ed \u00e8 uno dei pi\u00f9 estesi ed integri giardini d\u2019Epoca mondiali.","potentialAction":[{"@type":"SearchAction","target":{"@type":"EntryPoint","urlTemplate":"https:\/\/www.valsanzibiogiardino.com\/it\/?s={search_term_string}"},"query-input":{"@type":"PropertyValueSpecification","valueRequired":true,"valueName":"search_term_string"}}],"inLanguage":"it-IT"},{"@type":"Person","@id":"https:\/\/www.valsanzibiogiardino.com\/it\/#\/schema\/person\/f6b11a7fbc16b7bd8b7dff8c277936bb","name":"Staff","url":"https:\/\/www.valsanzibiogiardino.com\/it\/author\/staff\/"}]}},"_links":{"self":[{"href":"https:\/\/www.valsanzibiogiardino.com\/it\/wp-json\/wp\/v2\/posts\/2908","targetHints":{"allow":["GET"]}}],"collection":[{"href":"https:\/\/www.valsanzibiogiardino.com\/it\/wp-json\/wp\/v2\/posts"}],"about":[{"href":"https:\/\/www.valsanzibiogiardino.com\/it\/wp-json\/wp\/v2\/types\/post"}],"author":[{"embeddable":true,"href":"https:\/\/www.valsanzibiogiardino.com\/it\/wp-json\/wp\/v2\/users\/4"}],"replies":[{"embeddable":true,"href":"https:\/\/www.valsanzibiogiardino.com\/it\/wp-json\/wp\/v2\/comments?post=2908"}],"version-history":[{"count":0,"href":"https:\/\/www.valsanzibiogiardino.com\/it\/wp-json\/wp\/v2\/posts\/2908\/revisions"}],"wp:attachment":[{"href":"https:\/\/www.valsanzibiogiardino.com\/it\/wp-json\/wp\/v2\/media?parent=2908"}],"wp:term":[{"taxonomy":"category","embeddable":true,"href":"https:\/\/www.valsanzibiogiardino.com\/it\/wp-json\/wp\/v2\/categories?post=2908"},{"taxonomy":"post_tag","embeddable":true,"href":"https:\/\/www.valsanzibiogiardino.com\/it\/wp-json\/wp\/v2\/tags?post=2908"}],"curies":[{"name":"wp","href":"https:\/\/api.w.org\/{rel}","templated":true}]}}