{"id":2866,"date":"2015-05-20T21:15:48","date_gmt":"2015-05-20T19:15:48","guid":{"rendered":"https:\/\/www.valsanzibiogiardino.it\/?p=2866"},"modified":"2015-05-20T21:29:53","modified_gmt":"2015-05-20T19:29:53","slug":"i-nuovi-guardiani-del-giardino","status":"publish","type":"post","link":"https:\/\/www.valsanzibiogiardino.com\/it\/i-nuovi-guardiani-del-giardino\/","title":{"rendered":"I NUOVI GUARDIANI DEL GIARDINO"},"content":{"rendered":"<p style=\"font-size: 1.4em; text-align: justify;\">Oggi sono arrivati i primi 29 animali della <strong><a href=\"http:\/\/www.crackingartgroup.com\/\">CRAKING ART<\/a><\/strong> che aiuteranno, fino ai primi di Ottobre, a custodire e salvaguardare il giardino monumentale di Valsanzibio. Suricati, Lupi, Chiocciole, Conigli e Rane tutte insieme si mischieranno nel verde secolare di Valsanzibio e vigileranno su questo posto spettacolare e senza tempo che, per\u00f2, \u00e8 anche molto delicato e vulnerabile. In ultima analisi \u00e8 sempre Madre Natura a \u2018proteggere\u2019 tutti e tutto. Noi uomini, arrogantemente, pensiamo di essere gli esseri superiori e, per questo, di essere i \u2018padroni\u2019 della terra! In realt\u00e0, \u00e8 la Natura l\u2019unica vera Padrona di questo nostro bel mondo ed \u00e8 Lei che ci protegge\u2026ci protegge soprattutto dalla nostra stessa follia autodistruttiva. E\u2019 grazie a Madre Natura che noi uomini siamo quello che siamo e per citare alcuni versi della <strong><a href=\"\/?p=613\">scalinata del sonetto a Valsanzibio<\/a><\/strong>: \u2018Quanto di bel, quanto di buon qui appare &#8211; Tutto deesi a Natura e nulla ad Arte\u2019 (Quanto di bello, quanto di buono qui vedete &#8211; Tutto \u00e8 grazie al lavoro della natura e non grazie alla mano dell\u2019uomo).<\/p>\n<p style=\"font-size: 1.4em; text-align: center;\">\t<div class='ngg-imagebrowser default-view'\n\t\tid='ngg-imagebrowser-b63938a43e0b39e017bc2ded6503692d-2866'\n\t\tdata-nextgen-gallery-id=\"b63938a43e0b39e017bc2ded6503692d\"\n\t\tdata-gallery-id=\"18\">\n\n\t\t<h3>FotoCraking2_200515<\/h3>\n\n\t\t<div id=\"ngg-image-0\" class=\"pic\" \n\t\t\t\t\t>\n\t\t\t\t<a href='https:\/\/www.valsanzibiogiardino.com\/wp-content\/gallery\/foto_craking\/FotoCraking2_200515.JPG'\n\t\t\ttitle=' '\n\t\t\tdata-src=\"https:\/\/www.valsanzibiogiardino.com\/wp-content\/gallery\/foto_craking\/FotoCraking2_200515.JPG\"\n\t\t\tdata-thumbnail=\"https:\/\/www.valsanzibiogiardino.com\/wp-content\/gallery\/foto_craking\/thumbs\/thumbs_FotoCraking2_200515.JPG\"\n\t\t\tdata-image-id=\"455\"\n\t\t\tdata-title=\"FotoCraking2_200515\"\n\t\t\tdata-description=\" \"\n\t\t\t\t\t\t\t\t\t\t\t\t\t\t\tclass=\"ngg-fancybox\" rel=\"b63938a43e0b39e017bc2ded6503692d\">\n\t\t\t\t\t\t<img title='FotoCraking2_200515'\n\t\t\t\talt='FotoCraking2_200515'\n\t\t\t\tsrc='https:\/\/www.valsanzibiogiardino.com\/wp-content\/gallery\/foto_craking\/FotoCraking2_200515.JPG'\/>\n\t\t<\/a>\n\n\t\t<\/div>\n\t\t<div class='ngg-imagebrowser-nav'>\n\n\t\t\t<div class='back'>\n\t\t\t\t<a class='ngg-browser-prev'\n\t\t\t\t\tid='ngg-prev-455'\n\t\t\t\t\thref='https:\/\/www.valsanzibiogiardino.com\/it\/i-nuovi-guardiani-del-giardino\/nggallery\/image\/fotocraking2_200515\/'>\n\t\t\t\t\t<i class=\"fa fa-chevron-left\" aria-hidden=\"true\"><\/i>\n\t\t\t\t<\/a>\n\t\t\t<\/div>\n\n\t\t\t<div class='next'>\n\t\t\t\t<a class='ngg-browser-next'\n\t\t\t\t\tid='ngg-next-455'\n\t\t\t\t\thref='https:\/\/www.valsanzibiogiardino.com\/it\/i-nuovi-guardiani-del-giardino\/nggallery\/image\/fotocraking2_200515\/'>\n\t\t\t\t\t<i class=\"fa fa-chevron-right\" aria-hidden=\"true\"><\/i>\n\t\t\t\t<\/a>\n\t\t\t<\/div>\n\n\t\t\t<div class='counter'>\n\t\t\t\tImmagine\t\t\t\t1\t\t\t\tdi\t\t\t\t1\t\t\t<\/div>\n\n\t\t<\/div>\n\n\t\t<div class='ngg-imagebrowser-desc'>\n\t\t\t<p> <\/p>\n\t\t<\/div>\n\n\t<\/div>\t\t<\/div>\n\t<\/div>\n<\/p>\n<p style=\"font-size: 1.4em; text-align: center;\">\n<!-- AddThis Advanced Settings generic via filter on the_content --><!-- AddThis Share Buttons generic via filter on the_content -->","protected":false},"excerpt":{"rendered":"<p>Oggi sono arrivati i primi 29 animali della CRAKING ART che aiuteranno, fino ai primi di Ottobre, a custodire e salvaguardare il giardino monumentale di Valsanzibio. Suricati, Lupi, Chiocciole, Conigli e Rane tutte insieme si mischieranno nel verde secolare di Valsanzibio e vigileranno su questo posto spettacolare e senza tempo che, per\u00f2, \u00e8 anche molto [&hellip;]<!-- AddThis Advanced Settings generic via filter on get_the_excerpt --><!-- AddThis Share Buttons generic via filter on get_the_excerpt --><\/p>\n","protected":false},"author":4,"featured_media":2878,"comment_status":"closed","ping_status":"open","sticky":false,"template":"","format":"standard","meta":{"_monsterinsights_skip_tracking":false,"_monsterinsights_sitenote_active":false,"_monsterinsights_sitenote_note":"","_monsterinsights_sitenote_category":0,"ngg_post_thumbnail":0,"footnotes":""},"categories":[17],"tags":[],"class_list":["post-2866","post","type-post","status-publish","format-standard","has-post-thumbnail","hentry","category-news"],"yoast_head":"<!-- This site is optimized with the Yoast SEO plugin v27.3 - https:\/\/yoast.com\/product\/yoast-seo-wordpress\/ -->\n<title>I NUOVI GUARDIANI DEL GIARDINO - Giardino Storico di Valsanzibio | Villa Barbarigo Pizzoni Ardemani | Galzignano Terme, Padova<\/title>\n<meta name=\"robots\" content=\"index, follow, max-snippet:-1, max-image-preview:large, max-video-preview:-1\" \/>\n<link rel=\"canonical\" href=\"https:\/\/www.valsanzibiogiardino.com\/it\/i-nuovi-guardiani-del-giardino\/\" \/>\n<meta name=\"twitter:label1\" content=\"Scritto da\" \/>\n\t<meta name=\"twitter:data1\" content=\"Staff\" \/>\n\t<meta name=\"twitter:label2\" content=\"Tempo di lettura stimato\" \/>\n\t<meta name=\"twitter:data2\" content=\"1 minuto\" \/>\n<script type=\"application\/ld+json\" class=\"yoast-schema-graph\">{\"@context\":\"https:\\\/\\\/schema.org\",\"@graph\":[{\"@type\":\"Article\",\"@id\":\"https:\\\/\\\/www.valsanzibiogiardino.com\\\/it\\\/i-nuovi-guardiani-del-giardino\\\/#article\",\"isPartOf\":{\"@id\":\"https:\\\/\\\/www.valsanzibiogiardino.com\\\/it\\\/i-nuovi-guardiani-del-giardino\\\/\"},\"author\":{\"name\":\"Staff\",\"@id\":\"https:\\\/\\\/www.valsanzibiogiardino.com\\\/it\\\/#\\\/schema\\\/person\\\/f6b11a7fbc16b7bd8b7dff8c277936bb\"},\"headline\":\"I NUOVI GUARDIANI DEL GIARDINO\",\"datePublished\":\"2015-05-20T19:15:48+00:00\",\"dateModified\":\"2015-05-20T19:29:53+00:00\",\"mainEntityOfPage\":{\"@id\":\"https:\\\/\\\/www.valsanzibiogiardino.com\\\/it\\\/i-nuovi-guardiani-del-giardino\\\/\"},\"wordCount\":178,\"image\":{\"@id\":\"https:\\\/\\\/www.valsanzibiogiardino.com\\\/it\\\/i-nuovi-guardiani-del-giardino\\\/#primaryimage\"},\"thumbnailUrl\":\"https:\\\/\\\/www.valsanzibiogiardino.com\\\/wp-content\\\/uploads\\\/2015\\\/05\\\/FotoCraking1_200515.jpg\",\"articleSection\":[\"NEWS\"],\"inLanguage\":\"it-IT\"},{\"@type\":\"WebPage\",\"@id\":\"https:\\\/\\\/www.valsanzibiogiardino.com\\\/it\\\/i-nuovi-guardiani-del-giardino\\\/\",\"url\":\"https:\\\/\\\/www.valsanzibiogiardino.com\\\/it\\\/i-nuovi-guardiani-del-giardino\\\/\",\"name\":\"I NUOVI GUARDIANI DEL GIARDINO - Giardino Storico di Valsanzibio | Villa Barbarigo Pizzoni Ardemani | Galzignano Terme, Padova\",\"isPartOf\":{\"@id\":\"https:\\\/\\\/www.valsanzibiogiardino.com\\\/it\\\/#website\"},\"primaryImageOfPage\":{\"@id\":\"https:\\\/\\\/www.valsanzibiogiardino.com\\\/it\\\/i-nuovi-guardiani-del-giardino\\\/#primaryimage\"},\"image\":{\"@id\":\"https:\\\/\\\/www.valsanzibiogiardino.com\\\/it\\\/i-nuovi-guardiani-del-giardino\\\/#primaryimage\"},\"thumbnailUrl\":\"https:\\\/\\\/www.valsanzibiogiardino.com\\\/wp-content\\\/uploads\\\/2015\\\/05\\\/FotoCraking1_200515.jpg\",\"datePublished\":\"2015-05-20T19:15:48+00:00\",\"dateModified\":\"2015-05-20T19:29:53+00:00\",\"author\":{\"@id\":\"https:\\\/\\\/www.valsanzibiogiardino.com\\\/it\\\/#\\\/schema\\\/person\\\/f6b11a7fbc16b7bd8b7dff8c277936bb\"},\"breadcrumb\":{\"@id\":\"https:\\\/\\\/www.valsanzibiogiardino.com\\\/it\\\/i-nuovi-guardiani-del-giardino\\\/#breadcrumb\"},\"inLanguage\":\"it-IT\",\"potentialAction\":[{\"@type\":\"ReadAction\",\"target\":[\"https:\\\/\\\/www.valsanzibiogiardino.com\\\/it\\\/i-nuovi-guardiani-del-giardino\\\/\"]}]},{\"@type\":\"ImageObject\",\"inLanguage\":\"it-IT\",\"@id\":\"https:\\\/\\\/www.valsanzibiogiardino.com\\\/it\\\/i-nuovi-guardiani-del-giardino\\\/#primaryimage\",\"url\":\"https:\\\/\\\/www.valsanzibiogiardino.com\\\/wp-content\\\/uploads\\\/2015\\\/05\\\/FotoCraking1_200515.jpg\",\"contentUrl\":\"https:\\\/\\\/www.valsanzibiogiardino.com\\\/wp-content\\\/uploads\\\/2015\\\/05\\\/FotoCraking1_200515.jpg\",\"width\":1600,\"height\":1200},{\"@type\":\"BreadcrumbList\",\"@id\":\"https:\\\/\\\/www.valsanzibiogiardino.com\\\/it\\\/i-nuovi-guardiani-del-giardino\\\/#breadcrumb\",\"itemListElement\":[{\"@type\":\"ListItem\",\"position\":1,\"name\":\"Home\",\"item\":\"https:\\\/\\\/www.valsanzibiogiardino.com\\\/it\\\/\"},{\"@type\":\"ListItem\",\"position\":2,\"name\":\"I NUOVI GUARDIANI DEL GIARDINO\"}]},{\"@type\":\"WebSite\",\"@id\":\"https:\\\/\\\/www.valsanzibiogiardino.com\\\/it\\\/#website\",\"url\":\"https:\\\/\\\/www.valsanzibiogiardino.com\\\/it\\\/\",\"name\":\"Giardino Storico di Valsanzibio | Villa Barbarigo Pizzoni Ardemani | Galzignano Terme, Padova\",\"description\":\"Il Giardino Storico di Valsanzibio si trova a Galzignano Terme, in provincia di Padova, ed \u00e8 uno dei pi\u00f9 estesi ed integri giardini d\u2019Epoca mondiali.\",\"potentialAction\":[{\"@type\":\"SearchAction\",\"target\":{\"@type\":\"EntryPoint\",\"urlTemplate\":\"https:\\\/\\\/www.valsanzibiogiardino.com\\\/it\\\/?s={search_term_string}\"},\"query-input\":{\"@type\":\"PropertyValueSpecification\",\"valueRequired\":true,\"valueName\":\"search_term_string\"}}],\"inLanguage\":\"it-IT\"},{\"@type\":\"Person\",\"@id\":\"https:\\\/\\\/www.valsanzibiogiardino.com\\\/it\\\/#\\\/schema\\\/person\\\/f6b11a7fbc16b7bd8b7dff8c277936bb\",\"name\":\"Staff\",\"url\":\"https:\\\/\\\/www.valsanzibiogiardino.com\\\/it\\\/author\\\/staff\\\/\"}]}<\/script>\n<!-- \/ Yoast SEO plugin. -->","yoast_head_json":{"title":"I NUOVI GUARDIANI DEL GIARDINO - Giardino Storico di Valsanzibio | Villa Barbarigo Pizzoni Ardemani | Galzignano Terme, Padova","robots":{"index":"index","follow":"follow","max-snippet":"max-snippet:-1","max-image-preview":"max-image-preview:large","max-video-preview":"max-video-preview:-1"},"canonical":"https:\/\/www.valsanzibiogiardino.com\/it\/i-nuovi-guardiani-del-giardino\/","twitter_misc":{"Scritto da":"Staff","Tempo di lettura stimato":"1 minuto"},"schema":{"@context":"https:\/\/schema.org","@graph":[{"@type":"Article","@id":"https:\/\/www.valsanzibiogiardino.com\/it\/i-nuovi-guardiani-del-giardino\/#article","isPartOf":{"@id":"https:\/\/www.valsanzibiogiardino.com\/it\/i-nuovi-guardiani-del-giardino\/"},"author":{"name":"Staff","@id":"https:\/\/www.valsanzibiogiardino.com\/it\/#\/schema\/person\/f6b11a7fbc16b7bd8b7dff8c277936bb"},"headline":"I NUOVI GUARDIANI DEL GIARDINO","datePublished":"2015-05-20T19:15:48+00:00","dateModified":"2015-05-20T19:29:53+00:00","mainEntityOfPage":{"@id":"https:\/\/www.valsanzibiogiardino.com\/it\/i-nuovi-guardiani-del-giardino\/"},"wordCount":178,"image":{"@id":"https:\/\/www.valsanzibiogiardino.com\/it\/i-nuovi-guardiani-del-giardino\/#primaryimage"},"thumbnailUrl":"https:\/\/www.valsanzibiogiardino.com\/wp-content\/uploads\/2015\/05\/FotoCraking1_200515.jpg","articleSection":["NEWS"],"inLanguage":"it-IT"},{"@type":"WebPage","@id":"https:\/\/www.valsanzibiogiardino.com\/it\/i-nuovi-guardiani-del-giardino\/","url":"https:\/\/www.valsanzibiogiardino.com\/it\/i-nuovi-guardiani-del-giardino\/","name":"I NUOVI GUARDIANI DEL GIARDINO - Giardino Storico di Valsanzibio | Villa Barbarigo Pizzoni Ardemani | Galzignano Terme, Padova","isPartOf":{"@id":"https:\/\/www.valsanzibiogiardino.com\/it\/#website"},"primaryImageOfPage":{"@id":"https:\/\/www.valsanzibiogiardino.com\/it\/i-nuovi-guardiani-del-giardino\/#primaryimage"},"image":{"@id":"https:\/\/www.valsanzibiogiardino.com\/it\/i-nuovi-guardiani-del-giardino\/#primaryimage"},"thumbnailUrl":"https:\/\/www.valsanzibiogiardino.com\/wp-content\/uploads\/2015\/05\/FotoCraking1_200515.jpg","datePublished":"2015-05-20T19:15:48+00:00","dateModified":"2015-05-20T19:29:53+00:00","author":{"@id":"https:\/\/www.valsanzibiogiardino.com\/it\/#\/schema\/person\/f6b11a7fbc16b7bd8b7dff8c277936bb"},"breadcrumb":{"@id":"https:\/\/www.valsanzibiogiardino.com\/it\/i-nuovi-guardiani-del-giardino\/#breadcrumb"},"inLanguage":"it-IT","potentialAction":[{"@type":"ReadAction","target":["https:\/\/www.valsanzibiogiardino.com\/it\/i-nuovi-guardiani-del-giardino\/"]}]},{"@type":"ImageObject","inLanguage":"it-IT","@id":"https:\/\/www.valsanzibiogiardino.com\/it\/i-nuovi-guardiani-del-giardino\/#primaryimage","url":"https:\/\/www.valsanzibiogiardino.com\/wp-content\/uploads\/2015\/05\/FotoCraking1_200515.jpg","contentUrl":"https:\/\/www.valsanzibiogiardino.com\/wp-content\/uploads\/2015\/05\/FotoCraking1_200515.jpg","width":1600,"height":1200},{"@type":"BreadcrumbList","@id":"https:\/\/www.valsanzibiogiardino.com\/it\/i-nuovi-guardiani-del-giardino\/#breadcrumb","itemListElement":[{"@type":"ListItem","position":1,"name":"Home","item":"https:\/\/www.valsanzibiogiardino.com\/it\/"},{"@type":"ListItem","position":2,"name":"I NUOVI GUARDIANI DEL GIARDINO"}]},{"@type":"WebSite","@id":"https:\/\/www.valsanzibiogiardino.com\/it\/#website","url":"https:\/\/www.valsanzibiogiardino.com\/it\/","name":"Giardino Storico di Valsanzibio | Villa Barbarigo Pizzoni Ardemani | Galzignano Terme, Padova","description":"Il Giardino Storico di Valsanzibio si trova a Galzignano Terme, in provincia di Padova, ed \u00e8 uno dei pi\u00f9 estesi ed integri giardini d\u2019Epoca mondiali.","potentialAction":[{"@type":"SearchAction","target":{"@type":"EntryPoint","urlTemplate":"https:\/\/www.valsanzibiogiardino.com\/it\/?s={search_term_string}"},"query-input":{"@type":"PropertyValueSpecification","valueRequired":true,"valueName":"search_term_string"}}],"inLanguage":"it-IT"},{"@type":"Person","@id":"https:\/\/www.valsanzibiogiardino.com\/it\/#\/schema\/person\/f6b11a7fbc16b7bd8b7dff8c277936bb","name":"Staff","url":"https:\/\/www.valsanzibiogiardino.com\/it\/author\/staff\/"}]}},"_links":{"self":[{"href":"https:\/\/www.valsanzibiogiardino.com\/it\/wp-json\/wp\/v2\/posts\/2866","targetHints":{"allow":["GET"]}}],"collection":[{"href":"https:\/\/www.valsanzibiogiardino.com\/it\/wp-json\/wp\/v2\/posts"}],"about":[{"href":"https:\/\/www.valsanzibiogiardino.com\/it\/wp-json\/wp\/v2\/types\/post"}],"author":[{"embeddable":true,"href":"https:\/\/www.valsanzibiogiardino.com\/it\/wp-json\/wp\/v2\/users\/4"}],"replies":[{"embeddable":true,"href":"https:\/\/www.valsanzibiogiardino.com\/it\/wp-json\/wp\/v2\/comments?post=2866"}],"version-history":[{"count":0,"href":"https:\/\/www.valsanzibiogiardino.com\/it\/wp-json\/wp\/v2\/posts\/2866\/revisions"}],"wp:featuredmedia":[{"embeddable":true,"href":"https:\/\/www.valsanzibiogiardino.com\/it\/wp-json\/wp\/v2\/media\/2878"}],"wp:attachment":[{"href":"https:\/\/www.valsanzibiogiardino.com\/it\/wp-json\/wp\/v2\/media?parent=2866"}],"wp:term":[{"taxonomy":"category","embeddable":true,"href":"https:\/\/www.valsanzibiogiardino.com\/it\/wp-json\/wp\/v2\/categories?post=2866"},{"taxonomy":"post_tag","embeddable":true,"href":"https:\/\/www.valsanzibiogiardino.com\/it\/wp-json\/wp\/v2\/tags?post=2866"}],"curies":[{"name":"wp","href":"https:\/\/api.w.org\/{rel}","templated":true}]}}