{"id":23585,"date":"2026-03-08T00:46:14","date_gmt":"2026-03-07T23:46:14","guid":{"rendered":"https:\/\/www.valsanzibiogiardino.com\/?p=23585"},"modified":"2026-03-08T07:36:13","modified_gmt":"2026-03-08T06:36:13","slug":"8-marzo-festa-della-donna","status":"publish","type":"post","link":"https:\/\/www.valsanzibiogiardino.com\/it\/8-marzo-festa-della-donna\/","title":{"rendered":"8 MARZO &#8211; Festa della DONNA"},"content":{"rendered":"<p style=\"font-size: 2.6em; text-align: center;\"><b><span style=\"color: black;\">Domenica 8 Marzo 2026<\/span><\/b><\/p>\n<p style=\"font-size: 2.9em; text-align: center;\"><em><b><span style=\"color: pink;\">Buona festa della DONNA<\/span><\/b><\/em><\/p>\n<p style=\"font-size: 2.9em; text-align: center;\"><b><span style=\"color: darkgreen;\">Dal Giardino Monumentale<\/span><\/b><\/p>\n<p style=\"font-size: 3.3em; text-align: center;\"><b><span style=\"color: darkgreen;\">di Valsanzibio<\/span><\/b><\/p>\n<p style=\"font-size: 2.1em; text-align: center;\"><em><b><span style=\"color: darkred;\">ConcedeteVi una passeggiata<\/span><\/b><\/em><\/p>\n<p style=\"font-size: 2.1em; text-align: center;\"><b><\/b><em><b><span style=\"color: darkred;\">nel museo all&#8217;aperto pi\u00f9 bello<\/span><\/b><\/em><\/p>\n<p style=\"font-size: 2.1em; text-align: center;\"><em><b><span style=\"color: darkred;\">d&#8217;Italia, <\/span><\/b><\/em><em><b><span style=\"color: darkred;\">immersi nella storia,<\/span><\/b><\/em><\/p>\n<p style=\"font-size: 2.1em; text-align: center;\"><em><b><span style=\"color: darkred;\">nell&#8217;arte <\/span><\/b><\/em><em><b><span style=\"color: darkred;\">e nella natura!<\/span><\/b><\/em><\/p>\nngg_shortcode_0_placeholder\n<p style=\"font-size: 1.4em; text-align: justify;\">Domenica 8 Marzo 2026 il Giardino Monumentale di Valsanzibio celebra la Festa della Donna attraverso varie figure femminili importanti e scolpite nella pietra d&#8217;Istria:<\/p>\n<p style=\"font-size: 1.4em; text-align: justify;\"><strong>Diana<\/strong>, la patrona di Valsanzibio, la patrona della natura selvaggia, la Dea che da il nome all&#8217;omonimo <strong>Padiglione di Diana<\/strong>, l&#8217;entrata principale via acqua alla tenuta dei Barbarigo nel 17\u00b0 e 18\u00b0 secolo; una delle prime opere costruite del progetto di Luigi Bernini (1662\/63); questa superba e imponente porta d\u2019ingresso rappresenta uno dei luoghi pi\u00f9 importanti di tutto il complesso monumentale, infatti, non significava solo l\u2019accesso alla dimora dei Barbarigo, sottolineando la grandezza del posto in cui si stava entrando, ma era l\u2019inizio del percorso di salvificazione voluto dal Santo Gregorio Barbarigo.<\/p>\n<p>ngg_shortcode_1_placeholderngg_shortcode_2_placeholder<\/p>\n<p style=\"font-size: 1.4em; text-align: center;\"><strong>Diopea<\/strong>, la ninfa di Giunone, la compagna di Eolo il Re dei Venti.<\/p>\n<p style=\"font-size: 1.4em; text-align: center;\"><strong>Fecondit\u00e0, <em>\u201cChe la Fecondit\u00e0 del mondo \u00e8 madre.\u201d<\/em><\/strong><\/p>\n<p style=\"font-size: 1.4em; text-align: center;\"><strong>Salubrit\u00e0, <\/strong><strong><em>\u201cTrovi Salubrit\u00e0 chi cerca vita.\u201d<\/em><\/strong><\/p>\n<p style=\"font-size: 1.4em; text-align: center;\"><strong>Ope, <em>\u201cDe la Terra Ope Dea, dei Dei la Madre.\u201d<\/em><\/strong><\/p>\nngg_shortcode_3_placeholder\n<p style=\"font-size: 1.4em; text-align: center;\"><strong>Flora, <em>\u201cPortando in grembo Flora i colti fiori.\u201d<\/em><\/strong><\/p>\n<p style=\"font-size: 1.4em; text-align: center;\"><strong>Agricoltura, <em>\u201cOgni virtude Agricoltura pasce.\u201d<\/em><\/strong><\/p>\n<p style=\"font-size: 1.4em; text-align: center;\"><strong>Solitudine, <em>\u201cAngel divien chi in solitudine vive.\u201d<\/em><\/strong><\/p>\n<p style=\"font-size: 1.4em; text-align: center;\"><strong>Abbondanza, <em>\u201cSpande i tesor n\u00e9 l\u2019Abondanza scema.\u201d<\/em><\/strong><\/p>\n<p style=\"font-size: 1.0em; text-align: center;\"><strong>&#8212;&#8212;&#8212;&#8212;&#8212;&#8212;&#8212;&#8212;&#8212; O &#8212;&#8212;&#8212;&#8212;&#8212;&#8212;&#8212;&#8212;&#8212;<\/strong><\/p>\n<p style=\"font-size: 1.4em; text-align: justify;\">Il Giardino allegorico\/simbolico pi\u00f9 importante al mondo \u00e8 visitabile dalle 10:00 fino alle 18:00 (ultima entrata consigliata 16:15\/30).<\/p>\n<p style=\"font-size: 1.4em; text-align: justify;\"><em><strong>Per venirci a trovare non occorre la prenotazione, ma basta venire ai nostri cancelli negli orari di visita e fare i propri biglietti in loco.<\/strong><\/em><\/p>\n<p style=\"font-size: 1.4em; text-align: justify;\"><strong>Alle 11:10 e alle 15:10 partir\u00e0 la visita guidata, consigliata per l&#8217;alta simbologia di questo importante giardino, ma non obbligatoria&#8230;se interessati, arrivate entro le 11:00 o le 15:00!<\/strong><\/p>\n<p style=\"font-size: 2.0em; text-align: center;\"><em><b><span style=\"color: darkgreen;\">Regalatevi una passeggiata al<br \/>\nGiardino Monumentale di Valsanzibio,&#8230;<\/span><\/b><\/em><\/p>\n<p style=\"font-size: 2.0em; text-align: center;\"><b><span style=\"color: red;\">&#8230;il Giardino della Rinascita.<\/span><\/b><\/p>\n<p style=\"font-size: 1.4em; text-align: center;\"><strong>Ingresso al Giardino<\/strong><br \/>\n<em>(compreso accesso alla torretta centrale del labirinto)<\/em><br \/>\nAdulti \u20ac 14,00 &#8211; ragazzi fino a 14 anni \u20ac 7,50<br \/>\n<strong>Percorso labirintico aperto con personale di sorveglianza<\/strong><br \/>\nBiglietto extra percorso labirintico = \u20ac 4,00 per adulto<br \/>\n<em>(minori gratuiti, ma accompagnati &#8211; almeno un adulto ogni 3 minori)<\/em><\/p>\n<p style=\"font-size: 1.6em; text-align: center;\"><strong>Possibilit\u00e0 di Visitare il Giardino Monumentale in autonomia<\/strong>,<br \/>\na tutti verranno date informazioni generali sul significato simbolico<br \/>\ndel Giardino e un depliant con informazioni storiche e piantina<br \/>\ndel Giardino con percorso consigliato, <em>oppure<\/em>, <strong>con la guida<\/strong>:<\/p>\n<p style=\"font-size: 1.6em; text-align: center;\"><b><span style=\"color: red;\">&#8211; <em><strong>senza esclusiva<\/strong><\/em><br \/>\n<b><span style=\"color: black;\">tutti i Sabati, le Domeniche e nelle giornate festive:<\/span><\/b><\/span><\/b><br \/>\n<strong>Visite guidate Standard o Superior<br \/>\n<a style=\"font-size: 1.1em; text-align: center;\">inizio ore 11:10 e 15:10<\/a><\/strong><br \/>\n<em><a style=\"font-size: 0.7em; text-align: center;\">(le visite guidate Superior sono garantite solo se si raggiunge un numero minimo di 8\/10 persone)<\/a><\/em><br \/>\nAdulti supplemento sul biglietto d&#8217;ingresso:<br \/>\n\u20ac 6,00 (visita guidata Standard &#8211; durata circa 60 minuti)<br \/>\n\u20ac 10,00 (visita guidata Superior &#8211; durata circa 80\/90 minuti)<br \/>\nRagazzi fino a 14 anni gratuiti<\/p>\n<p style=\"font-size: 1.6em; text-align: center;\"><b><span style=\"color: red;\">&#8211; <strong><em>in esclusiva<\/em><\/strong><br \/>\n<b><span style=\"color: black;\">tutti i giorni e solo su prenotazione<\/span><\/b><\/span><\/b><br \/>\n<strong>Visite guidate Standard o Superior<br \/>\ninizio orario <em>ad hoc<\/em>, scelto da chi prenota.<\/strong><br \/>\n<em><a style=\"font-size: 1.0em; text-align: justify;\">&#8211; <strong>Visita guidata &#8216;Standard&#8217;<\/strong> in esclusiva:<br \/>\n&#8211; durata 70 minuti circa;<br \/>\n&#8211; Costo per gruppi fino a 9 persone (1 a 9 persone) = \u20ac 100,0 (in Italiano);<br \/>\n&#8211; Costo per gruppi da 10 a 45\/50 persone = \u20ac 140,0 (in Italiano).<\/a><\/em><br \/>\n<em><a style=\"font-size: 1.0em; text-align: justify;\">&#8211; <strong>Visita guidata &#8216;Superior&#8217;<\/strong> in esclusiva:<br \/>\n&#8211; durata 110 minuti circa;<br \/>\n&#8211; Costo per gruppi fino a 9 persone (1 a 9 persone) = \u20ac 190,0 (in Italiano);<br \/>\n&#8211; Costo per gruppi da 10 a 45\/50 persone = \u20ac 240,0 (in Italiano).<\/a><\/em><\/p>\n<p style=\"font-size: 1.4em; text-align: justify;\">Durante le visite guidate sarete accompagnati alla scoperta di questo luogo magico, definito uno trai pi\u00f9 belli e importanti giardini al mondo, dalle guide esperte del Giardino.&nbsp; Il visitatore solcher\u00e0 il percorso simbolico di purificazione ispirato da San Gregorio Barbarigo e progettato da Luigi Bernini, percorso che rende questo luogo unico al mondo, e verranno spiegati molti significati allegorici, il Padiglione di Diana, ingresso storico del Giardino quando vi si approdava in barca da Venezia, le peschiere, le sculture, le fontane, il Labirinto, la Grotta dell\u2019Eremita, l\u2019Isola dei Conigli, la statua di Cronos. Inoltre verranno date alcune informazioni sulle straordinarie piante del Giardino, per lo pi\u00f9 alberi sempre verdi, provenienti da Asia, Africa, America e Europa, oggi piante di 400 anni e, in alcuni casi, di oltre 900 anni.<br \/>\nCon la <strong>visita guidata &#8216;Superior&#8217;<\/strong> si avr\u00e0 l\u2019opportunit\u00e0 anche di accedere al Piazzale delle Rivelazioni davanti alla Villa (generalmente chiuso al pubblico), di scoprire pi\u00f9 a fondo la botanica del Giardino, le tecniche uniche di Valsanzibio per la manutenzione dei bossi ultra secolari e molte altre curiosit\u00e0;<\/p>\n<p style=\"font-size: 1.4em; text-align: justify;\"><strong><em>Se invece preferite essere autonomi<\/em><\/strong>, non conoscete gi\u00e0 il Giardino Monumentale di Valsanzibio o non riuscite a partecipare ad una nostra visita guidata,&nbsp;\u00e8 sempre possibile noleggiare una delle nostre <strong>moderne audioguide<\/strong> presso la biglietteria del giardino:<\/p>\n<p style=\"font-size: 1.4em; text-align: center;\"><em><strong>moderni I-pod con 6 lingue disponibili:<br \/>\nItaliano, Inglese, Tedesco, Francese, Spagnolo e Russo,<br \/>\n8,0 \u20ac ad audioguida<\/strong><\/em><\/p>\n<p style=\"font-size: 1.4em; text-align: justify;\">Oppure, Vi consigliamo di&#8230;<\/p>\n<p style=\"font-size: 1.4em; text-align: center;\"><a href=\"https:\/\/www.valsanzibiogiardino.com\/it\/il-giardino\/\" target=\"_blank\" rel=\"noopener noreferrer\"><em><strong>&#8230;cliccare QUI, sulla voce GIARDINO del nostro sito&#8230;<\/strong><\/em><\/a><\/p>\n<p style=\"font-size: 1.4em; text-align: justify;\">&#8230;e consultare le varie voci per ottimizzare la Vostra visita e apprezzare a pieno questo Giardino considerato il Giardino allegorico e simbolico pi\u00f9 importante al mondo.<\/p>\n<p style=\"font-size: 1.4em; text-align: center;\">Per ogni domanda e informazione contattateci al<\/p>\n<p style=\"font-size: 2.0em; text-align: center;\"><strong>+39\/340\/0825844 (con whatsapp)<\/strong><\/p>\n<p style=\"font-size: 1.4em; text-align: center;\">oppure, per info, domande e prenotazioni scrivete a<\/p>\n<p style=\"font-size: 2.0em; text-align: center;\"><strong>info@valsanzibiogiardino.com<\/strong><\/p>\n<p style=\"font-size: 2.4em; text-align: center;\"><em><b><span style=\"color: pink;\">A TUTTE LE DONNE<\/span><\/b><\/em><\/p>\n<p style=\"font-size: 2.4em; text-align: center;\"><b><span style=\"color: red;\">BUONA FESTA<\/span><\/b><\/p>\n<p style=\"font-size: 1.0em; text-align: center;\"><strong>&#8212;&#8212;&#8212;&#8212;&#8212;&#8212;&#8212;&#8212;&#8212; O &#8212;&#8212;&#8212;&#8212;&#8212;&#8212;&#8212;&#8212;&#8212;<\/strong><\/p>\n<p style=\"text-align: center;\" align=\"justify\"><em><strong><span style=\"font-size: 20.0pt; font-family: 'Verdana','sans-serif'; color: #277333;\">Giardino Monumentale di Valsanzibio<\/span><\/strong><\/em><\/p>\n<p style=\"text-align: center;\" align=\"justify\"><strong><span style=\"font-size: 15.0pt; font-family: 'Verdana','sans-serif'; color: black;\">Il bello di stare all&#8217;aria aperta immersi<br \/>\nnella storia, nell&#8217;arte, nella natura e nel bello<\/span><\/strong><\/p>\n<p style=\"font-size: 1.6em; text-align: center;\"><em><b><span style=\"color: green;\">Passeggiare tra gli alberi rende le persone migliori.<br \/>\nLe piante sono cibo e medicina per l\u2019anima.<\/span><\/b><\/em><\/p>\n<p style=\"text-align: center;\" align=\"justify\"><strong><span style=\"font-size: 15.0pt; font-family: 'Verdana','sans-serif'; color: black;\">Vi aspettiamo, siamo aperti tutti i giorni<\/span><\/strong><\/p>\n<p style=\"font-size: 1.0em; text-align: center;\"><strong>&#8212;&#8212;&#8212;&#8212;&#8212;&#8212;&#8212;&#8212;&#8212; O &#8212;&#8212;&#8212;&#8212;&#8212;&#8212;&#8212;&#8212;&#8212;<\/strong><\/p>\n<p style=\"font-size: 1.2em; text-align: justify;\"><strong>Per favore<\/strong>, fate molta attenzione al nostro regolamento <strong><a href=\"https:\/\/www.valsanzibiogiardino.com\/it\/regole-di-visita-e-considerazioni\/\" target=\"_blank\" rel=\"noopener noreferrer\">(cliccare QUI per consultare il REGOLAMENTO DEL GIARDINO)<\/a><\/strong> perch\u00e9 questo giardino del Seicento \u00e8 considerato, nel suo genere, uno dei pi\u00f9 importanti monumenti artistici a livello mondiale, ma, come tutte le opere d\u2019arte antiche, E\u2019 MOLTO DELICATO. In particolare modo chiediamo una speciale collaborazione ai genitori nel controllare i propri giovani facendo capire loro che questo non \u00e8 un parco gioco, ma un ambiente che non pu\u00f2 sostenere la loro normale e, in altre circostanze, bell\u2019esuberanza giovanile\u2026PER FAVORE E\u2019 SEVERAMENTE VIETATO buttare sassi o pietre nelle peschiere\/zone d\u2019acqua del giardino, fate molta ATTENZIONE ai Vostri bambini\/ragazzi nel rispetto delle regole\u2026grazie della gentile ed indispensabile collaborazione.<\/p>\n<p style=\"font-size: 1.4em; text-align: center;\"><strong>&#8212;&#8212;&#8212;&#8212;&#8211; O &#8212;&#8212;&#8212;&#8212;&#8211;<\/strong><\/p>\n<p style=\"font-size: 1.4em; text-align: center;\"><em style=\"font-size: 1.4em; text-align: center;\"><b><span style=\"color: red;\">UNO SPECIALE GRAZIE<\/span><\/b><\/em><\/p>\n<p style=\"font-size: 1.4em; text-align: center;\"><strong>ai numerosi visitatori che ogni anno scelgono<\/strong><\/p>\n<p style=\"font-size: 1.4em; text-align: center;\"><strong>di visitare il Giardino Monumentale di Valsanzibio<\/strong><\/p>\n<p style=\"font-size: 1.4em; text-align: center;\"><strong>e cos\u00ec facendo prendono parte alla sua salvaguardia.<\/strong><\/p>\n<p style=\"font-size: 2.2em; text-align: center;\"><em><b><span style=\"color: green;\">GRAZIE<\/span><\/b><\/em><\/p>\n<p style=\"font-size: 1.2em; text-align: center;\"><strong>per le bellissime frasi che lasciate nel libro delle dediche.<\/strong><\/p>\n<p style=\"font-size: 1.2em; text-align: justify;\"><strong>Sapere che questo luogo emoziona dopo oltre 360 anni \u00e8 una grande soddisfazione per tutto lo staff, e ripaga del duro lavoro necessario per tutelare un bene storico ed unico come questo.<\/strong><\/p>\n<p style=\"font-size: 1.2em; text-align: justify;\">Il 2026 sar\u00e0 un anno importante per il Giardino Monumentale di Valsanzibio, che da poco pi\u00f9 di un anno ha finito i lavori straordinari grazie al Bando Europeo dedicato ai Giardini Storici vinto con il punteggio pi\u00f9 alto di tutt\u2019Italia.&nbsp; Tra le cose pi\u00f9 importanti fatte grazie ai fondi del PNRR c&#8217;\u00e8: il restauro e la ripulitura di gran parte delle oltre 60 statue in pietra d&#8217;Istria del Merengo e delle fontane pi\u00f9 importanti su progetto di Luigi Bernini; la ripavimentazione di tutti i sentieri e i viali con spezzato di trachite euganea per proteggere il delicato suolo dal calpestio; la piantumazione di nuove piante per rimpiazzare piante cadute o morte durante gli ultimi anni; l&#8217;introduzione di una nuova cartellonistica per rendere pi\u00f9 facile la lettura di questo importantissimo giardino, considerato il giardino allegorico\/simbolico pi\u00f9 importante al mondo; l&#8217;introduzione dei droni per aiutare nelle concimazioni e nei trattamenti del patrimonio botanico di Valsanzibio; l&#8217;installazione di un moderno sistema di irrigazione; l&#8217;introduzione di moderne sacche per la raccolta dell&#8217;acqua, cos\u00ec da stoccare l&#8217;acqua nei momenti piovosi per rilasciarla in giardino nei periodi siccitosi dell&#8217;anno. Inoltre, con il restauro della Fontana delle Insidie o dei Giochi d&#8217;Acqua o del Putto, si \u00e8 fatto una eccezionale scoperta. Infatti, la scultura del putto dell&#8217;omonima fontana, fino al 2023 pensata in Pietra d&#8217;Istria e attribuito allo scultore Enrico Merengo, come tutte le altre 60+ statue del giardino, si \u00e8 scoperto essere di marmo bianco di Carrara, da attribuirsi alla bottega dei Bernini e, molto probabilmente, al grande Gian Lorenzo.<\/p>\n<p style=\"font-size: 1.2em; text-align: justify;\">Di seguito alcune foto dopo il restauro&#8230;<\/p>\n<p>&nbsp;<\/p>\nngg_shortcode_4_placeholder\n<p style=\"font-size: 1.2em; text-align: justify;\">&#8230;e prima del restauro.<\/p>\nngg_shortcode_5_placeholder\n<p style=\"font-size: 1.2em; text-align: justify;\">Infine, fuori dal bando PNRR, in questi giorni si sta finendo di restaurare la Fontana dell&#8217;Iride o dell&#8217;Arcobaleno alimentata da quattro putti che afferrano zampillanti pesci. \u00c8 chiamata cos\u00ec perch\u00e9 allora, come oggi, con il sole splendente alle spalle del visitatore, guardando il centro della fontana tra gli zampilli, \u00e8 sempre possibile trovare un punto in cui scorgere l&#8217;arcobaleno.<\/p>\n<p style=\"font-size: 1.2em; text-align: justify;\">Negli ultimi anni il desiderio \u00e8 stato di portare questa meta barocca di oltre 360 anni ad offrire standard turistici sempre pi\u00f9 elevati ed internazionali.&nbsp; Fino al 2023 gli sforzi maggiori sono stati concentrati nella cura delle piante, che tra siccit\u00e0 e parassiti che attaccano il bosso (un vero patrimonio botanico del Giardino) assorbono oltre il 90% delle risorse ordinarie disponibili.&nbsp; Oggi, grazie ai fondi straordinari del PNRR, sono stati fatti i lavori necessari per raggiungere l&#8217;obbiettivo e il Giardino Monumentale di Valsanzibio, luogo magico e unico al mondo, \u00e8 diventato a tutti gli effetti un museo all&#8217;aria aperta meta irrinunciabile di tutte le persone che amano i giardini, ma, soprattutto, che amano la storia, la cultura, l&#8217;arte, la natura e la bellezza.<\/p>\n<p style=\"font-size: 1.4em; text-align: center;\"><strong>&#8212;&#8212;&#8212;&#8212;&#8211; O &#8212;&#8212;&#8212;&#8212;&#8211;<\/strong><\/p>\n<p>ngg_shortcode_6_placeholderngg_shortcode_7_placeholder<\/p>\n<p style=\"font-size: 1.4em; text-align: justify;\"><em>&#8220;A mio Nonno Armando spetta il merito di avere riparato i disastri causati dalla occupazione militare e dal forzato abbandono dell&#8217;ultima guerra (1943-1946). A mio Padre Fabio il merito di avere ripristinato tutti i 33 punti d&#8217;acqua del Giardino compromessi da ottanta anni di progressivo impoverimento sorgivo, con un impianto che permette di riciclare l&#8217;acqua per il 70%.<br \/>\nA me, oltre all&#8217;impegno di continuare a tramandare ai posteri questa superlativa realt\u00e0, anche l&#8217;obiettivo di fare conoscere a livello mondiale questa perla della nostra cultura.&nbsp; E in pochi anni sono stati raggiunte grandi soddisfazioni, con turisti da tutto il mondo&#8221;<br \/>\nArmando Pizzoni Ardemani, responsabile della Tenuta Valsanzibio.<\/em><\/p>\n<p style=\"font-size: 1.4em; text-align: center;\"><strong>&#8212;&#8212;&#8212;&#8212;&#8211; O &#8212;&#8212;&#8212;&#8212;&#8211;<\/strong><\/p>\n<p style=\"font-size: 2.2em; text-align: center;\"><em><b><span style=\"color: green;\">Camminare tra gli alberi<\/span><\/b><\/em><\/p>\n<p style=\"font-size: 2.2em; text-align: center;\"><em><b><span style=\"color: green;\">rende le persone migliori.<\/span><\/b><\/em><\/p>\n<p style=\"font-size: 2.2em; text-align: center;\"><em><b><span style=\"color: green;\">Le piante sono cibo e<\/span><\/b><\/em><\/p>\n<p style=\"font-size: 2.2em; text-align: center;\"><em><b><span style=\"color: green;\">medicina per l\u2019anima.<\/span><\/b><\/em><\/p>\nngg_shortcode_8_placeholder\n<p style=\"font-size: 1.8em; text-align: center;\"><strong>&#8212;&#8212;&#8212;&#8212;&#8211; O &#8212;&#8212;&#8212;&#8212;&#8211;<\/strong><\/p>\n<p style=\"font-size: 1.8em; text-align: center;\"><em><strong>Desiderate fare un regalo speciale<\/strong><\/em><\/p>\n<p style=\"font-size: 1.8em; text-align: center;\"><em><strong>a persone speciali?<\/strong><\/em><\/p>\n<p style=\"font-size: 2.0em; text-align: center;\"><b><span style=\"color: green;\"><strong>Regalate l\u2019ingresso al<\/strong><\/span><\/b><\/p>\n<p style=\"font-size: 2.0em; text-align: center;\"><b><span style=\"color: green;\"><strong>Giardino Monumentale di Valsanzibio.<\/strong><\/span><\/b><\/p>\n<p style=\"font-size: 1.5em; text-align: justify;\">Un dono gradito agli amanti dell\u2019 Arte e Natura e, al tempo stesso, Arte e Natura del Giardino ringraziano sentitamente del contributo.<\/p>\n<p style=\"font-size: 1.5em; text-align: justify;\">Sarete anche voi partecipi al mantenimento di un bene storico-artistico-botanico che visitatori da tutto il mondo apprezzano e ammirano.<\/p>\nngg_shortcode_9_placeholder\n<p style=\"font-size: 1.3em; text-align: center;\">Queste le possibilit\u00e0 di regalo:<\/p>\n<p style=\"font-size: 1.1em; text-align: justify;\"><em><strong>A. Ingresso al Giardino e visita in autonomia.<\/strong><\/em><br \/>\n&#8211; Durata = non meno di 60 minuti.<br \/>\nAll&#8217;ingresso verr\u00e0 dato un depliant con mappa del Giardino, con un percorso consigliato e alcune spiegazioni storiche-artistiche. Si potr\u00e0 visitare tutta l&#8217;area storica-artistica (il Giardino Allegorico), l&#8217;area botanica, e si potr\u00e0 accedere al labirinto solo fino dalla torretta centrale, con vista panoramica.<\/p>\n<p style=\"font-size: 1.1em; text-align: justify;\"><strong><em>B. Ingresso al Giardino in autonomia e percorribilit\u00e0 del percorso del labirinto.<\/em><\/strong><br \/>\n&#8211; Durata = non meno di 70\/90 minuti.<br \/>\nTutto come in &#8216;A.&#8217; e in aggiunta si potr\u00e0 entrare nel percorso del labirinto (solo in presenza del nostro personale di sorveglianza e previo accordo con la biglietteria sull&#8217;orario di accesso).<\/p>\n<p style=\"font-size: 1.1em; text-align: justify;\"><strong><em>C. Ingresso al Giardino e visita guidata &#8216;Standard&#8217;.<\/em><\/strong><br \/>\n&#8211; Durata = non meno di 75\/90 minuti.<br \/>\nTutto come in &#8216;A.&#8217; e in aggiunta il visitatore verr\u00e0 accompagnato alla scoperta del significato simbolico e allegorico del Giardino. La visita guidata &#8216;Standard&#8217; dura circa un&#8217;ora e pu\u00f2 essere fatta solo tutti i Sabati, le Domeniche ed i giorni festivi alle 11:00 e alle 15:00\/15:30\/16:00 (l&#8217;orario pomeridiano varia in base alla stagione). Prima dell&#8217;orario della visita guidata e\/o al termine della stessa, il visitatore potr\u00e0 passeggiare in autonomia in tutte le aree visitabili del Giardino.<\/p>\n<p style=\"font-size: 1.1em; text-align: justify;\"><strong><em>D. Ingresso al Giardino, percorribilit\u00e0 del labirinto e visita guidata &#8216;Standard&#8217;.<\/em><\/strong><br \/>\n&#8211; Durata = non meno di 120 minuti.<br \/>\nTutto come in &#8216;B.&#8217; e in aggiunta il visitatore verr\u00e0 accompagnato alla scoperta del significato simbolico e allegorico del Giardino. La visita guidata &#8216;Standard&#8217; dura circa un&#8217;ora e pu\u00f2 essere fatta solo tutti i Sabati, le Domeniche ed i giorni festivi alle 11:00 e alle 15:00\/15:30\/16:00 (l&#8217;orario pomeridiano varia in base alla stagione). Prima dell&#8217;orario della visita guidata e\/o al termine della stessa, il visitatore potr\u00e0 passeggiare in autonomia in tutte le aree visitabili del Giardino ed entrare nel percorso del labirinto (entrare nel percorso labirintico pu\u00f2 essere fatto solo in presenza del nostro personale di sorveglianza e previo accordo con la biglietteria sull&#8217;orario di accesso).<\/p>\n<p style=\"font-size: 1.5em; text-align: center;\">Per informazioni e richieste:<\/p>\n<p style=\"font-size: 1.6em; text-align: center;\"><em><strong>info@valsanzibiogiardino.com<\/strong><\/em><\/p>\n<p style=\"font-size: 1.6em; text-align: center;\"><strong>&#8212;&#8212;&#8212;&#8212;&#8211; O &#8212;&#8212;&#8212;&#8212;&#8211;<\/strong><\/p>\n<p style=\"font-size: 1.6em; text-align: center;\"><strong>INFINE VI segnaliamo&#8230;<\/strong><\/p>\n<p style=\"font-size: 2.6em; text-align: center;\"><a href=\"https:\/\/www.kickstarter.com\/projects\/1203174801\/giardino-di-valsanzibio\" target=\"_blank\" rel=\"noopener noreferrer\"><em><strong><span style=\"color: #475400;\">&#8216;VALSANZIBIO&#8217;<\/span><\/strong><\/em><\/a><\/p>\nngg_shortcode_10_placeholder\n<p style=\"font-size: 2.2em; text-align: center;\"><img decoding=\"async\" src=\"https:\/\/ksr-ugc.imgix.net\/assets\/017\/017\/241\/63f609366f6fec575d9d6ba8af80fecd_original.jpg?w=680&amp;fit=max&amp;v=1496933126&amp;auto=format&amp;q=92&amp;s=84e92847d9d457da48c22a523a0109c2\" alt=\"Preview of the book\"><\/p>\n<p style=\"font-size: 1.5em; text-align: justify;\">un opera scritta da <strong>Luigi Cerantola<\/strong> con fotografie di <strong>Renato D\u2019Agostin<\/strong>, giovane fotografo veneziano che ha gi\u00e0 esposto in prestigiose gallerie d\u2019arte internazionali, tra cui Venezia, New York, Parigi. Alcuni sui scatti realizzati nel Giardino di Valsanzibio appaiono anche sulla facciata <a style=\"font-weight: normal;\" href=\"https:\/\/www.valsanzibiogiardino.com\/ca-martinengo-2\/\" target=\"_blank\" rel=\"noopener noreferrer\">dell&#8217;antico Casino di caccia denominato <strong>C\u00e0 Martinengo <\/strong>(clicca sopra per conoscere Ca&#8217; Martinengo)<\/a>.<\/p>\n<p style=\"font-size: 1.5em; text-align: justify;\">Da VALSANZIBIO \u00e8 stato tratto il <strong><em>Codice di Valsanzibio<\/em><\/strong>, un libro realizzato secondo tecniche monastiche antiche e composto di 26 grandi pagine (cm. 23,5 x 32) esposte in sequenza. In quest&#8217;opera i 24 Sonetti del poeta <strong>Luigi Cerantola<\/strong>, che prendono avvio dal Sonetto \u201c<em>Curioso viator che in questa parte<\/em>\u201d inciso sulla gradinata che dal Giardino di Valsanzibio immette al Piazzale delle Rivelazioni in fronte a Villa Barbarigo Pizzoni Ardemani (<a href=\"https:\/\/www.valsanzibiogiardino.com\/portfolio-item\/steps-of-the-sonnet\/\" target=\"_blank\" rel=\"noopener noreferrer\">clicca La Scalinata del Sonetto<\/a>), sono calligrafati su carta giapponese e tutte le 26 pagine sono dipinte da <strong>Alessio Mancino<\/strong>.<\/p>\n<p style=\"font-size: 1.5em; text-align: justify;\">Il codice \u00e8 in linea alla tradizione classica (vedi le <em>Tr\u00e8s Riches Heuresdu Duc de Berry<\/em> del 1415 circa) che intendeva dar veste solenne e imperitura ad un testo calligrafandolo e miniandolo.<\/p>\n<p style=\"font-size: 1.6em; text-align: center;\"><strong>&#8212;&#8212;&#8212;&#8212;&#8211; O &#8212;&#8212;&#8212;&#8212;&#8211;<\/strong><\/p>\n<p style=\"font-size: 1.6em; text-align: justify;\"><strong>Tutte le attivit\u00e0 che si svolgono all\u2019interno del Giardino di Valsanzibio, se non specificato altrimenti, prevedono il regolare ingresso al giardino ed il pagamento del biglietto.<\/strong><\/p>\n<p style=\"font-size: 1.4em; text-align: justify;\">Per ulteriori info seguite gli aggiornamenti QUI alla voce &#8216;<strong>NEWS<\/strong>&#8216; o andate alla nostra pagina di <strong><a href=\"https:\/\/www.facebook.com\/Giardino-Barbarigo-Valsanzibio-1461052934142801\/\" target=\"_blank\" rel=\"noopener noreferrer\">Facebook: Giardino Barbarigo Valsanzibio<\/a><\/strong>.<\/p>\n<!-- AddThis Advanced Settings generic via filter on the_content --><!-- AddThis Share Buttons generic via filter on the_content -->","protected":false},"excerpt":{"rendered":"<p>Domenica 8 Marzo 2026 Buona festa della DONNA Dal Giardino Monumentale di Valsanzibio ConcedeteVi una passeggiata nel museo all&#8217;aperto pi\u00f9 bello d&#8217;Italia, immersi nella storia, nell&#8217;arte e nella natura! Domenica 8 Marzo 2026 il Giardino Monumentale di Valsanzibio celebra la Festa della Donna attraverso varie figure femminili importanti e scolpite nella pietra d&#8217;Istria: Diana, la [&hellip;]<!-- AddThis Advanced Settings generic via filter on get_the_excerpt --><!-- AddThis Share Buttons generic via filter on get_the_excerpt --><\/p>\n","protected":false},"author":4,"featured_media":23605,"comment_status":"closed","ping_status":"closed","sticky":false,"template":"","format":"standard","meta":{"_monsterinsights_skip_tracking":false,"_monsterinsights_sitenote_active":false,"_monsterinsights_sitenote_note":"","_monsterinsights_sitenote_category":0,"ngg_post_thumbnail":0,"footnotes":""},"categories":[13,17],"tags":[],"class_list":["post-23585","post","type-post","status-publish","format-standard","has-post-thumbnail","hentry","category-eventi","category-news"],"yoast_head":"<!-- This site is optimized with the Yoast SEO plugin v27.3 - https:\/\/yoast.com\/product\/yoast-seo-wordpress\/ -->\n<title>8 MARZO - Festa della DONNA - Giardino Storico di Valsanzibio | Villa Barbarigo Pizzoni Ardemani | Galzignano Terme, Padova<\/title>\n<meta name=\"robots\" content=\"index, follow, max-snippet:-1, max-image-preview:large, max-video-preview:-1\" \/>\n<link rel=\"canonical\" href=\"https:\/\/www.valsanzibiogiardino.com\/it\/8-marzo-festa-della-donna\/\" \/>\n<meta name=\"twitter:label1\" content=\"Scritto da\" \/>\n\t<meta name=\"twitter:data1\" content=\"Staff\" \/>\n\t<meta name=\"twitter:label2\" content=\"Tempo di lettura stimato\" \/>\n\t<meta name=\"twitter:data2\" content=\"11 minuti\" \/>\n<script type=\"application\/ld+json\" class=\"yoast-schema-graph\">{\"@context\":\"https:\\\/\\\/schema.org\",\"@graph\":[{\"@type\":\"Article\",\"@id\":\"https:\\\/\\\/www.valsanzibiogiardino.com\\\/it\\\/8-marzo-festa-della-donna\\\/#article\",\"isPartOf\":{\"@id\":\"https:\\\/\\\/www.valsanzibiogiardino.com\\\/it\\\/8-marzo-festa-della-donna\\\/\"},\"author\":{\"name\":\"Staff\",\"@id\":\"https:\\\/\\\/www.valsanzibiogiardino.com\\\/it\\\/#\\\/schema\\\/person\\\/f6b11a7fbc16b7bd8b7dff8c277936bb\"},\"headline\":\"8 MARZO &#8211; Festa della DONNA\",\"datePublished\":\"2026-03-07T23:46:14+00:00\",\"dateModified\":\"2026-03-08T06:36:13+00:00\",\"mainEntityOfPage\":{\"@id\":\"https:\\\/\\\/www.valsanzibiogiardino.com\\\/it\\\/8-marzo-festa-della-donna\\\/\"},\"wordCount\":2373,\"image\":{\"@id\":\"https:\\\/\\\/www.valsanzibiogiardino.com\\\/it\\\/8-marzo-festa-della-donna\\\/#primaryimage\"},\"thumbnailUrl\":\"https:\\\/\\\/www.valsanzibiogiardino.com\\\/wp-content\\\/uploads\\\/2025\\\/03\\\/Fecondita_Busto_b.jpg\",\"articleSection\":[\"EVENTI\",\"NEWS\"],\"inLanguage\":\"it-IT\"},{\"@type\":\"WebPage\",\"@id\":\"https:\\\/\\\/www.valsanzibiogiardino.com\\\/it\\\/8-marzo-festa-della-donna\\\/\",\"url\":\"https:\\\/\\\/www.valsanzibiogiardino.com\\\/it\\\/8-marzo-festa-della-donna\\\/\",\"name\":\"8 MARZO - Festa della DONNA - Giardino Storico di Valsanzibio | Villa Barbarigo Pizzoni Ardemani | Galzignano Terme, Padova\",\"isPartOf\":{\"@id\":\"https:\\\/\\\/www.valsanzibiogiardino.com\\\/it\\\/#website\"},\"primaryImageOfPage\":{\"@id\":\"https:\\\/\\\/www.valsanzibiogiardino.com\\\/it\\\/8-marzo-festa-della-donna\\\/#primaryimage\"},\"image\":{\"@id\":\"https:\\\/\\\/www.valsanzibiogiardino.com\\\/it\\\/8-marzo-festa-della-donna\\\/#primaryimage\"},\"thumbnailUrl\":\"https:\\\/\\\/www.valsanzibiogiardino.com\\\/wp-content\\\/uploads\\\/2025\\\/03\\\/Fecondita_Busto_b.jpg\",\"datePublished\":\"2026-03-07T23:46:14+00:00\",\"dateModified\":\"2026-03-08T06:36:13+00:00\",\"author\":{\"@id\":\"https:\\\/\\\/www.valsanzibiogiardino.com\\\/it\\\/#\\\/schema\\\/person\\\/f6b11a7fbc16b7bd8b7dff8c277936bb\"},\"breadcrumb\":{\"@id\":\"https:\\\/\\\/www.valsanzibiogiardino.com\\\/it\\\/8-marzo-festa-della-donna\\\/#breadcrumb\"},\"inLanguage\":\"it-IT\",\"potentialAction\":[{\"@type\":\"ReadAction\",\"target\":[\"https:\\\/\\\/www.valsanzibiogiardino.com\\\/it\\\/8-marzo-festa-della-donna\\\/\"]}]},{\"@type\":\"ImageObject\",\"inLanguage\":\"it-IT\",\"@id\":\"https:\\\/\\\/www.valsanzibiogiardino.com\\\/it\\\/8-marzo-festa-della-donna\\\/#primaryimage\",\"url\":\"https:\\\/\\\/www.valsanzibiogiardino.com\\\/wp-content\\\/uploads\\\/2025\\\/03\\\/Fecondita_Busto_b.jpg\",\"contentUrl\":\"https:\\\/\\\/www.valsanzibiogiardino.com\\\/wp-content\\\/uploads\\\/2025\\\/03\\\/Fecondita_Busto_b.jpg\",\"width\":2653,\"height\":2595},{\"@type\":\"BreadcrumbList\",\"@id\":\"https:\\\/\\\/www.valsanzibiogiardino.com\\\/it\\\/8-marzo-festa-della-donna\\\/#breadcrumb\",\"itemListElement\":[{\"@type\":\"ListItem\",\"position\":1,\"name\":\"Home\",\"item\":\"https:\\\/\\\/www.valsanzibiogiardino.com\\\/it\\\/\"},{\"@type\":\"ListItem\",\"position\":2,\"name\":\"8 MARZO &#8211; Festa della DONNA\"}]},{\"@type\":\"WebSite\",\"@id\":\"https:\\\/\\\/www.valsanzibiogiardino.com\\\/it\\\/#website\",\"url\":\"https:\\\/\\\/www.valsanzibiogiardino.com\\\/it\\\/\",\"name\":\"Giardino Storico di Valsanzibio | Villa Barbarigo Pizzoni Ardemani | Galzignano Terme, Padova\",\"description\":\"Il Giardino Storico di Valsanzibio si trova a Galzignano Terme, in provincia di Padova, ed \u00e8 uno dei pi\u00f9 estesi ed integri giardini d\u2019Epoca mondiali.\",\"potentialAction\":[{\"@type\":\"SearchAction\",\"target\":{\"@type\":\"EntryPoint\",\"urlTemplate\":\"https:\\\/\\\/www.valsanzibiogiardino.com\\\/it\\\/?s={search_term_string}\"},\"query-input\":{\"@type\":\"PropertyValueSpecification\",\"valueRequired\":true,\"valueName\":\"search_term_string\"}}],\"inLanguage\":\"it-IT\"},{\"@type\":\"Person\",\"@id\":\"https:\\\/\\\/www.valsanzibiogiardino.com\\\/it\\\/#\\\/schema\\\/person\\\/f6b11a7fbc16b7bd8b7dff8c277936bb\",\"name\":\"Staff\",\"url\":\"https:\\\/\\\/www.valsanzibiogiardino.com\\\/it\\\/author\\\/staff\\\/\"}]}<\/script>\n<!-- \/ Yoast SEO plugin. -->","yoast_head_json":{"title":"8 MARZO - Festa della DONNA - Giardino Storico di Valsanzibio | Villa Barbarigo Pizzoni Ardemani | Galzignano Terme, Padova","robots":{"index":"index","follow":"follow","max-snippet":"max-snippet:-1","max-image-preview":"max-image-preview:large","max-video-preview":"max-video-preview:-1"},"canonical":"https:\/\/www.valsanzibiogiardino.com\/it\/8-marzo-festa-della-donna\/","twitter_misc":{"Scritto da":"Staff","Tempo di lettura stimato":"11 minuti"},"schema":{"@context":"https:\/\/schema.org","@graph":[{"@type":"Article","@id":"https:\/\/www.valsanzibiogiardino.com\/it\/8-marzo-festa-della-donna\/#article","isPartOf":{"@id":"https:\/\/www.valsanzibiogiardino.com\/it\/8-marzo-festa-della-donna\/"},"author":{"name":"Staff","@id":"https:\/\/www.valsanzibiogiardino.com\/it\/#\/schema\/person\/f6b11a7fbc16b7bd8b7dff8c277936bb"},"headline":"8 MARZO &#8211; Festa della DONNA","datePublished":"2026-03-07T23:46:14+00:00","dateModified":"2026-03-08T06:36:13+00:00","mainEntityOfPage":{"@id":"https:\/\/www.valsanzibiogiardino.com\/it\/8-marzo-festa-della-donna\/"},"wordCount":2373,"image":{"@id":"https:\/\/www.valsanzibiogiardino.com\/it\/8-marzo-festa-della-donna\/#primaryimage"},"thumbnailUrl":"https:\/\/www.valsanzibiogiardino.com\/wp-content\/uploads\/2025\/03\/Fecondita_Busto_b.jpg","articleSection":["EVENTI","NEWS"],"inLanguage":"it-IT"},{"@type":"WebPage","@id":"https:\/\/www.valsanzibiogiardino.com\/it\/8-marzo-festa-della-donna\/","url":"https:\/\/www.valsanzibiogiardino.com\/it\/8-marzo-festa-della-donna\/","name":"8 MARZO - Festa della DONNA - Giardino Storico di Valsanzibio | Villa Barbarigo Pizzoni Ardemani | Galzignano Terme, Padova","isPartOf":{"@id":"https:\/\/www.valsanzibiogiardino.com\/it\/#website"},"primaryImageOfPage":{"@id":"https:\/\/www.valsanzibiogiardino.com\/it\/8-marzo-festa-della-donna\/#primaryimage"},"image":{"@id":"https:\/\/www.valsanzibiogiardino.com\/it\/8-marzo-festa-della-donna\/#primaryimage"},"thumbnailUrl":"https:\/\/www.valsanzibiogiardino.com\/wp-content\/uploads\/2025\/03\/Fecondita_Busto_b.jpg","datePublished":"2026-03-07T23:46:14+00:00","dateModified":"2026-03-08T06:36:13+00:00","author":{"@id":"https:\/\/www.valsanzibiogiardino.com\/it\/#\/schema\/person\/f6b11a7fbc16b7bd8b7dff8c277936bb"},"breadcrumb":{"@id":"https:\/\/www.valsanzibiogiardino.com\/it\/8-marzo-festa-della-donna\/#breadcrumb"},"inLanguage":"it-IT","potentialAction":[{"@type":"ReadAction","target":["https:\/\/www.valsanzibiogiardino.com\/it\/8-marzo-festa-della-donna\/"]}]},{"@type":"ImageObject","inLanguage":"it-IT","@id":"https:\/\/www.valsanzibiogiardino.com\/it\/8-marzo-festa-della-donna\/#primaryimage","url":"https:\/\/www.valsanzibiogiardino.com\/wp-content\/uploads\/2025\/03\/Fecondita_Busto_b.jpg","contentUrl":"https:\/\/www.valsanzibiogiardino.com\/wp-content\/uploads\/2025\/03\/Fecondita_Busto_b.jpg","width":2653,"height":2595},{"@type":"BreadcrumbList","@id":"https:\/\/www.valsanzibiogiardino.com\/it\/8-marzo-festa-della-donna\/#breadcrumb","itemListElement":[{"@type":"ListItem","position":1,"name":"Home","item":"https:\/\/www.valsanzibiogiardino.com\/it\/"},{"@type":"ListItem","position":2,"name":"8 MARZO &#8211; Festa della DONNA"}]},{"@type":"WebSite","@id":"https:\/\/www.valsanzibiogiardino.com\/it\/#website","url":"https:\/\/www.valsanzibiogiardino.com\/it\/","name":"Giardino Storico di Valsanzibio | Villa Barbarigo Pizzoni Ardemani | Galzignano Terme, Padova","description":"Il Giardino Storico di Valsanzibio si trova a Galzignano Terme, in provincia di Padova, ed \u00e8 uno dei pi\u00f9 estesi ed integri giardini d\u2019Epoca mondiali.","potentialAction":[{"@type":"SearchAction","target":{"@type":"EntryPoint","urlTemplate":"https:\/\/www.valsanzibiogiardino.com\/it\/?s={search_term_string}"},"query-input":{"@type":"PropertyValueSpecification","valueRequired":true,"valueName":"search_term_string"}}],"inLanguage":"it-IT"},{"@type":"Person","@id":"https:\/\/www.valsanzibiogiardino.com\/it\/#\/schema\/person\/f6b11a7fbc16b7bd8b7dff8c277936bb","name":"Staff","url":"https:\/\/www.valsanzibiogiardino.com\/it\/author\/staff\/"}]}},"_links":{"self":[{"href":"https:\/\/www.valsanzibiogiardino.com\/it\/wp-json\/wp\/v2\/posts\/23585","targetHints":{"allow":["GET"]}}],"collection":[{"href":"https:\/\/www.valsanzibiogiardino.com\/it\/wp-json\/wp\/v2\/posts"}],"about":[{"href":"https:\/\/www.valsanzibiogiardino.com\/it\/wp-json\/wp\/v2\/types\/post"}],"author":[{"embeddable":true,"href":"https:\/\/www.valsanzibiogiardino.com\/it\/wp-json\/wp\/v2\/users\/4"}],"replies":[{"embeddable":true,"href":"https:\/\/www.valsanzibiogiardino.com\/it\/wp-json\/wp\/v2\/comments?post=23585"}],"version-history":[{"count":3,"href":"https:\/\/www.valsanzibiogiardino.com\/it\/wp-json\/wp\/v2\/posts\/23585\/revisions"}],"predecessor-version":[{"id":24086,"href":"https:\/\/www.valsanzibiogiardino.com\/it\/wp-json\/wp\/v2\/posts\/23585\/revisions\/24086"}],"wp:featuredmedia":[{"embeddable":true,"href":"https:\/\/www.valsanzibiogiardino.com\/it\/wp-json\/wp\/v2\/media\/23605"}],"wp:attachment":[{"href":"https:\/\/www.valsanzibiogiardino.com\/it\/wp-json\/wp\/v2\/media?parent=23585"}],"wp:term":[{"taxonomy":"category","embeddable":true,"href":"https:\/\/www.valsanzibiogiardino.com\/it\/wp-json\/wp\/v2\/categories?post=23585"},{"taxonomy":"post_tag","embeddable":true,"href":"https:\/\/www.valsanzibiogiardino.com\/it\/wp-json\/wp\/v2\/tags?post=23585"}],"curies":[{"name":"wp","href":"https:\/\/api.w.org\/{rel}","templated":true}]}}