{"id":2330,"date":"2015-11-19T11:18:18","date_gmt":"2015-11-19T10:18:18","guid":{"rendered":"https:\/\/www.valsanzibiogiardino.it\/?p=2330"},"modified":"2018-11-05T21:29:24","modified_gmt":"2018-11-05T20:29:24","slug":"visite-giardino-monumentale-in-dicembre-gennaio-febbraio","status":"publish","type":"post","link":"https:\/\/www.valsanzibiogiardino.com\/it\/visite-giardino-monumentale-in-dicembre-gennaio-febbraio\/","title":{"rendered":"VISITE AL GIARDINO MONUMENTALE IN DICEMBRE, GENNAIO, FEBBRAIO"},"content":{"rendered":"<p style=\"font-size: 1.3em; text-align: justify;\">Questo inverno il giardino Monumentale potr\u00e0 essere visitato anche nei 3 mesi di chiusura (da Luned\u00ec 10 Dicembre 2018 fino a Venerd\u00ec 22 febbraio 2019), ma<strong> solo su prenotazione<\/strong><\/p>\n<p style=\"font-size: 2.0em; text-align: center;\"><strong>info@valsanzibiogiardino.it<\/strong><\/p>\n<p style=\"font-size: 1.5em; text-align: center;\"><strong>(informazioni <strong>+39\/<strong><strong>335\/5634918 o <\/strong><\/strong>340\/0825844<\/strong>)<\/strong><\/p>\n<p style=\"font-size: 1.3em; text-align: justify;\"><strong>e con guida fornita da noi (potrebbe essere richiesto il pagamento anticipato via bonifico bancario)<\/strong>. La tariffa minima per le visite al giardino durante i consueti mesi di chiusura \u00e8 di 180,00 \u20ac. Questa tariffa comprende l\u2019ingresso per un massimo di 15 persone (adulti e\/o bambini) e una guida a disposizione per tutto il tour al giardino storico (tour guidato di circa 60\/70 minuti e guida a disposizione per circa 80 minuti). In questi mesi invernali i Visitatori non potranno visitare il giardino autonomamente senza la nostra guida e, alla fine degli 80 minuti, saranno accompagnati all\u2019uscita. Nel caso di gruppi superiori alle 15 unit\u00e0 fino ad un massimo di 50 persone, il prezzo del tour guidato aumenter\u00e0 proporzionalmente al numero dei partecipanti alla visita (9,00 \u20ac per ogni adulto e 6,50 \u20ac per ogni bambino sopra le 15 unit\u00e0 gi\u00e0 comprese nella tariffa minima). Infine, si avvisa la gentile clientela che, a causa delle possibili gelate notturne e diurne, il circuito delle fontane e degli scherzi d\u2019acqua del giardino resteranno chiusi nei mesi invernali. Sar\u00e0 per\u00f2 possibile accedere al Piazzale delle Rivelazioni, normalmente chiuso per le regolari visite. Inoltre, sar\u00e0 possibile vedere le potature delle alte spalliere di bossi secolari e\/o del labirinto.<\/p>\n<p style=\"font-size: 1.5em; text-align: center;\"><a href=\"\/?cat_ID=17\"><em><strong>CONTROLLARE ANCHE ALLA VOCE \u2018NEWS\u2019<\/strong><\/em><\/a><br \/>\n<em><strong><a href=\"\/?cat_ID=17\">PER VISITARCI IN QUESTA STAGIONE<\/a> <\/strong><\/em><\/p>\n<!-- AddThis Advanced Settings generic via filter on the_content --><!-- AddThis Share Buttons generic via filter on the_content -->","protected":false},"excerpt":{"rendered":"<p>Questo inverno il giardino Monumentale potr\u00e0 essere visitato anche nei 3 mesi di chiusura (da Luned\u00ec 10 Dicembre 2018 fino a Venerd\u00ec 22 febbraio 2019), ma solo su prenotazione info@valsanzibiogiardino.it (informazioni +39\/335\/5634918 o 340\/0825844) e con guida fornita da noi (potrebbe essere richiesto il pagamento anticipato via bonifico bancario). La tariffa minima per le visite [&hellip;]<!-- AddThis Advanced Settings generic via filter on get_the_excerpt --><!-- AddThis Share Buttons generic via filter on get_the_excerpt --><\/p>\n","protected":false},"author":4,"featured_media":5037,"comment_status":"closed","ping_status":"open","sticky":false,"template":"","format":"standard","meta":{"_monsterinsights_skip_tracking":false,"_monsterinsights_sitenote_active":false,"_monsterinsights_sitenote_note":"","_monsterinsights_sitenote_category":0,"ngg_post_thumbnail":0,"footnotes":""},"categories":[1],"tags":[],"class_list":["post-2330","post","type-post","status-publish","format-standard","has-post-thumbnail","hentry","category-senzacategoria"],"yoast_head":"<!-- This site is optimized with the Yoast SEO plugin v27.3 - https:\/\/yoast.com\/product\/yoast-seo-wordpress\/ -->\n<title>VISITE AL GIARDINO MONUMENTALE IN DICEMBRE, GENNAIO, FEBBRAIO - Giardino Storico di Valsanzibio | Villa Barbarigo Pizzoni Ardemani | Galzignano Terme, Padova<\/title>\n<meta name=\"robots\" content=\"index, follow, max-snippet:-1, max-image-preview:large, max-video-preview:-1\" \/>\n<link rel=\"canonical\" href=\"https:\/\/www.valsanzibiogiardino.com\/it\/visite-giardino-monumentale-in-dicembre-gennaio-febbraio\/\" \/>\n<meta name=\"twitter:label1\" content=\"Scritto da\" \/>\n\t<meta name=\"twitter:data1\" content=\"Staff\" \/>\n\t<meta name=\"twitter:label2\" content=\"Tempo di lettura stimato\" \/>\n\t<meta name=\"twitter:data2\" content=\"1 minuto\" \/>\n<script type=\"application\/ld+json\" class=\"yoast-schema-graph\">{\"@context\":\"https:\\\/\\\/schema.org\",\"@graph\":[{\"@type\":\"Article\",\"@id\":\"https:\\\/\\\/www.valsanzibiogiardino.com\\\/it\\\/visite-giardino-monumentale-in-dicembre-gennaio-febbraio\\\/#article\",\"isPartOf\":{\"@id\":\"https:\\\/\\\/www.valsanzibiogiardino.com\\\/it\\\/visite-giardino-monumentale-in-dicembre-gennaio-febbraio\\\/\"},\"author\":{\"name\":\"Staff\",\"@id\":\"https:\\\/\\\/www.valsanzibiogiardino.com\\\/it\\\/#\\\/schema\\\/person\\\/f6b11a7fbc16b7bd8b7dff8c277936bb\"},\"headline\":\"VISITE AL GIARDINO MONUMENTALE IN DICEMBRE, GENNAIO, FEBBRAIO\",\"datePublished\":\"2015-11-19T10:18:18+00:00\",\"dateModified\":\"2018-11-05T20:29:24+00:00\",\"mainEntityOfPage\":{\"@id\":\"https:\\\/\\\/www.valsanzibiogiardino.com\\\/it\\\/visite-giardino-monumentale-in-dicembre-gennaio-febbraio\\\/\"},\"wordCount\":242,\"image\":{\"@id\":\"https:\\\/\\\/www.valsanzibiogiardino.com\\\/it\\\/visite-giardino-monumentale-in-dicembre-gennaio-febbraio\\\/#primaryimage\"},\"thumbnailUrl\":\"https:\\\/\\\/www.valsanzibiogiardino.com\\\/wp-content\\\/uploads\\\/2015\\\/11\\\/FontanaPila_Montecchio_131216_email.jpg\",\"articleSection\":[\"Senza Categoria\"],\"inLanguage\":\"it-IT\"},{\"@type\":\"WebPage\",\"@id\":\"https:\\\/\\\/www.valsanzibiogiardino.com\\\/it\\\/visite-giardino-monumentale-in-dicembre-gennaio-febbraio\\\/\",\"url\":\"https:\\\/\\\/www.valsanzibiogiardino.com\\\/it\\\/visite-giardino-monumentale-in-dicembre-gennaio-febbraio\\\/\",\"name\":\"VISITE AL GIARDINO MONUMENTALE IN DICEMBRE, GENNAIO, FEBBRAIO - Giardino Storico di Valsanzibio | Villa Barbarigo Pizzoni Ardemani | Galzignano Terme, Padova\",\"isPartOf\":{\"@id\":\"https:\\\/\\\/www.valsanzibiogiardino.com\\\/it\\\/#website\"},\"primaryImageOfPage\":{\"@id\":\"https:\\\/\\\/www.valsanzibiogiardino.com\\\/it\\\/visite-giardino-monumentale-in-dicembre-gennaio-febbraio\\\/#primaryimage\"},\"image\":{\"@id\":\"https:\\\/\\\/www.valsanzibiogiardino.com\\\/it\\\/visite-giardino-monumentale-in-dicembre-gennaio-febbraio\\\/#primaryimage\"},\"thumbnailUrl\":\"https:\\\/\\\/www.valsanzibiogiardino.com\\\/wp-content\\\/uploads\\\/2015\\\/11\\\/FontanaPila_Montecchio_131216_email.jpg\",\"datePublished\":\"2015-11-19T10:18:18+00:00\",\"dateModified\":\"2018-11-05T20:29:24+00:00\",\"author\":{\"@id\":\"https:\\\/\\\/www.valsanzibiogiardino.com\\\/it\\\/#\\\/schema\\\/person\\\/f6b11a7fbc16b7bd8b7dff8c277936bb\"},\"breadcrumb\":{\"@id\":\"https:\\\/\\\/www.valsanzibiogiardino.com\\\/it\\\/visite-giardino-monumentale-in-dicembre-gennaio-febbraio\\\/#breadcrumb\"},\"inLanguage\":\"it-IT\",\"potentialAction\":[{\"@type\":\"ReadAction\",\"target\":[\"https:\\\/\\\/www.valsanzibiogiardino.com\\\/it\\\/visite-giardino-monumentale-in-dicembre-gennaio-febbraio\\\/\"]}]},{\"@type\":\"ImageObject\",\"inLanguage\":\"it-IT\",\"@id\":\"https:\\\/\\\/www.valsanzibiogiardino.com\\\/it\\\/visite-giardino-monumentale-in-dicembre-gennaio-febbraio\\\/#primaryimage\",\"url\":\"https:\\\/\\\/www.valsanzibiogiardino.com\\\/wp-content\\\/uploads\\\/2015\\\/11\\\/FontanaPila_Montecchio_131216_email.jpg\",\"contentUrl\":\"https:\\\/\\\/www.valsanzibiogiardino.com\\\/wp-content\\\/uploads\\\/2015\\\/11\\\/FontanaPila_Montecchio_131216_email.jpg\",\"width\":1024,\"height\":683,\"caption\":\"Fontana Pila in inverno\"},{\"@type\":\"BreadcrumbList\",\"@id\":\"https:\\\/\\\/www.valsanzibiogiardino.com\\\/it\\\/visite-giardino-monumentale-in-dicembre-gennaio-febbraio\\\/#breadcrumb\",\"itemListElement\":[{\"@type\":\"ListItem\",\"position\":1,\"name\":\"Home\",\"item\":\"https:\\\/\\\/www.valsanzibiogiardino.com\\\/it\\\/\"},{\"@type\":\"ListItem\",\"position\":2,\"name\":\"VISITE AL GIARDINO MONUMENTALE IN DICEMBRE, GENNAIO, FEBBRAIO\"}]},{\"@type\":\"WebSite\",\"@id\":\"https:\\\/\\\/www.valsanzibiogiardino.com\\\/it\\\/#website\",\"url\":\"https:\\\/\\\/www.valsanzibiogiardino.com\\\/it\\\/\",\"name\":\"Giardino Storico di Valsanzibio | Villa Barbarigo Pizzoni Ardemani | Galzignano Terme, Padova\",\"description\":\"Il Giardino Storico di Valsanzibio si trova a Galzignano Terme, in provincia di Padova, ed \u00e8 uno dei pi\u00f9 estesi ed integri giardini d\u2019Epoca mondiali.\",\"potentialAction\":[{\"@type\":\"SearchAction\",\"target\":{\"@type\":\"EntryPoint\",\"urlTemplate\":\"https:\\\/\\\/www.valsanzibiogiardino.com\\\/it\\\/?s={search_term_string}\"},\"query-input\":{\"@type\":\"PropertyValueSpecification\",\"valueRequired\":true,\"valueName\":\"search_term_string\"}}],\"inLanguage\":\"it-IT\"},{\"@type\":\"Person\",\"@id\":\"https:\\\/\\\/www.valsanzibiogiardino.com\\\/it\\\/#\\\/schema\\\/person\\\/f6b11a7fbc16b7bd8b7dff8c277936bb\",\"name\":\"Staff\",\"url\":\"https:\\\/\\\/www.valsanzibiogiardino.com\\\/it\\\/author\\\/staff\\\/\"}]}<\/script>\n<!-- \/ Yoast SEO plugin. -->","yoast_head_json":{"title":"VISITE AL GIARDINO MONUMENTALE IN DICEMBRE, GENNAIO, FEBBRAIO - Giardino Storico di Valsanzibio | Villa Barbarigo Pizzoni Ardemani | Galzignano Terme, Padova","robots":{"index":"index","follow":"follow","max-snippet":"max-snippet:-1","max-image-preview":"max-image-preview:large","max-video-preview":"max-video-preview:-1"},"canonical":"https:\/\/www.valsanzibiogiardino.com\/it\/visite-giardino-monumentale-in-dicembre-gennaio-febbraio\/","twitter_misc":{"Scritto da":"Staff","Tempo di lettura stimato":"1 minuto"},"schema":{"@context":"https:\/\/schema.org","@graph":[{"@type":"Article","@id":"https:\/\/www.valsanzibiogiardino.com\/it\/visite-giardino-monumentale-in-dicembre-gennaio-febbraio\/#article","isPartOf":{"@id":"https:\/\/www.valsanzibiogiardino.com\/it\/visite-giardino-monumentale-in-dicembre-gennaio-febbraio\/"},"author":{"name":"Staff","@id":"https:\/\/www.valsanzibiogiardino.com\/it\/#\/schema\/person\/f6b11a7fbc16b7bd8b7dff8c277936bb"},"headline":"VISITE AL GIARDINO MONUMENTALE IN DICEMBRE, GENNAIO, FEBBRAIO","datePublished":"2015-11-19T10:18:18+00:00","dateModified":"2018-11-05T20:29:24+00:00","mainEntityOfPage":{"@id":"https:\/\/www.valsanzibiogiardino.com\/it\/visite-giardino-monumentale-in-dicembre-gennaio-febbraio\/"},"wordCount":242,"image":{"@id":"https:\/\/www.valsanzibiogiardino.com\/it\/visite-giardino-monumentale-in-dicembre-gennaio-febbraio\/#primaryimage"},"thumbnailUrl":"https:\/\/www.valsanzibiogiardino.com\/wp-content\/uploads\/2015\/11\/FontanaPila_Montecchio_131216_email.jpg","articleSection":["Senza Categoria"],"inLanguage":"it-IT"},{"@type":"WebPage","@id":"https:\/\/www.valsanzibiogiardino.com\/it\/visite-giardino-monumentale-in-dicembre-gennaio-febbraio\/","url":"https:\/\/www.valsanzibiogiardino.com\/it\/visite-giardino-monumentale-in-dicembre-gennaio-febbraio\/","name":"VISITE AL GIARDINO MONUMENTALE IN DICEMBRE, GENNAIO, FEBBRAIO - Giardino Storico di Valsanzibio | Villa Barbarigo Pizzoni Ardemani | Galzignano Terme, Padova","isPartOf":{"@id":"https:\/\/www.valsanzibiogiardino.com\/it\/#website"},"primaryImageOfPage":{"@id":"https:\/\/www.valsanzibiogiardino.com\/it\/visite-giardino-monumentale-in-dicembre-gennaio-febbraio\/#primaryimage"},"image":{"@id":"https:\/\/www.valsanzibiogiardino.com\/it\/visite-giardino-monumentale-in-dicembre-gennaio-febbraio\/#primaryimage"},"thumbnailUrl":"https:\/\/www.valsanzibiogiardino.com\/wp-content\/uploads\/2015\/11\/FontanaPila_Montecchio_131216_email.jpg","datePublished":"2015-11-19T10:18:18+00:00","dateModified":"2018-11-05T20:29:24+00:00","author":{"@id":"https:\/\/www.valsanzibiogiardino.com\/it\/#\/schema\/person\/f6b11a7fbc16b7bd8b7dff8c277936bb"},"breadcrumb":{"@id":"https:\/\/www.valsanzibiogiardino.com\/it\/visite-giardino-monumentale-in-dicembre-gennaio-febbraio\/#breadcrumb"},"inLanguage":"it-IT","potentialAction":[{"@type":"ReadAction","target":["https:\/\/www.valsanzibiogiardino.com\/it\/visite-giardino-monumentale-in-dicembre-gennaio-febbraio\/"]}]},{"@type":"ImageObject","inLanguage":"it-IT","@id":"https:\/\/www.valsanzibiogiardino.com\/it\/visite-giardino-monumentale-in-dicembre-gennaio-febbraio\/#primaryimage","url":"https:\/\/www.valsanzibiogiardino.com\/wp-content\/uploads\/2015\/11\/FontanaPila_Montecchio_131216_email.jpg","contentUrl":"https:\/\/www.valsanzibiogiardino.com\/wp-content\/uploads\/2015\/11\/FontanaPila_Montecchio_131216_email.jpg","width":1024,"height":683,"caption":"Fontana Pila in inverno"},{"@type":"BreadcrumbList","@id":"https:\/\/www.valsanzibiogiardino.com\/it\/visite-giardino-monumentale-in-dicembre-gennaio-febbraio\/#breadcrumb","itemListElement":[{"@type":"ListItem","position":1,"name":"Home","item":"https:\/\/www.valsanzibiogiardino.com\/it\/"},{"@type":"ListItem","position":2,"name":"VISITE AL GIARDINO MONUMENTALE IN DICEMBRE, GENNAIO, FEBBRAIO"}]},{"@type":"WebSite","@id":"https:\/\/www.valsanzibiogiardino.com\/it\/#website","url":"https:\/\/www.valsanzibiogiardino.com\/it\/","name":"Giardino Storico di Valsanzibio | Villa Barbarigo Pizzoni Ardemani | Galzignano Terme, Padova","description":"Il Giardino Storico di Valsanzibio si trova a Galzignano Terme, in provincia di Padova, ed \u00e8 uno dei pi\u00f9 estesi ed integri giardini d\u2019Epoca mondiali.","potentialAction":[{"@type":"SearchAction","target":{"@type":"EntryPoint","urlTemplate":"https:\/\/www.valsanzibiogiardino.com\/it\/?s={search_term_string}"},"query-input":{"@type":"PropertyValueSpecification","valueRequired":true,"valueName":"search_term_string"}}],"inLanguage":"it-IT"},{"@type":"Person","@id":"https:\/\/www.valsanzibiogiardino.com\/it\/#\/schema\/person\/f6b11a7fbc16b7bd8b7dff8c277936bb","name":"Staff","url":"https:\/\/www.valsanzibiogiardino.com\/it\/author\/staff\/"}]}},"_links":{"self":[{"href":"https:\/\/www.valsanzibiogiardino.com\/it\/wp-json\/wp\/v2\/posts\/2330","targetHints":{"allow":["GET"]}}],"collection":[{"href":"https:\/\/www.valsanzibiogiardino.com\/it\/wp-json\/wp\/v2\/posts"}],"about":[{"href":"https:\/\/www.valsanzibiogiardino.com\/it\/wp-json\/wp\/v2\/types\/post"}],"author":[{"embeddable":true,"href":"https:\/\/www.valsanzibiogiardino.com\/it\/wp-json\/wp\/v2\/users\/4"}],"replies":[{"embeddable":true,"href":"https:\/\/www.valsanzibiogiardino.com\/it\/wp-json\/wp\/v2\/comments?post=2330"}],"version-history":[{"count":0,"href":"https:\/\/www.valsanzibiogiardino.com\/it\/wp-json\/wp\/v2\/posts\/2330\/revisions"}],"wp:featuredmedia":[{"embeddable":true,"href":"https:\/\/www.valsanzibiogiardino.com\/it\/wp-json\/wp\/v2\/media\/5037"}],"wp:attachment":[{"href":"https:\/\/www.valsanzibiogiardino.com\/it\/wp-json\/wp\/v2\/media?parent=2330"}],"wp:term":[{"taxonomy":"category","embeddable":true,"href":"https:\/\/www.valsanzibiogiardino.com\/it\/wp-json\/wp\/v2\/categories?post=2330"},{"taxonomy":"post_tag","embeddable":true,"href":"https:\/\/www.valsanzibiogiardino.com\/it\/wp-json\/wp\/v2\/tags?post=2330"}],"curies":[{"name":"wp","href":"https:\/\/api.w.org\/{rel}","templated":true}]}}