{"id":22991,"date":"2024-05-11T02:11:55","date_gmt":"2024-05-11T00:11:55","guid":{"rendered":"https:\/\/www.valsanzibiogiardino.com\/?p=22991"},"modified":"2024-05-11T02:13:39","modified_gmt":"2024-05-11T00:13:39","slug":"domenica-12-maggio-2024-giornata-internazionale-dellarte-topiaria","status":"publish","type":"post","link":"https:\/\/www.valsanzibiogiardino.com\/it\/domenica-12-maggio-2024-giornata-internazionale-dellarte-topiaria\/","title":{"rendered":"Domenica 12 Maggio 2024 &#8211; Giornata internazionale dell&#8217;arte topiaria"},"content":{"rendered":"<p style=\"font-size: 3.0em; text-align: center;\"><b><span style=\"color: black;\">Domenica 12 Maggio 2024<\/span><\/b><\/p>\n<p style=\"font-size: 3.0em; text-align: center;\"><em><b><span style=\"color: darkgreen;\">World Topiary Day<\/span><\/b><\/em><\/p>\n<p style=\"font-size: 1.6em; text-align: center;\"><strong>Giornata internazionale dell&#8217;arte topiaria.<\/strong><\/p>\nngg_shortcode_0_placeholder\n<p style=\"font-size: 1.2em; text-align: center;\">Festeggiamo il #worldtopiaryday in collaborazione con @levenshall.<\/p>\n<p style=\"font-size: 1.2em; text-align: justify;\">Il Giardino Monumentale di Valsanzibio \u00e8 tra i pi\u00f9 antichi giardini al mondo che pratica quest&#8217;arte, e molte delle piante risalgono al progetto originale ossia hanno pi\u00f9 di 400 anni: piramidi, &#8216;nuvole&#8217;, muri e muraglie di bosso sempreverde.<\/p>\n<p style=\"font-size: 1.2em; text-align: justify;\">Dall&#8217;inizio di quest&#8217;anno la bottiglia con il suo messaggio ha fatto tappa nei principali giardini europei, e oggi celebriamo la meraviglia dell&#8217;arte topiaria.<\/p>\n<p style=\"font-size: 1.2em; text-align: justify;\">Proponiamo visite guidate con approfondimenti sull&#8217;arte di rendere le piante delle vere opere d&#8217;arte.<\/p>\n<p style=\"font-size: 1.2em; text-align: center;\"><strong><em>Inizio Ore 11:00 e 16:00<\/em><\/strong><\/p>\n<p style=\"font-size: 1.0em; text-align: center;\"><strong>&#8212;&#8212;&#8212;&#8212;&#8212;&#8212;&#8212;&#8212;&#8212; O &#8212;&#8212;&#8212;&#8212;&#8212;&#8212;&#8212;&#8212;&#8212;<\/strong><\/p>\nngg_shortcode_1_placeholder\n<p style=\"font-size: 1.6em; text-align: justify;\"><em>Scherzi d&#8217;acqua, fontane, peschiere, sculture, la meraviglia di una passeggiata ispirata da San Gregorio Barbarigo su progetto di Luigi Bernini. E l&#8217;imperdibile stupendo labirinto in bosso secolare, il pi\u00f9 antico labirinto vegetale al mondo!<\/em><\/p>\n<p style=\"font-size: 1.6em; text-align: center;\"><strong>Aperto tutti i giorni fino a Dicembre,<br \/>\ndalle 10:00 al tramonto&#8230;<br \/>\n&#8230;le 19:00 da fine Marzo a fine Settembre.<\/strong><\/p>\n<p style=\"font-size: 1.6em; text-align: center;\"><em><strong>Fine settimana, feriali e mesi di alta stagione orario continuato.<\/strong><\/em><\/p>\n<p style=\"font-size: 1.6em; text-align: center;\"><strong>Prenotazione richiesta solo per gruppi.<\/strong><\/p>\n<p style=\"font-size: 1.6em; text-align: center;\"><em><strong>Il Giardino Monumentale di Valsanzibio \u00e8 considerato<br \/>\nuno dei Giardini storici pi\u00f9 importanti al mondo.<\/strong><\/em><\/p>\n<p style=\"font-size: 1.6em; text-align: center;\"><strong>Regalatevi una passeggiata al<br \/>\nGiardino Monumentale di Valsanzibio,&#8230;<\/strong><\/p>\n<p style=\"font-size: 2.8em; text-align: center;\"><b><span style=\"color: red;\">il Giardino della Rinascita.<\/span><\/b><\/p>\n<p style=\"font-size: 1.6em; text-align: center;\"><strong>Possibilit\u00e0 di Visitare il Giardino Monumentale in autonomia<\/strong>,<br \/>\na tutti verranno date informazioni generali sul significato simbolico<br \/>\ndel Giardino e un depliant con informazioni storiche e piantina<br \/>\ndel Giardino con percorso consigliato, oppure con&#8230;<\/p>\n<p style=\"font-size: 1.8em; text-align: center;\"><b><span style=\"color: red;\">&#8230;visite guidate &#8216;Standard&#8217; e &#8216;Superior&#8217;<\/span><\/b><\/p>\n<p style=\"font-size: 2.2em; text-align: center;\"><em><b><span style=\"color: green;\">tour emozionali<\/span><\/b><\/em><\/p>\n<p style=\"font-size: 1.4em; text-align: justify;\">Ogni fine settimana, giorni festivi e pre-festivi ci saranno visite guidate per spiegare l\u2019alta simbologia del Giardino, tutt\u2019oggi perfettamente leggibile.&nbsp; Le guide esperte del Giardino Vi accompagneranno alla scoperta di questo luogo magico, definito uno dei pi\u00f9 bei giardini al mondo.&nbsp; Il visitatore solcher\u00e0 il percorso simbolico di purificazione ispirato da San Gregorio Barbarigo e progettato da Luigi Bernini, percorso che rende questo luogo unico al mondo, e verranno spiegati molti significati allegorici, il Padiglione di Diana, ingresso storico del Giardino quando vi si approdava in barca da Venezia, le peschiere, le sculture, le fontane, il Labirinto, la Grotta dell\u2019Eremita, l\u2019Isola dei Conigli, la statua di Cronos. Inoltre verranno date alcune informazioni sulle straordinarie piante del Giardino, per lo pi\u00f9 alberi sempre verdi, provenienti da Asia, Africa, America e Europa, oggi piante di 400 anni e, in alcuni casi, di oltre 800 anni.<\/p>\n<p style=\"font-size: 1.8em; text-align: center;\"><em><strong>&#8230;ore 11:00 e ore 15:00 o 15:30 o 16:00<br \/>\n(orario pomeridiano dipende dalla stagione)<\/strong><\/em><\/p>\n<p style=\"font-size: 1.6em; text-align: center;\"><b><span style=\"color: red;\">Visite guidate &#8216;Standard&#8217;<\/span><\/b><\/p>\n<p style=\"font-size: 1.2em; text-align: center;\"><em><b><span style=\"color: black;\">Alla scoperta dei significati simbolici ed allegorici del Giardino.<br \/>\nExtra sul biglietto d&#8217;ingresso, 5,0 \u20ac ad adulto (durata circa 60 minuti).<\/span><\/b><\/em><\/p>\n<p style=\"font-size: 1.6em; text-align: center;\"><b><span style=\"color: red;\">Visite guidate &#8216;Superior&#8217;<\/span><\/b><\/p>\n<p style=\"font-size: 1.2em; text-align: center;\"><b><span style=\"color: black;\"><em>Alla scoperta dei significati simbolici del Giardino, del patrimonio<\/em><br \/>\n<em>botanico del giardino, della sua manutenzione e accesso<br \/>\nal Piazzale delle Rivelazioni, normalmente chiuso al pubblico.<\/em><br \/>\n<em>Extra sul biglietto d&#8217;ingresso, 10,0 \u20ac ad adulto (durata oltre 90 minuti).<\/em><\/span><\/b><\/p>\n<p style=\"font-size: 1.2em; text-align: center;\"><b><span style=\"color: black;\">Se volete partecipare alla visita guidata<\/span><\/b><\/p>\n<p style=\"font-size: 1.3em; text-align: center;\"><em><b><span style=\"color: red;\"><strong>mandate un whatsapp al 340\/0825844<br \/>\no inviate una email a info@valsanzibiogiardino.com<\/strong><\/span><\/b><\/em><\/p>\n<p style=\"font-size: 1.2em; text-align: center;\"><b><span style=\"color: black;\"> indicando un nominativo, il giorno e l\u2019ora della visita, il tipo di visita e<br \/>\ncirca il numero di persone che vorrebbero partecipare alla visita guidata.<\/span><\/b><\/p>\n<p style=\"font-size: 1.0em; text-align: center;\"><strong>&#8212;&#8212;&#8212;&#8212;&#8212;&#8212;&#8212;&#8212;&#8212; O &#8212;&#8212;&#8212;&#8212;&#8212;&#8212;&#8212;&#8212;&#8212;<\/strong><\/p>\n<p style=\"font-size: 1.6em; text-align: center;\"><strong>Percorso labirintico aperto con personale di sorveglianza<\/strong><\/p>\nngg_shortcode_2_placeholder\n<p style=\"font-size: 1.6em; text-align: center;\"><strong>Alle Antiche Scuderie dal Chiosco del Giardino<br \/>\npossibilit\u00e0 di avere panini gourmet, tramezzini,<br \/>\npolpette (carne e verdure), piadine, toast, biscotti<br \/>\nricoperti, gelati artigianali (in collaborazione con Bar<br \/>\nTonetti, gastronomia Beghin, gelateria Panciera)&#8230;e ancora<br \/>\nBibite bio, infusi, vino dei Colli, birra artigianale.<\/strong><\/p>\n<p style=\"font-size: 1.4em; text-align: justify;\">Potrete pranzare presso i tavoli del chiosco oppure ordinare il cestino pic nic realizzato dal chiosco del Giardino e andare nelle zone a disposizione nell\u2019area botanica.<\/p>\n<p style=\"font-size: 1.2em; text-align: center;\"><strong>Prezzi su richiesta e prenotazione pic nic preferibilmente<br \/>\nalmeno 5 giorni prima della data scelta.<\/strong><\/p>\n<p style=\"font-size: 1.2em; text-align: center;\"><strong>Oppure potrete prenotare un tavolo e portare il pic nic da casa.<\/strong><\/p>\nngg_shortcode_3_placeholder\n<p style=\"font-size: 1.4em; text-align: center;\"><em><b><span style=\"color: red;\"><strong>Prenotazione su whatsapp al 340 0825844<\/strong><\/span><\/b><\/em><\/p>\n<p style=\"font-size: 1.0em; text-align: center;\"><strong>&#8212;&#8212;&#8212;&#8212;&#8212;&#8212;&#8212;&#8212;&#8212; O &#8212;&#8212;&#8212;&#8212;&#8212;&#8212;&#8212;&#8212;&#8212;<\/strong><\/p>\n<p style=\"font-size: 1.4em; text-align: center;\"><strong>Ingresso al Giardino<\/strong><br \/>\n<em>(compreso accesso alla torretta centrale del labirinto)<\/em><br \/>\nAdulti \u20ac 12,00 &#8211; ragazzi fino a 14 anni \u20ac 6,50<br \/>\nBiglietto extra percorso labirintico = \u20ac 4,00 per adulto<br \/>\n<em>(minori gratuiti, ma accompagnati &#8211; almeno un adulto ogni 3 minori)<\/em><\/p>\n<p style=\"font-size: 1.4em; text-align: center;\"><strong>Visita guidata<\/strong><br \/>\nAdulti supplemento sul biglietto d&#8217;ingresso:<br \/>\n\u20ac 5,00 (visita guidata Standard &#8211; durata circa 60 minuti)<br \/>\n\u20ac 10,00 (visita guidata Superior &#8211; durata oltre 90 minuti)<br \/>\nRagazzi fino a 14 anni gratuiti<\/p>\n<p style=\"font-size: 1.0em; text-align: center;\"><strong>&#8212;&#8212;&#8212;&#8212;&#8212;&#8212;&#8212;&#8212;&#8212; O &#8212;&#8212;&#8212;&#8212;&#8212;&#8212;&#8212;&#8212;&#8212;<\/strong><\/p>\n<p style=\"text-align: center;\" align=\"justify\"><em><strong><span style=\"font-size: 20.0pt; font-family: 'Verdana','sans-serif'; color: #277333;\">Giardino Monumentale di Valsanzibio<\/span><\/strong><\/em><\/p>\n<p style=\"text-align: center;\" align=\"justify\"><strong><span style=\"font-size: 15.0pt; font-family: 'Verdana','sans-serif'; color: black;\">Il bello di stare all&#8217;aria aperta immersi<br \/>\nnell&#8217;arte, nella natura e nel bello<\/span><\/strong><\/p>\n<p style=\"font-size: 1.6em; text-align: center;\"><em><b><span style=\"color: green;\">Passeggiare tra gli alberi rende le persone migliori.<br \/>\nLe piante sono cibo e medicina per l\u2019anima.<\/span><\/b><\/em><\/p>\n<p style=\"text-align: center;\" align=\"justify\"><strong><span style=\"font-size: 15.0pt; font-family: 'Verdana','sans-serif'; color: black;\">Vi aspettiamo, siamo aperti tutti i giorni<\/span><\/strong><\/p>\n<p style=\"font-size: 1.0em; text-align: center;\"><strong>&#8212;&#8212;&#8212;&#8212;&#8212;&#8212;&#8212;&#8212;&#8212; O &#8212;&#8212;&#8212;&#8212;&#8212;&#8212;&#8212;&#8212;&#8212;<\/strong><\/p>\n<p style=\"font-size: 1.2em; text-align: justify;\"><strong>Per favore<\/strong>, fate molta attenzione al nostro regolamento <strong><a href=\"https:\/\/www.valsanzibiogiardino.com\/it\/regole-di-visita-e-considerazioni\/\" target=\"_blank\" rel=\"noopener noreferrer\">(cliccare QUI per consultare il REGOLAMENTO DEL GIARDINO)<\/a><\/strong> perch\u00e9 questo giardino del Seicento \u00e8 considerato, nel suo genere, uno dei pi\u00f9 importanti monumenti artistici a livello mondiale, ma, come tutte le opere d\u2019arte antiche, E\u2019 MOLTO DELICATO. In particolare modo chiediamo una speciale collaborazione ai genitori nel controllare i propri giovani facendo capire loro che questo non \u00e8 un parco gioco, ma un ambiente che non pu\u00f2 sostenere la loro normale e, in altre circostanze, bell\u2019esuberanza giovanile\u2026PER FAVORE E\u2019 SEVERAMENTE VIETATO buttare sassi o pietre nelle peschiere\/zone d\u2019acqua del giardino, fate molta ATTENZIONE ai Vostri bambini\/ragazzi nel rispetto delle regole\u2026grazie della gentile ed indispensabile collaborazione.<\/p>\n<p style=\"font-size: 1.4em; text-align: center;\"><strong>&#8212;&#8212;&#8212;&#8212;&#8211; O &#8212;&#8212;&#8212;&#8212;&#8211;<\/strong><\/p>\n<p style=\"font-size: 1.4em; text-align: center;\"><em style=\"font-size: 1.4em; text-align: center;\"><b><span style=\"color: red;\">UNO SPECIALE GRAZIE<\/span><\/b><\/em><\/p>\n<p style=\"font-size: 1.4em; text-align: center;\"><strong>ai numerosi visitatori che ogni anno scelgono<\/strong><\/p>\n<p style=\"font-size: 1.4em; text-align: center;\"><strong>di visitare il Giardino Monumentale di Valsanzibio<\/strong><\/p>\n<p style=\"font-size: 1.4em; text-align: center;\"><strong>e cos\u00ec facendo prendono parte alla sua salvaguardia.<\/strong><\/p>\n<p style=\"font-size: 2.2em; text-align: center;\"><em><b><span style=\"color: green;\">GRAZIE<\/span><\/b><\/em><\/p>\n<p style=\"font-size: 1.2em; text-align: center;\"><strong>per le bellissime frasi che lasciate nel libro delle dediche.<\/strong><\/p>\n<p style=\"font-size: 1.2em; text-align: justify;\"><strong>Sapere che questo luogo emoziona dopo quasi 360 anni \u00e8 una grande soddisfazione per tutto lo staff, e ripaga del duro lavoro necessario per tutelare un bene storico ed unico come questo.<\/strong><\/p>\n<p style=\"font-size: 1.2em; text-align: justify;\">Il 2024 sar\u00e0 un anno importante per il Giardino Monumentale di Valsanzibio, che ha vinto il Bando Europeo dedicato ai Giardini Storici aggiudicarsi il punteggio pi\u00f9 alto di tutt\u2019Italia.<\/p>\n<p style=\"font-size: 1.2em; text-align: justify;\">Il desiderio \u00e8 di portare questa meta barocca di quasi 360 anni ad offrire standard turistici sempre pi\u00f9 elevati ed internazionali.<\/p>\n<p style=\"font-size: 1.2em; text-align: justify;\">Gli sforzi maggiori finora sono stati concentrati nella cura delle piante, che tra siccit\u00e0 e parassiti che attaccano il bosso (un vero patrimonio botanico del Giardino) assorbono oltre il 90% delle risorse disponibili.&nbsp; Se gli aiuti Europei saranno effettivamente erogati (il condizionale \u00e8 d\u2019obbligo) si potranno ultimare lavori straordinari che gioveranno a questo luogo magico e unico al mondo.<\/p>\n<p style=\"font-size: 1.4em; text-align: center;\"><strong>&#8212;&#8212;&#8212;&#8212;&#8211; O &#8212;&#8212;&#8212;&#8212;&#8211;<\/strong><\/p>\n<p>ngg_shortcode_4_placeholderngg_shortcode_5_placeholder<\/p>\n<p style=\"font-size: 1.4em; text-align: justify;\"><em>&#8220;A mio Nonno Armando spetta il merito di avere riparato i disastri causati dalla occupazione militare e dal forzato abbandono dell&#8217;ultima guerra (1943-1946). A mio Padre Fabio il merito di avere ripristinato tutti i 33 punti d&#8217;acqua del Giardino compromessi da ottanta anni di progressivo impoverimento sorgivo, con un impianto che permette di riciclare l&#8217;acqua per il 70%.<br \/>\nA me, oltre all&#8217;impegno di continuare a tramandare ai posteri questa superlativa realt\u00e0, anche l&#8217;obiettivo di fare conoscere a livello mondiale questa perla della nostra cultura.&nbsp; E in pochi anni sono stati raggiunte grandi soddisfazioni, con turisti da tutto il mondo&#8221;<br \/>\nArmando Pizzoni Ardemani, responsabile della Tenuta Valsanzibio.<\/em><\/p>\n<p style=\"font-size: 1.4em; text-align: center;\"><strong>&#8212;&#8212;&#8212;&#8212;&#8211; O &#8212;&#8212;&#8212;&#8212;&#8211;<\/strong><\/p>\n<p style=\"font-size: 2.2em; text-align: center;\"><em><b><span style=\"color: green;\">Camminare tra gli alberi<\/span><\/b><\/em><\/p>\n<p style=\"font-size: 2.2em; text-align: center;\"><em><b><span style=\"color: green;\">rende le persone migliori.<\/span><\/b><\/em><\/p>\n<p style=\"font-size: 2.2em; text-align: center;\"><em><b><span style=\"color: green;\">Le piante sono cibo e<\/span><\/b><\/em><\/p>\n<p style=\"font-size: 2.2em; text-align: center;\"><em><b><span style=\"color: green;\">medicina per l\u2019anima.<\/span><\/b><\/em><\/p>\nngg_shortcode_6_placeholder\n<p style=\"font-size: 1.8em; text-align: center;\"><strong>&#8212;&#8212;&#8212;&#8212;&#8211; O &#8212;&#8212;&#8212;&#8212;&#8211;<\/strong><\/p>\n<p style=\"font-size: 1.8em; text-align: center;\"><em><strong>Desiderate fare un regalo speciale<\/strong><\/em><\/p>\n<p style=\"font-size: 1.8em; text-align: center;\"><em><strong>a persone speciali?<\/strong><\/em><\/p>\n<p style=\"font-size: 2.0em; text-align: center;\"><b><span style=\"color: green;\"><strong>Regalate l\u2019ingresso al<\/strong><\/span><\/b><\/p>\n<p style=\"font-size: 2.0em; text-align: center;\"><b><span style=\"color: green;\"><strong>Giardino Monumentale di Valsanzibio.<\/strong><\/span><\/b><\/p>\n<p style=\"font-size: 1.5em; text-align: justify;\">Un dono gradito agli amanti dell\u2019 Arte e Natura e, al tempo stesso, Arte e Natura del Giardino ringraziano sentitamente del contributo.<\/p>\n<p style=\"font-size: 1.5em; text-align: justify;\">Sarete anche voi partecipi al mantenimento di un bene storico-artistico-botanico che visitatori da tutto il mondo apprezzano e ammirano.<\/p>\nngg_shortcode_7_placeholder\n<p style=\"font-size: 1.3em; text-align: center;\">Queste le possibilit\u00e0 di regalo:<\/p>\n<p style=\"font-size: 1.1em; text-align: justify;\"><em><strong>A. Ingresso al Giardino e visita in autonomia.<\/strong><\/em><br \/>\n&#8211; Durata = non meno di 60 minuti.<br \/>\nAll&#8217;ingresso verr\u00e0 dato un depliant con mappa del Giardino, con un percorso consigliato e alcune spiegazioni storiche-artistiche. Si potr\u00e0 visitare tutta l&#8217;area storica-artistica (il Giardino Allegorico), l&#8217;area botanica, e si potr\u00e0 accedere al labirinto solo fino dalla torretta centrale, con vista panoramica.<\/p>\n<p style=\"font-size: 1.1em; text-align: justify;\"><strong><em>B. Ingresso al Giardino in autonomia e percorribilit\u00e0 del percorso del labirinto.<\/em><\/strong><br \/>\n&#8211; Durata = non meno di 70\/90 minuti.<br \/>\nTutto come in &#8216;A.&#8217; e in aggiunta si potr\u00e0 entrare nel percorso del labirinto (solo in presenza del nostro personale di sorveglianza e previo accordo con la biglietteria sull&#8217;orario di accesso).<\/p>\n<p style=\"font-size: 1.1em; text-align: justify;\"><strong><em>C. Ingresso al Giardino e visita guidata &#8216;Standard&#8217;.<\/em><\/strong><br \/>\n&#8211; Durata = non meno di 75\/90 minuti.<br \/>\nTutto come in &#8216;A.&#8217; e in aggiunta il visitatore verr\u00e0 accompagnato alla scoperta del significato simbolico e allegorico del Giardino. La visita guidata &#8216;Standard&#8217; dura circa un&#8217;ora e pu\u00f2 essere fatta solo tutti i Sabati, le Domeniche ed i giorni festivi alle 11:00 e alle 15:00\/15:30\/16:00 (l&#8217;orario pomeridiano varia in base alla stagione). Prima dell&#8217;orario della visita guidata e\/o al termine della stessa, il visitatore potr\u00e0 passeggiare in autonomia in tutte le aree visitabili del Giardino.<\/p>\n<p style=\"font-size: 1.1em; text-align: justify;\"><strong><em>D. Ingresso al Giardino, percorribilit\u00e0 del labirinto e visita guidata &#8216;Standard&#8217;.<\/em><\/strong><br \/>\n&#8211; Durata = non meno di 120 minuti.<br \/>\nTutto come in &#8216;B.&#8217; e in aggiunta il visitatore verr\u00e0 accompagnato alla scoperta del significato simbolico e allegorico del Giardino. La visita guidata &#8216;Standard&#8217; dura circa un&#8217;ora e pu\u00f2 essere fatta solo tutti i Sabati, le Domeniche ed i giorni festivi alle 11:00 e alle 15:00\/15:30\/16:00 (l&#8217;orario pomeridiano varia in base alla stagione). Prima dell&#8217;orario della visita guidata e\/o al termine della stessa, il visitatore potr\u00e0 passeggiare in autonomia in tutte le aree visitabili del Giardino ed entrare nel percorso del labirinto (entrare nel percorso labirintico pu\u00f2 essere fatto solo in presenza del nostro personale di sorveglianza e previo accordo con la biglietteria sull&#8217;orario di accesso).<\/p>\n<p style=\"font-size: 1.5em; text-align: center;\">Per informazioni e richieste:<\/p>\n<p style=\"font-size: 1.6em; text-align: center;\"><em><strong>info@valsanzibiogiardino.com<\/strong><\/em><\/p>\n<p style=\"font-size: 1.6em; text-align: center;\"><strong>&#8212;&#8212;&#8212;&#8212;&#8211; O &#8212;&#8212;&#8212;&#8212;&#8211;<\/strong><\/p>\n<p style=\"font-size: 1.6em; text-align: center;\"><strong>INFINE VI segnaliamo&#8230;<\/strong><\/p>\n<p style=\"font-size: 2.6em; text-align: center;\"><a href=\"https:\/\/www.kickstarter.com\/projects\/1203174801\/giardino-di-valsanzibio\" target=\"_blank\" rel=\"noopener noreferrer\"><em><strong><span style=\"color: #475400;\">&#8216;VALSANZIBIO&#8217;<\/span><\/strong><\/em><\/a><\/p>\nngg_shortcode_8_placeholder\n<p style=\"font-size: 2.2em; text-align: center;\"><img decoding=\"async\" src=\"https:\/\/ksr-ugc.imgix.net\/assets\/017\/017\/241\/63f609366f6fec575d9d6ba8af80fecd_original.jpg?w=680&amp;fit=max&amp;v=1496933126&amp;auto=format&amp;q=92&amp;s=84e92847d9d457da48c22a523a0109c2\" alt=\"Preview of the book\"><\/p>\n<p style=\"font-size: 1.5em; text-align: justify;\">un opera scritta da <strong>Luigi Cerantola<\/strong> con fotografie di <strong>Renato D\u2019Agostin<\/strong>, giovane fotografo veneziano che ha gi\u00e0 esposto in prestigiose gallerie d\u2019arte internazionali, tra cui Venezia, New York, Parigi. Alcuni sui scatti realizzati nel Giardino di Valsanzibio appaiono anche sulla facciata <a style=\"font-weight: normal;\" href=\"https:\/\/www.valsanzibiogiardino.com\/ca-martinengo-2\/\" target=\"_blank\" rel=\"noopener noreferrer\">dell&#8217;antico Casino di caccia denominato <strong>C\u00e0 Martinengo <\/strong>(clicca sopra per conoscere Ca&#8217; Martinengo)<\/a>.<\/p>\n<p style=\"font-size: 1.5em; text-align: justify;\">Da VALSANZIBIO \u00e8 stato tratto il <strong><em>Codice di Valsanzibio<\/em><\/strong>, un libro realizzato secondo tecniche monastiche antiche e composto di 26 grandi pagine (cm. 23,5 x 32) esposte in sequenza. In quest&#8217;opera i 24 Sonetti del poeta <strong>Luigi Cerantola<\/strong>, che prendono avvio dal Sonetto \u201c<em>Curioso viator che in questa parte<\/em>\u201d inciso sulla gradinata che dal Giardino di Valsanzibio immette al Piazzale delle Rivelazioni in fronte a Villa Barbarigo Pizzoni Ardemani (<a href=\"https:\/\/www.valsanzibiogiardino.com\/portfolio-item\/steps-of-the-sonnet\/\" target=\"_blank\" rel=\"noopener noreferrer\">clicca La Scalinata del Sonetto<\/a>), sono calligrafati su carta giapponese e tutte le 26 pagine sono dipinte da <strong>Alessio Mancino<\/strong>.<\/p>\n<p style=\"font-size: 1.5em; text-align: justify;\">Il codice \u00e8 in linea alla tradizione classica (vedi le <em>Tr\u00e8s Riches Heuresdu Duc de Berry<\/em> del 1415 circa) che intendeva dar veste solenne e imperitura ad un testo calligrafandolo e miniandolo.<\/p>\n<p style=\"font-size: 1.6em; text-align: center;\"><strong>&#8212;&#8212;&#8212;&#8212;&#8211; O &#8212;&#8212;&#8212;&#8212;&#8211;<\/strong><\/p>\n<p style=\"font-size: 1.6em; text-align: justify;\"><strong>Tutte le attivit\u00e0 che si svolgono all\u2019interno del Giardino di Valsanzibio, se non specificato altrimenti, prevedono il regolare ingresso al giardino ed il pagamento del biglietto.<\/strong><\/p>\n<p style=\"font-size: 1.4em; text-align: justify;\">Per ulteriori info seguite gli aggiornamenti QUI alla voce &#8216;<strong>NEWS<\/strong>&#8216; o andate alla nostra pagina di <strong><a href=\"https:\/\/www.facebook.com\/Giardino-Barbarigo-Valsanzibio-1461052934142801\/\" target=\"_blank\" rel=\"noopener noreferrer\">Facebook: Giardino Barbarigo Valsanzibio<\/a><\/strong>.<\/p>\n<!-- AddThis Advanced Settings generic via filter on the_content --><!-- AddThis Share Buttons generic via filter on the_content -->","protected":false},"excerpt":{"rendered":"<p>Domenica 12 Maggio 2024 World Topiary Day Giornata internazionale dell&#8217;arte topiaria. Festeggiamo il #worldtopiaryday in collaborazione con @levenshall. Il Giardino Monumentale di Valsanzibio \u00e8 tra i pi\u00f9 antichi giardini al mondo che pratica quest&#8217;arte, e molte delle piante risalgono al progetto originale ossia hanno pi\u00f9 di 400 anni: piramidi, &#8216;nuvole&#8217;, muri e muraglie di bosso [&hellip;]<!-- AddThis Advanced Settings generic via filter on get_the_excerpt --><!-- AddThis Share Buttons generic via filter on get_the_excerpt --><\/p>\n","protected":false},"author":4,"featured_media":19219,"comment_status":"closed","ping_status":"closed","sticky":false,"template":"","format":"standard","meta":{"_monsterinsights_skip_tracking":false,"_monsterinsights_sitenote_active":false,"_monsterinsights_sitenote_note":"","_monsterinsights_sitenote_category":0,"ngg_post_thumbnail":0,"footnotes":""},"categories":[13,17],"tags":[],"class_list":["post-22991","post","type-post","status-publish","format-standard","has-post-thumbnail","hentry","category-eventi","category-news"],"yoast_head":"<!-- This site is optimized with the Yoast SEO plugin v27.3 - https:\/\/yoast.com\/product\/yoast-seo-wordpress\/ -->\n<title>Domenica 12 Maggio 2024 - Giornata internazionale dell&#039;arte topiaria - Giardino Storico di Valsanzibio | Villa Barbarigo Pizzoni Ardemani | Galzignano Terme, Padova<\/title>\n<meta name=\"robots\" content=\"index, follow, max-snippet:-1, max-image-preview:large, max-video-preview:-1\" \/>\n<link rel=\"canonical\" href=\"https:\/\/www.valsanzibiogiardino.com\/it\/domenica-12-maggio-2024-giornata-internazionale-dellarte-topiaria\/\" \/>\n<meta name=\"twitter:label1\" content=\"Scritto da\" \/>\n\t<meta name=\"twitter:data1\" content=\"Staff\" \/>\n\t<meta name=\"twitter:label2\" content=\"Tempo di lettura stimato\" \/>\n\t<meta name=\"twitter:data2\" content=\"11 minuti\" \/>\n<script type=\"application\/ld+json\" class=\"yoast-schema-graph\">{\"@context\":\"https:\\\/\\\/schema.org\",\"@graph\":[{\"@type\":\"Article\",\"@id\":\"https:\\\/\\\/www.valsanzibiogiardino.com\\\/it\\\/domenica-12-maggio-2024-giornata-internazionale-dellarte-topiaria\\\/#article\",\"isPartOf\":{\"@id\":\"https:\\\/\\\/www.valsanzibiogiardino.com\\\/it\\\/domenica-12-maggio-2024-giornata-internazionale-dellarte-topiaria\\\/\"},\"author\":{\"name\":\"Staff\",\"@id\":\"https:\\\/\\\/www.valsanzibiogiardino.com\\\/it\\\/#\\\/schema\\\/person\\\/f6b11a7fbc16b7bd8b7dff8c277936bb\"},\"headline\":\"Domenica 12 Maggio 2024 &#8211; Giornata internazionale dell&#8217;arte topiaria\",\"datePublished\":\"2024-05-11T00:11:55+00:00\",\"dateModified\":\"2024-05-11T00:13:39+00:00\",\"mainEntityOfPage\":{\"@id\":\"https:\\\/\\\/www.valsanzibiogiardino.com\\\/it\\\/domenica-12-maggio-2024-giornata-internazionale-dellarte-topiaria\\\/\"},\"wordCount\":1891,\"image\":{\"@id\":\"https:\\\/\\\/www.valsanzibiogiardino.com\\\/it\\\/domenica-12-maggio-2024-giornata-internazionale-dellarte-topiaria\\\/#primaryimage\"},\"thumbnailUrl\":\"https:\\\/\\\/www.valsanzibiogiardino.com\\\/wp-content\\\/uploads\\\/2019\\\/02\\\/Boxwood-Plants-Valsanzibio.jpg\",\"articleSection\":[\"EVENTI\",\"NEWS\"],\"inLanguage\":\"it-IT\"},{\"@type\":\"WebPage\",\"@id\":\"https:\\\/\\\/www.valsanzibiogiardino.com\\\/it\\\/domenica-12-maggio-2024-giornata-internazionale-dellarte-topiaria\\\/\",\"url\":\"https:\\\/\\\/www.valsanzibiogiardino.com\\\/it\\\/domenica-12-maggio-2024-giornata-internazionale-dellarte-topiaria\\\/\",\"name\":\"Domenica 12 Maggio 2024 - Giornata internazionale dell'arte topiaria - Giardino Storico di Valsanzibio | Villa Barbarigo Pizzoni Ardemani | Galzignano Terme, Padova\",\"isPartOf\":{\"@id\":\"https:\\\/\\\/www.valsanzibiogiardino.com\\\/it\\\/#website\"},\"primaryImageOfPage\":{\"@id\":\"https:\\\/\\\/www.valsanzibiogiardino.com\\\/it\\\/domenica-12-maggio-2024-giornata-internazionale-dellarte-topiaria\\\/#primaryimage\"},\"image\":{\"@id\":\"https:\\\/\\\/www.valsanzibiogiardino.com\\\/it\\\/domenica-12-maggio-2024-giornata-internazionale-dellarte-topiaria\\\/#primaryimage\"},\"thumbnailUrl\":\"https:\\\/\\\/www.valsanzibiogiardino.com\\\/wp-content\\\/uploads\\\/2019\\\/02\\\/Boxwood-Plants-Valsanzibio.jpg\",\"datePublished\":\"2024-05-11T00:11:55+00:00\",\"dateModified\":\"2024-05-11T00:13:39+00:00\",\"author\":{\"@id\":\"https:\\\/\\\/www.valsanzibiogiardino.com\\\/it\\\/#\\\/schema\\\/person\\\/f6b11a7fbc16b7bd8b7dff8c277936bb\"},\"breadcrumb\":{\"@id\":\"https:\\\/\\\/www.valsanzibiogiardino.com\\\/it\\\/domenica-12-maggio-2024-giornata-internazionale-dellarte-topiaria\\\/#breadcrumb\"},\"inLanguage\":\"it-IT\",\"potentialAction\":[{\"@type\":\"ReadAction\",\"target\":[\"https:\\\/\\\/www.valsanzibiogiardino.com\\\/it\\\/domenica-12-maggio-2024-giornata-internazionale-dellarte-topiaria\\\/\"]}]},{\"@type\":\"ImageObject\",\"inLanguage\":\"it-IT\",\"@id\":\"https:\\\/\\\/www.valsanzibiogiardino.com\\\/it\\\/domenica-12-maggio-2024-giornata-internazionale-dellarte-topiaria\\\/#primaryimage\",\"url\":\"https:\\\/\\\/www.valsanzibiogiardino.com\\\/wp-content\\\/uploads\\\/2019\\\/02\\\/Boxwood-Plants-Valsanzibio.jpg\",\"contentUrl\":\"https:\\\/\\\/www.valsanzibiogiardino.com\\\/wp-content\\\/uploads\\\/2019\\\/02\\\/Boxwood-Plants-Valsanzibio.jpg\",\"width\":2734,\"height\":1536},{\"@type\":\"BreadcrumbList\",\"@id\":\"https:\\\/\\\/www.valsanzibiogiardino.com\\\/it\\\/domenica-12-maggio-2024-giornata-internazionale-dellarte-topiaria\\\/#breadcrumb\",\"itemListElement\":[{\"@type\":\"ListItem\",\"position\":1,\"name\":\"Home\",\"item\":\"https:\\\/\\\/www.valsanzibiogiardino.com\\\/it\\\/\"},{\"@type\":\"ListItem\",\"position\":2,\"name\":\"Domenica 12 Maggio 2024 &#8211; Giornata internazionale dell&#8217;arte topiaria\"}]},{\"@type\":\"WebSite\",\"@id\":\"https:\\\/\\\/www.valsanzibiogiardino.com\\\/it\\\/#website\",\"url\":\"https:\\\/\\\/www.valsanzibiogiardino.com\\\/it\\\/\",\"name\":\"Giardino Storico di Valsanzibio | Villa Barbarigo Pizzoni Ardemani | Galzignano Terme, Padova\",\"description\":\"Il Giardino Storico di Valsanzibio si trova a Galzignano Terme, in provincia di Padova, ed \u00e8 uno dei pi\u00f9 estesi ed integri giardini d\u2019Epoca mondiali.\",\"potentialAction\":[{\"@type\":\"SearchAction\",\"target\":{\"@type\":\"EntryPoint\",\"urlTemplate\":\"https:\\\/\\\/www.valsanzibiogiardino.com\\\/it\\\/?s={search_term_string}\"},\"query-input\":{\"@type\":\"PropertyValueSpecification\",\"valueRequired\":true,\"valueName\":\"search_term_string\"}}],\"inLanguage\":\"it-IT\"},{\"@type\":\"Person\",\"@id\":\"https:\\\/\\\/www.valsanzibiogiardino.com\\\/it\\\/#\\\/schema\\\/person\\\/f6b11a7fbc16b7bd8b7dff8c277936bb\",\"name\":\"Staff\",\"url\":\"https:\\\/\\\/www.valsanzibiogiardino.com\\\/it\\\/author\\\/staff\\\/\"}]}<\/script>\n<!-- \/ Yoast SEO plugin. -->","yoast_head_json":{"title":"Domenica 12 Maggio 2024 - Giornata internazionale dell'arte topiaria - Giardino Storico di Valsanzibio | Villa Barbarigo Pizzoni Ardemani | Galzignano Terme, Padova","robots":{"index":"index","follow":"follow","max-snippet":"max-snippet:-1","max-image-preview":"max-image-preview:large","max-video-preview":"max-video-preview:-1"},"canonical":"https:\/\/www.valsanzibiogiardino.com\/it\/domenica-12-maggio-2024-giornata-internazionale-dellarte-topiaria\/","twitter_misc":{"Scritto da":"Staff","Tempo di lettura stimato":"11 minuti"},"schema":{"@context":"https:\/\/schema.org","@graph":[{"@type":"Article","@id":"https:\/\/www.valsanzibiogiardino.com\/it\/domenica-12-maggio-2024-giornata-internazionale-dellarte-topiaria\/#article","isPartOf":{"@id":"https:\/\/www.valsanzibiogiardino.com\/it\/domenica-12-maggio-2024-giornata-internazionale-dellarte-topiaria\/"},"author":{"name":"Staff","@id":"https:\/\/www.valsanzibiogiardino.com\/it\/#\/schema\/person\/f6b11a7fbc16b7bd8b7dff8c277936bb"},"headline":"Domenica 12 Maggio 2024 &#8211; Giornata internazionale dell&#8217;arte topiaria","datePublished":"2024-05-11T00:11:55+00:00","dateModified":"2024-05-11T00:13:39+00:00","mainEntityOfPage":{"@id":"https:\/\/www.valsanzibiogiardino.com\/it\/domenica-12-maggio-2024-giornata-internazionale-dellarte-topiaria\/"},"wordCount":1891,"image":{"@id":"https:\/\/www.valsanzibiogiardino.com\/it\/domenica-12-maggio-2024-giornata-internazionale-dellarte-topiaria\/#primaryimage"},"thumbnailUrl":"https:\/\/www.valsanzibiogiardino.com\/wp-content\/uploads\/2019\/02\/Boxwood-Plants-Valsanzibio.jpg","articleSection":["EVENTI","NEWS"],"inLanguage":"it-IT"},{"@type":"WebPage","@id":"https:\/\/www.valsanzibiogiardino.com\/it\/domenica-12-maggio-2024-giornata-internazionale-dellarte-topiaria\/","url":"https:\/\/www.valsanzibiogiardino.com\/it\/domenica-12-maggio-2024-giornata-internazionale-dellarte-topiaria\/","name":"Domenica 12 Maggio 2024 - Giornata internazionale dell'arte topiaria - Giardino Storico di Valsanzibio | Villa Barbarigo Pizzoni Ardemani | Galzignano Terme, Padova","isPartOf":{"@id":"https:\/\/www.valsanzibiogiardino.com\/it\/#website"},"primaryImageOfPage":{"@id":"https:\/\/www.valsanzibiogiardino.com\/it\/domenica-12-maggio-2024-giornata-internazionale-dellarte-topiaria\/#primaryimage"},"image":{"@id":"https:\/\/www.valsanzibiogiardino.com\/it\/domenica-12-maggio-2024-giornata-internazionale-dellarte-topiaria\/#primaryimage"},"thumbnailUrl":"https:\/\/www.valsanzibiogiardino.com\/wp-content\/uploads\/2019\/02\/Boxwood-Plants-Valsanzibio.jpg","datePublished":"2024-05-11T00:11:55+00:00","dateModified":"2024-05-11T00:13:39+00:00","author":{"@id":"https:\/\/www.valsanzibiogiardino.com\/it\/#\/schema\/person\/f6b11a7fbc16b7bd8b7dff8c277936bb"},"breadcrumb":{"@id":"https:\/\/www.valsanzibiogiardino.com\/it\/domenica-12-maggio-2024-giornata-internazionale-dellarte-topiaria\/#breadcrumb"},"inLanguage":"it-IT","potentialAction":[{"@type":"ReadAction","target":["https:\/\/www.valsanzibiogiardino.com\/it\/domenica-12-maggio-2024-giornata-internazionale-dellarte-topiaria\/"]}]},{"@type":"ImageObject","inLanguage":"it-IT","@id":"https:\/\/www.valsanzibiogiardino.com\/it\/domenica-12-maggio-2024-giornata-internazionale-dellarte-topiaria\/#primaryimage","url":"https:\/\/www.valsanzibiogiardino.com\/wp-content\/uploads\/2019\/02\/Boxwood-Plants-Valsanzibio.jpg","contentUrl":"https:\/\/www.valsanzibiogiardino.com\/wp-content\/uploads\/2019\/02\/Boxwood-Plants-Valsanzibio.jpg","width":2734,"height":1536},{"@type":"BreadcrumbList","@id":"https:\/\/www.valsanzibiogiardino.com\/it\/domenica-12-maggio-2024-giornata-internazionale-dellarte-topiaria\/#breadcrumb","itemListElement":[{"@type":"ListItem","position":1,"name":"Home","item":"https:\/\/www.valsanzibiogiardino.com\/it\/"},{"@type":"ListItem","position":2,"name":"Domenica 12 Maggio 2024 &#8211; Giornata internazionale dell&#8217;arte topiaria"}]},{"@type":"WebSite","@id":"https:\/\/www.valsanzibiogiardino.com\/it\/#website","url":"https:\/\/www.valsanzibiogiardino.com\/it\/","name":"Giardino Storico di Valsanzibio | Villa Barbarigo Pizzoni Ardemani | Galzignano Terme, Padova","description":"Il Giardino Storico di Valsanzibio si trova a Galzignano Terme, in provincia di Padova, ed \u00e8 uno dei pi\u00f9 estesi ed integri giardini d\u2019Epoca mondiali.","potentialAction":[{"@type":"SearchAction","target":{"@type":"EntryPoint","urlTemplate":"https:\/\/www.valsanzibiogiardino.com\/it\/?s={search_term_string}"},"query-input":{"@type":"PropertyValueSpecification","valueRequired":true,"valueName":"search_term_string"}}],"inLanguage":"it-IT"},{"@type":"Person","@id":"https:\/\/www.valsanzibiogiardino.com\/it\/#\/schema\/person\/f6b11a7fbc16b7bd8b7dff8c277936bb","name":"Staff","url":"https:\/\/www.valsanzibiogiardino.com\/it\/author\/staff\/"}]}},"_links":{"self":[{"href":"https:\/\/www.valsanzibiogiardino.com\/it\/wp-json\/wp\/v2\/posts\/22991","targetHints":{"allow":["GET"]}}],"collection":[{"href":"https:\/\/www.valsanzibiogiardino.com\/it\/wp-json\/wp\/v2\/posts"}],"about":[{"href":"https:\/\/www.valsanzibiogiardino.com\/it\/wp-json\/wp\/v2\/types\/post"}],"author":[{"embeddable":true,"href":"https:\/\/www.valsanzibiogiardino.com\/it\/wp-json\/wp\/v2\/users\/4"}],"replies":[{"embeddable":true,"href":"https:\/\/www.valsanzibiogiardino.com\/it\/wp-json\/wp\/v2\/comments?post=22991"}],"version-history":[{"count":2,"href":"https:\/\/www.valsanzibiogiardino.com\/it\/wp-json\/wp\/v2\/posts\/22991\/revisions"}],"predecessor-version":[{"id":22993,"href":"https:\/\/www.valsanzibiogiardino.com\/it\/wp-json\/wp\/v2\/posts\/22991\/revisions\/22993"}],"wp:featuredmedia":[{"embeddable":true,"href":"https:\/\/www.valsanzibiogiardino.com\/it\/wp-json\/wp\/v2\/media\/19219"}],"wp:attachment":[{"href":"https:\/\/www.valsanzibiogiardino.com\/it\/wp-json\/wp\/v2\/media?parent=22991"}],"wp:term":[{"taxonomy":"category","embeddable":true,"href":"https:\/\/www.valsanzibiogiardino.com\/it\/wp-json\/wp\/v2\/categories?post=22991"},{"taxonomy":"post_tag","embeddable":true,"href":"https:\/\/www.valsanzibiogiardino.com\/it\/wp-json\/wp\/v2\/tags?post=22991"}],"curies":[{"name":"wp","href":"https:\/\/api.w.org\/{rel}","templated":true}]}}