{"id":22573,"date":"2023-03-30T20:07:09","date_gmt":"2023-03-30T18:07:09","guid":{"rendered":"https:\/\/www.valsanzibiogiardino.com\/?p=22573"},"modified":"2023-03-30T20:07:09","modified_gmt":"2023-03-30T18:07:09","slug":"primo-fine-settimana-di-aprile-sabato-1-e-domenica-2-aprile-2023","status":"publish","type":"post","link":"https:\/\/www.valsanzibiogiardino.com\/it\/primo-fine-settimana-di-aprile-sabato-1-e-domenica-2-aprile-2023\/","title":{"rendered":"Primo fine settimana di Aprile &#8211; Sabato 1 e Domenica 2 Aprile 2023"},"content":{"rendered":"<p style=\"font-size: 2.8em; text-align: center;\"><b><span style=\"color: black;\">Sabato 1 e Domenica 2 Aprile 2023<\/span><\/b><\/p>\n<p style=\"font-size: 2.8em; text-align: center;\"><b><span style=\"color: green;\">Il Giardino Monumentale<\/span><\/b><\/p>\n<p style=\"font-size: 3.4em; text-align: center;\"><em><b><span style=\"color: green;\">di Valsanzibio<\/span><\/b><\/em><\/p>\nngg_shortcode_0_placeholder\n<p style=\"font-size: 2.8em; text-align: center;\"><strong>APERTO TUTTI I GIORNI<\/strong><\/p>\n<p style=\"font-size: 1.8em; text-align: center;\"><b><span style=\"color: black;\">visite in autonomia,<\/span><\/b><\/p>\n<p style=\"font-size: 1.8em; text-align: center;\"><b><span style=\"color: red;\">visite guidate &#8216;Standard&#8217; e &#8216;Superior&#8217;<\/span><\/b><\/p>\n<p style=\"font-size: 2.2em; text-align: center;\"><em><b><span style=\"color: green;\">tour emozionali<\/span><\/b><\/em><\/p>\n<p style=\"font-size: 1.8em; text-align: center;\"><b><span style=\"color: blue;\">passeggiate al tramonto d\u2019estate<\/span><\/b><\/p>\n<p style=\"font-size: 1.4em; text-align: justify;\">Ogni fine settimana ci saranno visite guidate per spiegare l\u2019alta simbologia del Giardino, tutt\u2019oggi perfettamente leggibile,&#8230;<\/p>\n<p style=\"font-size: 1.8em; text-align: center;\"><em><strong>&#8230;ore 11:00 e ore 16:00<\/strong><\/em><\/p>\n<p style=\"font-size: 1.6em; text-align: center;\"><b><span style=\"color: red;\">Visite guidate &#8216;Standard&#8217;<\/span><\/b><\/p>\n<p style=\"font-size: 1.2em; text-align: center;\"><em><b><span style=\"color: black;\">Alla scoperta dei significati simbolici ed allegorici del Giardino.<br \/>\nExtra sul biglietto d&#8217;ingresso, 5,0 \u20ac ad adulto.<\/span><\/b><\/em><\/p>\n<p style=\"font-size: 1.6em; text-align: center;\"><b><span style=\"color: red;\">Visite guidate &#8216;Superior&#8217;<\/span><\/b><\/p>\n<p style=\"font-size: 1.2em; text-align: center;\"><b><span style=\"color: black;\"><em>Alla scoperta dei significati simbolici del Giardino, del patrimonio<\/em><br \/>\n<em>botanico del giardino, della sua manutenzione e molto altro.<\/em><br \/>\n<em>Extra sul biglietto d&#8217;ingresso, 10,0 \u20ac ad adulto.<\/em><\/span><\/b><\/p>\n<p style=\"font-size: 1.2em; text-align: center;\"><b><span style=\"color: black;\">Se volete partecipare alla visita guidata<\/span><\/b><\/p>\n<p style=\"font-size: 1.3em; text-align: center;\"><em><b><span style=\"color: red;\"><strong>mandate un whatsapp al 340\/0825844<br \/>\no inviate una email a info@valsanzibiogiardino.com<\/strong><\/span><\/b><\/em><\/p>\n<p style=\"font-size: 1.2em; text-align: center;\"><b><span style=\"color: black;\"> indicando un nominativo, il giorno e l\u2019ora della visita, il tipo di visita e<br \/>\ncirca il numero di persone che vorrebbero partecipare alla visita guidata.<\/span><\/b><\/p>\n<p style=\"font-size: 1.0em; text-align: center;\"><strong>&#8212;&#8212;&#8212;&#8212;&#8212;&#8212;&#8212;&#8212;&#8212; O &#8212;&#8212;&#8212;&#8212;&#8212;&#8212;&#8212;&#8212;&#8212;<\/strong><\/p>\n<p style=\"text-align: center;\" align=\"justify\"><em><strong><span style=\"font-size: 20.0pt; font-family: 'Verdana','sans-serif'; color: #277333;\">Giardino Monumentale di Valsanzibio<\/span><\/strong><\/em><\/p>\n<p style=\"text-align: center;\" align=\"justify\"><strong><span style=\"font-size: 15.0pt; font-family: 'Verdana','sans-serif'; color: black;\">Il bello di stare all&#8217;aria aperta immersi<br \/>\nnell&#8217;arte, nella natura e nel bello<\/span><\/strong><\/p>\n<p style=\"font-size: 1.6em; text-align: center;\"><em><b><span style=\"color: green;\">Passeggiare tra gli alberi rende le persone migliori.<br \/>\nLe piante sono cibo e medicina per l\u2019anima.<\/span><\/b><\/em><\/p>\n<p style=\"text-align: center;\" align=\"justify\"><strong><span style=\"font-size: 15.0pt; font-family: 'Verdana','sans-serif'; color: black;\">Vi aspettiamo, siamo aperti tutti i giorni<\/span><\/strong><\/p>\n<p style=\"font-size: 1.0em; text-align: center;\"><strong>&#8212;&#8212;&#8212;&#8212;&#8212;&#8212;&#8212;&#8212;&#8212; O &#8212;&#8212;&#8212;&#8212;&#8212;&#8212;&#8212;&#8212;&#8212;<\/strong><\/p>\n<p style=\"font-size: 3.0em; text-align: center;\"><b><span style=\"color: black;\">Aprile 2023<\/span><\/b><\/p>\n<p style=\"font-size: 3.0em; text-align: center;\"><em><b><span style=\"color: green;\">Serenissimo pic nic <\/span><\/b><\/em><\/p>\n<p style=\"font-size: 3.0em; text-align: center;\"><em><b><span style=\"color: green;\">a Valsanzibio<\/span><\/b><\/em><\/p>\n<p style=\"font-size: 1.2em; text-align: justify;\">Nel mese di Aprile la visita al Giardino Monumentale offre l\u2019opportunit\u00e0 di trascorrere intere giornate all\u2019aria aperta con famiglia e amici, grazie alla bellissima area botanica con alberi secolari da tutto il mondo.<\/p>\n<p style=\"font-size: 1.2em; text-align: justify;\">Potrete distendervi all\u2019ombra di Cedri dell\u2019Himalaya, dell\u2019Atlante, della California, e ancora lecci di 600 anni&#8230;cos\u00ec come i nobili veneziani trascorrevano le giornate nelle loro tenute di campagna, potrete rivivere la stessa magica atmosfera all\u2019insegna di relax, pace, profumi e colori tra alberi secolari da tutto il mondo, nell\u2019area botanica del Giardino, comodamente sdraiati su tappeti erbosi a voi interamente riservati o in tavoli.<\/p>\n<p style=\"font-size: 2.2em; text-align: center;\"><em><b><span style=\"color: green;\">Serenissimo Pic nic tra gli alberi secolari<\/span><\/b><\/em><\/p>\n<p style=\"font-size: 1.8em; text-align: center;\"><em><b><span style=\"color: green;\">#serenissimopicnicvalsanzibio<\/span><\/b><\/em><\/p>\n<p style=\"font-size: 1.2em; text-align: center;\"><strong>Sfiziosit\u00e0 in collaborazione con<br \/>\nBar Tonetti di Galzignano Terme<br \/>\nPremiata gastronomia Beghin di Bresseo<br \/>\nGelateria Panciera di Monteortone<\/strong><\/p>\n<p style=\"font-size: 1.6em; text-align: center;\"><em><b><span style=\"color: red;\">Sabato 8, Domenica di Pasqua 9 Aprile<br \/>\nLuned\u00ec di Pasquetta 10 Aprile<br \/>\nSabato 22, Domenica 23, Luned\u00ec 24, Marted\u00ec 25 Aprile<br \/>\nSabato 29, Domenica 30 Aprile, Luned\u00ec 1\u00b0 Maggio<\/span><\/b><\/em><\/p>\n<p style=\"font-size: 1.2em; text-align: justify;\">Anche quest\u2019anno il Giardino propone il Serenissimo Pic nic di Pasqua e Pasquetta in Giardino e tutte le giornate festive e i ponti del 25 Aprile e del 1\u00b0 Mggio, all\u2019insegna della serenit\u00e0 immersi nella Natura secolare nei 3 ettari di area botanica adiacenti al Giardino Storico Monumentale.<\/p>\n<p style=\"font-size: 1.2em; text-align: justify;\">Un\u2019 occasione per vivere il messaggio di Rinascita per cui questo magico Giardino venne pensato e realizzato, quasi 400 anni fa, per riemergere dal dramma della peste e della guerra che la Serenissima Repubblica di Venezia visse nel 1630.<\/p>\n<p style=\"font-size: 1.2em; text-align: justify;\">Un\u2019occasione per immergersi in arte e natura, per rigenerarsi ed essere\u2026 Serenissimi<br \/>\nLa visita guidata vi racconter\u00e0 tutta la magia, la storia, l\u2019arte e la botanica di questo luogo unico al mondo<\/p>\n<p style=\"font-size: 1.2em; text-align: center;\"><strong>Visite guidate al mattino (ore 11:00) e al pomeriggio (ore 16:00)<br \/>\nAccesso al percorso labirintico<br \/>\n(Vi verr\u00e0 dato un orario di percorrenza cos\u00ec da contenere l\u2019affluenza).<br \/>\nPossibilit\u00e0 di fare il pic nic nella splendida area Botanica,<br \/>\ntre ettari tra gli alberi secolari e prato all\u2019inglese circondati dai Colli.<br \/>\nLa sosta \u00e8 permessa esclusivamente nelle aree dedicate.<br \/>\nPotrete portare il vostro cibo o prenotare<br \/>\nle sfiziosit\u00e0 al chiosco del Giardino.<\/strong><\/p>\n<p style=\"font-size: 1.4em; text-align: center;\"><em><b><span style=\"color: red;\"><strong>Posti numerati. Consigliata la prenotazione<\/strong><\/span><\/b><\/em><\/p>\n<p style=\"font-size: 1.2em; text-align: center;\"><strong>Le giornate d\u2019aprile prevedono i regolari biglietti d\u2019ingresso 2023.<br \/>\nOltre al biglietto d\u2019ingresso si potr\u00e0 acquistare:<br \/>\nSupplemento per adulti per percorrere il labirinto (4,0 \u20ac extra,)<br \/>\ne per visite guidate (5,0 \u20ac extra).<br \/>\nSupplemento non richiesto fino a 14 anni.<br \/>\nSupplemento tavolo area botanica (8 posti)<br \/>\n\u20ac 20,0 a tavolo<br \/>\nSupplemento Tappeto erboso area botanica<br \/>\n\u20ac 15,0 (max 10 persone per ogni spazio riservato)<\/strong><\/p>\n<p style=\"font-size: 1.6em; text-align: center;\"><em><b><span style=\"color: red;\"><strong>Pic nic presso il chiosco delle Scuderie<\/strong><\/span><\/b><\/em><\/p>\n<p style=\"font-size: 1.2em; text-align: justify;\">Possibilit\u00e0 di avere il cestino pic nic realizzato dal chiosco del Giardino (in collaborazione con Bar Tonetti, gastronomia Beghin, gelateria Panciera). Panini gourmet, tramezzini, polpette (carne e verdure), piadine, toast, biscotti, ricoperti, ghiaccioli artigianali&#8230;e ancora Bibite bio, infusi, vino dei Colli, birra artigianale.<\/p>\n<p style=\"font-size: 1.2em; text-align: justify;\">Potrete pranzare presso i tavoli del chiosco o nelle zone a disposizione nell\u2019area botanica.<\/p>\n<p style=\"font-size: 1.2em; text-align: center;\"><strong>Prezzi su richiesta e prenotazione pic nic preferibilmente<br \/>\nalmeno 5 giorni prima della data scelta.<\/strong><\/p>\n<p style=\"font-size: 1.2em; text-align: center;\"><strong>Panini, toast, sandwich, piadine, torte, gelati e molto altro.<br \/>\nOppure potrete portare il pic nic da casa.<\/strong><\/p>\n<p style=\"font-size: 1.4em; text-align: center;\"><em><b><span style=\"color: red;\"><strong>Prenotazione su whatsapp al 340 0825844<\/strong><\/span><\/b><\/em><\/p>\n<p style=\"font-size: 1.0em; text-align: center;\"><strong>&#8212;&#8212;&#8212;&#8212;&#8212;&#8212;&#8212;&#8212;&#8212; O &#8212;&#8212;&#8212;&#8212;&#8212;&#8212;&#8212;&#8212;&#8212;<\/strong><\/p>\n<p style=\"font-size: 1.2em; text-align: justify;\"><strong>Per favore<\/strong>, fate molta attenzione al nostro regolamento <strong><a href=\"https:\/\/www.valsanzibiogiardino.com\/it\/regole-di-visita-e-considerazioni\/\" target=\"_blank\" rel=\"noopener noreferrer\">(cliccare QUI per consultare il REGOLAMENTO DEL GIARDINO)<\/a><\/strong> perch\u00e9 questo giardino del Seicento \u00e8 considerato, nel suo genere, uno dei pi\u00f9 importanti monumenti artistici a livello mondiale, ma, come tutte le opere d\u2019arte antiche, E\u2019 MOLTO DELICATO. In particolare modo chiediamo una speciale collaborazione ai genitori nel controllare i propri giovani facendo capire loro che questo non \u00e8 un parco gioco, ma un ambiente che non pu\u00f2 sostenere la loro normale e, in altre circostanze, bell\u2019esuberanza giovanile\u2026PER FAVORE E\u2019 SEVERAMENTE VIETATO buttare sassi o pietre nelle peschiere\/zone d\u2019acqua del giardino, fate molta ATTENZIONE ai Vostri bambini\/ragazzi nel rispetto delle regole\u2026grazie della gentile ed indispensabile collaborazione.<\/p>\n<p style=\"font-size: 1.4em; text-align: center;\"><strong>&#8212;&#8212;&#8212;&#8212;&#8211; O &#8212;&#8212;&#8212;&#8212;&#8211;<\/strong><\/p>\n<p style=\"font-size: 1.4em; text-align: center;\"><em style=\"font-size: 1.4em; text-align: center;\"><b><span style=\"color: red;\">UNO SPECIALE GRAZIE<\/span><\/b><\/em><\/p>\n<p style=\"font-size: 1.4em; text-align: center;\"><strong>ai numerosi visitatori che ogni anno scelgono<\/strong><\/p>\n<p style=\"font-size: 1.4em; text-align: center;\"><strong>di visitare il Giardino Monumentale di Valsanzibio<\/strong><\/p>\n<p style=\"font-size: 1.4em; text-align: center;\"><strong>e cos\u00ec facendo prendono parte alla sua salvaguardia.<\/strong><\/p>\n<p style=\"font-size: 2.2em; text-align: center;\"><em><b><span style=\"color: green;\">GRAZIE<\/span><\/b><\/em><\/p>\n<p style=\"font-size: 1.2em; text-align: center;\"><strong>per le bellissime frasi che lasciate nel libro delle dediche.<\/strong><\/p>\n<p style=\"font-size: 1.2em; text-align: justify;\"><strong>Sapere che questo luogo emoziona dopo 350 anni \u00e8 una grande soddisfazione per tutto lo staff, e ripaga del duro lavoro necessario per tutelare un bene storico ed unico come questo.<\/strong><\/p>\n<p style=\"font-size: 1.2em; text-align: justify;\">Il 2023 sar\u00e0 un anno importante per il Giardino Monumentale di Valsanzibio, che ha appena vinto il Bando Europeo dedicato ai Giardini Storici aggiudicarsi il punteggio pi\u00f9 alto di tutt\u2019Italia.<\/p>\n<p style=\"font-size: 1.2em; text-align: justify;\">Il desiderio \u00e8 di portare questa meta barocca di oltre 350 anni ad offrire standard turistici sempre pi\u00f9 elevati ed internazionali.<\/p>\n<p style=\"font-size: 1.2em; text-align: justify;\">Gli sforzi maggiori finora sono stati concentrati nella cura delle piante, che tra siccit\u00e0 e parassiti che attaccano il bosso (un vero patrimonio botanico del Giardino) assorbono oltre il 90% delle risorse disponibili.&nbsp; Se gli aiuti Europei saranno confermati (il condizionale \u00e8 d\u2019obbligo) si potranno affrontare lavori straordinari che gioveranno a questo luogo magico e unico al mondo.<\/p>\n<p style=\"font-size: 1.4em; text-align: center;\"><strong>&#8212;&#8212;&#8212;&#8212;&#8211; O &#8212;&#8212;&#8212;&#8212;&#8211;<\/strong><\/p>\n<p>ngg_shortcode_1_placeholderngg_shortcode_2_placeholder<\/p>\n<p style=\"font-size: 1.4em; text-align: justify;\"><em>&#8220;A mio Nonno Armando spetta il merito di avere riparato i disastri causati dalla occupazione militare e dal forzato abbandono dell&#8217;ultima guerra (1943-1946). A mio Padre Fabio il merito di avere ripristinato tutti i 33 punti d&#8217;acqua del Giardino compromessi da ottanta anni di progressivo impoverimento sorgivo, con un impianto che permette di riciclare l&#8217;acqua per il 70%.<br \/>\nA me, oltre all&#8217;impegno di continuare a tramandare ai posteri questa superlativa realt\u00e0, anche l&#8217;obiettivo di fare conoscere a livello mondiale questa perla della nostra cultura.&nbsp; E in pochi anni sono stati raggiunte grandi soddisfazioni, con turisti da tutto il mondo&#8221;<br \/>\nArmando Pizzoni Ardemani, responsabile della Tenuta Valsanzibio.<\/em><\/p>\n<p style=\"font-size: 1.4em; text-align: center;\"><strong>&#8212;&#8212;&#8212;&#8212;&#8211; O &#8212;&#8212;&#8212;&#8212;&#8211;<\/strong><\/p>\n<p style=\"font-size: 2.2em; text-align: center;\"><em><b><span style=\"color: green;\">Camminare tra gli alberi<\/span><\/b><\/em><\/p>\n<p style=\"font-size: 2.2em; text-align: center;\"><em><b><span style=\"color: green;\">rende le persone migliori.<\/span><\/b><\/em><\/p>\n<p style=\"font-size: 2.2em; text-align: center;\"><em><b><span style=\"color: green;\">Le piante sono cibo e<\/span><\/b><\/em><\/p>\n<p style=\"font-size: 2.2em; text-align: center;\"><em><b><span style=\"color: green;\">medicina per l\u2019anima.<\/span><\/b><\/em><\/p>\nngg_shortcode_3_placeholder\n<p style=\"font-size: 1.8em; text-align: center;\"><strong>&#8212;&#8212;&#8212;&#8212;&#8211; O &#8212;&#8212;&#8212;&#8212;&#8211;<\/strong><\/p>\n<p style=\"font-size: 1.8em; text-align: center;\"><em><strong>Desiderate fare un regalo speciale<\/strong><\/em><\/p>\n<p style=\"font-size: 1.8em; text-align: center;\"><em><strong>a persone speciali?<\/strong><\/em><\/p>\n<p style=\"font-size: 2.0em; text-align: center;\"><b><span style=\"color: green;\"><strong>Regalate l\u2019ingresso al<\/strong><\/span><\/b><\/p>\n<p style=\"font-size: 2.0em; text-align: center;\"><b><span style=\"color: green;\"><strong>Giardino Monumentale di Valsanzibio.<\/strong><\/span><\/b><\/p>\n<p style=\"font-size: 1.5em; text-align: justify;\">Un dono gradito agli amanti dell\u2019 Arte e Natura e, al tempo stesso, Arte e Natura del Giardino ringraziano sentitamente del contributo.<\/p>\n<p style=\"font-size: 1.5em; text-align: justify;\">Sarete anche voi partecipi al mantenimento di un bene storico-artistico-botanico che visitatori da tutto il mondo apprezzano e ammirano.<\/p>\nngg_shortcode_4_placeholder\n<p style=\"font-size: 1.3em; text-align: center;\">Queste le possibilit\u00e0 di regalo:<\/p>\n<p style=\"font-size: 1.1em; text-align: justify;\"><em><strong>A. Ingresso al Giardino e visita in autonomia.<\/strong><\/em><br \/>\n&#8211; Durata = non meno di 60 minuti.<br \/>\nAll&#8217;ingresso verr\u00e0 dato un depliant con mappa del Giardino, con un percorso consigliato e alcune spiegazioni storiche-artistiche. Si potr\u00e0 visitare tutta l&#8217;area storica-artistica (il Giardino Allegorico), l&#8217;area botanica, e si potr\u00e0 accedere al labirinto solo fino dalla torretta centrale, con vista panoramica.<\/p>\n<p style=\"font-size: 1.1em; text-align: justify;\"><strong><em>B. Ingresso al Giardino in autonomia e percorribilit\u00e0 del percorso del labirinto.<\/em><\/strong><br \/>\n&#8211; Durata = non meno di 70\/90 minuti.<br \/>\nTutto come in &#8216;A.&#8217; e in aggiunta si potr\u00e0 entrare nel percorso del labirinto (solo in presenza del nostro personale di sorveglianza e previo accordo con la biglietteria sull&#8217;orario di accesso).<\/p>\n<p style=\"font-size: 1.1em; text-align: justify;\"><strong><em>C. Ingresso al Giardino e visita guidata &#8216;Standard&#8217;.<\/em><\/strong><br \/>\n&#8211; Durata = non meno di 75\/90 minuti.<br \/>\nTutto come in &#8216;A.&#8217; e in aggiunta il visitatore verr\u00e0 accompagnato alla scoperta del significato simbolico e allegorico del Giardino. La visita guidata &#8216;Standard&#8217; dura circa un&#8217;ora e pu\u00f2 essere fatta solo tutti i Sabati, le Domeniche ed i giorni festivi alle 11:00 e alle 15:00\/15:30\/16:00 (l&#8217;orario pomeridiano varia in base alla stagione). Prima dell&#8217;orario della visita guidata e\/o al termine della stessa, il visitatore potr\u00e0 passeggiare in autonomia in tutte le aree visitabili del Giardino.<\/p>\n<p style=\"font-size: 1.1em; text-align: justify;\"><strong><em>D. Ingresso al Giardino, percorribilit\u00e0 del labirinto e visita guidata &#8216;Standard&#8217;.<\/em><\/strong><br \/>\n&#8211; Durata = non meno di 120 minuti.<br \/>\nTutto come in &#8216;B.&#8217; e in aggiunta il visitatore verr\u00e0 accompagnato alla scoperta del significato simbolico e allegorico del Giardino. La visita guidata &#8216;Standard&#8217; dura circa un&#8217;ora e pu\u00f2 essere fatta solo tutti i Sabati, le Domeniche ed i giorni festivi alle 11:00 e alle 15:00\/15:30\/16:00 (l&#8217;orario pomeridiano varia in base alla stagione). Prima dell&#8217;orario della visita guidata e\/o al termine della stessa, il visitatore potr\u00e0 passeggiare in autonomia in tutte le aree visitabili del Giardino ed entrare nel percorso del labirinto (entrare nel percorso labirintico pu\u00f2 essere fatto solo in presenza del nostro personale di sorveglianza e previo accordo con la biglietteria sull&#8217;orario di accesso).<\/p>\n<p style=\"font-size: 1.5em; text-align: center;\">Per informazioni e richieste:<\/p>\n<p style=\"font-size: 1.6em; text-align: center;\"><em><strong>info@valsanzibiogiardino.com<\/strong><\/em><\/p>\n<p style=\"font-size: 1.6em; text-align: center;\"><strong>&#8212;&#8212;&#8212;&#8212;&#8211; O &#8212;&#8212;&#8212;&#8212;&#8211;<\/strong><\/p>\n<p style=\"font-size: 1.6em; text-align: center;\"><strong>INFINE VI segnaliamo&#8230;<\/strong><\/p>\n<p style=\"font-size: 2.6em; text-align: center;\"><a href=\"https:\/\/www.kickstarter.com\/projects\/1203174801\/giardino-di-valsanzibio\" target=\"_blank\" rel=\"noopener noreferrer\"><em><strong><span style=\"color: #475400;\">&#8216;VALSANZIBIO&#8217;<\/span><\/strong><\/em><\/a><\/p>\nngg_shortcode_5_placeholder\n<p style=\"font-size: 2.2em; text-align: center;\"><img decoding=\"async\" src=\"https:\/\/ksr-ugc.imgix.net\/assets\/017\/017\/241\/63f609366f6fec575d9d6ba8af80fecd_original.jpg?w=680&amp;fit=max&amp;v=1496933126&amp;auto=format&amp;q=92&amp;s=84e92847d9d457da48c22a523a0109c2\" alt=\"Preview of the book\"><\/p>\n<p style=\"font-size: 1.5em; text-align: justify;\">un opera scritta da <strong>Luigi Cerantola<\/strong> con fotografie di <strong>Renato D\u2019Agostin<\/strong>, giovane fotografo veneziano che ha gi\u00e0 esposto in prestigiose gallerie d\u2019arte internazionali, tra cui Venezia, New York, Parigi. Alcuni sui scatti realizzati nel Giardino di Valsanzibio appaiono anche sulla facciata <a style=\"font-weight: normal;\" href=\"https:\/\/www.valsanzibiogiardino.com\/ca-martinengo-2\/\" target=\"_blank\" rel=\"noopener noreferrer\">dell&#8217;antico Casino di caccia denominato <strong>C\u00e0 Martinengo <\/strong>(clicca sopra per conoscere Ca&#8217; Martinengo)<\/a>.<\/p>\n<p style=\"font-size: 1.5em; text-align: justify;\">Da VALSANZIBIO \u00e8 stato tratto il <strong><em>Codice di Valsanzibio<\/em><\/strong>, un libro realizzato secondo tecniche monastiche antiche e composto di 26 grandi pagine (cm. 23,5 x 32) esposte in sequenza. In quest&#8217;opera i 24 Sonetti del poeta <strong>Luigi Cerantola<\/strong>, che prendono avvio dal Sonetto \u201c<em>Curioso viator che in questa parte<\/em>\u201d inciso sulla gradinata che dal Giardino di Valsanzibio immette al Piazzale delle Rivelazioni in fronte a Villa Barbarigo Pizzoni Ardemani (<a href=\"https:\/\/www.valsanzibiogiardino.com\/portfolio-item\/steps-of-the-sonnet\/\" target=\"_blank\" rel=\"noopener noreferrer\">clicca La Scalinata del Sonetto<\/a>), sono calligrafati su carta giapponese e tutte le 26 pagine sono dipinte da <strong>Alessio Mancino<\/strong>.<\/p>\n<p style=\"font-size: 1.5em; text-align: justify;\">Il codice \u00e8 in linea alla tradizione classica (vedi le <em>Tr\u00e8s Riches Heuresdu Duc de Berry<\/em> del 1415 circa) che intendeva dar veste solenne e imperitura ad un testo calligrafandolo e miniandolo.<\/p>\n<p style=\"font-size: 1.6em; text-align: center;\"><strong>&#8212;&#8212;&#8212;&#8212;&#8211; O &#8212;&#8212;&#8212;&#8212;&#8211;<\/strong><\/p>\n<p style=\"font-size: 1.6em; text-align: justify;\"><strong>Tutte le attivit\u00e0 che si svolgono all\u2019interno del Giardino di Valsanzibio, se non specificato altrimenti, prevedono il regolare ingresso al giardino ed il pagamento del biglietto.<\/strong><\/p>\n<p style=\"font-size: 1.4em; text-align: justify;\">Per ulteriori info seguite gli aggiornamenti QUI alla voce &#8216;<strong>NEWS<\/strong>&#8216; o andate alla nostra pagina di <strong><a href=\"https:\/\/www.facebook.com\/Giardino-Barbarigo-Valsanzibio-1461052934142801\/\" target=\"_blank\" rel=\"noopener noreferrer\">Facebook: Giardino Barbarigo Valsanzibio<\/a><\/strong>.<\/p>\n<!-- AddThis Advanced Settings generic via filter on the_content --><!-- AddThis Share Buttons generic via filter on the_content -->","protected":false},"excerpt":{"rendered":"<p>Sabato 1 e Domenica 2 Aprile 2023 Il Giardino Monumentale di Valsanzibio APERTO TUTTI I GIORNI visite in autonomia, visite guidate &#8216;Standard&#8217; e &#8216;Superior&#8217; tour emozionali passeggiate al tramonto d\u2019estate Ogni fine settimana ci saranno visite guidate per spiegare l\u2019alta simbologia del Giardino, tutt\u2019oggi perfettamente leggibile,&#8230; &#8230;ore 11:00 e ore 16:00 Visite guidate &#8216;Standard&#8217; Alla [&hellip;]<!-- AddThis Advanced Settings generic via filter on get_the_excerpt --><!-- AddThis Share Buttons generic via filter on get_the_excerpt --><\/p>\n","protected":false},"author":4,"featured_media":15206,"comment_status":"closed","ping_status":"closed","sticky":false,"template":"","format":"standard","meta":{"_monsterinsights_skip_tracking":false,"_monsterinsights_sitenote_active":false,"_monsterinsights_sitenote_note":"","_monsterinsights_sitenote_category":0,"ngg_post_thumbnail":0,"footnotes":""},"categories":[13,17],"tags":[],"class_list":["post-22573","post","type-post","status-publish","format-standard","has-post-thumbnail","hentry","category-eventi","category-news"],"yoast_head":"<!-- This site is optimized with the Yoast SEO plugin v27.3 - https:\/\/yoast.com\/product\/yoast-seo-wordpress\/ -->\n<title>Primo fine settimana di Aprile - Sabato 1 e Domenica 2 Aprile 2023 - Giardino Storico di Valsanzibio | Villa Barbarigo Pizzoni Ardemani | Galzignano Terme, Padova<\/title>\n<meta name=\"robots\" content=\"index, follow, max-snippet:-1, max-image-preview:large, max-video-preview:-1\" \/>\n<link rel=\"canonical\" href=\"https:\/\/www.valsanzibiogiardino.com\/it\/primo-fine-settimana-di-aprile-sabato-1-e-domenica-2-aprile-2023\/\" \/>\n<meta name=\"twitter:label1\" content=\"Scritto da\" \/>\n\t<meta name=\"twitter:data1\" content=\"Staff\" \/>\n\t<meta name=\"twitter:label2\" content=\"Tempo di lettura stimato\" \/>\n\t<meta name=\"twitter:data2\" content=\"10 minuti\" \/>\n<script type=\"application\/ld+json\" class=\"yoast-schema-graph\">{\"@context\":\"https:\\\/\\\/schema.org\",\"@graph\":[{\"@type\":\"Article\",\"@id\":\"https:\\\/\\\/www.valsanzibiogiardino.com\\\/it\\\/primo-fine-settimana-di-aprile-sabato-1-e-domenica-2-aprile-2023\\\/#article\",\"isPartOf\":{\"@id\":\"https:\\\/\\\/www.valsanzibiogiardino.com\\\/it\\\/primo-fine-settimana-di-aprile-sabato-1-e-domenica-2-aprile-2023\\\/\"},\"author\":{\"name\":\"Staff\",\"@id\":\"https:\\\/\\\/www.valsanzibiogiardino.com\\\/it\\\/#\\\/schema\\\/person\\\/f6b11a7fbc16b7bd8b7dff8c277936bb\"},\"headline\":\"Primo fine settimana di Aprile &#8211; Sabato 1 e Domenica 2 Aprile 2023\",\"datePublished\":\"2023-03-30T18:07:09+00:00\",\"mainEntityOfPage\":{\"@id\":\"https:\\\/\\\/www.valsanzibiogiardino.com\\\/it\\\/primo-fine-settimana-di-aprile-sabato-1-e-domenica-2-aprile-2023\\\/\"},\"wordCount\":1852,\"image\":{\"@id\":\"https:\\\/\\\/www.valsanzibiogiardino.com\\\/it\\\/primo-fine-settimana-di-aprile-sabato-1-e-domenica-2-aprile-2023\\\/#primaryimage\"},\"thumbnailUrl\":\"https:\\\/\\\/www.valsanzibiogiardino.com\\\/wp-content\\\/uploads\\\/2018\\\/05\\\/slide05_cardodallavilla.jpg\",\"articleSection\":[\"EVENTI\",\"NEWS\"],\"inLanguage\":\"it-IT\"},{\"@type\":\"WebPage\",\"@id\":\"https:\\\/\\\/www.valsanzibiogiardino.com\\\/it\\\/primo-fine-settimana-di-aprile-sabato-1-e-domenica-2-aprile-2023\\\/\",\"url\":\"https:\\\/\\\/www.valsanzibiogiardino.com\\\/it\\\/primo-fine-settimana-di-aprile-sabato-1-e-domenica-2-aprile-2023\\\/\",\"name\":\"Primo fine settimana di Aprile - Sabato 1 e Domenica 2 Aprile 2023 - Giardino Storico di Valsanzibio | Villa Barbarigo Pizzoni Ardemani | Galzignano Terme, Padova\",\"isPartOf\":{\"@id\":\"https:\\\/\\\/www.valsanzibiogiardino.com\\\/it\\\/#website\"},\"primaryImageOfPage\":{\"@id\":\"https:\\\/\\\/www.valsanzibiogiardino.com\\\/it\\\/primo-fine-settimana-di-aprile-sabato-1-e-domenica-2-aprile-2023\\\/#primaryimage\"},\"image\":{\"@id\":\"https:\\\/\\\/www.valsanzibiogiardino.com\\\/it\\\/primo-fine-settimana-di-aprile-sabato-1-e-domenica-2-aprile-2023\\\/#primaryimage\"},\"thumbnailUrl\":\"https:\\\/\\\/www.valsanzibiogiardino.com\\\/wp-content\\\/uploads\\\/2018\\\/05\\\/slide05_cardodallavilla.jpg\",\"datePublished\":\"2023-03-30T18:07:09+00:00\",\"author\":{\"@id\":\"https:\\\/\\\/www.valsanzibiogiardino.com\\\/it\\\/#\\\/schema\\\/person\\\/f6b11a7fbc16b7bd8b7dff8c277936bb\"},\"breadcrumb\":{\"@id\":\"https:\\\/\\\/www.valsanzibiogiardino.com\\\/it\\\/primo-fine-settimana-di-aprile-sabato-1-e-domenica-2-aprile-2023\\\/#breadcrumb\"},\"inLanguage\":\"it-IT\",\"potentialAction\":[{\"@type\":\"ReadAction\",\"target\":[\"https:\\\/\\\/www.valsanzibiogiardino.com\\\/it\\\/primo-fine-settimana-di-aprile-sabato-1-e-domenica-2-aprile-2023\\\/\"]}]},{\"@type\":\"ImageObject\",\"inLanguage\":\"it-IT\",\"@id\":\"https:\\\/\\\/www.valsanzibiogiardino.com\\\/it\\\/primo-fine-settimana-di-aprile-sabato-1-e-domenica-2-aprile-2023\\\/#primaryimage\",\"url\":\"https:\\\/\\\/www.valsanzibiogiardino.com\\\/wp-content\\\/uploads\\\/2018\\\/05\\\/slide05_cardodallavilla.jpg\",\"contentUrl\":\"https:\\\/\\\/www.valsanzibiogiardino.com\\\/wp-content\\\/uploads\\\/2018\\\/05\\\/slide05_cardodallavilla.jpg\",\"width\":1920,\"height\":1080,\"caption\":\"Cardo visto dalla Villa Barbarigo\"},{\"@type\":\"BreadcrumbList\",\"@id\":\"https:\\\/\\\/www.valsanzibiogiardino.com\\\/it\\\/primo-fine-settimana-di-aprile-sabato-1-e-domenica-2-aprile-2023\\\/#breadcrumb\",\"itemListElement\":[{\"@type\":\"ListItem\",\"position\":1,\"name\":\"Home\",\"item\":\"https:\\\/\\\/www.valsanzibiogiardino.com\\\/it\\\/\"},{\"@type\":\"ListItem\",\"position\":2,\"name\":\"Primo fine settimana di Aprile &#8211; Sabato 1 e Domenica 2 Aprile 2023\"}]},{\"@type\":\"WebSite\",\"@id\":\"https:\\\/\\\/www.valsanzibiogiardino.com\\\/it\\\/#website\",\"url\":\"https:\\\/\\\/www.valsanzibiogiardino.com\\\/it\\\/\",\"name\":\"Giardino Storico di Valsanzibio | Villa Barbarigo Pizzoni Ardemani | Galzignano Terme, Padova\",\"description\":\"Il Giardino Storico di Valsanzibio si trova a Galzignano Terme, in provincia di Padova, ed \u00e8 uno dei pi\u00f9 estesi ed integri giardini d\u2019Epoca mondiali.\",\"potentialAction\":[{\"@type\":\"SearchAction\",\"target\":{\"@type\":\"EntryPoint\",\"urlTemplate\":\"https:\\\/\\\/www.valsanzibiogiardino.com\\\/it\\\/?s={search_term_string}\"},\"query-input\":{\"@type\":\"PropertyValueSpecification\",\"valueRequired\":true,\"valueName\":\"search_term_string\"}}],\"inLanguage\":\"it-IT\"},{\"@type\":\"Person\",\"@id\":\"https:\\\/\\\/www.valsanzibiogiardino.com\\\/it\\\/#\\\/schema\\\/person\\\/f6b11a7fbc16b7bd8b7dff8c277936bb\",\"name\":\"Staff\",\"url\":\"https:\\\/\\\/www.valsanzibiogiardino.com\\\/it\\\/author\\\/staff\\\/\"}]}<\/script>\n<!-- \/ Yoast SEO plugin. -->","yoast_head_json":{"title":"Primo fine settimana di Aprile - Sabato 1 e Domenica 2 Aprile 2023 - Giardino Storico di Valsanzibio | Villa Barbarigo Pizzoni Ardemani | Galzignano Terme, Padova","robots":{"index":"index","follow":"follow","max-snippet":"max-snippet:-1","max-image-preview":"max-image-preview:large","max-video-preview":"max-video-preview:-1"},"canonical":"https:\/\/www.valsanzibiogiardino.com\/it\/primo-fine-settimana-di-aprile-sabato-1-e-domenica-2-aprile-2023\/","twitter_misc":{"Scritto da":"Staff","Tempo di lettura stimato":"10 minuti"},"schema":{"@context":"https:\/\/schema.org","@graph":[{"@type":"Article","@id":"https:\/\/www.valsanzibiogiardino.com\/it\/primo-fine-settimana-di-aprile-sabato-1-e-domenica-2-aprile-2023\/#article","isPartOf":{"@id":"https:\/\/www.valsanzibiogiardino.com\/it\/primo-fine-settimana-di-aprile-sabato-1-e-domenica-2-aprile-2023\/"},"author":{"name":"Staff","@id":"https:\/\/www.valsanzibiogiardino.com\/it\/#\/schema\/person\/f6b11a7fbc16b7bd8b7dff8c277936bb"},"headline":"Primo fine settimana di Aprile &#8211; Sabato 1 e Domenica 2 Aprile 2023","datePublished":"2023-03-30T18:07:09+00:00","mainEntityOfPage":{"@id":"https:\/\/www.valsanzibiogiardino.com\/it\/primo-fine-settimana-di-aprile-sabato-1-e-domenica-2-aprile-2023\/"},"wordCount":1852,"image":{"@id":"https:\/\/www.valsanzibiogiardino.com\/it\/primo-fine-settimana-di-aprile-sabato-1-e-domenica-2-aprile-2023\/#primaryimage"},"thumbnailUrl":"https:\/\/www.valsanzibiogiardino.com\/wp-content\/uploads\/2018\/05\/slide05_cardodallavilla.jpg","articleSection":["EVENTI","NEWS"],"inLanguage":"it-IT"},{"@type":"WebPage","@id":"https:\/\/www.valsanzibiogiardino.com\/it\/primo-fine-settimana-di-aprile-sabato-1-e-domenica-2-aprile-2023\/","url":"https:\/\/www.valsanzibiogiardino.com\/it\/primo-fine-settimana-di-aprile-sabato-1-e-domenica-2-aprile-2023\/","name":"Primo fine settimana di Aprile - Sabato 1 e Domenica 2 Aprile 2023 - Giardino Storico di Valsanzibio | Villa Barbarigo Pizzoni Ardemani | Galzignano Terme, Padova","isPartOf":{"@id":"https:\/\/www.valsanzibiogiardino.com\/it\/#website"},"primaryImageOfPage":{"@id":"https:\/\/www.valsanzibiogiardino.com\/it\/primo-fine-settimana-di-aprile-sabato-1-e-domenica-2-aprile-2023\/#primaryimage"},"image":{"@id":"https:\/\/www.valsanzibiogiardino.com\/it\/primo-fine-settimana-di-aprile-sabato-1-e-domenica-2-aprile-2023\/#primaryimage"},"thumbnailUrl":"https:\/\/www.valsanzibiogiardino.com\/wp-content\/uploads\/2018\/05\/slide05_cardodallavilla.jpg","datePublished":"2023-03-30T18:07:09+00:00","author":{"@id":"https:\/\/www.valsanzibiogiardino.com\/it\/#\/schema\/person\/f6b11a7fbc16b7bd8b7dff8c277936bb"},"breadcrumb":{"@id":"https:\/\/www.valsanzibiogiardino.com\/it\/primo-fine-settimana-di-aprile-sabato-1-e-domenica-2-aprile-2023\/#breadcrumb"},"inLanguage":"it-IT","potentialAction":[{"@type":"ReadAction","target":["https:\/\/www.valsanzibiogiardino.com\/it\/primo-fine-settimana-di-aprile-sabato-1-e-domenica-2-aprile-2023\/"]}]},{"@type":"ImageObject","inLanguage":"it-IT","@id":"https:\/\/www.valsanzibiogiardino.com\/it\/primo-fine-settimana-di-aprile-sabato-1-e-domenica-2-aprile-2023\/#primaryimage","url":"https:\/\/www.valsanzibiogiardino.com\/wp-content\/uploads\/2018\/05\/slide05_cardodallavilla.jpg","contentUrl":"https:\/\/www.valsanzibiogiardino.com\/wp-content\/uploads\/2018\/05\/slide05_cardodallavilla.jpg","width":1920,"height":1080,"caption":"Cardo visto dalla Villa Barbarigo"},{"@type":"BreadcrumbList","@id":"https:\/\/www.valsanzibiogiardino.com\/it\/primo-fine-settimana-di-aprile-sabato-1-e-domenica-2-aprile-2023\/#breadcrumb","itemListElement":[{"@type":"ListItem","position":1,"name":"Home","item":"https:\/\/www.valsanzibiogiardino.com\/it\/"},{"@type":"ListItem","position":2,"name":"Primo fine settimana di Aprile &#8211; Sabato 1 e Domenica 2 Aprile 2023"}]},{"@type":"WebSite","@id":"https:\/\/www.valsanzibiogiardino.com\/it\/#website","url":"https:\/\/www.valsanzibiogiardino.com\/it\/","name":"Giardino Storico di Valsanzibio | Villa Barbarigo Pizzoni Ardemani | Galzignano Terme, Padova","description":"Il Giardino Storico di Valsanzibio si trova a Galzignano Terme, in provincia di Padova, ed \u00e8 uno dei pi\u00f9 estesi ed integri giardini d\u2019Epoca mondiali.","potentialAction":[{"@type":"SearchAction","target":{"@type":"EntryPoint","urlTemplate":"https:\/\/www.valsanzibiogiardino.com\/it\/?s={search_term_string}"},"query-input":{"@type":"PropertyValueSpecification","valueRequired":true,"valueName":"search_term_string"}}],"inLanguage":"it-IT"},{"@type":"Person","@id":"https:\/\/www.valsanzibiogiardino.com\/it\/#\/schema\/person\/f6b11a7fbc16b7bd8b7dff8c277936bb","name":"Staff","url":"https:\/\/www.valsanzibiogiardino.com\/it\/author\/staff\/"}]}},"_links":{"self":[{"href":"https:\/\/www.valsanzibiogiardino.com\/it\/wp-json\/wp\/v2\/posts\/22573","targetHints":{"allow":["GET"]}}],"collection":[{"href":"https:\/\/www.valsanzibiogiardino.com\/it\/wp-json\/wp\/v2\/posts"}],"about":[{"href":"https:\/\/www.valsanzibiogiardino.com\/it\/wp-json\/wp\/v2\/types\/post"}],"author":[{"embeddable":true,"href":"https:\/\/www.valsanzibiogiardino.com\/it\/wp-json\/wp\/v2\/users\/4"}],"replies":[{"embeddable":true,"href":"https:\/\/www.valsanzibiogiardino.com\/it\/wp-json\/wp\/v2\/comments?post=22573"}],"version-history":[{"count":1,"href":"https:\/\/www.valsanzibiogiardino.com\/it\/wp-json\/wp\/v2\/posts\/22573\/revisions"}],"predecessor-version":[{"id":22576,"href":"https:\/\/www.valsanzibiogiardino.com\/it\/wp-json\/wp\/v2\/posts\/22573\/revisions\/22576"}],"wp:featuredmedia":[{"embeddable":true,"href":"https:\/\/www.valsanzibiogiardino.com\/it\/wp-json\/wp\/v2\/media\/15206"}],"wp:attachment":[{"href":"https:\/\/www.valsanzibiogiardino.com\/it\/wp-json\/wp\/v2\/media?parent=22573"}],"wp:term":[{"taxonomy":"category","embeddable":true,"href":"https:\/\/www.valsanzibiogiardino.com\/it\/wp-json\/wp\/v2\/categories?post=22573"},{"taxonomy":"post_tag","embeddable":true,"href":"https:\/\/www.valsanzibiogiardino.com\/it\/wp-json\/wp\/v2\/tags?post=22573"}],"curies":[{"name":"wp","href":"https:\/\/api.w.org\/{rel}","templated":true}]}}