{"id":22460,"date":"2022-12-05T21:38:49","date_gmt":"2022-12-05T20:38:49","guid":{"rendered":"https:\/\/www.valsanzibiogiardino.com\/?p=22460"},"modified":"2022-12-05T21:41:28","modified_gmt":"2022-12-05T20:41:28","slug":"dicembre-in-giardino","status":"publish","type":"post","link":"https:\/\/www.valsanzibiogiardino.com\/it\/dicembre-in-giardino\/","title":{"rendered":"Dicembre in Giardino"},"content":{"rendered":"<p style=\"font-size: 3.2em; text-align: center;\"><b><span style=\"color: red;\">Il Giardino Monumentale<\/span><\/b><\/p>\n<p style=\"font-size: 3.4em; text-align: center;\"><em><b><span style=\"color: green;\">di Valsanzibio<\/span><\/b><\/em><\/p>\n<p style=\"font-size: 3.2em; text-align: center;\"><b><span style=\"color: red;\">\u00e8 aperto tutti i giorni<\/span><\/b><\/p>\n<p style=\"font-size: 3.2em; text-align: center;\"><em><b><span style=\"color: green;\">fino all\u201911 Dicembre<\/span><\/b><\/em><\/p>\n<p style=\"font-size: 2.2em; text-align: center;\"><strong>dalle 10:00 alle 16:30<\/strong><\/p>\n<p style=\"font-size: 1.4em; text-align: center;\"><em><strong>Per la semplice visita non \u00e8 necessaria la prenotazione<\/strong><\/em><\/p>\nngg_shortcode_0_placeholder\n<p style=\"font-size: 1.2em; text-align: justify;\"><strong>Gioved\u00ec 8, Venerd\u00ec 9, Sabato 10 e Domenica 11 Dicembre 2022<\/strong> (tempo permettendo) sar\u00e0 possibile fare le visite guidate &#8216;Standard&#8217;, alla scoperta del simbolismo del Giardino barocco <strong>(inizio alle 11:00 del mattino e alle 15:00 del pomeriggio)<\/strong>, con un extra di 5,0 \u20ac sul biglietto d\u2019ingresso per gli adulti (minori 2-14 anni gratuiti, ma accompagnati). <strong>Gradita la prenotazione via whatsApp:<\/strong><\/p>\n<p style=\"font-size: 1.8em; text-align: center;\"><em><strong>+39\/340\/0825844<\/strong><\/em><\/p>\n<p style=\"font-size: 1.2em; text-align: center;\"><strong>o via email:<\/strong><\/p>\n<p style=\"font-size: 1.8em; text-align: center;\"><em><strong>info@valsanzibiogiardino.com<\/strong><\/em><\/p>\n<p style=\"font-size: 1.6em; text-align: center;\"><strong>Percorso labirintico percorribile dalle 11:00<\/strong><\/p>\n<p style=\"font-size: 1.6em; text-align: center;\"><strong>alle 13:00 e dalle 14:15 alle 16:00<\/strong><\/p>\n<p style=\"font-size: 1.2em; text-align: center;\"><em>(extra di 4,0 \u20ac per gli adulti, minori gratuito, ma<\/em><\/p>\n<p style=\"font-size: 1.2em; text-align: center;\"><em>accompagnati <\/em><em>e controllati&nbsp;<\/em><em>&#8211; almeno un adulto ogni 3 minori)<\/em><\/p>\n<p style=\"font-size: 1.4em; text-align: center;\"><strong>&#8212;&#8212;&#8212;&#8212;&#8211; O &#8212;&#8212;&#8212;&#8212;&#8211;<\/strong><\/p>\n<p style=\"font-size: 1.2em; text-align: justify;\">Ci sar\u00e0 poi una pausa, in cui la biglietteria rimarr\u00e0 chiusa ed il complesso sistema idrico del Bernini (fontane e giochi d&#8217;acqua) verr\u00e0 chiuso per preparare il Giardino all&#8217;inverno.&nbsp; Durante questo periodo le visite saranno possibili solo su prenotazione almeno 24 ore prima via whatsapp:<\/p>\n<p style=\"font-size: 1.8em; text-align: center;\"><strong>+39\/340\/0825844<\/strong><\/p>\n<p style=\"font-size: 1.2em; text-align: center;\">o via email:<\/p>\n<p style=\"font-size: 1.8em; text-align: center;\"><strong>info@valsanzibiogiardino.com<\/strong><\/p>\n<p style=\"font-size: 1.4em; text-align: center;\"><strong>&#8212;&#8212;&#8212;&#8212;&#8211; O &#8212;&#8212;&#8212;&#8212;&#8211;<\/strong><\/p>\n<p style=\"font-size: 3.0em; text-align: center;\"><b><span style=\"color: green;\">Apertura Straordinaria<\/span><\/b><\/p>\n<p style=\"font-size: 3.4em; text-align: center;\"><em><b><span style=\"color: red;\"> Natalizia<\/span><\/b><\/em><\/p>\n<p style=\"font-size: 2.6em; text-align: center;\"><b><span style=\"color: black;\">da Venerd\u00ec 23 Dicembre 2022<\/span><\/b><\/p>\n<p style=\"font-size: 2.6em; text-align: center;\"><b><span style=\"color: black;\">a Domenica 8 Gennaio 2023<\/span><\/b><\/p>\n<p style=\"font-size: 2.2em; text-align: center;\"><strong>dalle 11:00 alle 16:30<\/strong><\/p>\n<p style=\"font-size: 1.2em; text-align: justify;\">Per i numerosi turisti che nel periodo Natalizio scelgono le vicine terme e per tutte le persone che han chiesto di poter visitare il Giardino in versione invernale, <strong>la biglietteria sar\u00e0 aperta ed il giardino visitabile dalle 11:00 alle 16:30<\/strong>, tutti i giorni <strong>da Venerd\u00ec 23 Dicembre 2022 a Domenica 8 Gennaio 2023<\/strong> (tranne il giorno di Natale e in caso di pioggia o neve).<\/p>\n<p style=\"font-size: 1.2em; text-align: justify;\">Labirinto accessibile a tutti fino alla torretta centrale, possibilit\u00e0 di fare il percorso interno con personale di sorveglianza ed extra di 4,0 \u20ac per gli adulti, minori gratuito, ma&nbsp;accompagnati e controllati (almeno un adulto ogni 3 minori).<\/p>\n<p style=\"font-size: 1.2em; text-align: justify;\"><strong>Alle 11.30 possibilit\u00e0 di fare visita guidata alla scoperta del significato simbolico del percorso ispirato da San Gregorio Barbarigo per vincere la peste del 1630\/31<\/strong> (extra di 5,0 \u20ac sul biglietto d\u2019ingresso per gli adulti &#8211; minori 2-14 anni gratuiti, ma accompagnati). Per partecipare alla visita guidata \u00e8 preferibile prenotare 24 ore prima al whatsapp del Giardino:<\/p>\n<p style=\"font-size: 1.8em; text-align: center;\"><em><strong>+39\/340\/0825844<\/strong><\/em><\/p>\n<p style=\"font-size: 1.2em; text-align: center;\"><strong>o via email:<\/strong><\/p>\n<p style=\"font-size: 1.8em; text-align: center;\"><em><strong>info@valsanzibiogiardino.com<\/strong><\/em><\/p>\n<p style=\"font-size: 1.4em; text-align: center;\"><strong>&#8212;&#8212;&#8212;&#8212;&#8211; O &#8212;&#8212;&#8212;&#8212;&#8211;<\/strong><\/p>\n<p style=\"font-size: 2.4em; text-align: center;\"><em><b><span style=\"color: red;\">UNO SPECIALE GRAZIE<\/span><\/b><\/em><\/p>\n<p style=\"font-size: 1.4em; text-align: center;\"><strong>ai numerosi visitatori che anche quest\u2019anno hanno<\/strong><\/p>\n<p style=\"font-size: 1.4em; text-align: center;\"><strong>scelto di visitare il Giardino Monumentale di Valsanzibio<\/strong><\/p>\n<p style=\"font-size: 1.4em; text-align: center;\"><strong>e cos\u00ec facendo prendendo parte alla sua salvaguardia.<\/strong><\/p>\n<p style=\"font-size: 2.2em; text-align: center;\"><em><b><span style=\"color: green;\">GRAZIE<\/span><\/b><\/em><\/p>\n<p style=\"font-size: 1.2em; text-align: center;\"><strong>per le bellissime frasi che avete lasciato nel libro delle dediche.<\/strong><\/p>\n<p style=\"font-size: 1.2em; text-align: justify;\"><strong>Sapere che questo luogo emoziona dopo 350 anni \u00e8 una grande soddisfazione per tutto lo staff, e ripaga del duro lavoro necessario per tutelare un bene storico ed unico come questo.<\/strong><\/p>\n<p style=\"font-size: 1.2em; text-align: justify;\">E\u2019 stato un anno importante per il Giardino Monumentale di Valsanzibio, che quest\u2019anno ha visto il proprio progetto presentato per il Bando Europeo dedicato ai Giardini Storici aggiudicarsi il punteggio pi\u00f9 alto di tutt\u2019Italia.<\/p>\n<p style=\"font-size: 1.2em; text-align: justify;\">Il desiderio \u00e8 di portare questa meta barocca di oltre 350 anni ad offrire standard turistici sempre pi\u00f9 elevati ed internazionali.<\/p>\n<p style=\"font-size: 1.2em; text-align: justify;\">Gli sforzi maggiori finora sono concentrati nella cura delle piante, che tra siccit\u00e0 e parassiti che attaccano il bosso (un vero patrimonio botanico del Giardino) il lavoro \u00e8 tanto e faticoso. Se gli aiuti Europei saranno confermati (il condizionale \u00e8 d\u2019obbligo) si potranno affrontare lavori straordinari che gioveranno a questo luogo magico e unico al mondo.<\/p>\n<p style=\"font-size: 2.4em; text-align: center;\"><em><b><span style=\"color: green;\">Lo staff augura<\/span><\/b><\/em><\/p>\n<p style=\"font-size: 2.8em; text-align: center;\"><b><span style=\"color: red;\">BUONE FESTE<\/span><\/b><\/p>\n<p style=\"font-size: 2.4em; text-align: center;\"><em><b><span style=\"color: green;\">A TUTTI<\/span><\/b><\/em><\/p>\n<p style=\"font-size: 1.4em; text-align: center;\"><strong>&#8212;&#8212;&#8212;&#8212;&#8211; O &#8212;&#8212;&#8212;&#8212;&#8211;<\/strong><\/p>\n<p style=\"font-size: 1.4em; text-align: justify;\">Inoltre informiamo i visitatori ed appassionati di arte contemporanea che nello spazio espositivo adiacente al Giardino Monumentale di Valsanzibio, ci sar\u00e0 una prestigiosa mostra artistica.&nbsp; Ecco alcune info.<\/p>\n<p style=\"font-size: 1.8em; text-align: center;\"><em><strong>&#8216;FACELESS&#8217;<\/strong><\/em><\/p>\n<p style=\"font-size: 1.4em; text-align: center;\"><strong>BANKSY e ROSA MUNDI<\/strong><\/p>\n<p style=\"font-size: 1.4em; text-align: center;\"><em>Apertura al pubblico della mostra diffusa ospitata in due prestigiose sedi della storia veneziana<\/em><\/p>\nngg_shortcode_1_placeholder\n<p style=\"font-size: 1.4em; text-align: justify;\">La <strong>Fondazione Don\u00e0 dalle Rose<\/strong> \u00e8 capofila di una importante mostra antologica che vede protagonisti, insieme, due noti artisti dal volto e dall\u2019identit\u00e0 ignote, <strong>Banksy e Rosa Mundi<\/strong>, entrambi operanti dell\u2019arte da oltre un trentennio ed entrambi \u201cfaceless\u201d (senza volto).<\/p>\n<p style=\"font-size: 1.4em; text-align: justify;\">Un\u2019originale esposizione di arte contemporanea ospitata in due sedi prestigiose, di grande importanza nella storia dell\u2019arte veneziana. A Venezia <strong>Palazzo Don\u00e0 delle Rose<\/strong>, che per l\u2019occasione apre il piano nobile, e parallelamente altrettante opere saranno in mostra nello spazio espositivo di <strong>Ca\u2019 Martinengo<\/strong>, parte del vasto complesso <strong>Monumentale di Valsanzibio<\/strong>, denominato anche <strong>Barbarigo &#8211; Don\u00e0 dalle Rose<\/strong>.<\/p>\n<p style=\"font-size: 1.4em; text-align: justify;\">Due spazi che han visto la storia di importanti famiglie veneziane, &#8211; i Barbarigo e i Don\u00e0 delle Rose &#8211; dove apprezzare l&#8217;espressione artistica contemporanea dei due artisti innovativi e sempre in grado di stupire, dal loro esordio ai giorni nostri.<\/p>\n<p style=\"font-size: 1.4em; text-align: center;\"><strong>&#8212;&#8212;&#8212;&#8212;&#8211; O &#8212;&#8212;&#8212;&#8212;&#8211;<\/strong><\/p>\n<p>ngg_shortcode_2_placeholderngg_shortcode_3_placeholder<\/p>\n<p style=\"font-size: 1.4em; text-align: justify;\"><em>&#8220;A mio Nonno Armando spetta il merito di avere riparato i disastri causati dalla occupazione militare e dal forzato abbandono dell&#8217;ultima guerra (1943-1946). A mio Padre Fabio il merito di avere ripristinato tutti i 33 punti d&#8217;acqua del Giardino compromessi da ottanta anni di progressivo impoverimento sorgivo, con un impianto che permette di riciclare l&#8217;acqua per il 70%.<br \/>\nA me, oltre all&#8217;impegno di continuare a tramandare ai posteri questa superlativa realt\u00e0, anche l&#8217;obiettivo di fare conoscere a livello mondiale questa perla della nostra cultura.&nbsp; E in pochi anni sono stati raggiunte grandi soddisfazioni, con turisti da tutto il mondo&#8221;<br \/>\nArmando Pizzoni Ardemani, responsabile della Tenuta Valsanzibio.<\/em><\/p>\n<p style=\"font-size: 1.4em; text-align: center;\"><strong>&#8212;&#8212;&#8212;&#8212;&#8211; O &#8212;&#8212;&#8212;&#8212;&#8211;<\/strong><\/p>\n<p style=\"font-size: 1.2em; text-align: justify;\"><strong>Per favore<\/strong>, fate molta attenzione al nostro regolamento <strong><a href=\"https:\/\/www.valsanzibiogiardino.com\/it\/regole-di-visita-e-considerazioni\/\" target=\"_blank\" rel=\"noopener noreferrer\">(cliccare QUI per consultare il REGOLAMENTO DEL GIARDINO)<\/a><\/strong> perch\u00e9 questo giardino del Seicento \u00e8 considerato, nel suo genere, uno dei pi\u00f9 importanti monumenti artistici a livello mondiale, ma, come tutte le opere d\u2019arte antiche, E\u2019 MOLTO DELICATO. In particolare modo chiediamo una speciale collaborazione ai genitori nel controllare i propri giovani facendo capire loro che questo non \u00e8 un parco gioco, ma un ambiente che non pu\u00f2 sostenere la loro normale e, in altre circostanze, bell\u2019esuberanza giovanile\u2026PER FAVORE E\u2019 SEVERAMENTE VIETATO buttare sassi o pietre nelle peschiere\/zone d\u2019acqua del giardino, fate molta ATTENZIONE ai Vostri bambini\/ragazzi nel rispetto delle regole\u2026grazie della gentile ed indispensabile collaborazione.<\/p>\n<p style=\"font-size: 1.4em; text-align: center;\"><strong>&#8212;&#8212;&#8212;&#8212;&#8211; O &#8212;&#8212;&#8212;&#8212;&#8211;<\/strong><\/p>\n<p style=\"font-size: 1.8em; text-align: center;\"><b><span style=\"color: red;\">IMPORTANTE<\/span><\/b><\/p>\n<p style=\"font-size: 1.2em; text-align: justify;\">La biglietteria e l\u2019accesso al Giardino Monumentale sono gestiti secondo le regole di sicurezza \u2018Covid 19\u2019.<\/p>\n<p style=\"font-size: 1.2em; text-align: justify;\">Secondo le precauzioni previste dal DPCM del 13 Ottobre, 18 Ottobre, 3 Novembre 2020, dall\u2019ultima Ordinanza del 12 novembre 2020 della Regione Veneto e dal DPCM attualmente in vigore, il Giardino non \u00e8 tenuto a richiedere il green pass o certificazione verde ai visitatori in quanto non rientra nelle categorie che devono invece farne richiesta, ma chi entra avr\u00e0 l\u2019obbligo:<\/p>\n<p style=\"font-size: 1.2em; text-align: justify;\">&#8211; di avere con se la mascherina protettiva naso\/bocca e di indossarla dove pu\u00f2 diventare difficile mantenere il distanziamento sociale (visita al labirinto, bagni\/Toilette, Antiche Scuderie, altro eventuale);<br \/>\n&#8211; di mantenere la distanza di sicurezza di minimo un metro con gli altri visitatori e assicurarvi che i minori rispettino le norme vigenti;<br \/>\n&#8211; di evitare qualsiasi tipo di assembramento in qualsiasi parte del Giardino.<\/p>\n<p style=\"font-size: 1.2em; text-align: justify;\">Per maggiori informazioni, consultare il seguente link:<\/p>\n<p style=\"text-align: center;\"><strong><a href=\"https:\/\/www.valsanzibiogiardino.com\/it\/regolamento-covid-19\/\" target=\"_blank\" rel=\"noopener noreferrer\"><span style=\"color: red;\"><em>REGOLAMENTO COVID 19<\/em><\/span><\/a><\/strong><\/p>\n<p style=\"font-size: 1.2em; text-align: justify;\">Le strutture del Giardino saranno sanificate pi\u00f9 volte al giorno e verranno messi a disposizione degli ospiti disinfettante a base di alcool per le mani. Inoltre, nel Giardino il personale di controllo verificher\u00e0 che tutte le regole siano osservate con la massima accortezza. Speriamo di vedervi presto. Meritiamo tutti una passeggiata di rinascita, una immersione nella gioia di vivere.<\/p>\n<p style=\"font-size: 2.2em; text-align: center;\"><em><b><span style=\"color: green;\">Camminare tra gli alberi<\/span><\/b><\/em><\/p>\n<p style=\"font-size: 2.2em; text-align: center;\"><em><b><span style=\"color: green;\">rende le persone migliori.<\/span><\/b><\/em><\/p>\n<p style=\"font-size: 2.2em; text-align: center;\"><em><b><span style=\"color: green;\">Le piante sono cibo e<\/span><\/b><\/em><\/p>\n<p style=\"font-size: 2.2em; text-align: center;\"><em><b><span style=\"color: green;\">medicina per l\u2019anima.<\/span><\/b><\/em><\/p>\nngg_shortcode_4_placeholder\n<p style=\"font-size: 1.8em; text-align: center;\"><strong>&#8212;&#8212;&#8212;&#8212;&#8211; O &#8212;&#8212;&#8212;&#8212;&#8211;<\/strong><\/p>\n<p style=\"font-size: 1.8em; text-align: center;\"><em><strong>Desiderate fare un regalo speciale<\/strong><\/em><\/p>\n<p style=\"font-size: 1.8em; text-align: center;\"><em><strong>a persone speciali?<\/strong><\/em><\/p>\n<p style=\"font-size: 2.0em; text-align: center;\"><b><span style=\"color: green;\"><strong>Regalate l\u2019ingresso al<\/strong><\/span><\/b><\/p>\n<p style=\"font-size: 2.0em; text-align: center;\"><b><span style=\"color: green;\"><strong>Giardino Monumentale di Valsanzibio.<\/strong><\/span><\/b><\/p>\n<p style=\"font-size: 1.5em; text-align: justify;\">Un dono gradito agli amanti dell\u2019 Arte e Natura e, al tempo stesso, Arte e Natura del Giardino ringraziano sentitamente del contributo.<\/p>\n<p style=\"font-size: 1.5em; text-align: justify;\">Sarete anche voi partecipi al mantenimento di un bene storico-artistico-botanico che visitatori da tutto il mondo apprezzano e ammirano.<\/p>\nngg_shortcode_5_placeholder\n<p style=\"font-size: 1.3em; text-align: center;\">Queste le possibilit\u00e0 di regalo:<\/p>\n<p style=\"font-size: 1.1em; text-align: justify;\"><em><strong>A. Ingresso al Giardino e visita in autonomia.<\/strong><\/em><br \/>\n&#8211; Durata = non meno di 60 minuti.<br \/>\nAll&#8217;ingresso verr\u00e0 dato un depliant con mappa del Giardino, con un percorso consigliato e alcune spiegazioni storiche-artistiche. Si potr\u00e0 visitare tutta l&#8217;area storica-artistica (il Giardino Allegorico), l&#8217;area botanica, e si potr\u00e0 accedere al labirinto solo fino dalla torretta centrale, con vista panoramica.<\/p>\n<p style=\"font-size: 1.1em; text-align: justify;\"><strong><em>B. Ingresso al Giardino in autonomia e percorribilit\u00e0 del percorso del labirinto.<\/em><\/strong><br \/>\n&#8211; Durata = non meno di 70\/90 minuti.<br \/>\nTutto come in &#8216;A.&#8217; e in aggiunta si potr\u00e0 entrare nel percorso del labirinto (solo in presenza del nostro personale di sorveglianza e previo accordo con la biglietteria sull&#8217;orario di accesso).<\/p>\n<p style=\"font-size: 1.1em; text-align: justify;\"><strong><em>C. Ingresso al Giardino e visita guidata &#8216;Standard&#8217;.<\/em><\/strong><br \/>\n&#8211; Durata = non meno di 75\/90 minuti.<br \/>\nTutto come in &#8216;A.&#8217; e in aggiunta il visitatore verr\u00e0 accompagnato alla scoperta del significato simbolico e allegorico del Giardino. La visita guidata &#8216;Standard&#8217; dura circa un&#8217;ora e pu\u00f2 essere fatta solo tutti i Sabati, le Domeniche ed i giorni festivi alle 11:00 e alle 15:00\/15:30\/16:00 (l&#8217;orario pomeridiano varia in base alla stagione). Prima dell&#8217;orario della visita guidata e\/o al termine della stessa, il visitatore potr\u00e0 passeggiare in autonomia in tutte le aree visitabili del Giardino.<\/p>\n<p style=\"font-size: 1.1em; text-align: justify;\"><strong><em>D. Ingresso al Giardino, percorribilit\u00e0 del labirinto e visita guidata &#8216;Standard&#8217;.<\/em><\/strong><br \/>\n&#8211; Durata = non meno di 120 minuti.<br \/>\nTutto come in &#8216;B.&#8217; e in aggiunta il visitatore verr\u00e0 accompagnato alla scoperta del significato simbolico e allegorico del Giardino. La visita guidata &#8216;Standard&#8217; dura circa un&#8217;ora e pu\u00f2 essere fatta solo tutti i Sabati, le Domeniche ed i giorni festivi alle 11:00 e alle 15:00\/15:30\/16:00 (l&#8217;orario pomeridiano varia in base alla stagione). Prima dell&#8217;orario della visita guidata e\/o al termine della stessa, il visitatore potr\u00e0 passeggiare in autonomia in tutte le aree visitabili del Giardino ed entrare nel percorso del labirinto (entrare nel percorso labirintico pu\u00f2 essere fatto solo in presenza del nostro personale di sorveglianza e previo accordo con la biglietteria sull&#8217;orario di accesso).<\/p>\n<p style=\"font-size: 1.5em; text-align: center;\">Per informazioni e richieste:<\/p>\n<p style=\"font-size: 1.6em; text-align: center;\"><em><strong>info@valsanzibiogiardino.com<\/strong><\/em><\/p>\n<p style=\"font-size: 1.6em; text-align: center;\"><strong>&#8212;&#8212;&#8212;&#8212;&#8211; O &#8212;&#8212;&#8212;&#8212;&#8211;<\/strong><\/p>\n<p style=\"font-size: 1.6em; text-align: center;\"><strong>INFINE VI segnaliamo&#8230;<\/strong><\/p>\n<p style=\"font-size: 2.6em; text-align: center;\"><a href=\"https:\/\/www.kickstarter.com\/projects\/1203174801\/giardino-di-valsanzibio\" target=\"_blank\" rel=\"noopener noreferrer\"><em><strong><span style=\"color: #475400;\">&#8216;VALSANZIBIO&#8217;<\/span><\/strong><\/em><\/a><\/p>\nngg_shortcode_6_placeholder\n<p style=\"font-size: 2.2em; text-align: center;\"><img decoding=\"async\" src=\"https:\/\/ksr-ugc.imgix.net\/assets\/017\/017\/241\/63f609366f6fec575d9d6ba8af80fecd_original.jpg?w=680&amp;fit=max&amp;v=1496933126&amp;auto=format&amp;q=92&amp;s=84e92847d9d457da48c22a523a0109c2\" alt=\"Preview of the book\"><\/p>\n<p style=\"font-size: 1.5em; text-align: justify;\">un opera scritta da <strong>Luigi Cerantola<\/strong> con fotografie di <strong>Renato D\u2019Agostin<\/strong>, giovane fotografo veneziano che ha gi\u00e0 esposto in prestigiose gallerie d\u2019arte internazionali, tra cui Venezia, New York, Parigi. Alcuni sui scatti realizzati nel Giardino di Valsanzibio appaiono anche sulla facciata <a style=\"font-weight: normal;\" href=\"https:\/\/www.valsanzibiogiardino.com\/ca-martinengo-2\/\" target=\"_blank\" rel=\"noopener noreferrer\">dell&#8217;antico Casino di caccia denominato <strong>C\u00e0 Martinengo <\/strong>(clicca sopra per conoscere Ca&#8217; Martinengo)<\/a>.<\/p>\n<p style=\"font-size: 1.5em; text-align: justify;\">Da VALSANZIBIO \u00e8 stato tratto il <strong><em>Codice di Valsanzibio<\/em><\/strong>, un libro realizzato secondo tecniche monastiche antiche e composto di 26 grandi pagine (cm. 23,5 x 32) esposte in sequenza. In quest&#8217;opera i 24 Sonetti del poeta <strong>Luigi Cerantola<\/strong>, che prendono avvio dal Sonetto \u201c<em>Curioso viator che in questa parte<\/em>\u201d inciso sulla gradinata che dal Giardino di Valsanzibio immette al Piazzale delle Rivelazioni in fronte a Villa Barbarigo Pizzoni Ardemani (<a href=\"https:\/\/www.valsanzibiogiardino.com\/portfolio-item\/steps-of-the-sonnet\/\" target=\"_blank\" rel=\"noopener noreferrer\">clicca La Scalinata del Sonetto<\/a>), sono calligrafati su carta giapponese e tutte le 26 pagine sono dipinte da <strong>Alessio Mancino<\/strong>.<\/p>\n<p style=\"font-size: 1.5em; text-align: justify;\">Il codice \u00e8 in linea alla tradizione classica (vedi le <em>Tr\u00e8s Riches Heuresdu Duc de Berry<\/em> del 1415 circa) che intendeva dar veste solenne e imperitura ad un testo calligrafandolo e miniandolo.<\/p>\n<p style=\"font-size: 1.6em; text-align: center;\"><strong>&#8212;&#8212;&#8212;&#8212;&#8211; O &#8212;&#8212;&#8212;&#8212;&#8211;<\/strong><\/p>\n<p style=\"font-size: 1.6em; text-align: justify;\"><strong>Tutte le attivit\u00e0 che si svolgono all\u2019interno del Giardino di Valsanzibio, se non specificato altrimenti, prevedono il regolare ingresso al giardino ed il pagamento del biglietto.<\/strong><\/p>\n<p style=\"font-size: 1.4em; text-align: justify;\">Per ulteriori info seguite gli aggiornamenti QUI alla voce &#8216;<strong>NEWS<\/strong>&#8216; o andate alla nostra pagina di <strong><a href=\"https:\/\/www.facebook.com\/Giardino-Barbarigo-Valsanzibio-1461052934142801\/\" target=\"_blank\" rel=\"noopener noreferrer\">Facebook: Giardino Barbarigo Valsanzibio<\/a><\/strong>.<\/p>\n<!-- AddThis Advanced Settings generic via filter on the_content --><!-- AddThis Share Buttons generic via filter on the_content -->","protected":false},"excerpt":{"rendered":"<p>Il Giardino Monumentale di Valsanzibio \u00e8 aperto tutti i giorni fino all\u201911 Dicembre dalle 10:00 alle 16:30 Per la semplice visita non \u00e8 necessaria la prenotazione Gioved\u00ec 8, Venerd\u00ec 9, Sabato 10 e Domenica 11 Dicembre 2022 (tempo permettendo) sar\u00e0 possibile fare le visite guidate &#8216;Standard&#8217;, alla scoperta del simbolismo del Giardino barocco (inizio alle [&hellip;]<!-- AddThis Advanced Settings generic via filter on get_the_excerpt --><!-- AddThis Share Buttons generic via filter on get_the_excerpt --><\/p>\n","protected":false},"author":4,"featured_media":18847,"comment_status":"closed","ping_status":"closed","sticky":false,"template":"","format":"standard","meta":{"_monsterinsights_skip_tracking":false,"_monsterinsights_sitenote_active":false,"_monsterinsights_sitenote_note":"","_monsterinsights_sitenote_category":0,"ngg_post_thumbnail":0,"footnotes":""},"categories":[13,17],"tags":[],"class_list":["post-22460","post","type-post","status-publish","format-standard","has-post-thumbnail","hentry","category-eventi","category-news"],"yoast_head":"<!-- This site is optimized with the Yoast SEO plugin v27.3 - https:\/\/yoast.com\/product\/yoast-seo-wordpress\/ -->\n<title>Dicembre in Giardino - Giardino Storico di Valsanzibio | Villa Barbarigo Pizzoni Ardemani | Galzignano Terme, Padova<\/title>\n<meta name=\"robots\" content=\"index, follow, max-snippet:-1, max-image-preview:large, max-video-preview:-1\" \/>\n<link rel=\"canonical\" href=\"https:\/\/www.valsanzibiogiardino.com\/it\/dicembre-in-giardino\/\" \/>\n<meta name=\"twitter:label1\" content=\"Scritto da\" \/>\n\t<meta name=\"twitter:data1\" content=\"Staff\" \/>\n\t<meta name=\"twitter:label2\" content=\"Tempo di lettura stimato\" \/>\n\t<meta name=\"twitter:data2\" content=\"10 minuti\" \/>\n<script type=\"application\/ld+json\" class=\"yoast-schema-graph\">{\"@context\":\"https:\\\/\\\/schema.org\",\"@graph\":[{\"@type\":\"Article\",\"@id\":\"https:\\\/\\\/www.valsanzibiogiardino.com\\\/it\\\/dicembre-in-giardino\\\/#article\",\"isPartOf\":{\"@id\":\"https:\\\/\\\/www.valsanzibiogiardino.com\\\/it\\\/dicembre-in-giardino\\\/\"},\"author\":{\"name\":\"Staff\",\"@id\":\"https:\\\/\\\/www.valsanzibiogiardino.com\\\/it\\\/#\\\/schema\\\/person\\\/f6b11a7fbc16b7bd8b7dff8c277936bb\"},\"headline\":\"Dicembre in Giardino\",\"datePublished\":\"2022-12-05T20:38:49+00:00\",\"dateModified\":\"2022-12-05T20:41:28+00:00\",\"mainEntityOfPage\":{\"@id\":\"https:\\\/\\\/www.valsanzibiogiardino.com\\\/it\\\/dicembre-in-giardino\\\/\"},\"wordCount\":1907,\"image\":{\"@id\":\"https:\\\/\\\/www.valsanzibiogiardino.com\\\/it\\\/dicembre-in-giardino\\\/#primaryimage\"},\"thumbnailUrl\":\"https:\\\/\\\/www.valsanzibiogiardino.com\\\/wp-content\\\/uploads\\\/2019\\\/01\\\/Position-in-the-garden.jpg\",\"articleSection\":[\"EVENTI\",\"NEWS\"],\"inLanguage\":\"it-IT\"},{\"@type\":\"WebPage\",\"@id\":\"https:\\\/\\\/www.valsanzibiogiardino.com\\\/it\\\/dicembre-in-giardino\\\/\",\"url\":\"https:\\\/\\\/www.valsanzibiogiardino.com\\\/it\\\/dicembre-in-giardino\\\/\",\"name\":\"Dicembre in Giardino - Giardino Storico di Valsanzibio | Villa Barbarigo Pizzoni Ardemani | Galzignano Terme, Padova\",\"isPartOf\":{\"@id\":\"https:\\\/\\\/www.valsanzibiogiardino.com\\\/it\\\/#website\"},\"primaryImageOfPage\":{\"@id\":\"https:\\\/\\\/www.valsanzibiogiardino.com\\\/it\\\/dicembre-in-giardino\\\/#primaryimage\"},\"image\":{\"@id\":\"https:\\\/\\\/www.valsanzibiogiardino.com\\\/it\\\/dicembre-in-giardino\\\/#primaryimage\"},\"thumbnailUrl\":\"https:\\\/\\\/www.valsanzibiogiardino.com\\\/wp-content\\\/uploads\\\/2019\\\/01\\\/Position-in-the-garden.jpg\",\"datePublished\":\"2022-12-05T20:38:49+00:00\",\"dateModified\":\"2022-12-05T20:41:28+00:00\",\"author\":{\"@id\":\"https:\\\/\\\/www.valsanzibiogiardino.com\\\/it\\\/#\\\/schema\\\/person\\\/f6b11a7fbc16b7bd8b7dff8c277936bb\"},\"breadcrumb\":{\"@id\":\"https:\\\/\\\/www.valsanzibiogiardino.com\\\/it\\\/dicembre-in-giardino\\\/#breadcrumb\"},\"inLanguage\":\"it-IT\",\"potentialAction\":[{\"@type\":\"ReadAction\",\"target\":[\"https:\\\/\\\/www.valsanzibiogiardino.com\\\/it\\\/dicembre-in-giardino\\\/\"]}]},{\"@type\":\"ImageObject\",\"inLanguage\":\"it-IT\",\"@id\":\"https:\\\/\\\/www.valsanzibiogiardino.com\\\/it\\\/dicembre-in-giardino\\\/#primaryimage\",\"url\":\"https:\\\/\\\/www.valsanzibiogiardino.com\\\/wp-content\\\/uploads\\\/2019\\\/01\\\/Position-in-the-garden.jpg\",\"contentUrl\":\"https:\\\/\\\/www.valsanzibiogiardino.com\\\/wp-content\\\/uploads\\\/2019\\\/01\\\/Position-in-the-garden.jpg\",\"width\":1079,\"height\":610},{\"@type\":\"BreadcrumbList\",\"@id\":\"https:\\\/\\\/www.valsanzibiogiardino.com\\\/it\\\/dicembre-in-giardino\\\/#breadcrumb\",\"itemListElement\":[{\"@type\":\"ListItem\",\"position\":1,\"name\":\"Home\",\"item\":\"https:\\\/\\\/www.valsanzibiogiardino.com\\\/it\\\/\"},{\"@type\":\"ListItem\",\"position\":2,\"name\":\"Dicembre in Giardino\"}]},{\"@type\":\"WebSite\",\"@id\":\"https:\\\/\\\/www.valsanzibiogiardino.com\\\/it\\\/#website\",\"url\":\"https:\\\/\\\/www.valsanzibiogiardino.com\\\/it\\\/\",\"name\":\"Giardino Storico di Valsanzibio | Villa Barbarigo Pizzoni Ardemani | Galzignano Terme, Padova\",\"description\":\"Il Giardino Storico di Valsanzibio si trova a Galzignano Terme, in provincia di Padova, ed \u00e8 uno dei pi\u00f9 estesi ed integri giardini d\u2019Epoca mondiali.\",\"potentialAction\":[{\"@type\":\"SearchAction\",\"target\":{\"@type\":\"EntryPoint\",\"urlTemplate\":\"https:\\\/\\\/www.valsanzibiogiardino.com\\\/it\\\/?s={search_term_string}\"},\"query-input\":{\"@type\":\"PropertyValueSpecification\",\"valueRequired\":true,\"valueName\":\"search_term_string\"}}],\"inLanguage\":\"it-IT\"},{\"@type\":\"Person\",\"@id\":\"https:\\\/\\\/www.valsanzibiogiardino.com\\\/it\\\/#\\\/schema\\\/person\\\/f6b11a7fbc16b7bd8b7dff8c277936bb\",\"name\":\"Staff\",\"url\":\"https:\\\/\\\/www.valsanzibiogiardino.com\\\/it\\\/author\\\/staff\\\/\"}]}<\/script>\n<!-- \/ Yoast SEO plugin. -->","yoast_head_json":{"title":"Dicembre in Giardino - Giardino Storico di Valsanzibio | Villa Barbarigo Pizzoni Ardemani | Galzignano Terme, Padova","robots":{"index":"index","follow":"follow","max-snippet":"max-snippet:-1","max-image-preview":"max-image-preview:large","max-video-preview":"max-video-preview:-1"},"canonical":"https:\/\/www.valsanzibiogiardino.com\/it\/dicembre-in-giardino\/","twitter_misc":{"Scritto da":"Staff","Tempo di lettura stimato":"10 minuti"},"schema":{"@context":"https:\/\/schema.org","@graph":[{"@type":"Article","@id":"https:\/\/www.valsanzibiogiardino.com\/it\/dicembre-in-giardino\/#article","isPartOf":{"@id":"https:\/\/www.valsanzibiogiardino.com\/it\/dicembre-in-giardino\/"},"author":{"name":"Staff","@id":"https:\/\/www.valsanzibiogiardino.com\/it\/#\/schema\/person\/f6b11a7fbc16b7bd8b7dff8c277936bb"},"headline":"Dicembre in Giardino","datePublished":"2022-12-05T20:38:49+00:00","dateModified":"2022-12-05T20:41:28+00:00","mainEntityOfPage":{"@id":"https:\/\/www.valsanzibiogiardino.com\/it\/dicembre-in-giardino\/"},"wordCount":1907,"image":{"@id":"https:\/\/www.valsanzibiogiardino.com\/it\/dicembre-in-giardino\/#primaryimage"},"thumbnailUrl":"https:\/\/www.valsanzibiogiardino.com\/wp-content\/uploads\/2019\/01\/Position-in-the-garden.jpg","articleSection":["EVENTI","NEWS"],"inLanguage":"it-IT"},{"@type":"WebPage","@id":"https:\/\/www.valsanzibiogiardino.com\/it\/dicembre-in-giardino\/","url":"https:\/\/www.valsanzibiogiardino.com\/it\/dicembre-in-giardino\/","name":"Dicembre in Giardino - Giardino Storico di Valsanzibio | Villa Barbarigo Pizzoni Ardemani | Galzignano Terme, Padova","isPartOf":{"@id":"https:\/\/www.valsanzibiogiardino.com\/it\/#website"},"primaryImageOfPage":{"@id":"https:\/\/www.valsanzibiogiardino.com\/it\/dicembre-in-giardino\/#primaryimage"},"image":{"@id":"https:\/\/www.valsanzibiogiardino.com\/it\/dicembre-in-giardino\/#primaryimage"},"thumbnailUrl":"https:\/\/www.valsanzibiogiardino.com\/wp-content\/uploads\/2019\/01\/Position-in-the-garden.jpg","datePublished":"2022-12-05T20:38:49+00:00","dateModified":"2022-12-05T20:41:28+00:00","author":{"@id":"https:\/\/www.valsanzibiogiardino.com\/it\/#\/schema\/person\/f6b11a7fbc16b7bd8b7dff8c277936bb"},"breadcrumb":{"@id":"https:\/\/www.valsanzibiogiardino.com\/it\/dicembre-in-giardino\/#breadcrumb"},"inLanguage":"it-IT","potentialAction":[{"@type":"ReadAction","target":["https:\/\/www.valsanzibiogiardino.com\/it\/dicembre-in-giardino\/"]}]},{"@type":"ImageObject","inLanguage":"it-IT","@id":"https:\/\/www.valsanzibiogiardino.com\/it\/dicembre-in-giardino\/#primaryimage","url":"https:\/\/www.valsanzibiogiardino.com\/wp-content\/uploads\/2019\/01\/Position-in-the-garden.jpg","contentUrl":"https:\/\/www.valsanzibiogiardino.com\/wp-content\/uploads\/2019\/01\/Position-in-the-garden.jpg","width":1079,"height":610},{"@type":"BreadcrumbList","@id":"https:\/\/www.valsanzibiogiardino.com\/it\/dicembre-in-giardino\/#breadcrumb","itemListElement":[{"@type":"ListItem","position":1,"name":"Home","item":"https:\/\/www.valsanzibiogiardino.com\/it\/"},{"@type":"ListItem","position":2,"name":"Dicembre in Giardino"}]},{"@type":"WebSite","@id":"https:\/\/www.valsanzibiogiardino.com\/it\/#website","url":"https:\/\/www.valsanzibiogiardino.com\/it\/","name":"Giardino Storico di Valsanzibio | Villa Barbarigo Pizzoni Ardemani | Galzignano Terme, Padova","description":"Il Giardino Storico di Valsanzibio si trova a Galzignano Terme, in provincia di Padova, ed \u00e8 uno dei pi\u00f9 estesi ed integri giardini d\u2019Epoca mondiali.","potentialAction":[{"@type":"SearchAction","target":{"@type":"EntryPoint","urlTemplate":"https:\/\/www.valsanzibiogiardino.com\/it\/?s={search_term_string}"},"query-input":{"@type":"PropertyValueSpecification","valueRequired":true,"valueName":"search_term_string"}}],"inLanguage":"it-IT"},{"@type":"Person","@id":"https:\/\/www.valsanzibiogiardino.com\/it\/#\/schema\/person\/f6b11a7fbc16b7bd8b7dff8c277936bb","name":"Staff","url":"https:\/\/www.valsanzibiogiardino.com\/it\/author\/staff\/"}]}},"_links":{"self":[{"href":"https:\/\/www.valsanzibiogiardino.com\/it\/wp-json\/wp\/v2\/posts\/22460","targetHints":{"allow":["GET"]}}],"collection":[{"href":"https:\/\/www.valsanzibiogiardino.com\/it\/wp-json\/wp\/v2\/posts"}],"about":[{"href":"https:\/\/www.valsanzibiogiardino.com\/it\/wp-json\/wp\/v2\/types\/post"}],"author":[{"embeddable":true,"href":"https:\/\/www.valsanzibiogiardino.com\/it\/wp-json\/wp\/v2\/users\/4"}],"replies":[{"embeddable":true,"href":"https:\/\/www.valsanzibiogiardino.com\/it\/wp-json\/wp\/v2\/comments?post=22460"}],"version-history":[{"count":2,"href":"https:\/\/www.valsanzibiogiardino.com\/it\/wp-json\/wp\/v2\/posts\/22460\/revisions"}],"predecessor-version":[{"id":22462,"href":"https:\/\/www.valsanzibiogiardino.com\/it\/wp-json\/wp\/v2\/posts\/22460\/revisions\/22462"}],"wp:featuredmedia":[{"embeddable":true,"href":"https:\/\/www.valsanzibiogiardino.com\/it\/wp-json\/wp\/v2\/media\/18847"}],"wp:attachment":[{"href":"https:\/\/www.valsanzibiogiardino.com\/it\/wp-json\/wp\/v2\/media?parent=22460"}],"wp:term":[{"taxonomy":"category","embeddable":true,"href":"https:\/\/www.valsanzibiogiardino.com\/it\/wp-json\/wp\/v2\/categories?post=22460"},{"taxonomy":"post_tag","embeddable":true,"href":"https:\/\/www.valsanzibiogiardino.com\/it\/wp-json\/wp\/v2\/tags?post=22460"}],"curies":[{"name":"wp","href":"https:\/\/api.w.org\/{rel}","templated":true}]}}