{"id":22291,"date":"2022-02-24T21:34:34","date_gmt":"2022-02-24T20:34:34","guid":{"rendered":"https:\/\/www.valsanzibiogiardino.com\/?p=22291"},"modified":"2022-02-24T22:38:45","modified_gmt":"2022-02-24T21:38:45","slug":"riapertura-della-stagione-2022-da-sabato-26-febbraio","status":"publish","type":"post","link":"https:\/\/www.valsanzibiogiardino.com\/it\/riapertura-della-stagione-2022-da-sabato-26-febbraio\/","title":{"rendered":"Riapertura della stagione 2022 da Sabato 26 Febbraio"},"content":{"rendered":"<p style=\"font-size: 2.4em; text-align: center;\"><b><span style=\"color: black;\">SABATO 26 FEBBRAIO 2022<\/span><\/b><\/p>\n<p style=\"font-size: 3.0em; text-align: center;\"><em><b><span style=\"color: green;\">Giardino Monumentale<\/span><\/b><\/em><\/p>\n<p style=\"font-size: 3.0em; text-align: center;\"><em><b><span style=\"color: green;\">di Valsanzibio<\/span><\/b><\/em><\/p>\n<p style=\"font-size: 2.4em; text-align: center;\"><b><span style=\"color: red;\">Riapertura della stagione 2022<\/span><\/b><\/p>\nngg_shortcode_0_placeholder\n<p style=\"font-size: 1.0em; text-align: center;\"><strong>&#8212;&#8212;&#8212;&#8212;&#8211; O &#8212;&#8212;&#8212;&#8212;&#8211;<\/strong><\/p>\n<p style=\"font-size: 1.6em; text-align: center;\"><b><span style=\"color: green;\">Il Giardino Monumentale di Valsanzibio, perla artistico<br \/>\ne botanica dei Colli Euganei, riapre al pubblico Sabato<br \/>\n26 Febbraio. Una riapertura emozionante, poich\u00e9 ci si<br \/>\nappresta a vivere la primavera in Giardino dopo due anni<br \/>\nin cui le cause ben note non lo hanno reso possibile.<\/span><\/b><\/p>\n<p style=\"font-size: 1.4em; text-align: justify;\">Lo staff del Giardino si appresta con grande entusiasmo a far vivere le emozioni uniche che il Giardino Monumentale di Valsanzibio sa trasmettere ai suoi visitatori, sempre pi\u00f9 internazionali e numerosi. Nove ettari con un percorso simbolico che porta alla Salvezza, progettato dal fontaniere Luigi Bernini, fratello pi\u00f9 giovane di Gianlorenzo Bernini, tra sculture, fontane, peschiere, scherzi d&#8217;acqua, pensato e realizzato dalla famiglia Barbarigo quando Venezia venne sconvolta della peste del 1630. E poi il famoso labirinto vegetale, il pi\u00f9 antico in bosso che si possa trovare al mondo. E tre ettari di prato verde e alberi secolari a disposizione dei visitatori per relax e pic nic in famiglia. Chiosco presso le Scuderie per caff\u00e8, aperitivi, pranzi veloci.<\/p>\nngg_shortcode_1_placeholder\n<p style=\"font-size: 1.4em; text-align: justify;\">Il Giardino \u00e8 aperto tutti i giorni dalle 10:00 alle 19:00 (fino a met\u00e0 Marzo 18:00\/18:30), nei fine settimana e su richiesta con orario continuato, ci sono visite guidate nei fine settimana per scoprire il percorso artistico simbolico che venne ispirato da San Gregorio Barbarigo, per tener fede al voto solenne del padre che durante la terribile peste del 1630 promise a Dio di dar vita a questo \u201cParadiso terrestre\u201d. Un giardino di 12 ettari dove respirare l\u2019energia di alberi da tutto il mondo ultrasecolari e dove spicca il labirinto vegetale tra i pi\u00f9 antichi al mondo, visitabile e percorribile sempre con il personale di sorveglianza a disposizione.<\/p>\nngg_shortcode_2_placeholder\n<p style=\"font-size: 1.4em; text-align: justify;\">Dopo due anni in cui non \u00e8 stato possibile godere la bellezza della primavera, l\u2019apertura del Giardino quest\u2019anno viene vissuta all\u2019insegna della positivit\u00e0 e della speranza. Gi\u00e0 nei due anni precedenti questo era un momento di grandi preparativi, per poi dover chiudere al pubblico.<br \/>\nL\u2019anno in corso vuole essere un anno di rinascita, cos\u00ec come questo Giardino racconta passo dopo passo, un messaggio ideato pi\u00f9 di 350 anni fa. E questo messaggio positivo verr\u00e0 esplicato nell\u2019arco dell\u2019anno con incontri ed eventi. Il messaggio del labirinto insegna che la vita va vissuta intensamente, pur consci che si tratta di un percorso difficile e complicato, ma al tempo stesso insegna ad esser forti, a non mollare mai, che prima o poi la via d\u2019uscita c\u2019\u00e8 sempre da ogni situazione intricata.<\/p>\n<p style=\"font-size: 1.4em; text-align: justify;\">Il 2022 \u00e8 iniziato con grande soddisfazione, grazie alla puntata televisiva andata in onda in Inghilterra a gennaio sul Giardino di Valsanzibio, considerato uno dei Giardini pi\u00f9 importanti d&#8217;Italia, raccontato da Monty Don, grande esperto mondiale di Giardini storici. Negli ultimi anni il Giardino \u00e8 stato protagonista di numerose trasmissioni televisive italiane e internazionali.<br \/>\nL&#8217;impegno per conservare e tramandare ai posteri questo luogo \u00e8 enorme, poich\u00e9 si tratta di propriet\u00e0 privata totalmente autofinanziata. I visitatori quindi con la loro visita contribuiscono attivamente al mantenimento di questo bene dell&#8217;Umanit\u00e0. Grazie per le vostre visite.<\/p>\n<p style=\"font-size: 1.4em; text-align: justify;\"><em>&#8220;A mio Nonno Armando spetta il merito di avere riparato i disastri causati dalla occupazione militare e dal forzato abbandono dell&#8217;ultima guerra (1943-1946). A mio Padre Fabio il merito di avere ripristinato tutti i 33 punti d&#8217;acqua del Giardino compromessi da ottanta anni di progressivo impoverimento sorgivo, con un impianto che permette di riciclare l&#8217;acqua per il 70%.<br \/>\nA me, oltre all&#8217;impegno di continuare a tramandare ai posteri questa superlativa realt\u00e0, anche l&#8217;obiettivo di fare conoscere a livello mondiale questa perla della nostra cultura.&nbsp; E in pochi anni sono stati raggiunte grandi soddisfazioni, con turisti da tutto il mondo&#8221;<br \/>\nArmando Pizzoni Ardemani, responsabile della Tenuta Valsanzibio.<\/em><\/p>\n<p style=\"font-size: 1.4em; text-align: center;\"><strong>&#8212;&#8212;&#8212;&#8212;&#8211; O &#8212;&#8212;&#8212;&#8212;&#8211;<\/strong><\/p>\n<p style=\"font-size: 1.2em; text-align: justify;\">Ingresso al Giardino: \u20ac 12,0 ad adulto e \u20ac 6,5 a minore (dai 2 ai 14 anni compiuti)<\/p>\n<p style=\"font-size: 1.2em; text-align: justify;\">Extra &#8211; ingresso al percorso labirintico: \u20ac 4,0 ad adulto (minori dai 2 ai 14 anni gratuiti, ma accompagnati)<\/p>\n<p style=\"font-size: 1.2em; text-align: justify;\">Extra &#8211; <strong>visita guidata \u2018Standard\u2019 facoltativa ogni Sabato, Domenica o giorno festivo alle 11:00 e alle 15:00 o 15:30 o 16:00 (l&#8217;orario pomeridiano dipende dalla stagione)<\/strong>: \u20ac 5,0 ad adulto (minori dai 2 ai 14 anni gratuiti)<\/p>\n<p style=\"font-size: 1.2em; text-align: justify;\">Le visite guidate \u2018Standard\u2019 organizzate da noi hanno una durata di 60\/70 minuti e sono consigliate per l\u2019alta simbologia e le innumerevoli allegorie di questo importante giardino, ma non sono obbligatorie ed hanno un costo extra di 5,0 \u20ac a persona adulta (ragazzi\/bambini gratuiti). <strong>Se volete partecipare<\/strong> a queste visite guidate <strong>mandate<\/strong> un whatsup al <strong>+39\/340\/0825844<\/strong>&nbsp;o inviate una email all\u2019 <strong>info@valsanzibiogiardino.com<\/strong> indicando un nominativo, il giorno della visita, l&#8217;orario e circa il numero di persone che vorrebbero partecipare alla visita guidata.<\/p>\n<p style=\"font-size: 1.4em; text-align: center;\"><strong>&#8212;&#8212;&#8212;&#8212;&#8211; O &#8212;&#8212;&#8212;&#8212;&#8211;<\/strong><\/p>\n<p style=\"font-size: 1.4em; text-align: justify;\">Con i suoi 12 ettari all\u2019aperto, il Giardino presenta due grandi spazi a disposizione dei visitatori. Il Giardino Simbolico\/Allegorico, oltre 9 ettari, con sculture, fontane, peschiere, uno spazio ideale per passeggiare tra viali con pareti di bosso alte fino a 5 metri, uniche al mondo, alberi provenienti da Africa, Asia e America oggi di oltre 400 anni. Una vera passeggiata di Rinascita.<br \/>\nE il Giardino botanico, oltre 2 ettari dove \u00e8 possibile scegliere e prenotare un\u2019area, rilassarsi, giocare con la famiglia e volendo si pu\u00f2 fare colazione sull\u2019erba in un\u2019area totalmente sicura.<br \/>\nIl chiosco del Giardino prepara colazioni, cestini da pic nic e aperitivi.<\/p>\n<p style=\"font-size: 1.4em; text-align: justify;\">Anche quest\u2019anno il desiderio di immergersi nella natura \u00e8 tanta, il Giardino \u00e8 meta ideale per respirare ossigeno di alberi di oltre 400 anni da tutto il mondo, inoltre nell\u2019area botanica si possono abbracciare gli alberi, come terapia, per supplire l\u2019impossibilit\u00e0 ad abbracciare gli esseri umani. Un modo per ringraziarli del bene che fanno al Pianeta.<\/p>\n<p style=\"font-size: 2.6em; text-align: center;\"><em><b><span style=\"color: green;\">Il labirinto vi aspetta!<\/span><\/b><\/em><\/p>\n<p style=\"font-size: 2.2em; text-align: center;\"><b><span style=\"color: blue;\">Mai come ora abbiamo<\/span><\/b><\/p>\n<p style=\"font-size: 2.2em; text-align: center;\"><em><b><span style=\"color: red;\">voglia di perdersi per ritrovarsi.<\/span><\/b><\/em><\/p>\n<p style=\"font-size: 1.6em; text-align: center;\"><strong>Info 340\/0825844 o 335\/5634918<\/strong><\/p>\n<p style=\"font-size: 2.0em; text-align: center;\"><em><b><span style=\"color: green;\">www.valsanzibiogiardino.com<\/span><\/b><\/em><\/p>\n<p style=\"font-size: 1.4em; text-align: center;\"><strong>&#8212;&#8212;&#8212;&#8212;&#8211; O &#8212;&#8212;&#8212;&#8212;&#8211;<\/strong><\/p>\n<p style=\"font-size: 1.2em; text-align: justify;\"><strong>Per favore<\/strong>, fate molta attenzione al nostro regolamento <strong><a href=\"https:\/\/www.valsanzibiogiardino.com\/it\/regole-di-visita-e-considerazioni\/\" target=\"_blank\" rel=\"noopener noreferrer\">(cliccare QUI per consultare il REGOLAMENTO DEL GIARDINO)<\/a><\/strong> perch\u00e9 questo giardino del Seicento \u00e8 considerato, nel suo genere, uno dei pi\u00f9 importanti monumenti artistici a livello mondiale, ma, come tutte le opere d\u2019arte antiche, E\u2019 MOLTO DELICATO. In particolare modo chiediamo una speciale collaborazione ai genitori nel controllare i propri giovani facendo capire loro che questo non \u00e8 un parco gioco, ma un ambiente che non pu\u00f2 sostenere la loro normale e, in altre circostanze, bell\u2019esuberanza giovanile\u2026PER FAVORE E\u2019 SEVERAMENTE VIETATO buttare sassi o pietre nelle peschiere\/zone d\u2019acqua del giardino, fate molta ATTENZIONE ai Vostri bambini\/ragazzi nel rispetto delle regole\u2026grazie della gentile ed indispensabile collaborazione.<\/p>\n<p style=\"font-size: 1.4em; text-align: center;\"><strong>&#8212;&#8212;&#8212;&#8212;&#8211; O &#8212;&#8212;&#8212;&#8212;&#8211;<\/strong><\/p>\n<p style=\"font-size: 1.8em; text-align: center;\"><b><span style=\"color: red;\">IMPORTANTE<\/span><\/b><\/p>\n<p style=\"font-size: 1.2em; text-align: justify;\">La biglietteria e l\u2019accesso al Giardino Monumentale sono gestiti secondo le regole di sicurezza \u2018Covid 19\u2019.<\/p>\n<p style=\"font-size: 1.2em; text-align: justify;\">Secondo le precauzioni previste dal DPCM del 13 Ottobre, 18 Ottobre, 3 Novembre 2020, dall\u2019ultima Ordinanza del 12 novembre 2020 della Regione Veneto e dal DPCM attualmente in vigore, il Giardino non \u00e8 tenuto a richiedere il green pass o certificazione verde ai visitatori in quanto non rientra nelle categorie che devono invece farne richiesta, ma chi entra avr\u00e0 l\u2019obbligo:<\/p>\n<p style=\"font-size: 1.2em; text-align: justify;\">&#8211; di avere con se la mascherina protettiva naso\/bocca e di indossarla dove pu\u00f2 diventare difficile mantenere il distanziamento sociale (visita al labirinto, bagni\/Toilette, Antiche Scuderie, altro eventuale);<br \/>\n&#8211; di mantenere la distanza di sicurezza di minimo un metro con gli altri visitatori e assicurarvi che i minori rispettino le norme vigenti;<br \/>\n&#8211; di evitare qualsiasi tipo di assembramento in qualsiasi parte del Giardino.<\/p>\n<p style=\"font-size: 1.2em; text-align: justify;\">Per maggiori informazioni, consultare il seguente link:<\/p>\n<p style=\"text-align: center;\"><strong><a href=\"https:\/\/www.valsanzibiogiardino.com\/it\/regolamento-covid-19\/\" target=\"_blank\" rel=\"noopener noreferrer\"><span style=\"color: red;\"><em>REGOLAMENTO COVID 19<\/em><\/span><\/a><\/strong><\/p>\n<p style=\"font-size: 1.2em; text-align: justify;\">Le strutture del Giardino saranno sanificate pi\u00f9 volte al giorno e verranno messi a disposizione degli ospiti disinfettante a base di alcool per le mani. Inoltre, nel Giardino il personale di controllo verificher\u00e0 che tutte le regole siano osservate con la massima accortezza. Speriamo di vedervi presto. Meritiamo tutti una passeggiata di rinascita, una immersione nella gioia di vivere.<\/p>\n<p style=\"font-size: 2.2em; text-align: center;\"><em><b><span style=\"color: green;\">Camminare tra gli alberi<\/span><\/b><\/em><\/p>\n<p style=\"font-size: 2.2em; text-align: center;\"><em><b><span style=\"color: green;\">rende le persone migliori.<\/span><\/b><\/em><\/p>\n<p style=\"font-size: 2.2em; text-align: center;\"><em><b><span style=\"color: green;\">Le piante sono cibo e<\/span><\/b><\/em><\/p>\n<p style=\"font-size: 2.2em; text-align: center;\"><em><b><span style=\"color: green;\">medicina per l\u2019anima.<\/span><\/b><\/em><\/p>\nngg_shortcode_3_placeholder\n<p style=\"font-size: 1.8em; text-align: center;\"><strong>&#8212;&#8212;&#8212;&#8212;&#8211; O &#8212;&#8212;&#8212;&#8212;&#8211;<\/strong><\/p>\n<p style=\"font-size: 1.8em; text-align: center;\"><em><strong>Desiderate fare un regalo speciale<\/strong><\/em><\/p>\n<p style=\"font-size: 1.8em; text-align: center;\"><em><strong>a persone speciali?<\/strong><\/em><\/p>\n<p style=\"font-size: 2.0em; text-align: center;\"><b><span style=\"color: green;\"><strong>Regalate l\u2019ingresso al<\/strong><\/span><\/b><\/p>\n<p style=\"font-size: 2.0em; text-align: center;\"><b><span style=\"color: green;\"><strong>Giardino Monumentale di Valsanzibio.<\/strong><\/span><\/b><\/p>\n<p style=\"font-size: 1.5em; text-align: justify;\">Un dono gradito agli amanti dell\u2019 Arte e Natura e, al tempo stesso, Arte e Natura del Giardino ringraziano sentitamente del contributo.<\/p>\n<p style=\"font-size: 1.5em; text-align: justify;\">Sarete anche voi partecipi al mantenimento di un bene storico-artistico-botanico che visitatori da tutto il mondo apprezzano e ammirano.<\/p>\nngg_shortcode_4_placeholder\n<p style=\"font-size: 1.3em; text-align: center;\">Queste le possibilit\u00e0 di regalo:<\/p>\n<p style=\"font-size: 1.1em; text-align: justify;\"><em><strong>A. Ingresso al Giardino e visita in autonomia.<\/strong><\/em><br \/>\n&#8211; Durata = non meno di 60 minuti.<br \/>\nAll&#8217;ingresso verr\u00e0 dato un depliant con mappa del Giardino, con un percorso consigliato e alcune spiegazioni storiche-artistiche. Si potr\u00e0 visitare tutta l&#8217;area storica-artistica (il Giardino Allegorico), l&#8217;area botanica, e si potr\u00e0 accedere al labirinto solo fino dalla torretta centrale, con vista panoramica.<\/p>\n<p style=\"font-size: 1.1em; text-align: justify;\"><strong><em>B. Ingresso al Giardino in autonomia e percorribilit\u00e0 del percorso del labirinto.<\/em><\/strong><br \/>\n&#8211; Durata = non meno di 70\/90 minuti.<br \/>\nTutto come in &#8216;A.&#8217; e in aggiunta si potr\u00e0 entrare nel percorso del labirinto (solo in presenza del nostro personale di sorveglianza e previo accordo con la biglietteria sull&#8217;orario di accesso).<\/p>\n<p style=\"font-size: 1.1em; text-align: justify;\"><strong><em>C. Ingresso al Giardino e visita guidata &#8216;Standard&#8217;.<\/em><\/strong><br \/>\n&#8211; Durata = non meno di 75\/90 minuti.<br \/>\nTutto come in &#8216;A.&#8217; e in aggiunta il visitatore verr\u00e0 accompagnato alla scoperta del significato simbolico e allegorico del Giardino. La visita guidata &#8216;Standard&#8217; dura circa un&#8217;ora e pu\u00f2 essere fatta solo tutti i Sabati, le Domeniche ed i giorni festivi alle 11:00 e alle 15:00\/15:30\/16:00 (l&#8217;orario pomeridiano varia in base alla stagione). Prima dell&#8217;orario della visita guidata e\/o al termine della stessa, il visitatore potr\u00e0 passeggiare in autonomia in tutte le aree visitabili del Giardino.<\/p>\n<p style=\"font-size: 1.1em; text-align: justify;\"><strong><em>D. Ingresso al Giardino, percorribilit\u00e0 del labirinto e visita guidata &#8216;Standard&#8217;.<\/em><\/strong><br \/>\n&#8211; Durata = non meno di 120 minuti.<br \/>\nTutto come in &#8216;B.&#8217; e in aggiunta il visitatore verr\u00e0 accompagnato alla scoperta del significato simbolico e allegorico del Giardino. La visita guidata &#8216;Standard&#8217; dura circa un&#8217;ora e pu\u00f2 essere fatta solo tutti i Sabati, le Domeniche ed i giorni festivi alle 11:00 e alle 15:00\/15:30\/16:00 (l&#8217;orario pomeridiano varia in base alla stagione). Prima dell&#8217;orario della visita guidata e\/o al termine della stessa, il visitatore potr\u00e0 passeggiare in autonomia in tutte le aree visitabili del Giardino ed entrare nel percorso del labirinto (entrare nel percorso labirintico pu\u00f2 essere fatto solo in presenza del nostro personale di sorveglianza e previo accordo con la biglietteria sull&#8217;orario di accesso).<\/p>\n<p style=\"font-size: 1.5em; text-align: center;\">Per informazioni e richieste:<\/p>\n<p style=\"font-size: 1.6em; text-align: center;\"><em><strong>info@valsanzibiogiardino.com<\/strong><\/em><\/p>\n<p style=\"font-size: 1.6em; text-align: center;\"><strong>&#8212;&#8212;&#8212;&#8212;&#8211; O &#8212;&#8212;&#8212;&#8212;&#8211;<\/strong><\/p>\n<p style=\"font-size: 1.6em; text-align: center;\"><strong>INFINE VI segnaliamo&#8230;<\/strong><\/p>\n<p style=\"font-size: 2.6em; text-align: center;\"><a href=\"https:\/\/www.kickstarter.com\/projects\/1203174801\/giardino-di-valsanzibio\" target=\"_blank\" rel=\"noopener noreferrer\"><em><strong><span style=\"color: #475400;\">&#8216;VALSANZIBIO&#8217;<\/span><\/strong><\/em><\/a><\/p>\nngg_shortcode_5_placeholder\n<p style=\"font-size: 2.2em; text-align: center;\"><img decoding=\"async\" src=\"https:\/\/ksr-ugc.imgix.net\/assets\/017\/017\/241\/63f609366f6fec575d9d6ba8af80fecd_original.jpg?w=680&amp;fit=max&amp;v=1496933126&amp;auto=format&amp;q=92&amp;s=84e92847d9d457da48c22a523a0109c2\" alt=\"Preview of the book\"><\/p>\n<p style=\"font-size: 1.5em; text-align: justify;\">un opera scritta da <strong>Luigi Cerantola<\/strong> con fotografie di <strong>Renato D\u2019Agostin<\/strong>, giovane fotografo veneziano che ha gi\u00e0 esposto in prestigiose gallerie d\u2019arte internazionali, tra cui Venezia, New York, Parigi. Alcuni sui scatti realizzati nel Giardino di Valsanzibio appaiono anche sulla facciata <a style=\"font-weight: normal;\" href=\"https:\/\/www.valsanzibiogiardino.com\/ca-martinengo-2\/\" target=\"_blank\" rel=\"noopener noreferrer\">dell&#8217;antico Casino di caccia denominato <strong>C\u00e0 Martinengo <\/strong>(clicca sopra per conoscere Ca&#8217; Martinengo)<\/a>.<\/p>\n<p style=\"font-size: 1.5em; text-align: justify;\">Da VALSANZIBIO \u00e8 stato tratto il <strong><em>Codice di Valsanzibio<\/em><\/strong>, un libro realizzato secondo tecniche monastiche antiche e composto di 26 grandi pagine (cm. 23,5 x 32) esposte in sequenza. In quest&#8217;opera i 24 Sonetti del poeta <strong>Luigi Cerantola<\/strong>, che prendono avvio dal Sonetto \u201c<em>Curioso viator che in questa parte<\/em>\u201d inciso sulla gradinata che dal Giardino di Valsanzibio immette al Piazzale delle Rivelazioni in fronte a Villa Barbarigo Pizzoni Ardemani (<a href=\"https:\/\/www.valsanzibiogiardino.com\/portfolio-item\/steps-of-the-sonnet\/\" target=\"_blank\" rel=\"noopener noreferrer\">clicca La Scalinata del Sonetto<\/a>), sono calligrafati su carta giapponese e tutte le 26 pagine sono dipinte da <strong>Alessio Mancino<\/strong>.<\/p>\n<p style=\"font-size: 1.5em; text-align: justify;\">Il codice \u00e8 in linea alla tradizione classica (vedi le <em>Tr\u00e8s Riches Heuresdu Duc de Berry<\/em> del 1415 circa) che intendeva dar veste solenne e imperitura ad un testo calligrafandolo e miniandolo.<\/p>\n<p style=\"font-size: 1.6em; text-align: center;\"><strong>&#8212;&#8212;&#8212;&#8212;&#8211; O &#8212;&#8212;&#8212;&#8212;&#8211;<\/strong><\/p>\n<p style=\"font-size: 1.6em; text-align: justify;\"><strong>Tutte le attivit\u00e0 che si svolgono all\u2019interno del Giardino di Valsanzibio, se non specificato altrimenti, prevedono il regolare ingresso al giardino ed il pagamento del biglietto.<\/strong><\/p>\n<p style=\"font-size: 1.4em; text-align: justify;\">Per ulteriori info seguite gli aggiornamenti QUI alla voce &#8216;<strong>NEWS<\/strong>&#8216; o andate alla nostra pagina di <strong><a href=\"https:\/\/www.facebook.com\/Giardino-Barbarigo-Valsanzibio-1461052934142801\/\" target=\"_blank\" rel=\"noopener noreferrer\">Facebook: Giardino Barbarigo Valsanzibio<\/a><\/strong>.<\/p>\n<!-- AddThis Advanced Settings generic via filter on the_content --><!-- AddThis Share Buttons generic via filter on the_content -->","protected":false},"excerpt":{"rendered":"<p>SABATO 26 FEBBRAIO 2022 Giardino Monumentale di Valsanzibio Riapertura della stagione 2022 &#8212;&#8212;&#8212;&#8212;&#8211; O &#8212;&#8212;&#8212;&#8212;&#8211; Il Giardino Monumentale di Valsanzibio, perla artistico e botanica dei Colli Euganei, riapre al pubblico Sabato 26 Febbraio. Una riapertura emozionante, poich\u00e9 ci si appresta a vivere la primavera in Giardino dopo due anni in cui le cause ben note [&hellip;]<!-- AddThis Advanced Settings generic via filter on get_the_excerpt --><!-- AddThis Share Buttons generic via filter on get_the_excerpt --><\/p>\n","protected":false},"author":4,"featured_media":22286,"comment_status":"closed","ping_status":"closed","sticky":false,"template":"","format":"standard","meta":{"_monsterinsights_skip_tracking":false,"_monsterinsights_sitenote_active":false,"_monsterinsights_sitenote_note":"","_monsterinsights_sitenote_category":0,"ngg_post_thumbnail":0,"footnotes":""},"categories":[13,17],"tags":[],"class_list":["post-22291","post","type-post","status-publish","format-standard","has-post-thumbnail","hentry","category-eventi","category-news"],"yoast_head":"<!-- This site is optimized with the Yoast SEO plugin v27.3 - https:\/\/yoast.com\/product\/yoast-seo-wordpress\/ -->\n<title>Riapertura della stagione 2022 da Sabato 26 Febbraio - Giardino Storico di Valsanzibio | Villa Barbarigo Pizzoni Ardemani | Galzignano Terme, Padova<\/title>\n<meta name=\"robots\" content=\"index, follow, max-snippet:-1, max-image-preview:large, max-video-preview:-1\" \/>\n<link rel=\"canonical\" href=\"https:\/\/www.valsanzibiogiardino.com\/it\/riapertura-della-stagione-2022-da-sabato-26-febbraio\/\" \/>\n<meta name=\"twitter:label1\" content=\"Scritto da\" \/>\n\t<meta name=\"twitter:data1\" content=\"Staff\" \/>\n\t<meta name=\"twitter:label2\" content=\"Tempo di lettura stimato\" \/>\n\t<meta name=\"twitter:data2\" content=\"9 minuti\" \/>\n<script type=\"application\/ld+json\" class=\"yoast-schema-graph\">{\"@context\":\"https:\\\/\\\/schema.org\",\"@graph\":[{\"@type\":\"Article\",\"@id\":\"https:\\\/\\\/www.valsanzibiogiardino.com\\\/it\\\/riapertura-della-stagione-2022-da-sabato-26-febbraio\\\/#article\",\"isPartOf\":{\"@id\":\"https:\\\/\\\/www.valsanzibiogiardino.com\\\/it\\\/riapertura-della-stagione-2022-da-sabato-26-febbraio\\\/\"},\"author\":{\"name\":\"Staff\",\"@id\":\"https:\\\/\\\/www.valsanzibiogiardino.com\\\/it\\\/#\\\/schema\\\/person\\\/f6b11a7fbc16b7bd8b7dff8c277936bb\"},\"headline\":\"Riapertura della stagione 2022 da Sabato 26 Febbraio\",\"datePublished\":\"2022-02-24T20:34:34+00:00\",\"dateModified\":\"2022-02-24T21:38:45+00:00\",\"mainEntityOfPage\":{\"@id\":\"https:\\\/\\\/www.valsanzibiogiardino.com\\\/it\\\/riapertura-della-stagione-2022-da-sabato-26-febbraio\\\/\"},\"wordCount\":2009,\"image\":{\"@id\":\"https:\\\/\\\/www.valsanzibiogiardino.com\\\/it\\\/riapertura-della-stagione-2022-da-sabato-26-febbraio\\\/#primaryimage\"},\"thumbnailUrl\":\"https:\\\/\\\/www.valsanzibiogiardino.com\\\/wp-content\\\/uploads\\\/2022\\\/02\\\/PortaleConArcobaleno_4_081015_low.jpg\",\"articleSection\":[\"EVENTI\",\"NEWS\"],\"inLanguage\":\"it-IT\"},{\"@type\":\"WebPage\",\"@id\":\"https:\\\/\\\/www.valsanzibiogiardino.com\\\/it\\\/riapertura-della-stagione-2022-da-sabato-26-febbraio\\\/\",\"url\":\"https:\\\/\\\/www.valsanzibiogiardino.com\\\/it\\\/riapertura-della-stagione-2022-da-sabato-26-febbraio\\\/\",\"name\":\"Riapertura della stagione 2022 da Sabato 26 Febbraio - Giardino Storico di Valsanzibio | Villa Barbarigo Pizzoni Ardemani | Galzignano Terme, Padova\",\"isPartOf\":{\"@id\":\"https:\\\/\\\/www.valsanzibiogiardino.com\\\/it\\\/#website\"},\"primaryImageOfPage\":{\"@id\":\"https:\\\/\\\/www.valsanzibiogiardino.com\\\/it\\\/riapertura-della-stagione-2022-da-sabato-26-febbraio\\\/#primaryimage\"},\"image\":{\"@id\":\"https:\\\/\\\/www.valsanzibiogiardino.com\\\/it\\\/riapertura-della-stagione-2022-da-sabato-26-febbraio\\\/#primaryimage\"},\"thumbnailUrl\":\"https:\\\/\\\/www.valsanzibiogiardino.com\\\/wp-content\\\/uploads\\\/2022\\\/02\\\/PortaleConArcobaleno_4_081015_low.jpg\",\"datePublished\":\"2022-02-24T20:34:34+00:00\",\"dateModified\":\"2022-02-24T21:38:45+00:00\",\"author\":{\"@id\":\"https:\\\/\\\/www.valsanzibiogiardino.com\\\/it\\\/#\\\/schema\\\/person\\\/f6b11a7fbc16b7bd8b7dff8c277936bb\"},\"breadcrumb\":{\"@id\":\"https:\\\/\\\/www.valsanzibiogiardino.com\\\/it\\\/riapertura-della-stagione-2022-da-sabato-26-febbraio\\\/#breadcrumb\"},\"inLanguage\":\"it-IT\",\"potentialAction\":[{\"@type\":\"ReadAction\",\"target\":[\"https:\\\/\\\/www.valsanzibiogiardino.com\\\/it\\\/riapertura-della-stagione-2022-da-sabato-26-febbraio\\\/\"]}]},{\"@type\":\"ImageObject\",\"inLanguage\":\"it-IT\",\"@id\":\"https:\\\/\\\/www.valsanzibiogiardino.com\\\/it\\\/riapertura-della-stagione-2022-da-sabato-26-febbraio\\\/#primaryimage\",\"url\":\"https:\\\/\\\/www.valsanzibiogiardino.com\\\/wp-content\\\/uploads\\\/2022\\\/02\\\/PortaleConArcobaleno_4_081015_low.jpg\",\"contentUrl\":\"https:\\\/\\\/www.valsanzibiogiardino.com\\\/wp-content\\\/uploads\\\/2022\\\/02\\\/PortaleConArcobaleno_4_081015_low.jpg\",\"width\":1024,\"height\":698},{\"@type\":\"BreadcrumbList\",\"@id\":\"https:\\\/\\\/www.valsanzibiogiardino.com\\\/it\\\/riapertura-della-stagione-2022-da-sabato-26-febbraio\\\/#breadcrumb\",\"itemListElement\":[{\"@type\":\"ListItem\",\"position\":1,\"name\":\"Home\",\"item\":\"https:\\\/\\\/www.valsanzibiogiardino.com\\\/it\\\/\"},{\"@type\":\"ListItem\",\"position\":2,\"name\":\"Riapertura della stagione 2022 da Sabato 26 Febbraio\"}]},{\"@type\":\"WebSite\",\"@id\":\"https:\\\/\\\/www.valsanzibiogiardino.com\\\/it\\\/#website\",\"url\":\"https:\\\/\\\/www.valsanzibiogiardino.com\\\/it\\\/\",\"name\":\"Giardino Storico di Valsanzibio | Villa Barbarigo Pizzoni Ardemani | Galzignano Terme, Padova\",\"description\":\"Il Giardino Storico di Valsanzibio si trova a Galzignano Terme, in provincia di Padova, ed \u00e8 uno dei pi\u00f9 estesi ed integri giardini d\u2019Epoca mondiali.\",\"potentialAction\":[{\"@type\":\"SearchAction\",\"target\":{\"@type\":\"EntryPoint\",\"urlTemplate\":\"https:\\\/\\\/www.valsanzibiogiardino.com\\\/it\\\/?s={search_term_string}\"},\"query-input\":{\"@type\":\"PropertyValueSpecification\",\"valueRequired\":true,\"valueName\":\"search_term_string\"}}],\"inLanguage\":\"it-IT\"},{\"@type\":\"Person\",\"@id\":\"https:\\\/\\\/www.valsanzibiogiardino.com\\\/it\\\/#\\\/schema\\\/person\\\/f6b11a7fbc16b7bd8b7dff8c277936bb\",\"name\":\"Staff\",\"url\":\"https:\\\/\\\/www.valsanzibiogiardino.com\\\/it\\\/author\\\/staff\\\/\"}]}<\/script>\n<!-- \/ Yoast SEO plugin. -->","yoast_head_json":{"title":"Riapertura della stagione 2022 da Sabato 26 Febbraio - Giardino Storico di Valsanzibio | Villa Barbarigo Pizzoni Ardemani | Galzignano Terme, Padova","robots":{"index":"index","follow":"follow","max-snippet":"max-snippet:-1","max-image-preview":"max-image-preview:large","max-video-preview":"max-video-preview:-1"},"canonical":"https:\/\/www.valsanzibiogiardino.com\/it\/riapertura-della-stagione-2022-da-sabato-26-febbraio\/","twitter_misc":{"Scritto da":"Staff","Tempo di lettura stimato":"9 minuti"},"schema":{"@context":"https:\/\/schema.org","@graph":[{"@type":"Article","@id":"https:\/\/www.valsanzibiogiardino.com\/it\/riapertura-della-stagione-2022-da-sabato-26-febbraio\/#article","isPartOf":{"@id":"https:\/\/www.valsanzibiogiardino.com\/it\/riapertura-della-stagione-2022-da-sabato-26-febbraio\/"},"author":{"name":"Staff","@id":"https:\/\/www.valsanzibiogiardino.com\/it\/#\/schema\/person\/f6b11a7fbc16b7bd8b7dff8c277936bb"},"headline":"Riapertura della stagione 2022 da Sabato 26 Febbraio","datePublished":"2022-02-24T20:34:34+00:00","dateModified":"2022-02-24T21:38:45+00:00","mainEntityOfPage":{"@id":"https:\/\/www.valsanzibiogiardino.com\/it\/riapertura-della-stagione-2022-da-sabato-26-febbraio\/"},"wordCount":2009,"image":{"@id":"https:\/\/www.valsanzibiogiardino.com\/it\/riapertura-della-stagione-2022-da-sabato-26-febbraio\/#primaryimage"},"thumbnailUrl":"https:\/\/www.valsanzibiogiardino.com\/wp-content\/uploads\/2022\/02\/PortaleConArcobaleno_4_081015_low.jpg","articleSection":["EVENTI","NEWS"],"inLanguage":"it-IT"},{"@type":"WebPage","@id":"https:\/\/www.valsanzibiogiardino.com\/it\/riapertura-della-stagione-2022-da-sabato-26-febbraio\/","url":"https:\/\/www.valsanzibiogiardino.com\/it\/riapertura-della-stagione-2022-da-sabato-26-febbraio\/","name":"Riapertura della stagione 2022 da Sabato 26 Febbraio - Giardino Storico di Valsanzibio | Villa Barbarigo Pizzoni Ardemani | Galzignano Terme, Padova","isPartOf":{"@id":"https:\/\/www.valsanzibiogiardino.com\/it\/#website"},"primaryImageOfPage":{"@id":"https:\/\/www.valsanzibiogiardino.com\/it\/riapertura-della-stagione-2022-da-sabato-26-febbraio\/#primaryimage"},"image":{"@id":"https:\/\/www.valsanzibiogiardino.com\/it\/riapertura-della-stagione-2022-da-sabato-26-febbraio\/#primaryimage"},"thumbnailUrl":"https:\/\/www.valsanzibiogiardino.com\/wp-content\/uploads\/2022\/02\/PortaleConArcobaleno_4_081015_low.jpg","datePublished":"2022-02-24T20:34:34+00:00","dateModified":"2022-02-24T21:38:45+00:00","author":{"@id":"https:\/\/www.valsanzibiogiardino.com\/it\/#\/schema\/person\/f6b11a7fbc16b7bd8b7dff8c277936bb"},"breadcrumb":{"@id":"https:\/\/www.valsanzibiogiardino.com\/it\/riapertura-della-stagione-2022-da-sabato-26-febbraio\/#breadcrumb"},"inLanguage":"it-IT","potentialAction":[{"@type":"ReadAction","target":["https:\/\/www.valsanzibiogiardino.com\/it\/riapertura-della-stagione-2022-da-sabato-26-febbraio\/"]}]},{"@type":"ImageObject","inLanguage":"it-IT","@id":"https:\/\/www.valsanzibiogiardino.com\/it\/riapertura-della-stagione-2022-da-sabato-26-febbraio\/#primaryimage","url":"https:\/\/www.valsanzibiogiardino.com\/wp-content\/uploads\/2022\/02\/PortaleConArcobaleno_4_081015_low.jpg","contentUrl":"https:\/\/www.valsanzibiogiardino.com\/wp-content\/uploads\/2022\/02\/PortaleConArcobaleno_4_081015_low.jpg","width":1024,"height":698},{"@type":"BreadcrumbList","@id":"https:\/\/www.valsanzibiogiardino.com\/it\/riapertura-della-stagione-2022-da-sabato-26-febbraio\/#breadcrumb","itemListElement":[{"@type":"ListItem","position":1,"name":"Home","item":"https:\/\/www.valsanzibiogiardino.com\/it\/"},{"@type":"ListItem","position":2,"name":"Riapertura della stagione 2022 da Sabato 26 Febbraio"}]},{"@type":"WebSite","@id":"https:\/\/www.valsanzibiogiardino.com\/it\/#website","url":"https:\/\/www.valsanzibiogiardino.com\/it\/","name":"Giardino Storico di Valsanzibio | Villa Barbarigo Pizzoni Ardemani | Galzignano Terme, Padova","description":"Il Giardino Storico di Valsanzibio si trova a Galzignano Terme, in provincia di Padova, ed \u00e8 uno dei pi\u00f9 estesi ed integri giardini d\u2019Epoca mondiali.","potentialAction":[{"@type":"SearchAction","target":{"@type":"EntryPoint","urlTemplate":"https:\/\/www.valsanzibiogiardino.com\/it\/?s={search_term_string}"},"query-input":{"@type":"PropertyValueSpecification","valueRequired":true,"valueName":"search_term_string"}}],"inLanguage":"it-IT"},{"@type":"Person","@id":"https:\/\/www.valsanzibiogiardino.com\/it\/#\/schema\/person\/f6b11a7fbc16b7bd8b7dff8c277936bb","name":"Staff","url":"https:\/\/www.valsanzibiogiardino.com\/it\/author\/staff\/"}]}},"_links":{"self":[{"href":"https:\/\/www.valsanzibiogiardino.com\/it\/wp-json\/wp\/v2\/posts\/22291","targetHints":{"allow":["GET"]}}],"collection":[{"href":"https:\/\/www.valsanzibiogiardino.com\/it\/wp-json\/wp\/v2\/posts"}],"about":[{"href":"https:\/\/www.valsanzibiogiardino.com\/it\/wp-json\/wp\/v2\/types\/post"}],"author":[{"embeddable":true,"href":"https:\/\/www.valsanzibiogiardino.com\/it\/wp-json\/wp\/v2\/users\/4"}],"replies":[{"embeddable":true,"href":"https:\/\/www.valsanzibiogiardino.com\/it\/wp-json\/wp\/v2\/comments?post=22291"}],"version-history":[{"count":1,"href":"https:\/\/www.valsanzibiogiardino.com\/it\/wp-json\/wp\/v2\/posts\/22291\/revisions"}],"predecessor-version":[{"id":22292,"href":"https:\/\/www.valsanzibiogiardino.com\/it\/wp-json\/wp\/v2\/posts\/22291\/revisions\/22292"}],"wp:featuredmedia":[{"embeddable":true,"href":"https:\/\/www.valsanzibiogiardino.com\/it\/wp-json\/wp\/v2\/media\/22286"}],"wp:attachment":[{"href":"https:\/\/www.valsanzibiogiardino.com\/it\/wp-json\/wp\/v2\/media?parent=22291"}],"wp:term":[{"taxonomy":"category","embeddable":true,"href":"https:\/\/www.valsanzibiogiardino.com\/it\/wp-json\/wp\/v2\/categories?post=22291"},{"taxonomy":"post_tag","embeddable":true,"href":"https:\/\/www.valsanzibiogiardino.com\/it\/wp-json\/wp\/v2\/tags?post=22291"}],"curies":[{"name":"wp","href":"https:\/\/api.w.org\/{rel}","templated":true}]}}