{"id":22231,"date":"2021-12-13T21:05:18","date_gmt":"2021-12-13T20:05:18","guid":{"rendered":"https:\/\/www.valsanzibiogiardino.com\/?p=22231"},"modified":"2021-12-13T22:34:58","modified_gmt":"2021-12-13T21:34:58","slug":"buone-feste-e-un-sereno-2022","status":"publish","type":"post","link":"https:\/\/www.valsanzibiogiardino.com\/it\/buone-feste-e-un-sereno-2022\/","title":{"rendered":"Buone Feste e un sereno 2022"},"content":{"rendered":"<p style=\"font-size: 2.6em; text-align: center;\"><b><span style=\"color: green;\">Il Giardino Monumentale di Valsanzibio augura<\/span><\/b><\/p>\n<p style=\"font-size: 2.8em; text-align: center;\"><em><b><span style=\"color: red;\">Buone Feste e un sereno 2022<\/span><\/b><\/em><\/p>\nngg_shortcode_0_placeholder\n<p style=\"font-size: 1em; text-align: center;\"><em>Photo Credit: <\/em>IG@riscriverelastoria<\/p>\n<p style=\"font-size: 1.0em; text-align: center;\"><strong>&#8212;&#8212;&#8212;&#8212;&#8211; O &#8212;&#8212;&#8212;&#8212;&#8211;<\/strong><\/p>\n<p style=\"font-size: 1.8em; text-align: center;\"><b><span style=\"color: green;\">Vi auguriamo un nuovo anno pi\u00f9 sereno,<br \/>\nvicino a chi volete bene e dove<br \/>\ngioire della bellezza della vita.<\/span><\/b><\/p>\n<p style=\"font-size: 1.4em; text-align: justify;\">Il Giardino nel periodo invernale \u00e8 sempre visitabile, anche se il regolare servizio di biglietteria riapre solo <strong>Sabato 26 Febbraio 2022<\/strong>. Fino a quella data siamo visitabili solo su prenotazione o su chiamata&#8230;una volta al nostro cancello d\u2019entrata tra le 11:00 e fino alle 16:30\/17:00 (ultima possibilit\u00e0 d\u2019entrata 15:30) salvo brutto tempo (pioggia o neve) chiamate il <strong>+39\/340\/0825844<\/strong> e in pochi minuti il personale verr\u00e0 ad aprirVi per fare i biglietti d\u2019ingresso. La prenotazione non \u00e8 obbligatoria, ma, se possibile e per avere la certezza di potere visitarci, consigliamo di inviare almeno 24 ore prima un whatsup al <strong>+39\/335\/5634918<\/strong> o un email al <strong>info@valsanzibiogiardino.com<\/strong> indicando un nominativo, un numero di telefono dove poter essere ricontattati, circa il numero di persone in visita, il giorno della visita e circa l\u2019orario della visita.<\/p>\n<p style=\"font-size: 1.4em; text-align: justify;\">Passeggiare tra alberi secolari, distanziati e con le norme richieste potr\u00e0 essere una scelta salutare. Apprezzare la bellezza della Natura e dell&#8217;Arte diventi la vostra filosofia di vita, questo \u00e8 il nostro augurio, in linea con il messaggio del Giardino, concepito in un periodo storico che molto ricorda quello che stiamo vivendo. La vita \u00e8 complicata come il nostro labirinto, ma riserva momenti stupendi, inaspettati e nascosti, come ogni angolo del Giardino. Vi aspettiamo, nel frattempo stiamo organizzando appuntamenti dove potrete immergerVi nella gioia della Natura impreziosita dall&#8217;Arte. Grazie per averci scelto e per continuare a farci visita.<\/p>\n<p style=\"font-size: 1.4em; text-align: justify;\"><em>Avvisiamo i visitatori che nel periodo invernale il Giardino simbolico pu\u00f2 essere ammirato in tutta la sua bellezza, unica eccezione non possono essere funzionanti le fontane, che vengono chiuse in questi mesi al fine di tutelare il complesso idraulico del Bernini che potrebbe essere danneggiato in caso di gelate.<\/em><\/p>\n<p style=\"font-size: 1.6em; text-align: center;\"><strong><span style=\"color: green;\">VISITE DAL 13 DICEMBRE AL 22 DICEMBRE 2021<br \/>\nE DAL 10 GENNAIO AL 25 FEBBRAIO 2022<\/span><\/strong><\/p>\n<p style=\"font-size: 1.4em; text-align: justify;\">Da Luned\u00ec 13 Dicembre a Mercoled\u00ec 22 Dicembre 2021 e da Luned\u00ec 10 Gennaio a Venerd\u00ec 25 Febbraio 2022 la biglietteria del Giardino Monumentale di Valsanzibio sar\u00e0 chiusa ed il Giardino potr\u00e0 essere visitato SOLO su chiamata. Una volta al nostro cancello d\u2019entrata tra le 11:00 e fino alle 16:30 (ultima possibilit\u00e0 d\u2019entrata 15:00\/15:30) salvo brutto tempo (pioggia o neve) chiamate il <strong>+39\/340\/0825844<\/strong> e in pochi minuti il personale verr\u00e0 ad aprirVi per fare i biglietti d\u2019ingresso. La prenotazione non \u00e8 obbligatoria, ma, se possibile, consigliamo di inviare un whatsup al <strong>+39\/335\/5634918<\/strong> o un email al <strong>info@valsanzibiogiardino.com<\/strong> indicando un nominativo, circa il numero di persone in visita, il giorno della visita e circa l\u2019orario della visita.<\/p>\n<p style=\"font-size: 1.6em; text-align: center;\"><strong><span style=\"color: red;\">VISITE DAL 23 DICEMBRE 2021 AL 9 GENNAIO 2022<br \/>\nTUTTI I GIORNI SALVO IL GIORNO DI NATALE<\/span><\/strong><\/p>\n<p style=\"font-size: 1.4em; text-align: justify;\">Ad eccezione del giorno di Natale (25\/12\/21) in cui il Giardino rimarr\u00e0 chiuso, da Gioved\u00ec 23 Dicembre 2021 a Domenica 9 Gennaio 2022, la biglietteria del Giardino Monumentale di Valsanzibio sar\u00e0 aperta ed il Giardino sar\u00e0 visitabile dalle 11:00 alle 16:00\/16:30 (ultima possibilit\u00e0 d\u2019entrata 15:00\/15:30) salvo brutto tempo (pioggia o neve). La prenotazione non \u00e8 obbligatoria, ma, se possibile, consigliamo di inviare un whatsup al <strong>+39\/335\/5634918<\/strong> o un email al <strong>info@valsanzibiogiardino.com<\/strong> indicando un nominativo, circa il numero di persone in visita, il giorno della visita e circa l\u2019orario della visita.<\/p>\n<p style=\"font-size: 1.4em; text-align: center;\"><em><strong><span style=\"color: red;\">VISITE GUIDATE<\/span><\/strong><\/em><\/p>\n<p style=\"font-size: 1.4em; text-align: justify;\">Inoltre, da Gioved\u00ec 23 Dicembre 2021 a Domenica 9 Gennaio 2022, oltre alla possibilit\u00e0 di fare la visita in autonomia con la mappa consegnata all\u2019ingresso (mappe in varie lingue, con spiegazioni in italiano, inglese, tedesco, francese e russo, con un percorso consigliato e qualche informazione storica\/allegorica del giardino), su richiesta sar\u00e0 possibile alle 11:30 partecipare alla visita guidata \u2018Standard\u2019. Per l\u2019importanza storica, allegorica e botanica di questo luogo e per gli innumerevoli messaggi celati nell\u2019ideazione del giardino di Valsanzibio, le visite guidate sono caldamente consigliate, ma non obbligatorie ed hanno un costo extra sul biglietto d\u2019ingresso di \u20ac 5,00 a persona adulta (minori al seguito gratuiti).<br \/>\nSe volete partecipare alla visita guidata mandate un whatsup al <strong>+39\/335\/5634918<\/strong> o inviare una email all\u2019 <strong>info@valsanzibiogiardino.com<\/strong> indicando un nominativo, il giorno e l\u2019ora della visita e circa il numero di persone che vorrebbero partecipare alla visita guidata.<\/p>\n<p style=\"font-size: 1.4em; text-align: justify;\"><em>Vi ricordiamo il percorso simbolico, ispirato da San Gregorio Barbarigo e disegnato da Luigi Bernini, perfettamente conservato da oltre 350 anni e tale da rendere questo luogo unico al mondo, sar\u00e0 perfettamente leggibile anche se, a causa delle possibili gelate notturne, le fontane ed i giochi d\u2019acqua non potranno essere in funzione dopo la seconda met\u00e0 di Dicembre e fino alla fine di Febbraio. Buona parte del Giardino \u00e8 costituito da alberi ultra secolari sempre verdi, cos\u00ec come il labirinto in bossi secolari. Il tutto conferisce anche nei mesi invernali un fascino notevole a questo stupendo sito storico-artistico-botanico.<\/em><\/p>\n<p style=\"font-size: 1.4em; text-align: center;\"><strong>&#8212;&#8212;&#8212;&#8212;&#8211; O &#8212;&#8212;&#8212;&#8212;&#8211;<\/strong><\/p>\n<p style=\"font-size: 1.2em; text-align: justify;\"><strong>Per favore<\/strong>, fate molta attenzione al nostro regolamento <strong><a href=\"https:\/\/www.valsanzibiogiardino.com\/it\/regole-di-visita-e-considerazioni\/\" target=\"_blank\" rel=\"noopener noreferrer\">(cliccare QUI per consultare il REGOLAMENTO DEL GIARDINO)<\/a><\/strong> perch\u00e9 questo giardino del Seicento \u00e8 considerato, nel suo genere, uno dei pi\u00f9 importanti monumenti artistici a livello mondiale, ma, come tutte le opere d\u2019arte antiche, E\u2019 MOLTO DELICATO. In particolare modo chiediamo una speciale collaborazione ai genitori nel controllare i propri giovani facendo capire loro che questo non \u00e8 un parco gioco, ma un ambiente che non pu\u00f2 sostenere la loro normale e, in altre circostanze, bell\u2019esuberanza giovanile.<\/p>\n<p style=\"font-size: 1.4em; text-align: center;\"><strong>&#8212;&#8212;&#8212;&#8212;&#8211; O &#8212;&#8212;&#8212;&#8212;&#8211;<\/strong><\/p>\n<p style=\"font-size: 1.8em; text-align: center;\"><b><span style=\"color: red;\">IMPORTANTE<\/span><\/b><\/p>\n<p style=\"font-size: 1.2em; text-align: justify;\">La biglietteria e l\u2019accesso al Giardino Monumentale sono gestiti secondo le regole di sicurezza \u2018Covid 19\u2019.<\/p>\n<p style=\"font-size: 1.2em; text-align: justify;\">Secondo le precauzioni previste dal DPCM del 13 Ottobre, 18 Ottobre, 3 Novembre 2020, dall\u2019ultima Ordinanza del 12 novembre 2020 della Regione Veneto e dal DPCM attualmente in vigore, il Giardino non \u00e8 tenuto a richiedere il green pass o certificazione verde ai visitatori in quanto non rientra nelle categorie che devono invece farne richiesta, ma chi entra avr\u00e0 l\u2019obbligo:<\/p>\n<p style=\"font-size: 1.2em; text-align: justify;\">&#8211; di avere con se la mascherina protettiva naso\/bocca e di indossarla dove pu\u00f2 diventare difficile mantenere il distanziamento sociale (visita al labirinto, bagni\/Toilette, Antiche Scuderie, altro eventuale);<br \/>\n&#8211; di mantenere la distanza di sicurezza di minimo un metro con gli altri visitatori e assicurarvi che i minori rispettino le norme vigenti;<br \/>\n&#8211; di evitare qualsiasi tipo di assembramento in qualsiasi parte del Giardino.<\/p>\n<p style=\"font-size: 1.2em; text-align: justify;\">Per maggiori informazioni, consultare il seguente link:<\/p>\n<p style=\"text-align: center;\"><strong><a href=\"https:\/\/www.valsanzibiogiardino.com\/it\/regolamento-covid-19\/\" target=\"_blank\" rel=\"noopener noreferrer\"><span style=\"color: red;\"><em>REGOLAMENTO COVID 19<\/em><\/span><\/a><\/strong><\/p>\n<p style=\"font-size: 1.2em; text-align: justify;\">Le strutture del Giardino saranno sanificate pi\u00f9 volte al giorno e verranno messi a disposizione degli ospiti disinfettante a base di alcool per le mani. Inoltre, nel Giardino il personale di controllo verificher\u00e0 che tutte le regole siano osservate con la massima accortezza. Speriamo di vedervi presto. Meritiamo tutti una passeggiata di rinascita, una immersione nella gioia di vivere.<\/p>\n<p style=\"font-size: 2.2em; text-align: center;\"><em><b><span style=\"color: green;\">Camminare tra gli alberi<\/span><\/b><\/em><\/p>\n<p style=\"font-size: 2.2em; text-align: center;\"><em><b><span style=\"color: green;\">rende le persone migliori.<\/span><\/b><\/em><\/p>\n<p style=\"font-size: 2.2em; text-align: center;\"><em><b><span style=\"color: green;\">Le piante sono cibo e<\/span><\/b><\/em><\/p>\n<p style=\"font-size: 2.2em; text-align: center;\"><em><b><span style=\"color: green;\">medicina per l\u2019anima.<\/span><\/b><\/em><\/p>\nngg_shortcode_1_placeholder\n<p style=\"font-size: 1.8em; text-align: center;\"><strong>&#8212;&#8212;&#8212;&#8212;&#8211; O &#8212;&#8212;&#8212;&#8212;&#8211;<\/strong><\/p>\n<p style=\"font-size: 1.8em; text-align: center;\"><em><strong>Desiderate fare un regalo speciale<\/strong><\/em><\/p>\n<p style=\"font-size: 1.8em; text-align: center;\"><em><strong>a persone speciali?<\/strong><\/em><\/p>\n<p style=\"font-size: 2.0em; text-align: center;\"><b><span style=\"color: green;\"><strong>Regalate l\u2019ingresso al<\/strong><\/span><\/b><\/p>\n<p style=\"font-size: 2.0em; text-align: center;\"><b><span style=\"color: green;\"><strong>Giardino Monumentale di Valsanzibio.<\/strong><\/span><\/b><\/p>\n<p style=\"font-size: 1.5em; text-align: justify;\">Un dono gradito agli amanti dell\u2019 Arte e Natura e, al tempo stesso, Arte e Natura del Giardino ringraziano sentitamente del contributo.<\/p>\n<p style=\"font-size: 1.5em; text-align: justify;\">Sarete anche voi partecipi al mantenimento di un bene storico-artistico-botanico che visitatori da tutto il mondo apprezzano e ammirano.<\/p>\nngg_shortcode_2_placeholder\n<p style=\"font-size: 1.3em; text-align: center;\">Queste le possibilit\u00e0 di regalo:<\/p>\n<p style=\"font-size: 1.1em; text-align: justify;\"><em><strong>A. Ingresso al Giardino e visita in autonomia.<\/strong><\/em><br \/>\n&#8211; Durata = non meno di 60 minuti.<br \/>\nAll&#8217;ingresso verr\u00e0 dato un depliant con mappa del Giardino, con un percorso consigliato e alcune spiegazioni storiche-artistiche. Si potr\u00e0 visitare tutta l&#8217;area storica-artistica (il Giardino Allegorico), l&#8217;area botanica, e si potr\u00e0 accedere al labirinto solo fino dalla torretta centrale, con vista panoramica.<\/p>\n<p style=\"font-size: 1.1em; text-align: justify;\"><strong><em>B. Ingresso al Giardino in autonomia e percorribilit\u00e0 del percorso del labirinto.<\/em><\/strong><br \/>\n&#8211; Durata = non meno di 70\/90 minuti.<br \/>\nTutto come in &#8216;A.&#8217; e in aggiunta si potr\u00e0 entrare nel percorso del labirinto (solo in presenza del nostro personale di sorveglianza e previo accordo con la biglietteria sull&#8217;orario di accesso).<\/p>\n<p style=\"font-size: 1.1em; text-align: justify;\"><strong><em>C. Ingresso al Giardino e visita guidata &#8216;Standard&#8217;.<\/em><\/strong><br \/>\n&#8211; Durata = non meno di 75\/90 minuti.<br \/>\nTutto come in &#8216;A.&#8217; e in aggiunta il visitatore verr\u00e0 accompagnato alla scoperta del significato simbolico e allegorico del Giardino. La visita guidata &#8216;Standard&#8217; dura circa un&#8217;ora e pu\u00f2 essere fatta solo tutti i Sabati, le Domeniche ed i giorni festivi alle 11:00 e alle 15:00\/15:30\/16:00 (l&#8217;orario pomeridiano varia in base alla stagione). Prima dell&#8217;orario della visita guidata e\/o al termine della stessa, il visitatore potr\u00e0 passeggiare in autonomia in tutte le aree visitabili del Giardino.<\/p>\n<p style=\"font-size: 1.1em; text-align: justify;\"><strong><em>D. Ingresso al Giardino, percorribilit\u00e0 del labirinto e visita guidata &#8216;Standard&#8217;.<\/em><\/strong><br \/>\n&#8211; Durata = non meno di 120 minuti.<br \/>\nTutto come in &#8216;B.&#8217; e in aggiunta il visitatore verr\u00e0 accompagnato alla scoperta del significato simbolico e allegorico del Giardino. La visita guidata &#8216;Standard&#8217; dura circa un&#8217;ora e pu\u00f2 essere fatta solo tutti i Sabati, le Domeniche ed i giorni festivi alle 11:00 e alle 15:00\/15:30\/16:00 (l&#8217;orario pomeridiano varia in base alla stagione). Prima dell&#8217;orario della visita guidata e\/o al termine della stessa, il visitatore potr\u00e0 passeggiare in autonomia in tutte le aree visitabili del Giardino ed entrare nel percorso del labirinto (entrare nel percorso labirintico pu\u00f2 essere fatto solo in presenza del nostro personale di sorveglianza e previo accordo con la biglietteria sull&#8217;orario di accesso).<\/p>\n<p style=\"font-size: 1.5em; text-align: center;\">Per informazioni e richieste:<\/p>\n<p style=\"font-size: 1.6em; text-align: center;\"><em><strong>info@valsanzibiogiardino.com<\/strong><\/em><\/p>\n<p style=\"font-size: 1.6em; text-align: center;\"><strong>&#8212;&#8212;&#8212;&#8212;&#8211; O &#8212;&#8212;&#8212;&#8212;&#8211;<\/strong><\/p>\n<p style=\"font-size: 1.6em; text-align: center;\"><strong>INFINE VI segnaliamo&#8230;<\/strong><\/p>\n<p style=\"font-size: 2.6em; text-align: center;\"><a href=\"https:\/\/www.kickstarter.com\/projects\/1203174801\/giardino-di-valsanzibio\" target=\"_blank\" rel=\"noopener noreferrer\"><em><strong><span style=\"color: #475400;\">&#8216;VALSANZIBIO&#8217;<\/span><\/strong><\/em><\/a><\/p>\nngg_shortcode_3_placeholder\n<p style=\"font-size: 2.2em; text-align: center;\"><img decoding=\"async\" src=\"https:\/\/ksr-ugc.imgix.net\/assets\/017\/017\/241\/63f609366f6fec575d9d6ba8af80fecd_original.jpg?w=680&amp;fit=max&amp;v=1496933126&amp;auto=format&amp;q=92&amp;s=84e92847d9d457da48c22a523a0109c2\" alt=\"Preview of the book\"><\/p>\n<p style=\"font-size: 1.5em; text-align: justify;\">un opera scritta da <strong>Luigi Cerantola<\/strong> con fotografie di <strong>Renato D\u2019Agostin<\/strong>, giovane fotografo veneziano che ha gi\u00e0 esposto in prestigiose gallerie d\u2019arte internazionali, tra cui Venezia, New York, Parigi. Alcuni sui scatti realizzati nel Giardino di Valsanzibio appaiono anche sulla facciata <a style=\"font-weight: normal;\" href=\"https:\/\/www.valsanzibiogiardino.com\/ca-martinengo-2\/\" target=\"_blank\" rel=\"noopener noreferrer\">dell&#8217;antico Casino di caccia denominato <strong>C\u00e0 Martinengo <\/strong>(clicca sopra per conoscere Ca&#8217; Martinengo)<\/a>.<\/p>\n<p style=\"font-size: 1.5em; text-align: justify;\">Da VALSANZIBIO \u00e8 stato tratto il <strong><em>Codice di Valsanzibio<\/em><\/strong>, un libro realizzato secondo tecniche monastiche antiche e composto di 26 grandi pagine (cm. 23,5 x 32) esposte in sequenza. In quest&#8217;opera i 24 Sonetti del poeta <strong>Luigi Cerantola<\/strong>, che prendono avvio dal Sonetto \u201c<em>Curioso viator che in questa parte<\/em>\u201d inciso sulla gradinata che dal Giardino di Valsanzibio immette al Piazzale delle Rivelazioni in fronte a Villa Barbarigo Pizzoni Ardemani (<a href=\"https:\/\/www.valsanzibiogiardino.com\/portfolio-item\/steps-of-the-sonnet\/\" target=\"_blank\" rel=\"noopener noreferrer\">clicca La Scalinata del Sonetto<\/a>), sono calligrafati su carta giapponese e tutte le 26 pagine sono dipinte da <strong>Alessio Mancino<\/strong>.<\/p>\n<p style=\"font-size: 1.5em; text-align: justify;\">Il codice \u00e8 in linea alla tradizione classica (vedi le <em>Tr\u00e8s Riches Heuresdu Duc de Berry<\/em> del 1415 circa) che intendeva dar veste solenne e imperitura ad un testo calligrafandolo e miniandolo.<\/p>\n<p style=\"font-size: 1.6em; text-align: center;\"><strong>&#8212;&#8212;&#8212;&#8212;&#8211; O &#8212;&#8212;&#8212;&#8212;&#8211;<\/strong><\/p>\n<p style=\"font-size: 1.6em; text-align: justify;\"><strong>Tutte le attivit\u00e0 che si svolgono all\u2019interno del Giardino di Valsanzibio, se non specificato altrimenti, prevedono il regolare ingresso al giardino ed il pagamento del biglietto.<\/strong><\/p>\n<p style=\"font-size: 1.4em; text-align: justify;\">Per ulteriori info seguite gli aggiornamenti QUI alla voce &#8216;<strong>NEWS<\/strong>&#8216; o andate alla nostra pagina di <strong><a href=\"https:\/\/www.facebook.com\/Giardino-Barbarigo-Valsanzibio-1461052934142801\/\" target=\"_blank\" rel=\"noopener noreferrer\">Facebook: Giardino Barbarigo Valsanzibio<\/a><\/strong>.<\/p>\n<!-- AddThis Advanced Settings generic via filter on the_content --><!-- AddThis Share Buttons generic via filter on the_content -->","protected":false},"excerpt":{"rendered":"<p>Il Giardino Monumentale di Valsanzibio augura Buone Feste e un sereno 2022 Photo Credit: IG@riscriverelastoria &#8212;&#8212;&#8212;&#8212;&#8211; O &#8212;&#8212;&#8212;&#8212;&#8211; Vi auguriamo un nuovo anno pi\u00f9 sereno, vicino a chi volete bene e dove gioire della bellezza della vita. Il Giardino nel periodo invernale \u00e8 sempre visitabile, anche se il regolare servizio di biglietteria riapre solo Sabato [&hellip;]<!-- AddThis Advanced Settings generic via filter on get_the_excerpt --><!-- AddThis Share Buttons generic via filter on get_the_excerpt --><\/p>\n","protected":false},"author":4,"featured_media":22234,"comment_status":"closed","ping_status":"closed","sticky":false,"template":"","format":"standard","meta":{"_monsterinsights_skip_tracking":false,"_monsterinsights_sitenote_active":false,"_monsterinsights_sitenote_note":"","_monsterinsights_sitenote_category":0,"ngg_post_thumbnail":0,"footnotes":""},"categories":[13,17],"tags":[],"class_list":["post-22231","post","type-post","status-publish","format-standard","has-post-thumbnail","hentry","category-eventi","category-news"],"yoast_head":"<!-- This site is optimized with the Yoast SEO plugin v27.3 - https:\/\/yoast.com\/product\/yoast-seo-wordpress\/ -->\n<title>Buone Feste e un sereno 2022 - Giardino Storico di Valsanzibio | Villa Barbarigo Pizzoni Ardemani | Galzignano Terme, Padova<\/title>\n<meta name=\"robots\" content=\"index, follow, max-snippet:-1, max-image-preview:large, max-video-preview:-1\" \/>\n<link rel=\"canonical\" href=\"https:\/\/www.valsanzibiogiardino.com\/it\/buone-feste-e-un-sereno-2022\/\" \/>\n<meta name=\"twitter:label1\" content=\"Scritto da\" \/>\n\t<meta name=\"twitter:data1\" content=\"Staff\" \/>\n\t<meta name=\"twitter:label2\" content=\"Tempo di lettura stimato\" \/>\n\t<meta name=\"twitter:data2\" content=\"8 minuti\" \/>\n<script type=\"application\/ld+json\" class=\"yoast-schema-graph\">{\"@context\":\"https:\\\/\\\/schema.org\",\"@graph\":[{\"@type\":\"Article\",\"@id\":\"https:\\\/\\\/www.valsanzibiogiardino.com\\\/it\\\/buone-feste-e-un-sereno-2022\\\/#article\",\"isPartOf\":{\"@id\":\"https:\\\/\\\/www.valsanzibiogiardino.com\\\/it\\\/buone-feste-e-un-sereno-2022\\\/\"},\"author\":{\"name\":\"Staff\",\"@id\":\"https:\\\/\\\/www.valsanzibiogiardino.com\\\/it\\\/#\\\/schema\\\/person\\\/f6b11a7fbc16b7bd8b7dff8c277936bb\"},\"headline\":\"Buone Feste e un sereno 2022\",\"datePublished\":\"2021-12-13T20:05:18+00:00\",\"dateModified\":\"2021-12-13T21:34:58+00:00\",\"mainEntityOfPage\":{\"@id\":\"https:\\\/\\\/www.valsanzibiogiardino.com\\\/it\\\/buone-feste-e-un-sereno-2022\\\/\"},\"wordCount\":1806,\"image\":{\"@id\":\"https:\\\/\\\/www.valsanzibiogiardino.com\\\/it\\\/buone-feste-e-un-sereno-2022\\\/#primaryimage\"},\"thumbnailUrl\":\"https:\\\/\\\/www.valsanzibiogiardino.com\\\/wp-content\\\/uploads\\\/2021\\\/12\\\/AuguriNatale.jpg\",\"articleSection\":[\"EVENTI\",\"NEWS\"],\"inLanguage\":\"it-IT\"},{\"@type\":\"WebPage\",\"@id\":\"https:\\\/\\\/www.valsanzibiogiardino.com\\\/it\\\/buone-feste-e-un-sereno-2022\\\/\",\"url\":\"https:\\\/\\\/www.valsanzibiogiardino.com\\\/it\\\/buone-feste-e-un-sereno-2022\\\/\",\"name\":\"Buone Feste e un sereno 2022 - Giardino Storico di Valsanzibio | Villa Barbarigo Pizzoni Ardemani | Galzignano Terme, Padova\",\"isPartOf\":{\"@id\":\"https:\\\/\\\/www.valsanzibiogiardino.com\\\/it\\\/#website\"},\"primaryImageOfPage\":{\"@id\":\"https:\\\/\\\/www.valsanzibiogiardino.com\\\/it\\\/buone-feste-e-un-sereno-2022\\\/#primaryimage\"},\"image\":{\"@id\":\"https:\\\/\\\/www.valsanzibiogiardino.com\\\/it\\\/buone-feste-e-un-sereno-2022\\\/#primaryimage\"},\"thumbnailUrl\":\"https:\\\/\\\/www.valsanzibiogiardino.com\\\/wp-content\\\/uploads\\\/2021\\\/12\\\/AuguriNatale.jpg\",\"datePublished\":\"2021-12-13T20:05:18+00:00\",\"dateModified\":\"2021-12-13T21:34:58+00:00\",\"author\":{\"@id\":\"https:\\\/\\\/www.valsanzibiogiardino.com\\\/it\\\/#\\\/schema\\\/person\\\/f6b11a7fbc16b7bd8b7dff8c277936bb\"},\"breadcrumb\":{\"@id\":\"https:\\\/\\\/www.valsanzibiogiardino.com\\\/it\\\/buone-feste-e-un-sereno-2022\\\/#breadcrumb\"},\"inLanguage\":\"it-IT\",\"potentialAction\":[{\"@type\":\"ReadAction\",\"target\":[\"https:\\\/\\\/www.valsanzibiogiardino.com\\\/it\\\/buone-feste-e-un-sereno-2022\\\/\"]}]},{\"@type\":\"ImageObject\",\"inLanguage\":\"it-IT\",\"@id\":\"https:\\\/\\\/www.valsanzibiogiardino.com\\\/it\\\/buone-feste-e-un-sereno-2022\\\/#primaryimage\",\"url\":\"https:\\\/\\\/www.valsanzibiogiardino.com\\\/wp-content\\\/uploads\\\/2021\\\/12\\\/AuguriNatale.jpg\",\"contentUrl\":\"https:\\\/\\\/www.valsanzibiogiardino.com\\\/wp-content\\\/uploads\\\/2021\\\/12\\\/AuguriNatale.jpg\",\"width\":1934,\"height\":1447},{\"@type\":\"BreadcrumbList\",\"@id\":\"https:\\\/\\\/www.valsanzibiogiardino.com\\\/it\\\/buone-feste-e-un-sereno-2022\\\/#breadcrumb\",\"itemListElement\":[{\"@type\":\"ListItem\",\"position\":1,\"name\":\"Home\",\"item\":\"https:\\\/\\\/www.valsanzibiogiardino.com\\\/it\\\/\"},{\"@type\":\"ListItem\",\"position\":2,\"name\":\"Buone Feste e un sereno 2022\"}]},{\"@type\":\"WebSite\",\"@id\":\"https:\\\/\\\/www.valsanzibiogiardino.com\\\/it\\\/#website\",\"url\":\"https:\\\/\\\/www.valsanzibiogiardino.com\\\/it\\\/\",\"name\":\"Giardino Storico di Valsanzibio | Villa Barbarigo Pizzoni Ardemani | Galzignano Terme, Padova\",\"description\":\"Il Giardino Storico di Valsanzibio si trova a Galzignano Terme, in provincia di Padova, ed \u00e8 uno dei pi\u00f9 estesi ed integri giardini d\u2019Epoca mondiali.\",\"potentialAction\":[{\"@type\":\"SearchAction\",\"target\":{\"@type\":\"EntryPoint\",\"urlTemplate\":\"https:\\\/\\\/www.valsanzibiogiardino.com\\\/it\\\/?s={search_term_string}\"},\"query-input\":{\"@type\":\"PropertyValueSpecification\",\"valueRequired\":true,\"valueName\":\"search_term_string\"}}],\"inLanguage\":\"it-IT\"},{\"@type\":\"Person\",\"@id\":\"https:\\\/\\\/www.valsanzibiogiardino.com\\\/it\\\/#\\\/schema\\\/person\\\/f6b11a7fbc16b7bd8b7dff8c277936bb\",\"name\":\"Staff\",\"url\":\"https:\\\/\\\/www.valsanzibiogiardino.com\\\/it\\\/author\\\/staff\\\/\"}]}<\/script>\n<!-- \/ Yoast SEO plugin. -->","yoast_head_json":{"title":"Buone Feste e un sereno 2022 - Giardino Storico di Valsanzibio | Villa Barbarigo Pizzoni Ardemani | Galzignano Terme, Padova","robots":{"index":"index","follow":"follow","max-snippet":"max-snippet:-1","max-image-preview":"max-image-preview:large","max-video-preview":"max-video-preview:-1"},"canonical":"https:\/\/www.valsanzibiogiardino.com\/it\/buone-feste-e-un-sereno-2022\/","twitter_misc":{"Scritto da":"Staff","Tempo di lettura stimato":"8 minuti"},"schema":{"@context":"https:\/\/schema.org","@graph":[{"@type":"Article","@id":"https:\/\/www.valsanzibiogiardino.com\/it\/buone-feste-e-un-sereno-2022\/#article","isPartOf":{"@id":"https:\/\/www.valsanzibiogiardino.com\/it\/buone-feste-e-un-sereno-2022\/"},"author":{"name":"Staff","@id":"https:\/\/www.valsanzibiogiardino.com\/it\/#\/schema\/person\/f6b11a7fbc16b7bd8b7dff8c277936bb"},"headline":"Buone Feste e un sereno 2022","datePublished":"2021-12-13T20:05:18+00:00","dateModified":"2021-12-13T21:34:58+00:00","mainEntityOfPage":{"@id":"https:\/\/www.valsanzibiogiardino.com\/it\/buone-feste-e-un-sereno-2022\/"},"wordCount":1806,"image":{"@id":"https:\/\/www.valsanzibiogiardino.com\/it\/buone-feste-e-un-sereno-2022\/#primaryimage"},"thumbnailUrl":"https:\/\/www.valsanzibiogiardino.com\/wp-content\/uploads\/2021\/12\/AuguriNatale.jpg","articleSection":["EVENTI","NEWS"],"inLanguage":"it-IT"},{"@type":"WebPage","@id":"https:\/\/www.valsanzibiogiardino.com\/it\/buone-feste-e-un-sereno-2022\/","url":"https:\/\/www.valsanzibiogiardino.com\/it\/buone-feste-e-un-sereno-2022\/","name":"Buone Feste e un sereno 2022 - Giardino Storico di Valsanzibio | Villa Barbarigo Pizzoni Ardemani | Galzignano Terme, Padova","isPartOf":{"@id":"https:\/\/www.valsanzibiogiardino.com\/it\/#website"},"primaryImageOfPage":{"@id":"https:\/\/www.valsanzibiogiardino.com\/it\/buone-feste-e-un-sereno-2022\/#primaryimage"},"image":{"@id":"https:\/\/www.valsanzibiogiardino.com\/it\/buone-feste-e-un-sereno-2022\/#primaryimage"},"thumbnailUrl":"https:\/\/www.valsanzibiogiardino.com\/wp-content\/uploads\/2021\/12\/AuguriNatale.jpg","datePublished":"2021-12-13T20:05:18+00:00","dateModified":"2021-12-13T21:34:58+00:00","author":{"@id":"https:\/\/www.valsanzibiogiardino.com\/it\/#\/schema\/person\/f6b11a7fbc16b7bd8b7dff8c277936bb"},"breadcrumb":{"@id":"https:\/\/www.valsanzibiogiardino.com\/it\/buone-feste-e-un-sereno-2022\/#breadcrumb"},"inLanguage":"it-IT","potentialAction":[{"@type":"ReadAction","target":["https:\/\/www.valsanzibiogiardino.com\/it\/buone-feste-e-un-sereno-2022\/"]}]},{"@type":"ImageObject","inLanguage":"it-IT","@id":"https:\/\/www.valsanzibiogiardino.com\/it\/buone-feste-e-un-sereno-2022\/#primaryimage","url":"https:\/\/www.valsanzibiogiardino.com\/wp-content\/uploads\/2021\/12\/AuguriNatale.jpg","contentUrl":"https:\/\/www.valsanzibiogiardino.com\/wp-content\/uploads\/2021\/12\/AuguriNatale.jpg","width":1934,"height":1447},{"@type":"BreadcrumbList","@id":"https:\/\/www.valsanzibiogiardino.com\/it\/buone-feste-e-un-sereno-2022\/#breadcrumb","itemListElement":[{"@type":"ListItem","position":1,"name":"Home","item":"https:\/\/www.valsanzibiogiardino.com\/it\/"},{"@type":"ListItem","position":2,"name":"Buone Feste e un sereno 2022"}]},{"@type":"WebSite","@id":"https:\/\/www.valsanzibiogiardino.com\/it\/#website","url":"https:\/\/www.valsanzibiogiardino.com\/it\/","name":"Giardino Storico di Valsanzibio | Villa Barbarigo Pizzoni Ardemani | Galzignano Terme, Padova","description":"Il Giardino Storico di Valsanzibio si trova a Galzignano Terme, in provincia di Padova, ed \u00e8 uno dei pi\u00f9 estesi ed integri giardini d\u2019Epoca mondiali.","potentialAction":[{"@type":"SearchAction","target":{"@type":"EntryPoint","urlTemplate":"https:\/\/www.valsanzibiogiardino.com\/it\/?s={search_term_string}"},"query-input":{"@type":"PropertyValueSpecification","valueRequired":true,"valueName":"search_term_string"}}],"inLanguage":"it-IT"},{"@type":"Person","@id":"https:\/\/www.valsanzibiogiardino.com\/it\/#\/schema\/person\/f6b11a7fbc16b7bd8b7dff8c277936bb","name":"Staff","url":"https:\/\/www.valsanzibiogiardino.com\/it\/author\/staff\/"}]}},"_links":{"self":[{"href":"https:\/\/www.valsanzibiogiardino.com\/it\/wp-json\/wp\/v2\/posts\/22231","targetHints":{"allow":["GET"]}}],"collection":[{"href":"https:\/\/www.valsanzibiogiardino.com\/it\/wp-json\/wp\/v2\/posts"}],"about":[{"href":"https:\/\/www.valsanzibiogiardino.com\/it\/wp-json\/wp\/v2\/types\/post"}],"author":[{"embeddable":true,"href":"https:\/\/www.valsanzibiogiardino.com\/it\/wp-json\/wp\/v2\/users\/4"}],"replies":[{"embeddable":true,"href":"https:\/\/www.valsanzibiogiardino.com\/it\/wp-json\/wp\/v2\/comments?post=22231"}],"version-history":[{"count":4,"href":"https:\/\/www.valsanzibiogiardino.com\/it\/wp-json\/wp\/v2\/posts\/22231\/revisions"}],"predecessor-version":[{"id":22242,"href":"https:\/\/www.valsanzibiogiardino.com\/it\/wp-json\/wp\/v2\/posts\/22231\/revisions\/22242"}],"wp:featuredmedia":[{"embeddable":true,"href":"https:\/\/www.valsanzibiogiardino.com\/it\/wp-json\/wp\/v2\/media\/22234"}],"wp:attachment":[{"href":"https:\/\/www.valsanzibiogiardino.com\/it\/wp-json\/wp\/v2\/media?parent=22231"}],"wp:term":[{"taxonomy":"category","embeddable":true,"href":"https:\/\/www.valsanzibiogiardino.com\/it\/wp-json\/wp\/v2\/categories?post=22231"},{"taxonomy":"post_tag","embeddable":true,"href":"https:\/\/www.valsanzibiogiardino.com\/it\/wp-json\/wp\/v2\/tags?post=22231"}],"curies":[{"name":"wp","href":"https:\/\/api.w.org\/{rel}","templated":true}]}}