{"id":22174,"date":"2021-07-21T09:20:07","date_gmt":"2021-07-21T07:20:07","guid":{"rendered":"https:\/\/www.valsanzibiogiardino.com\/agosto-in-giardino\/"},"modified":"2021-08-15T16:20:56","modified_gmt":"2021-08-15T14:20:56","slug":"agosto-in-giardino","status":"publish","type":"post","link":"https:\/\/www.valsanzibiogiardino.com\/it\/agosto-in-giardino\/","title":{"rendered":"Agosto in Giardino"},"content":{"rendered":"<p style=\"font-size: 2.9em; text-align: center;\"><b><span style=\"color: black;\">Agosto nel<\/span><\/b><\/p>\n<p style=\"font-size: 3.1em; text-align: center;\"><em><b><span style=\"color: green;\">Giardino Monumentale<\/span><\/b><\/em><\/p>\n<p style=\"font-size: 3.6em; text-align: center;\"><em><b><span style=\"color: green;\">di Valsanzibio<\/span><\/b><\/em><\/p>\nngg_shortcode_0_placeholder\n<p style=\"font-size: 1.4em; text-align: justify;\">Desiderate un agosto tra alberi secolari, viali ombrosi, estesi prati verdi circondati dalla vista dei Colli Euganei, e ancora sculture, fontane e scherzi d\u2019acqua?<\/p>\n<p style=\"font-size: 1.5em; text-align: center;\"><strong>Il Giardino di Valsanzibio \u00e8 aperto<\/strong><br \/>\n<strong>tutti i giorni dalle 10:00 alle 19:00.<\/strong><\/p>\n<p style=\"font-size: 1.4em; text-align: justify;\">Si visitano 12 ettari totalmente all\u2019aria aperta, per questo la prenotazione ed il green pass non sono necessari.<\/p>\n<p style=\"font-size: 1.4em; text-align: justify;\">Oltre alla visita nell\u2019area storico\/allegorico di circa 9 ettari, dove visiterete il Giardino barocco ricco di simbologia, in autonomia o con visita guidata nei fine settimana e festivi, area dove si trova anche il famoso labirinto in bosso, potrete fermarvi nell\u2019area di circa 3 ettari (il Giardino Botanico\/Area Relax) a disposizione dei visitatori tra alberi secolari da tutto il mondo, dove ci si pu\u00f2 rilassare, leggere, fare il picnic.<\/p>\n<p style=\"font-size: 1.4em; text-align: justify;\">Presso le Scuderie c\u2019\u00e8 un chiosco per pranzi veloci, aperitivi, gelati artigianali, sempre all\u2019ombra di alberi secolari.<\/p>\n<p style=\"font-size: 1.4em; text-align: justify;\">Nel mese di Agosto, dal 3 al 29 Agosto, presso le Scuderie del Giardino, ci sar\u00e0 la mostra <strong>\u201cGiardini dipinti\u201d<\/strong>, l\u2019esposizione di quadri dell\u2019artista toscana <strong>Martina Guasti<\/strong>, che per la prima volta espone 21 opere in olio su tela rappresentanti Giardini. Una artista ancora giovane ma che dimostra una gran capacit\u00e0 di rappresentare con talento la bellezza dei Giardini italiani.<\/p>\n<p style=\"font-size: 1.4em; text-align: justify;\">Come abbiamo visto le sue opere, abbiamo pensato fosse un piacere farla conoscere ai nostri visitatori.<\/p>\n<p style=\"font-size: 1.4em; text-align: center;\"><em><a href=\"https:\/\/www.martinaguasti.com\/\" target=\"_blank\" rel=\"noopener noreferrer\"><strong>Martinaguasti.com<\/strong><\/a><\/em><\/p>\n<p style=\"font-size: 1.6em; text-align: center;\"><strong>Domenica 15 Agosto<br \/>\nperformance live dell\u2019artista in Giardino.<\/strong><\/p>\n<p style=\"font-size: 1.4em; text-align: justify;\">Domenica 15 Agosto Martina Guasti sar\u00e0 in Giardino per raccontare le sue opere e per crearne una dal vivo.&nbsp; Un Ferragosto in Giardino, dove ammirare arte barocca e arte live, natura viva e natura dipinta, immergersi nella bellezza a 360 gradi<br \/>\nall\u2019ombra dei meravigliosi alberi secolari.<\/p>\n<p style=\"font-size: 1.4em; text-align: center;\"><em><strong>La mostra \u201cGiardini dipinti\u201d \u00e8<\/strong><\/em><br \/>\n<em><strong>a favore della salvaguardia del<\/strong><\/em><br \/>\n<em><strong>bosso secolare del Giardino,<\/strong><\/em><\/p>\n<p style=\"font-size: 1.4em; text-align: justify;\">duramente attaccato dalla piralide del bosso (<em>Cydalima perspectalis<\/em>). Un vero flagello naturale arrivato in Europa (Germania) nel 2008 con una pianta infetta dalla Cina. Dal 2013 questo lepidottero \u00e8 anche a Valsanzibio e da allora il Giardino sta contrastando con giardinieri all\u2019opera giorno e notte, per ridurre il numero di farfalle, bruchi e crisalidi nella maniera pi\u00f9 ecologica possibile.<\/p>\n<p style=\"font-size: 1.4em; text-align: justify;\"><em><strong>Parte del ricavato della vendita dei quadri esposti in mostra e delle stampe dei quadri dell&#8217;artista Martina Guasti sar\u00e0 devoluto alla cura dei bossi secolari del Giardino.<\/strong><\/em><\/p>\n<p style=\"font-size: 1.4em; text-align: justify;\">A Valsanzibio c&#8217;\u00e8 la pi\u00f9 alta concentrazione al mondo di bossi, oltre 60.000 metri quadri, ed oltre il 60% dei bossi del giardino sono quelli originali&#8230;et\u00e0 stimata tra i 390 e 410 anni!&nbsp; Pareti di bosso alte fino a 5 metri sono un&#8217;altra unicit\u00e0 di Valsanzibio come il suo labirinto in bosso secolare considerato il pi\u00f9 antico labirinto di piante al mondo ed il meglio conservato.<\/p>\nngg_shortcode_1_placeholder\n<p style=\"font-size: 1.4em; text-align: justify;\">Un patrimonio inestimabile che necessita di giardinieri dedicati che monitorano costantemente lo stato di salute e intervengono manualmente per eliminare parassiti, bruchi, crisalidi e farfalle nocive.<\/p>\n<p style=\"font-size: 1.4em; text-align: justify;\">Un grande sforzo economico in un momento storico gi\u00e0 difficile.<\/p>\n<p style=\"font-size: 1.4em; text-align: center;\"><strong><em>Grazie all\u2019 artista Martina Guasti<\/em><\/strong><br \/>\n<strong><em>Grazie all&#8217;arte che aiuta l&#8217;arte<\/em><\/strong><\/p>\n<p style=\"font-size: 1.4em; text-align: justify;\">Il Giardino di Valsanzibio da alcuni anni si trova ad affrontare questa durissima battaglia, ossia l\u2019attacco della piralide del bosso (<em>Cydalima perspectalis<\/em>), un lepidottero proveniente dall\u2019Asia, estremamente aggressivo e che nella fase larvale si ciba esclusivamente delle foglie del bosso.<br \/>\nA livello europeo, in Francia, Austria, Germania, sono gi\u00e0 stati distrutti parchi storici, come han raccontato i turisti, che si sorprendono vedendo come qui il bosso gode di ottima salute e fanno molti complimenti.<br \/>\nA Valsanzibio per ora la battaglia \u00e8 stata vinta, ma con estrema difficolt\u00e0. Infatti, gran parte degli insetti nocivi vengono eliminati a mano, ad uno ad uno, anche a migliaia, ma la difficolt\u00e0 \u00e8 veramente ciclopica.<\/p>\n<p style=\"font-size: 1.1em; text-align: center;\"><strong>&#8212;&#8212;&#8212;&#8212;&#8211; O &#8212;&#8212;&#8212;&#8212;&#8211;<\/strong><\/p>\n<p style=\"font-size: 2.8em; text-align: center;\"><em><b><span style=\"color: green;\">Buona estate a tutti!<\/span><\/b><\/em><\/p>\n<p style=\"font-size: 2.9em; text-align: center;\"><b><span style=\"color: red;\">Vi aspettiamo!<\/span><\/b><\/p>\n<p style=\"font-size: 2.9em; text-align: center;\"><em><b><span style=\"color: green;\">Ossigeno, natura, libert\u00e0.<\/span><\/b><\/em><\/p>\n<p style=\"font-size: 2.6em; text-align: center;\"><b><span style=\"color: blue;\">Benvenuti in Paradiso terrestre!<\/span><\/b><\/p>\n<p style=\"font-size: 1.6em; text-align: center;\"><em><b><span style=\"color: green;\">Oltre alla visita al Giardino potrete<br \/>\nrilassarvi nell\u2019area botanica, tra alberi secolari<\/span><\/b><\/em><\/p>\n<p style=\"font-size: 1.6em; text-align: center;\"><b><span style=\"color: blue;\">Il chiosco \u00e8 a disposizione per pic nic sull\u2019erba<\/span><\/b><\/p>\n<p style=\"font-size: 1.6em; text-align: center;\"><em><b><span style=\"color: red;\"><strong>Visite guidate alla scoperta del simbolismo<br \/>\ndel Giardino su prenotazione<\/strong><\/span><\/b><\/em><\/p>\n<p style=\"font-size: 1.6em; text-align: center;\"><strong>Biglietti acquistabili in loco o on line<\/strong><\/p>\n<p style=\"font-size: 1.4em; text-align: center;\"><strong>Per informazioni chiamare il:<\/strong><\/p>\n<p style=\"font-size: 1.6em; text-align: center;\"><strong>+39\/340\/0825844<\/strong><\/p>\n<p style=\"font-size: 1.4em; text-align: center;\"><strong>Per visite di gruppo e\/o visite guidate<br \/>\nla prenotazione \u00e8 caldamente consigliata:<\/strong><\/p>\n<p style=\"font-size: 1.6em; text-align: center;\">via whatsapp al<strong> +39\/335\/5634918<\/strong><br \/>\no via email all&#8217; <strong>info@valsanzibiogiardino.com<\/strong><\/p>\n<p style=\"font-size: 1.4em; text-align: center;\"><strong>&#8212;&#8212;&#8212;&#8212;&#8211; O &#8212;&#8212;&#8212;&#8212;&#8211;<\/strong><\/p>\n<p style=\"font-size: 1.2em; text-align: justify;\">Ingresso al Giardino: \u20ac 11,0 ad adulto e \u20ac 6,5 a minore (dai 2 ai 14 anni compiuti)<\/p>\n<p style=\"font-size: 1.2em; text-align: justify;\">Extra &#8211; ingresso al percorso labirintico: \u20ac 4,0 ad adulto (minori dai 2 ai 14 anni gratuiti, ma accompagnati)<\/p>\n<p style=\"font-size: 1.2em; text-align: justify;\">Extra &#8211; <strong>visita guidata \u2018Standard\u2019 facoltativa ogni Sabato, Domenica o giorno festivo alle 11:00 e alle 15:00 o 15:30 o 16:00\/16:30 (l&#8217;orario pomeridiano dipende dalla stagione &#8211; fine Maggio e Giugno alle 16:00\/16:30)<\/strong>: \u20ac 5,0 ad adulto (minori dai 2 ai 14 anni gratuiti)<\/p>\n<p style=\"font-size: 1.2em; text-align: justify;\">Le visite guidate \u2018Standard\u2019 organizzate da noi hanno una durata di 60\/70 minuti e sono consigliate per l\u2019alta simbologia e le innumerevoli allegorie di questo importante giardino, ma non sono obbligatorie ed hanno un costo extra di 5,0 \u20ac a persona adulta (ragazzi\/bambini gratuiti). <strong>Se volete partecipare<\/strong> a queste visite guidate <strong>mandate<\/strong> un whatsup al <strong>+39\/335\/5634918<\/strong> o inviate una email all\u2019 <strong>info@valsanzibiogiardino.com<\/strong> indicando un nominativo, il giorno della visita, l&#8217;orario e circa il numero di persone che vorrebbero partecipare alla visita guidata.<\/p>\n<p style=\"font-size: 1.4em; text-align: center;\"><strong>&#8212;&#8212;&#8212;&#8212;&#8211; O &#8212;&#8212;&#8212;&#8212;&#8211;<\/strong><\/p>\n<p style=\"font-size: 1.2em; text-align: justify;\"><strong>Per favore<\/strong>, fate molta attenzione al nostro regolamento <strong><a href=\"https:\/\/www.valsanzibiogiardino.com\/it\/regole-di-visita-e-considerazioni\/\" target=\"_blank\" rel=\"noopener noreferrer\">(cliccare QUI per consultare il REGOLAMENTO DEL GIARDINO)<\/a><\/strong> perch\u00e9 questo giardino del Seicento \u00e8 considerato, nel suo genere, uno dei pi\u00f9 importanti monumenti artistici a livello mondiale, ma, come tutte le opere d\u2019arte antiche, E\u2019 MOLTO DELICATO. In particolare modo chiediamo una speciale collaborazione ai genitori nel controllare i propri giovani facendo capire loro che questo non \u00e8 un parco gioco, ma un ambiente che non pu\u00f2 sostenere la loro normale e, in altre circostanze, bell\u2019esuberanza giovanile.<\/p>\n<p style=\"font-size: 1.4em; text-align: center;\"><strong>&#8212;&#8212;&#8212;&#8212;&#8211; O &#8212;&#8212;&#8212;&#8212;&#8211;<\/strong><\/p>\n<p style=\"font-size: 1.8em; text-align: center;\"><b><span style=\"color: red;\">IMPORTANTE<\/span><\/b><\/p>\n<p style=\"font-size: 1.2em; text-align: justify;\">Il Giardino di Valsanzibio, di seguito a quanto stabilito dagli attuali DPCM, rimane aperto, nel totale rispetto delle norme per il contrasto ed il contenimento del diffondersi del virus Covid 19.<\/p>\n<p style=\"font-size: 1.2em; text-align: justify;\">Secondo le precauzioni previste dal DPCM del 13 Ottobre, 18 Ottobre, 3 Novembre 2020, dall\u2019ultima Ordinanza del 12 novembre 2020 della Regione Veneto e dal DPCM attualmente in vigore (DECRETO-LEGGE 23 luglio 2021 n. 105), il Giardino non \u00e8 tenuto a richiedere il green pass o certificazione verde ai visitatori in quanto non rientra nelle categorie che devono invece farne richiesta, ma chi entra avr\u00e0 l\u2019obbligo:<\/p>\n<p style=\"font-size: 1.2em; text-align: justify;\">&#8211; dell\u2019uso della mascherina protettiva naso\/bocca;<br \/>\n&#8211; l\u2019obbligo di mantenere la distanza di sicurezza di minimo un metro con gli altri visitatori e assicurarvi che i minori rispettino le norme vigenti;<br \/>\n&#8211; il divieto di assembramento in tutte le aree del Giardino.<\/p>\n<p style=\"font-size: 1.2em; text-align: justify;\">Per maggiori informazioni, consultare:<\/p>\n<p style=\"text-align: center;\"><strong><a href=\"https:\/\/www.valsanzibiogiardino.com\/it\/regolamento-covid-19\/\" target=\"_blank\" rel=\"noopener noreferrer\"><span style=\"color: red;\"><em>REGOLAMENTO COVID 19<\/em><\/span><\/a><\/strong><\/p>\n<p style=\"font-size: 1.2em; text-align: justify;\">Le strutture del Giardino saranno sanificate pi\u00f9 volte al giorno e verranno messi a disposizione degli ospiti disinfettante a base di alcool per le mani. Inoltre, nel Giardino il personale di controllo verificher\u00e0 che tutte le regole siano osservate con la massima accortezza. Speriamo di vedervi presto. Meritiamo tutti una passeggiata di rinascita, una immersione nella gioia di vivere.<\/p>\n<p style=\"font-size: 2.2em; text-align: center;\"><em><b><span style=\"color: green;\">Camminare tra gli alberi<\/span><\/b><\/em><\/p>\n<p style=\"font-size: 2.2em; text-align: center;\"><em><b><span style=\"color: green;\">rende le persone migliori.<\/span><\/b><\/em><\/p>\n<p style=\"font-size: 2.2em; text-align: center;\"><em><b><span style=\"color: green;\">Le piante sono cibo e<\/span><\/b><\/em><\/p>\n<p style=\"font-size: 2.2em; text-align: center;\"><em><b><span style=\"color: green;\">medicina per l\u2019anima.<\/span><\/b><\/em><\/p>\nngg_shortcode_2_placeholder\n<p style=\"font-size: 1.8em; text-align: center;\"><strong>&#8212;&#8212;&#8212;&#8212;&#8211; O &#8212;&#8212;&#8212;&#8212;&#8211;<\/strong><\/p>\n<p style=\"font-size: 1.8em; text-align: center;\"><em><strong>Desiderate fare un regalo speciale<\/strong><\/em><\/p>\n<p style=\"font-size: 1.8em; text-align: center;\"><em><strong>a persone speciali?<\/strong><\/em><\/p>\n<p style=\"font-size: 2.0em; text-align: center;\"><b><span style=\"color: green;\"><strong>Regalate l\u2019ingresso al<\/strong><\/span><\/b><\/p>\n<p style=\"font-size: 2.0em; text-align: center;\"><b><span style=\"color: green;\"><strong>Giardino Monumentale di Valsanzibio.<\/strong><\/span><\/b><\/p>\n<p style=\"font-size: 1.5em; text-align: justify;\">Un dono gradito agli amanti dell\u2019 Arte e Natura e, al tempo stesso, Arte e Natura del Giardino ringraziano sentitamente del contributo.<\/p>\n<p style=\"font-size: 1.5em; text-align: justify;\">Sarete anche voi partecipi al mantenimento di un bene storico-artistico-botanico che visitatori da tutto il mondo apprezzano e ammirano.<\/p>\nngg_shortcode_3_placeholder\n<p style=\"font-size: 1.3em; text-align: center;\">Queste le possibilit\u00e0 di regalo:<\/p>\n<p style=\"font-size: 1.1em; text-align: justify;\"><em><strong>A. Ingresso al Giardino e visita in autonomia.<\/strong><\/em><br \/>\n&#8211; Durata = non meno di 60 minuti.<br \/>\nAll&#8217;ingresso verr\u00e0 dato un depliant con mappa del Giardino, con un percorso consigliato e alcune spiegazioni storiche-artistiche. Si potr\u00e0 visitare tutta l&#8217;area storica-artistica (il Giardino Allegorico), l&#8217;area botanica, e si potr\u00e0 accedere al labirinto solo fino dalla torretta centrale, con vista panoramica.<\/p>\n<p style=\"font-size: 1.1em; text-align: justify;\"><strong><em>B. Ingresso al Giardino in autonomia e percorribilit\u00e0 del percorso del labirinto.<\/em><\/strong><br \/>\n&#8211; Durata = non meno di 70\/90 minuti.<br \/>\nTutto come in &#8216;A.&#8217; e in aggiunta si potr\u00e0 entrare nel percorso del labirinto (solo in presenza del nostro personale di sorveglianza e previo accordo con la biglietteria sull&#8217;orario di accesso).<\/p>\n<p style=\"font-size: 1.1em; text-align: justify;\"><strong><em>C. Ingresso al Giardino e visita guidata &#8216;Standard&#8217;.<\/em><\/strong><br \/>\n&#8211; Durata = non meno di 75\/90 minuti.<br \/>\nTutto come in &#8216;A.&#8217; e in aggiunta il visitatore verr\u00e0 accompagnato alla scoperta del significato simbolico e allegorico del Giardino. La visita guidata &#8216;Standard&#8217; dura circa un&#8217;ora e pu\u00f2 essere fatta solo tutti i Sabati, le Domeniche ed i giorni festivi alle 11:00 e alle 15:00\/15:30\/16:00 (l&#8217;orario pomeridiano varia in base alla stagione). Prima dell&#8217;orario della visita guidata e\/o al termine della stessa, il visitatore potr\u00e0 passeggiare in autonomia in tutte le aree visitabili del Giardino.<\/p>\n<p style=\"font-size: 1.1em; text-align: justify;\"><strong><em>D. Ingresso al Giardino, percorribilit\u00e0 del labirinto e visita guidata &#8216;Standard&#8217;.<\/em><\/strong><br \/>\n&#8211; Durata = non meno di 120 minuti.<br \/>\nTutto come in &#8216;B.&#8217; e in aggiunta il visitatore verr\u00e0 accompagnato alla scoperta del significato simbolico e allegorico del Giardino. La visita guidata &#8216;Standard&#8217; dura circa un&#8217;ora e pu\u00f2 essere fatta solo tutti i Sabati, le Domeniche ed i giorni festivi alle 11:00 e alle 15:00\/15:30\/16:00 (l&#8217;orario pomeridiano varia in base alla stagione). Prima dell&#8217;orario della visita guidata e\/o al termine della stessa, il visitatore potr\u00e0 passeggiare in autonomia in tutte le aree visitabili del Giardino ed entrare nel percorso del labirinto (entrare nel percorso labirintico pu\u00f2 essere fatto solo in presenza del nostro personale di sorveglianza e previo accordo con la biglietteria sull&#8217;orario di accesso).<\/p>\n<p style=\"font-size: 1.5em; text-align: center;\">Per informazioni e richieste:<\/p>\n<p style=\"font-size: 1.6em; text-align: center;\"><em><strong>info@valsanzibiogiardino.com<\/strong><\/em><\/p>\n<p style=\"font-size: 1.6em; text-align: center;\"><strong>&#8212;&#8212;&#8212;&#8212;&#8211; O &#8212;&#8212;&#8212;&#8212;&#8211;<\/strong><\/p>\n<p style=\"font-size: 1.6em; text-align: center;\"><strong>INFINE VI segnaliamo&#8230;<\/strong><\/p>\n<p style=\"font-size: 2.6em; text-align: center;\"><a href=\"https:\/\/www.kickstarter.com\/projects\/1203174801\/giardino-di-valsanzibio\" target=\"_blank\" rel=\"noopener noreferrer\"><em><strong><span style=\"color: #475400;\">&#8216;VALSANZIBIO&#8217;<\/span><\/strong><\/em><\/a><\/p>\nngg_shortcode_4_placeholder\n<p style=\"font-size: 2.2em; text-align: center;\"><img decoding=\"async\" src=\"https:\/\/ksr-ugc.imgix.net\/assets\/017\/017\/241\/63f609366f6fec575d9d6ba8af80fecd_original.jpg?w=680&amp;fit=max&amp;v=1496933126&amp;auto=format&amp;q=92&amp;s=84e92847d9d457da48c22a523a0109c2\" alt=\"Preview of the book\"><\/p>\n<p style=\"font-size: 1.5em; text-align: justify;\">un opera scritta da <strong>Luigi Cerantola<\/strong> con fotografie di <strong>Renato D\u2019Agostin<\/strong>, giovane fotografo veneziano che ha gi\u00e0 esposto in prestigiose gallerie d\u2019arte internazionali, tra cui Venezia, New York, Parigi. Alcuni sui scatti realizzati nel Giardino di Valsanzibio appaiono anche sulla facciata <a style=\"font-weight: normal;\" href=\"https:\/\/www.valsanzibiogiardino.com\/it\/ca-martinengo\/\" target=\"_blank\" rel=\"noopener noreferrer\">dell&#8217;antico Casino di caccia denominato <strong>C\u00e0 Martinengo <\/strong>(clicca sopra per conoscere Ca&#8217; Martinengo)<\/a>.<\/p>\n<p style=\"font-size: 1.5em; text-align: justify;\">Da VALSANZIBIO \u00e8 stato tratto il <strong><em>Codice di Valsanzibio<\/em><\/strong>, un libro realizzato secondo tecniche monastiche antiche e composto di 26 grandi pagine (cm. 23,5 x 32) esposte in sequenza. In quest&#8217;opera i 24 Sonetti del poeta <strong>Luigi Cerantola<\/strong>, che prendono avvio dal Sonetto \u201c<em>Curioso viator che in questa parte<\/em>\u201d inciso sulla gradinata che dal Giardino di Valsanzibio immette al Piazzale delle Rivelazioni in fronte a Villa Barbarigo Pizzoni Ardemani (<a href=\"https:\/\/www.valsanzibiogiardino.com\/it\/portfolio-item\/scalinata-sonetto\/\" target=\"_blank\" rel=\"noopener noreferrer\">clicca La Scalinata del Sonetto<\/a>), sono calligrafati su carta giapponese e tutte le 26 pagine sono dipinte da <strong>Alessio Mancino<\/strong>.<\/p>\n<p style=\"font-size: 1.5em; text-align: justify;\">Il codice \u00e8 in linea alla tradizione classica (vedi le <em>Tr\u00e8s Riches Heuresdu Duc de Berry<\/em> del 1415 circa) che intendeva dar veste solenne e imperitura ad un testo calligrafandolo e miniandolo.<\/p>\n<p style=\"font-size: 1.6em; text-align: center;\"><strong>&#8212;&#8212;&#8212;&#8212;&#8211; O &#8212;&#8212;&#8212;&#8212;&#8211;<\/strong><\/p>\n<p style=\"font-size: 1.6em; text-align: justify;\"><strong>Tutte le attivit\u00e0 che si svolgono all\u2019interno del Giardino di Valsanzibio, se non specificato altrimenti, prevedono il regolare ingresso al giardino ed il pagamento del biglietto.<\/strong><\/p>\n<p style=\"font-size: 1.4em; text-align: justify;\">Per ulteriori info seguite gli aggiornamenti QUI alla voce &#8216;<strong>NEWS<\/strong>&#8216; o andate alla nostra pagina di <strong><a href=\"https:\/\/www.facebook.com\/Giardino-Barbarigo-Valsanzibio-1461052934142801\/\" target=\"_blank\" rel=\"noopener noreferrer\">Facebook: Giardino Barbarigo Valsanzibio<\/a><\/strong>.<\/p>\n<!-- AddThis Advanced Settings generic via filter on the_content --><!-- AddThis Share Buttons generic via filter on the_content -->","protected":false},"excerpt":{"rendered":"<p>Agosto nel Giardino Monumentale di Valsanzibio Desiderate un agosto tra alberi secolari, viali ombrosi, estesi prati verdi circondati dalla vista dei Colli Euganei, e ancora sculture, fontane e scherzi d\u2019acqua? Il Giardino di Valsanzibio \u00e8 aperto tutti i giorni dalle 10:00 alle 19:00. Si visitano 12 ettari totalmente all\u2019aria aperta, per questo la prenotazione ed [&hellip;]<!-- AddThis Advanced Settings generic via filter on get_the_excerpt --><!-- AddThis Share Buttons generic via filter on get_the_excerpt --><\/p>\n","protected":false},"author":4,"featured_media":15121,"comment_status":"closed","ping_status":"closed","sticky":false,"template":"","format":"standard","meta":{"_monsterinsights_skip_tracking":false,"_monsterinsights_sitenote_active":false,"_monsterinsights_sitenote_note":"","_monsterinsights_sitenote_category":0,"ngg_post_thumbnail":0,"footnotes":""},"categories":[13,17],"tags":[],"class_list":["post-22174","post","type-post","status-publish","format-standard","has-post-thumbnail","hentry","category-eventi","category-news"],"yoast_head":"<!-- This site is optimized with the Yoast SEO plugin v27.3 - https:\/\/yoast.com\/product\/yoast-seo-wordpress\/ -->\n<title>Agosto in Giardino - Giardino Storico di Valsanzibio | Villa Barbarigo Pizzoni Ardemani | Galzignano Terme, Padova<\/title>\n<meta name=\"robots\" content=\"index, follow, max-snippet:-1, max-image-preview:large, max-video-preview:-1\" \/>\n<link rel=\"canonical\" href=\"https:\/\/www.valsanzibiogiardino.com\/it\/agosto-in-giardino\/\" \/>\n<meta name=\"twitter:label1\" content=\"Scritto da\" \/>\n\t<meta name=\"twitter:data1\" content=\"Staff\" \/>\n\t<meta name=\"twitter:label2\" content=\"Tempo di lettura stimato\" \/>\n\t<meta name=\"twitter:data2\" content=\"9 minuti\" \/>\n<script type=\"application\/ld+json\" class=\"yoast-schema-graph\">{\"@context\":\"https:\\\/\\\/schema.org\",\"@graph\":[{\"@type\":\"Article\",\"@id\":\"https:\\\/\\\/www.valsanzibiogiardino.com\\\/it\\\/agosto-in-giardino\\\/#article\",\"isPartOf\":{\"@id\":\"https:\\\/\\\/www.valsanzibiogiardino.com\\\/it\\\/agosto-in-giardino\\\/\"},\"author\":{\"name\":\"Staff\",\"@id\":\"https:\\\/\\\/www.valsanzibiogiardino.com\\\/it\\\/#\\\/schema\\\/person\\\/f6b11a7fbc16b7bd8b7dff8c277936bb\"},\"headline\":\"Agosto in Giardino\",\"datePublished\":\"2021-07-21T07:20:07+00:00\",\"dateModified\":\"2021-08-15T14:20:56+00:00\",\"mainEntityOfPage\":{\"@id\":\"https:\\\/\\\/www.valsanzibiogiardino.com\\\/it\\\/agosto-in-giardino\\\/\"},\"wordCount\":1860,\"image\":{\"@id\":\"https:\\\/\\\/www.valsanzibiogiardino.com\\\/it\\\/agosto-in-giardino\\\/#primaryimage\"},\"thumbnailUrl\":\"https:\\\/\\\/www.valsanzibiogiardino.com\\\/wp-content\\\/uploads\\\/2018\\\/05\\\/rent_villabarbarigo.jpg\",\"articleSection\":[\"EVENTI\",\"NEWS\"],\"inLanguage\":\"it-IT\"},{\"@type\":\"WebPage\",\"@id\":\"https:\\\/\\\/www.valsanzibiogiardino.com\\\/it\\\/agosto-in-giardino\\\/\",\"url\":\"https:\\\/\\\/www.valsanzibiogiardino.com\\\/it\\\/agosto-in-giardino\\\/\",\"name\":\"Agosto in Giardino - Giardino Storico di Valsanzibio | Villa Barbarigo Pizzoni Ardemani | Galzignano Terme, Padova\",\"isPartOf\":{\"@id\":\"https:\\\/\\\/www.valsanzibiogiardino.com\\\/it\\\/#website\"},\"primaryImageOfPage\":{\"@id\":\"https:\\\/\\\/www.valsanzibiogiardino.com\\\/it\\\/agosto-in-giardino\\\/#primaryimage\"},\"image\":{\"@id\":\"https:\\\/\\\/www.valsanzibiogiardino.com\\\/it\\\/agosto-in-giardino\\\/#primaryimage\"},\"thumbnailUrl\":\"https:\\\/\\\/www.valsanzibiogiardino.com\\\/wp-content\\\/uploads\\\/2018\\\/05\\\/rent_villabarbarigo.jpg\",\"datePublished\":\"2021-07-21T07:20:07+00:00\",\"dateModified\":\"2021-08-15T14:20:56+00:00\",\"author\":{\"@id\":\"https:\\\/\\\/www.valsanzibiogiardino.com\\\/it\\\/#\\\/schema\\\/person\\\/f6b11a7fbc16b7bd8b7dff8c277936bb\"},\"breadcrumb\":{\"@id\":\"https:\\\/\\\/www.valsanzibiogiardino.com\\\/it\\\/agosto-in-giardino\\\/#breadcrumb\"},\"inLanguage\":\"it-IT\",\"potentialAction\":[{\"@type\":\"ReadAction\",\"target\":[\"https:\\\/\\\/www.valsanzibiogiardino.com\\\/it\\\/agosto-in-giardino\\\/\"]}]},{\"@type\":\"ImageObject\",\"inLanguage\":\"it-IT\",\"@id\":\"https:\\\/\\\/www.valsanzibiogiardino.com\\\/it\\\/agosto-in-giardino\\\/#primaryimage\",\"url\":\"https:\\\/\\\/www.valsanzibiogiardino.com\\\/wp-content\\\/uploads\\\/2018\\\/05\\\/rent_villabarbarigo.jpg\",\"contentUrl\":\"https:\\\/\\\/www.valsanzibiogiardino.com\\\/wp-content\\\/uploads\\\/2018\\\/05\\\/rent_villabarbarigo.jpg\",\"width\":1200,\"height\":800,\"caption\":\"Affitta Villa Barbarigo\"},{\"@type\":\"BreadcrumbList\",\"@id\":\"https:\\\/\\\/www.valsanzibiogiardino.com\\\/it\\\/agosto-in-giardino\\\/#breadcrumb\",\"itemListElement\":[{\"@type\":\"ListItem\",\"position\":1,\"name\":\"Home\",\"item\":\"https:\\\/\\\/www.valsanzibiogiardino.com\\\/it\\\/\"},{\"@type\":\"ListItem\",\"position\":2,\"name\":\"Agosto in Giardino\"}]},{\"@type\":\"WebSite\",\"@id\":\"https:\\\/\\\/www.valsanzibiogiardino.com\\\/it\\\/#website\",\"url\":\"https:\\\/\\\/www.valsanzibiogiardino.com\\\/it\\\/\",\"name\":\"Giardino Storico di Valsanzibio | Villa Barbarigo Pizzoni Ardemani | Galzignano Terme, Padova\",\"description\":\"Il Giardino Storico di Valsanzibio si trova a Galzignano Terme, in provincia di Padova, ed \u00e8 uno dei pi\u00f9 estesi ed integri giardini d\u2019Epoca mondiali.\",\"potentialAction\":[{\"@type\":\"SearchAction\",\"target\":{\"@type\":\"EntryPoint\",\"urlTemplate\":\"https:\\\/\\\/www.valsanzibiogiardino.com\\\/it\\\/?s={search_term_string}\"},\"query-input\":{\"@type\":\"PropertyValueSpecification\",\"valueRequired\":true,\"valueName\":\"search_term_string\"}}],\"inLanguage\":\"it-IT\"},{\"@type\":\"Person\",\"@id\":\"https:\\\/\\\/www.valsanzibiogiardino.com\\\/it\\\/#\\\/schema\\\/person\\\/f6b11a7fbc16b7bd8b7dff8c277936bb\",\"name\":\"Staff\",\"url\":\"https:\\\/\\\/www.valsanzibiogiardino.com\\\/it\\\/author\\\/staff\\\/\"}]}<\/script>\n<!-- \/ Yoast SEO plugin. -->","yoast_head_json":{"title":"Agosto in Giardino - Giardino Storico di Valsanzibio | Villa Barbarigo Pizzoni Ardemani | Galzignano Terme, Padova","robots":{"index":"index","follow":"follow","max-snippet":"max-snippet:-1","max-image-preview":"max-image-preview:large","max-video-preview":"max-video-preview:-1"},"canonical":"https:\/\/www.valsanzibiogiardino.com\/it\/agosto-in-giardino\/","twitter_misc":{"Scritto da":"Staff","Tempo di lettura stimato":"9 minuti"},"schema":{"@context":"https:\/\/schema.org","@graph":[{"@type":"Article","@id":"https:\/\/www.valsanzibiogiardino.com\/it\/agosto-in-giardino\/#article","isPartOf":{"@id":"https:\/\/www.valsanzibiogiardino.com\/it\/agosto-in-giardino\/"},"author":{"name":"Staff","@id":"https:\/\/www.valsanzibiogiardino.com\/it\/#\/schema\/person\/f6b11a7fbc16b7bd8b7dff8c277936bb"},"headline":"Agosto in Giardino","datePublished":"2021-07-21T07:20:07+00:00","dateModified":"2021-08-15T14:20:56+00:00","mainEntityOfPage":{"@id":"https:\/\/www.valsanzibiogiardino.com\/it\/agosto-in-giardino\/"},"wordCount":1860,"image":{"@id":"https:\/\/www.valsanzibiogiardino.com\/it\/agosto-in-giardino\/#primaryimage"},"thumbnailUrl":"https:\/\/www.valsanzibiogiardino.com\/wp-content\/uploads\/2018\/05\/rent_villabarbarigo.jpg","articleSection":["EVENTI","NEWS"],"inLanguage":"it-IT"},{"@type":"WebPage","@id":"https:\/\/www.valsanzibiogiardino.com\/it\/agosto-in-giardino\/","url":"https:\/\/www.valsanzibiogiardino.com\/it\/agosto-in-giardino\/","name":"Agosto in Giardino - Giardino Storico di Valsanzibio | Villa Barbarigo Pizzoni Ardemani | Galzignano Terme, Padova","isPartOf":{"@id":"https:\/\/www.valsanzibiogiardino.com\/it\/#website"},"primaryImageOfPage":{"@id":"https:\/\/www.valsanzibiogiardino.com\/it\/agosto-in-giardino\/#primaryimage"},"image":{"@id":"https:\/\/www.valsanzibiogiardino.com\/it\/agosto-in-giardino\/#primaryimage"},"thumbnailUrl":"https:\/\/www.valsanzibiogiardino.com\/wp-content\/uploads\/2018\/05\/rent_villabarbarigo.jpg","datePublished":"2021-07-21T07:20:07+00:00","dateModified":"2021-08-15T14:20:56+00:00","author":{"@id":"https:\/\/www.valsanzibiogiardino.com\/it\/#\/schema\/person\/f6b11a7fbc16b7bd8b7dff8c277936bb"},"breadcrumb":{"@id":"https:\/\/www.valsanzibiogiardino.com\/it\/agosto-in-giardino\/#breadcrumb"},"inLanguage":"it-IT","potentialAction":[{"@type":"ReadAction","target":["https:\/\/www.valsanzibiogiardino.com\/it\/agosto-in-giardino\/"]}]},{"@type":"ImageObject","inLanguage":"it-IT","@id":"https:\/\/www.valsanzibiogiardino.com\/it\/agosto-in-giardino\/#primaryimage","url":"https:\/\/www.valsanzibiogiardino.com\/wp-content\/uploads\/2018\/05\/rent_villabarbarigo.jpg","contentUrl":"https:\/\/www.valsanzibiogiardino.com\/wp-content\/uploads\/2018\/05\/rent_villabarbarigo.jpg","width":1200,"height":800,"caption":"Affitta Villa Barbarigo"},{"@type":"BreadcrumbList","@id":"https:\/\/www.valsanzibiogiardino.com\/it\/agosto-in-giardino\/#breadcrumb","itemListElement":[{"@type":"ListItem","position":1,"name":"Home","item":"https:\/\/www.valsanzibiogiardino.com\/it\/"},{"@type":"ListItem","position":2,"name":"Agosto in Giardino"}]},{"@type":"WebSite","@id":"https:\/\/www.valsanzibiogiardino.com\/it\/#website","url":"https:\/\/www.valsanzibiogiardino.com\/it\/","name":"Giardino Storico di Valsanzibio | Villa Barbarigo Pizzoni Ardemani | Galzignano Terme, Padova","description":"Il Giardino Storico di Valsanzibio si trova a Galzignano Terme, in provincia di Padova, ed \u00e8 uno dei pi\u00f9 estesi ed integri giardini d\u2019Epoca mondiali.","potentialAction":[{"@type":"SearchAction","target":{"@type":"EntryPoint","urlTemplate":"https:\/\/www.valsanzibiogiardino.com\/it\/?s={search_term_string}"},"query-input":{"@type":"PropertyValueSpecification","valueRequired":true,"valueName":"search_term_string"}}],"inLanguage":"it-IT"},{"@type":"Person","@id":"https:\/\/www.valsanzibiogiardino.com\/it\/#\/schema\/person\/f6b11a7fbc16b7bd8b7dff8c277936bb","name":"Staff","url":"https:\/\/www.valsanzibiogiardino.com\/it\/author\/staff\/"}]}},"_links":{"self":[{"href":"https:\/\/www.valsanzibiogiardino.com\/it\/wp-json\/wp\/v2\/posts\/22174","targetHints":{"allow":["GET"]}}],"collection":[{"href":"https:\/\/www.valsanzibiogiardino.com\/it\/wp-json\/wp\/v2\/posts"}],"about":[{"href":"https:\/\/www.valsanzibiogiardino.com\/it\/wp-json\/wp\/v2\/types\/post"}],"author":[{"embeddable":true,"href":"https:\/\/www.valsanzibiogiardino.com\/it\/wp-json\/wp\/v2\/users\/4"}],"replies":[{"embeddable":true,"href":"https:\/\/www.valsanzibiogiardino.com\/it\/wp-json\/wp\/v2\/comments?post=22174"}],"version-history":[{"count":5,"href":"https:\/\/www.valsanzibiogiardino.com\/it\/wp-json\/wp\/v2\/posts\/22174\/revisions"}],"predecessor-version":[{"id":22195,"href":"https:\/\/www.valsanzibiogiardino.com\/it\/wp-json\/wp\/v2\/posts\/22174\/revisions\/22195"}],"wp:featuredmedia":[{"embeddable":true,"href":"https:\/\/www.valsanzibiogiardino.com\/it\/wp-json\/wp\/v2\/media\/15121"}],"wp:attachment":[{"href":"https:\/\/www.valsanzibiogiardino.com\/it\/wp-json\/wp\/v2\/media?parent=22174"}],"wp:term":[{"taxonomy":"category","embeddable":true,"href":"https:\/\/www.valsanzibiogiardino.com\/it\/wp-json\/wp\/v2\/categories?post=22174"},{"taxonomy":"post_tag","embeddable":true,"href":"https:\/\/www.valsanzibiogiardino.com\/it\/wp-json\/wp\/v2\/tags?post=22174"}],"curies":[{"name":"wp","href":"https:\/\/api.w.org\/{rel}","templated":true}]}}