{"id":21853,"date":"2020-10-06T17:59:51","date_gmt":"2020-10-06T15:59:51","guid":{"rendered":"https:\/\/www.valsanzibiogiardino.com\/foliage-dautunno-in-giardino\/"},"modified":"2020-10-06T17:59:51","modified_gmt":"2020-10-06T15:59:51","slug":"foliage-dautunno-in-giardino","status":"publish","type":"post","link":"https:\/\/www.valsanzibiogiardino.com\/it\/foliage-dautunno-in-giardino\/","title":{"rendered":"Foliage d\u2019autunno in Giardino"},"content":{"rendered":"<p style=\"font-size: 2.4em; text-align: center;\"><b><span style=\"color: black;\">OTTOBRE<\/span><\/b><\/p>\n<p style=\"font-size: 2.8em; text-align: center;\"><em><b><span style=\"color: orange;\">Foliage d\u2019autunno nel<\/span><\/b><\/em><\/p>\n<p style=\"font-size: 2.8em; text-align: center;\"><b><span style=\"color: green;\">Giardino Monumentale di<\/span><\/b><\/p>\n<p style=\"font-size: 3.8em; text-align: center;\"><em><b><span style=\"color: green;\">Valsanzibio<\/span><\/b><\/em><\/p>\n<p style=\"font-size: 2.0em; text-align: center;\"><b><span style=\"color: black;\">il giardino che porta alla salvezza<\/span><\/b><\/p>\n<p style=\"font-size: 2.8em; text-align: center;\"><em><b><span style=\"color: blue;\">Vi aspettiamo<\/span><\/b><\/em><\/p>\nngg_shortcode_0_placeholder\n<p style=\"font-size: 1.2em; text-align: justify;\">Siamo in autunno, e sar\u00e0 occasione per regalarsi giornate all\u2019aria aperta dove respirare a pieni polmoni. Godere della bellezza della Natura e ottenere i massimi benefici salutari \u00e8 diventato sempre pi\u00f9 importante, in un anno cos\u00ec anomalo e complicato. E il Giardino in autunno presenta una tavolozza di sfumature molto affascinanti.<\/p>\n<p style=\"font-size: 1.2em; text-align: center;\">Una full immertion tra Arte e Natura per passeggiate indimenticabili.<\/p>\n<p style=\"font-size: 1.8em; text-align: center;\"><b><span style=\"color: green;\">Il Giardino Monumentale di Valsanzibio<\/span><\/b><\/p>\n<p style=\"font-size: 1.8em; text-align: center;\"><em><b><span style=\"color: red;\">\u00e8 aperto tutti i giorni<\/span><\/b><\/em><\/p>\n<p style=\"font-size: 1.8em; text-align: center;\"><em><b><span style=\"color: blue;\">fino all&#8217;8 Dicembre<\/span><\/b><\/em><\/p>\n<p style=\"font-size: 1.6em; text-align: center;\"><b><span style=\"color: black;\">Dalle 10:00 del mattino al Tramonto<\/span><\/b><\/p>\n<p style=\"font-size: 1.2em; text-align: justify;\">con orario continuato nei fine settimana e nei festivi e dalle 10:00 alle 13:00 e dalle 14:00 al tramonto durante la settimana (fino al ritorno dell&#8217;ora solare &#8211; 24\/25 Ottobre 2020 &#8211; la chiusura serale sono le 18:30, dopo saranno le 17:00\/17:30).<\/p>\n<p style=\"font-size: 1.2em; text-align: justify;\">Ogni fine settimana ci sono visite guidate alle 11:00 e alle 15.30 (15:00 dopo Sabato 24 Ottobre 2020), occasione per scoprire il simbolismo di questo Paradiso realizzato oltre 350 anni fa per rendere grazie della fine della terribile peste del 1630\/31.&nbsp;<\/p>\n<p style=\"font-size: 2.2em; text-align: center;\"><b><span style=\"color: black;\">25 ottobre 2020<\/span><\/b><\/p>\n<p style=\"font-size: 2.8em; text-align: center;\"><b><span style=\"color: green;\">Festa degli alberi<\/span><\/b><\/p>\nngg_shortcode_1_placeholder\n<p style=\"font-size: 1.2em; text-align: justify;\">Anche quest\u2019anno il Giardino, a due anni dalla tempesta Vaia, che ha stravolto i boschi delle montagne Venete, dedica una giornata alla celebrazione degli alberi.<\/p>\n<p style=\"font-size: 1.2em; text-align: justify;\">I visitatori potranno approfondire in questa occasione la conoscenza degli splendidi esemplari del giardino, provenienti da tutto il mondo. Presenti 300 diverse essenze arboree. Tutt\u2019oggi vi sono ancora molti alberi secolari piantati tra il 1664 e il 1669 (oltre il 60% delle piante odierne sono originali!). Il giardino di Valsanzibio \u00e8 unico al mondo per la quantit\u00e0 di piante di bosso sempreverde (<em>Buxus sempervirens<\/em>), ben 60.000 mq, per la longevit\u00e0 delle stesse (molte piante di bosso hanno pi\u00f9 di 400 anni di et\u00e0) e per l\u2019altezza che queste piante raggiungono (in alcuni viali pi\u00f9 di 5 metri di altezza e, nel caso di piante mai \u2018topiate\u2019 e lasciate crescere naturalmente, fino ad oltre 8 metri di altezza!). Ci sono 40.000 mq di piante di carpino (<em>Carpinus betulus<\/em>) che, per lo pi\u00f9, formano i \u2018Viali Ombrosi\u2019 dove sono potati in modo da creare una galleria di foglie; circa il 70% di queste piante sono state piantate tra il 1664 e il 1669 e, quindi, dal momento che queste piante quando furono piantate venivano dai vivai ed avevano gi\u00e0 15\/20 anni d\u2019et\u00e0, hanno pi\u00f9 di 350 anni. Il Cedro della California (<em>Calocedrus Decurrens<\/em>), una delle tante piante originarie del giardino, \u00e8 il pi\u00f9 vecchio esemplare della sua specie oggi presente in Europa. Di norma, tutti i viali del giardino sono delimitati su entrambi i lati da piante di bosso (il Cardo o Viale Centrale, il Decumano o Viale delle Peschiere e la Calle Veneziana) o di carpino (i tre Viali Ombrosi) con l\u2019eccezione del Viale dell\u2019Iride che nella parte sud \u00e8 interamente delimitato da piante di bosso, mentre nella parte nord \u00e8 delimitato da tre specie di aceri (<em>Acer campestre<\/em>, <em>Acer platanoides<\/em> ed <em>Acer negundo<\/em>). La \u2018Calle Veneziana\u2019, delimitata da secolari piante di bosso alte circa 5\/6 metri, e un viale unico al mondo che riproduce con le alte spalliere di bosso le tipiche viuzze ricavate tra gli edifici che si possono osservare a Venezia, le tipiche \u2018Calli Veneziane\u2019. Questo unico ed originale viale, che si pu\u00f2 ammirare esclusivamente a Valsanzibio, corre per tutta la lunghezza est-ovest del giardino (circa 400 metri) ed \u00e8 largo circa 1,5 metri.<\/p>\nngg_shortcode_2_placeholder\n<p style=\"font-size: 1.2em; text-align: justify;\">Le piante pi\u00f9 vecchie del giardino sono 3 Lecci (<em>Quercus ilex<\/em>) di oltre 600 anni e svariati Tassi (<em>Taxus baccata<\/em>) tra i 700 ed i 900 anni (l\u2019esemplare di Tasso presso l\u2019Isola dei Conigli e dietro al Cedro della California si calcola sia l\u2019albero pi\u00f9 vecchio del giardino, oltre 900 anni). Queste piante sono piante autoctone che erano gi\u00e0 presenti quando \u00e8 stato fatto il giardino attuale su progetto di Luigi Bernini.<\/p>\n<p style=\"font-size: 1.2em; text-align: justify;\">Visite guidate botaniche e educazione ambientale per i giovanissimi<\/p>\n<p style=\"font-size: 1.2em; text-align: justify;\">Corner espositivi e informativi di associazioni<\/p>\n<p style=\"font-size: 1.2em; text-align: center;\"><strong style=\"font-size: 1.2em; text-align: center;\">Per info e whatsapp:<\/strong><\/p>\n<p style=\"font-size: 1.8em; text-align: center;\"><strong>335\/5634918<\/strong><\/p>\n<p style=\"font-size: 1.2em; text-align: justify;\">Infine, per rendere la giornata ancora pi\u00f9 indimenticabile concedetevi una passeggiata nel Labirinto di bossi secolari, il labirinto di piante pi\u00f9 antico del Mondo. Potrete provare l\u2019emozione di scoprire le sue vie tortuose, in totale sicurezza, aiutati se desiderate dal personale di sorveglianza (biglietto extra per adulti, bimbi gratuiti ma accompagnati).<\/p>\nngg_shortcode_3_placeholder\n<p style=\"font-size: 1.2em; text-align: justify;\">Alle Antiche Scuderie c\u2019\u00e8 <a href=\"https:\/\/www.valsanzibiogiardino.com\/it\/visite\/#iltuocaffe\" target=\"_blank\" rel=\"noopener noreferrer\"><strong>&#8216;Il Tuo Caff\u00e8&#8217; (Clicca per saperne di pi\u00f9)<\/strong><\/a>, il chiosco del Giardino, con tavolini e panchine, aperto nei fine settimana per drink, panini, aperitivi, piadine, toast, gelati.<\/p>\n<p style=\"font-size: 1.2em; text-align: justify;\">Tutti i Sabati, le Domenica ed i giorni festivi, visite guidate alla scoperta del simbolismo del Giardino alle ore 11:00 e 16:00 (extra euro \u20ac 5,00 a persona)&#8230;gradita la prenotazione:<\/p>\n<p style=\"font-size: 1.2em; text-align: justify;\">Amici a 4 zampe. I cani di piccola taglia possono stare con i loro proprietari, i cani di media e grande taglia purtroppo in passato hanno causato danni.<\/p>\n<p style=\"font-size: 1.2em; text-align: justify;\">Per loro il Giardino ha pensato a Dogland, un\u2019area di grandi dimensioni con dogsitter dove i cani dei visitatori del Giardino possono stare gratuitamente, e usufruire dei vari servizi (tuffi in piscina per cane, percorso agility) a prezzi agevolati.<\/p>\nngg_shortcode_4_placeholder\n<p style=\"font-size: 1.8em; text-align: center;\"><strong>Info e prenotazioni 351\/8610830<\/strong><\/p>\n<p style=\"font-size: 1.2em; text-align: center;\">(preferibilmente 24 ore prima)<\/p>\n<p style=\"font-size: 1.2em; text-align: justify;\">Ricordatevi la mascherina e mantenete il distanziamento sociale\u2026 avete 12 ettari a disposizione.<\/p>\n<p style=\"font-size: 1.2em; text-align: justify;\">La biglietteria \u00e8 gestita secondo le regole di sicurezza ed \u00e8 aperta tutti i giorni.&nbsp; Nel caso fosse eccezionalmente chiusa chiamate il +39\/340\/0825844 e in pochi minuti il personale verr\u00e0 ad aprirVi per fare i biglietti d&#8217;ingresso.<\/p>\n<p style=\"font-size: 1.2em; text-align: justify;\">Anche se le ultime direttive Governative non prevedono pi\u00f9 l\u2019uso della mascherina all\u2019aperto, per favore, portate sempre con Voi la Vostra mascherina che dovr\u00e0 essere indossata in tutte le circostanze dove incontrerete altri turisti e dove pu\u00f2 essere difficile mantenere il distanziamento sociale (es: torretta del labirinto e suo percorso).<\/p>\n<p style=\"text-align: center;\"><strong><a href=\"https:\/\/www.valsanzibiogiardino.com\/it\/regolamento-covid-19\/\" target=\"_blank\" rel=\"noopener noreferrer\"><span style=\"color: red;\"><em>REGOLAMENTO COVID 19<\/em><\/span><\/a><\/strong><\/p>\n<p style=\"font-size: 1.2em; text-align: justify;\">Le strutture del Giardino saranno sanificate pi\u00f9 volte al giorno e verranno messi a disposizione degli ospiti disinfettante per mani. Inoltre, nel Giardino il personale di controllo verificher\u00e0 che tutte le regole siano osservate con la massima accortezza. Speriamo di vedervi presto. Meritiamo tutti una passeggiata di rinascita, una immersione nella gioia di vivere.<\/p>\n<p style=\"font-size: 2.2em; text-align: center;\"><em><b><span style=\"color: green;\">Camminare tra gli alberi<\/span><\/b><\/em><\/p>\n<p style=\"font-size: 2.2em; text-align: center;\"><em><b><span style=\"color: green;\">rende le persone migliori.<\/span><\/b><\/em><\/p>\n<p style=\"font-size: 2.2em; text-align: center;\"><em><b><span style=\"color: green;\">Le piante sono cibo e<\/span><\/b><\/em><\/p>\n<p style=\"font-size: 2.2em; text-align: center;\"><em><b><span style=\"color: green;\">medicina per l\u2019anima.<\/span><\/b><\/em><\/p>\nngg_shortcode_5_placeholder\n<p style=\"font-size: 1.4em; text-align: center;\"><strong>&#8212;&#8212;&#8212;&#8212;&#8211; O &#8212;&#8212;&#8212;&#8212;&#8211;<\/strong><\/p>\n<p style=\"font-size: 2.4em; text-align: center;\"><strong>Fino a Marted\u00ec 8 Dicembre 2020<\/strong><\/p>\n<p style=\"font-size: 1.8em; text-align: center;\"><b><span style=\"color: green;\">il Giardino Monumentale di Valsanzibio<\/span><\/b><\/p>\n<p style=\"font-size: 1.8em; text-align: center;\">sar\u00e0 aperto regolarmente<\/p>\n<p style=\"font-size: 1.8em; text-align: center;\">dalle 10:00 del mattino al tramonto (17:00\/19:30)<\/p>\n<p style=\"font-size: 1.6em; text-align: center;\"><em>(pausa della biglietteria dalle 13:00 alle 14:00<\/em><br \/>\n<em>solo nei giorni feriali)<\/em><\/p>\n<p style=\"font-size: 1.4em; text-align: center;\">A tutti verranno date informazioni generali sul significato<br \/>\nsimbolico del Giardino e un depliant con informazioni storiche e<br \/>\npiantina del Giardino con percorso consigliato.<\/p>\n<p style=\"font-size: 1.4em; text-align: center;\"><strong>&#8212;&#8212;&#8212;&#8212;&#8211; O &#8212;&#8212;&#8212;&#8212;&#8211;<\/strong><\/p>\n<p style=\"font-size: 2.0em; text-align: center;\"><strong><em>Sabato e Domenica e festivi,<\/em><\/strong><\/p>\n<p style=\"font-size: 2.4em; text-align: center;\"><strong>Visite guidate<\/strong><\/p>\n<p style=\"font-size: 1.6em; text-align: center;\"><strong><em>alle ore 11:00 e alle ore 15:00\/16:30<\/em><\/strong><\/p>\n<p style=\"font-size: 1.2em; text-align: center;\"><strong><em>(l&#8217;orario delle visite guidate pomeridiane dipende dalla stagione)<\/em><\/strong><\/p>\n<p style=\"font-size: 2.0em; text-align: center;\"><b><span style=\"color: red;\">Numero chiuso per le visite guidate<\/span><\/b><\/p>\n<p style=\"font-size: 1.7em; text-align: center;\"><strong><em>raccomandata la prenotazione<\/em><\/strong><\/p>\n<p style=\"font-size: 1.6em; text-align: center;\">telefono<strong> +39\/340\/0825844<\/strong><\/p>\n<p style=\"font-size: 1.6em; text-align: center;\">whatsapp<strong> +39\/335\/5634918<\/strong><\/p>\n<p style=\"font-size: 1.6em; text-align: center;\">email<strong> info@valsanzibiogiardino.it<\/strong><\/p>\n<p style=\"font-size: 1.4em; text-align: center;\"><strong>&#8212;&#8212;&#8212;&#8212;&#8211; O &#8212;&#8212;&#8212;&#8212;&#8211;<\/strong><\/p>\n<p style=\"font-size: 1.4em; text-align: center;\"><em>Informiamo che il biglietto d\u2019ingresso d\u00e0 diritto a visitare:<\/em><\/p>\n<p style=\"font-size: 1.4em; text-align: center;\"><strong>il Giardino Simbolico, il Giardino Botanico,<\/strong><br \/>\n<strong>le Antiche Scuderie, la Torretta Centrale del Labirinto.<\/strong><br \/>\nGli interni della Villa non sono visitabili<\/p>\n<p style=\"font-size: 1.4em; text-align: center;\">L&#8217;esperienza di camminare nel &#8216;percorso labirintico&#8217; e<br \/>\nle visite guidate richiedono un biglietto extra<\/p>\n<p style=\"font-size: 1.4em; text-align: center;\">Normalmente il labirinto \u00e8 sempre visitabile dalla Torretta Centrale.<\/p>\n<p style=\"font-size: 1.4em; text-align: center;\">Il suo percorso invece sar\u00e0 aperto dalle 11:00 alle 13:00 e dalle<br \/>\n14:30 a circa 30 minuti prima della chiusura del giardino.<br \/>\nChiuso in caso di pioggia.<\/p>\n<p style=\"font-size: 1.4em; text-align: center;\"><em>Ogni mese l\u2019orario di percorribilit\u00e0 del labirinto pu\u00f2 cambiare,<\/em><br \/>\n<em>suggeriamo quindi di informarvi sul suo orario di apertura telefonando al<\/em><br \/>\n<strong>+39\/340\/0825844<\/strong><br \/>\n<em>o scrivendo all&#8217;email<\/em><br \/>\n<strong>info@valsanzibiogiardino.it<\/strong><\/p>\n<p style=\"font-size: 1.4em; text-align: center;\"><strong>&#8212;&#8212;&#8212;&#8212;&#8211; O &#8212;&#8212;&#8212;&#8212;&#8211;<\/strong><\/p>\n<p style=\"font-size: 1.8em; text-align: center;\"><strong>Desiderate fare un regalo speciale<br \/>\na persone speciali?<\/strong><\/p>\n<p style=\"font-size: 2.0em; text-align: center;\"><b><span style=\"color: green;\"><strong>Regalate l\u2019ingresso al<br \/>\nGiardino Monumentale di Valsanzibio.<\/strong><\/span><\/b><\/p>\nngg_shortcode_6_placeholder\n<p style=\"font-size: 1.5em; text-align: justify;\">Un dono gradito agli amanti dell\u2019 Arte e Natura e, al tempo stesso, Arte e Natura del Giardino ringraziano sentitamente del contributo.<\/p>\n<p style=\"font-size: 1.5em; text-align: justify;\">Sarete anche voi partecipi al mantenimento di un bene storico-artistico-botanico che visitatori da tutto il mondo apprezzano e ammirano.<\/p>\n<p style=\"font-size: 1.5em; text-align: center;\">Per informazioni:<\/p>\n<p style=\"font-size: 1.6em; text-align: center;\"><em><strong>340 0825844<\/strong><\/em><br \/>\n<em><strong> info@valsanzibiogiardino.it<\/strong><\/em><\/p>\n<p style=\"font-size: 1.6em; text-align: center;\"><strong>&#8212;&#8212;&#8212;&#8212;&#8211; O &#8212;&#8212;&#8212;&#8212;&#8211;<\/strong><\/p>\n<p style=\"font-size: 1.6em; text-align: center;\"><strong>INFINE VI segnaliamo&#8230;<\/strong><\/p>\n<p style=\"font-size: 2.6em; text-align: center;\"><a href=\"https:\/\/www.kickstarter.com\/projects\/1203174801\/giardino-di-valsanzibio\" target=\"_blank\" rel=\"noopener noreferrer\"><em><strong><span style=\"color: #475400;\">&#8216;VALSANZIBIO&#8217;<\/span><\/strong><\/em><\/a><\/p>\nngg_shortcode_7_placeholder\n<p style=\"font-size: 2.2em; text-align: center;\"><img decoding=\"async\" src=\"https:\/\/ksr-ugc.imgix.net\/assets\/017\/017\/241\/63f609366f6fec575d9d6ba8af80fecd_original.jpg?w=680&amp;fit=max&amp;v=1496933126&amp;auto=format&amp;q=92&amp;s=84e92847d9d457da48c22a523a0109c2\" alt=\"Preview of the book\"><\/p>\n<p style=\"font-size: 1.5em; text-align: justify;\">un opera scritta da <strong>Luigi Cerantola<\/strong> con fotografie di <strong>Renato D\u2019Agostin<\/strong>, giovane fotografo veneziano che ha gi\u00e0 esposto in prestigiose gallerie d\u2019arte internazionali, tra cui Venezia, New York, Parigi. Alcuni sui scatti realizzati nel Giardino di Valsanzibio appaiono anche sulla facciata <a style=\"font-weight: normal;\" href=\"https:\/\/www.valsanzibiogiardino.com\/it\/ca-martinengo\/\" target=\"_blank\" rel=\"noopener noreferrer\">dell&#8217;antico Casino di caccia denominato <strong>C\u00e0 Martinengo <\/strong>(clicca sopra per conoscere Ca&#8217; Martinengo)<\/a>.<\/p>\n<p style=\"font-size: 1.5em; text-align: justify;\">Da VALSANZIBIO \u00e8 stato tratto il <strong><em>Codice di Valsanzibio<\/em><\/strong>, un libro realizzato secondo tecniche monastiche antiche e composto di 26 grandi pagine (cm. 23,5 x 32) esposte in sequenza. In quest&#8217;opera i 24 Sonetti del poeta <strong>Luigi Cerantola<\/strong>, che prendono avvio dal Sonetto \u201c<em>Curioso viator che in questa parte<\/em>\u201d inciso sulla gradinata che dal Giardino di Valsanzibio immette al Piazzale delle Rivelazioni in fronte a Villa Barbarigo Pizzoni Ardemani (<a href=\"https:\/\/www.valsanzibiogiardino.com\/it\/portfolio-item\/scalinata-sonetto\/\" target=\"_blank\" rel=\"noopener noreferrer\">clicca La Scalinata del Sonetto<\/a>), sono calligrafati su carta giapponese e tutte le 26 pagine sono dipinte da <strong>Alessio Mancino<\/strong>.<\/p>\n<p style=\"font-size: 1.5em; text-align: justify;\">Il codice \u00e8 in linea alla tradizione classica (vedi le <em>Tr\u00e8s Riches Heuresdu Duc de Berry<\/em> del 1415 circa) che intendeva dar veste solenne e imperitura ad un testo calligrafandolo e miniandolo.<\/p>\n<p style=\"font-size: 1.6em; text-align: center;\"><strong>&#8212;&#8212;&#8212;&#8212;&#8211; O &#8212;&#8212;&#8212;&#8212;&#8211;<\/strong><\/p>\n<p style=\"font-size: 1.6em; text-align: justify;\"><strong>Tutte le attivit\u00e0 che si svolgono all\u2019interno del Giardino di Valsanzibio, se non specificato altrimenti, prevedono il regolare ingresso al giardino ed il pagamento del biglietto.<\/strong><\/p>\n<p style=\"font-size: 1.4em; text-align: justify;\">Per ulteriori info seguite gli aggiornamenti QUI alla voce &#8216;<strong>NEWS<\/strong>&#8216; o andate alla nostra pagina di <strong><a href=\"https:\/\/www.facebook.com\/Giardino-Barbarigo-Valsanzibio-1461052934142801\/\" target=\"_blank\" rel=\"noopener noreferrer\">Facebook: Giardino Barbarigo Valsanzibio<\/a><\/strong>.<\/p>\n<!-- AddThis Advanced Settings generic via filter on the_content --><!-- AddThis Share Buttons generic via filter on the_content -->","protected":false},"excerpt":{"rendered":"<p>OTTOBRE Foliage d\u2019autunno nel Giardino Monumentale di Valsanzibio il giardino che porta alla salvezza Vi aspettiamo Siamo in autunno, e sar\u00e0 occasione per regalarsi giornate all\u2019aria aperta dove respirare a pieni polmoni. Godere della bellezza della Natura e ottenere i massimi benefici salutari \u00e8 diventato sempre pi\u00f9 importante, in un anno cos\u00ec anomalo e complicato. [&hellip;]<!-- AddThis Advanced Settings generic via filter on get_the_excerpt --><!-- AddThis Share Buttons generic via filter on get_the_excerpt --><\/p>\n","protected":false},"author":4,"featured_media":21447,"comment_status":"closed","ping_status":"closed","sticky":false,"template":"","format":"standard","meta":{"_monsterinsights_skip_tracking":false,"_monsterinsights_sitenote_active":false,"_monsterinsights_sitenote_note":"","_monsterinsights_sitenote_category":0,"ngg_post_thumbnail":0,"footnotes":""},"categories":[13,17],"tags":[],"class_list":["post-21853","post","type-post","status-publish","format-standard","has-post-thumbnail","hentry","category-eventi","category-news"],"yoast_head":"<!-- This site is optimized with the Yoast SEO plugin v27.3 - https:\/\/yoast.com\/product\/yoast-seo-wordpress\/ -->\n<title>Foliage d\u2019autunno in Giardino - Giardino Storico di Valsanzibio | Villa Barbarigo Pizzoni Ardemani | Galzignano Terme, Padova<\/title>\n<meta name=\"robots\" content=\"index, follow, max-snippet:-1, max-image-preview:large, max-video-preview:-1\" \/>\n<link rel=\"canonical\" href=\"https:\/\/www.valsanzibiogiardino.com\/it\/foliage-dautunno-in-giardino\/\" \/>\n<meta name=\"twitter:label1\" content=\"Scritto da\" \/>\n\t<meta name=\"twitter:data1\" content=\"Staff\" \/>\n\t<meta name=\"twitter:label2\" content=\"Tempo di lettura stimato\" \/>\n\t<meta name=\"twitter:data2\" content=\"8 minuti\" \/>\n<script type=\"application\/ld+json\" class=\"yoast-schema-graph\">{\"@context\":\"https:\\\/\\\/schema.org\",\"@graph\":[{\"@type\":\"Article\",\"@id\":\"https:\\\/\\\/www.valsanzibiogiardino.com\\\/it\\\/foliage-dautunno-in-giardino\\\/#article\",\"isPartOf\":{\"@id\":\"https:\\\/\\\/www.valsanzibiogiardino.com\\\/it\\\/foliage-dautunno-in-giardino\\\/\"},\"author\":{\"name\":\"Staff\",\"@id\":\"https:\\\/\\\/www.valsanzibiogiardino.com\\\/it\\\/#\\\/schema\\\/person\\\/f6b11a7fbc16b7bd8b7dff8c277936bb\"},\"headline\":\"Foliage d\u2019autunno in Giardino\",\"datePublished\":\"2020-10-06T15:59:51+00:00\",\"mainEntityOfPage\":{\"@id\":\"https:\\\/\\\/www.valsanzibiogiardino.com\\\/it\\\/foliage-dautunno-in-giardino\\\/\"},\"wordCount\":1624,\"image\":{\"@id\":\"https:\\\/\\\/www.valsanzibiogiardino.com\\\/it\\\/foliage-dautunno-in-giardino\\\/#primaryimage\"},\"thumbnailUrl\":\"https:\\\/\\\/www.valsanzibiogiardino.com\\\/wp-content\\\/uploads\\\/2019\\\/09\\\/FotoAutunno_VialeIride_2017.jpg\",\"articleSection\":[\"EVENTI\",\"NEWS\"],\"inLanguage\":\"it-IT\"},{\"@type\":\"WebPage\",\"@id\":\"https:\\\/\\\/www.valsanzibiogiardino.com\\\/it\\\/foliage-dautunno-in-giardino\\\/\",\"url\":\"https:\\\/\\\/www.valsanzibiogiardino.com\\\/it\\\/foliage-dautunno-in-giardino\\\/\",\"name\":\"Foliage d\u2019autunno in Giardino - Giardino Storico di Valsanzibio | Villa Barbarigo Pizzoni Ardemani | Galzignano Terme, Padova\",\"isPartOf\":{\"@id\":\"https:\\\/\\\/www.valsanzibiogiardino.com\\\/it\\\/#website\"},\"primaryImageOfPage\":{\"@id\":\"https:\\\/\\\/www.valsanzibiogiardino.com\\\/it\\\/foliage-dautunno-in-giardino\\\/#primaryimage\"},\"image\":{\"@id\":\"https:\\\/\\\/www.valsanzibiogiardino.com\\\/it\\\/foliage-dautunno-in-giardino\\\/#primaryimage\"},\"thumbnailUrl\":\"https:\\\/\\\/www.valsanzibiogiardino.com\\\/wp-content\\\/uploads\\\/2019\\\/09\\\/FotoAutunno_VialeIride_2017.jpg\",\"datePublished\":\"2020-10-06T15:59:51+00:00\",\"author\":{\"@id\":\"https:\\\/\\\/www.valsanzibiogiardino.com\\\/it\\\/#\\\/schema\\\/person\\\/f6b11a7fbc16b7bd8b7dff8c277936bb\"},\"breadcrumb\":{\"@id\":\"https:\\\/\\\/www.valsanzibiogiardino.com\\\/it\\\/foliage-dautunno-in-giardino\\\/#breadcrumb\"},\"inLanguage\":\"it-IT\",\"potentialAction\":[{\"@type\":\"ReadAction\",\"target\":[\"https:\\\/\\\/www.valsanzibiogiardino.com\\\/it\\\/foliage-dautunno-in-giardino\\\/\"]}]},{\"@type\":\"ImageObject\",\"inLanguage\":\"it-IT\",\"@id\":\"https:\\\/\\\/www.valsanzibiogiardino.com\\\/it\\\/foliage-dautunno-in-giardino\\\/#primaryimage\",\"url\":\"https:\\\/\\\/www.valsanzibiogiardino.com\\\/wp-content\\\/uploads\\\/2019\\\/09\\\/FotoAutunno_VialeIride_2017.jpg\",\"contentUrl\":\"https:\\\/\\\/www.valsanzibiogiardino.com\\\/wp-content\\\/uploads\\\/2019\\\/09\\\/FotoAutunno_VialeIride_2017.jpg\",\"width\":960,\"height\":640},{\"@type\":\"BreadcrumbList\",\"@id\":\"https:\\\/\\\/www.valsanzibiogiardino.com\\\/it\\\/foliage-dautunno-in-giardino\\\/#breadcrumb\",\"itemListElement\":[{\"@type\":\"ListItem\",\"position\":1,\"name\":\"Home\",\"item\":\"https:\\\/\\\/www.valsanzibiogiardino.com\\\/it\\\/\"},{\"@type\":\"ListItem\",\"position\":2,\"name\":\"Foliage d\u2019autunno in Giardino\"}]},{\"@type\":\"WebSite\",\"@id\":\"https:\\\/\\\/www.valsanzibiogiardino.com\\\/it\\\/#website\",\"url\":\"https:\\\/\\\/www.valsanzibiogiardino.com\\\/it\\\/\",\"name\":\"Giardino Storico di Valsanzibio | Villa Barbarigo Pizzoni Ardemani | Galzignano Terme, Padova\",\"description\":\"Il Giardino Storico di Valsanzibio si trova a Galzignano Terme, in provincia di Padova, ed \u00e8 uno dei pi\u00f9 estesi ed integri giardini d\u2019Epoca mondiali.\",\"potentialAction\":[{\"@type\":\"SearchAction\",\"target\":{\"@type\":\"EntryPoint\",\"urlTemplate\":\"https:\\\/\\\/www.valsanzibiogiardino.com\\\/it\\\/?s={search_term_string}\"},\"query-input\":{\"@type\":\"PropertyValueSpecification\",\"valueRequired\":true,\"valueName\":\"search_term_string\"}}],\"inLanguage\":\"it-IT\"},{\"@type\":\"Person\",\"@id\":\"https:\\\/\\\/www.valsanzibiogiardino.com\\\/it\\\/#\\\/schema\\\/person\\\/f6b11a7fbc16b7bd8b7dff8c277936bb\",\"name\":\"Staff\",\"url\":\"https:\\\/\\\/www.valsanzibiogiardino.com\\\/it\\\/author\\\/staff\\\/\"}]}<\/script>\n<!-- \/ Yoast SEO plugin. -->","yoast_head_json":{"title":"Foliage d\u2019autunno in Giardino - Giardino Storico di Valsanzibio | Villa Barbarigo Pizzoni Ardemani | Galzignano Terme, Padova","robots":{"index":"index","follow":"follow","max-snippet":"max-snippet:-1","max-image-preview":"max-image-preview:large","max-video-preview":"max-video-preview:-1"},"canonical":"https:\/\/www.valsanzibiogiardino.com\/it\/foliage-dautunno-in-giardino\/","twitter_misc":{"Scritto da":"Staff","Tempo di lettura stimato":"8 minuti"},"schema":{"@context":"https:\/\/schema.org","@graph":[{"@type":"Article","@id":"https:\/\/www.valsanzibiogiardino.com\/it\/foliage-dautunno-in-giardino\/#article","isPartOf":{"@id":"https:\/\/www.valsanzibiogiardino.com\/it\/foliage-dautunno-in-giardino\/"},"author":{"name":"Staff","@id":"https:\/\/www.valsanzibiogiardino.com\/it\/#\/schema\/person\/f6b11a7fbc16b7bd8b7dff8c277936bb"},"headline":"Foliage d\u2019autunno in Giardino","datePublished":"2020-10-06T15:59:51+00:00","mainEntityOfPage":{"@id":"https:\/\/www.valsanzibiogiardino.com\/it\/foliage-dautunno-in-giardino\/"},"wordCount":1624,"image":{"@id":"https:\/\/www.valsanzibiogiardino.com\/it\/foliage-dautunno-in-giardino\/#primaryimage"},"thumbnailUrl":"https:\/\/www.valsanzibiogiardino.com\/wp-content\/uploads\/2019\/09\/FotoAutunno_VialeIride_2017.jpg","articleSection":["EVENTI","NEWS"],"inLanguage":"it-IT"},{"@type":"WebPage","@id":"https:\/\/www.valsanzibiogiardino.com\/it\/foliage-dautunno-in-giardino\/","url":"https:\/\/www.valsanzibiogiardino.com\/it\/foliage-dautunno-in-giardino\/","name":"Foliage d\u2019autunno in Giardino - Giardino Storico di Valsanzibio | Villa Barbarigo Pizzoni Ardemani | Galzignano Terme, Padova","isPartOf":{"@id":"https:\/\/www.valsanzibiogiardino.com\/it\/#website"},"primaryImageOfPage":{"@id":"https:\/\/www.valsanzibiogiardino.com\/it\/foliage-dautunno-in-giardino\/#primaryimage"},"image":{"@id":"https:\/\/www.valsanzibiogiardino.com\/it\/foliage-dautunno-in-giardino\/#primaryimage"},"thumbnailUrl":"https:\/\/www.valsanzibiogiardino.com\/wp-content\/uploads\/2019\/09\/FotoAutunno_VialeIride_2017.jpg","datePublished":"2020-10-06T15:59:51+00:00","author":{"@id":"https:\/\/www.valsanzibiogiardino.com\/it\/#\/schema\/person\/f6b11a7fbc16b7bd8b7dff8c277936bb"},"breadcrumb":{"@id":"https:\/\/www.valsanzibiogiardino.com\/it\/foliage-dautunno-in-giardino\/#breadcrumb"},"inLanguage":"it-IT","potentialAction":[{"@type":"ReadAction","target":["https:\/\/www.valsanzibiogiardino.com\/it\/foliage-dautunno-in-giardino\/"]}]},{"@type":"ImageObject","inLanguage":"it-IT","@id":"https:\/\/www.valsanzibiogiardino.com\/it\/foliage-dautunno-in-giardino\/#primaryimage","url":"https:\/\/www.valsanzibiogiardino.com\/wp-content\/uploads\/2019\/09\/FotoAutunno_VialeIride_2017.jpg","contentUrl":"https:\/\/www.valsanzibiogiardino.com\/wp-content\/uploads\/2019\/09\/FotoAutunno_VialeIride_2017.jpg","width":960,"height":640},{"@type":"BreadcrumbList","@id":"https:\/\/www.valsanzibiogiardino.com\/it\/foliage-dautunno-in-giardino\/#breadcrumb","itemListElement":[{"@type":"ListItem","position":1,"name":"Home","item":"https:\/\/www.valsanzibiogiardino.com\/it\/"},{"@type":"ListItem","position":2,"name":"Foliage d\u2019autunno in Giardino"}]},{"@type":"WebSite","@id":"https:\/\/www.valsanzibiogiardino.com\/it\/#website","url":"https:\/\/www.valsanzibiogiardino.com\/it\/","name":"Giardino Storico di Valsanzibio | Villa Barbarigo Pizzoni Ardemani | Galzignano Terme, Padova","description":"Il Giardino Storico di Valsanzibio si trova a Galzignano Terme, in provincia di Padova, ed \u00e8 uno dei pi\u00f9 estesi ed integri giardini d\u2019Epoca mondiali.","potentialAction":[{"@type":"SearchAction","target":{"@type":"EntryPoint","urlTemplate":"https:\/\/www.valsanzibiogiardino.com\/it\/?s={search_term_string}"},"query-input":{"@type":"PropertyValueSpecification","valueRequired":true,"valueName":"search_term_string"}}],"inLanguage":"it-IT"},{"@type":"Person","@id":"https:\/\/www.valsanzibiogiardino.com\/it\/#\/schema\/person\/f6b11a7fbc16b7bd8b7dff8c277936bb","name":"Staff","url":"https:\/\/www.valsanzibiogiardino.com\/it\/author\/staff\/"}]}},"_links":{"self":[{"href":"https:\/\/www.valsanzibiogiardino.com\/it\/wp-json\/wp\/v2\/posts\/21853","targetHints":{"allow":["GET"]}}],"collection":[{"href":"https:\/\/www.valsanzibiogiardino.com\/it\/wp-json\/wp\/v2\/posts"}],"about":[{"href":"https:\/\/www.valsanzibiogiardino.com\/it\/wp-json\/wp\/v2\/types\/post"}],"author":[{"embeddable":true,"href":"https:\/\/www.valsanzibiogiardino.com\/it\/wp-json\/wp\/v2\/users\/4"}],"replies":[{"embeddable":true,"href":"https:\/\/www.valsanzibiogiardino.com\/it\/wp-json\/wp\/v2\/comments?post=21853"}],"version-history":[{"count":0,"href":"https:\/\/www.valsanzibiogiardino.com\/it\/wp-json\/wp\/v2\/posts\/21853\/revisions"}],"wp:featuredmedia":[{"embeddable":true,"href":"https:\/\/www.valsanzibiogiardino.com\/it\/wp-json\/wp\/v2\/media\/21447"}],"wp:attachment":[{"href":"https:\/\/www.valsanzibiogiardino.com\/it\/wp-json\/wp\/v2\/media?parent=21853"}],"wp:term":[{"taxonomy":"category","embeddable":true,"href":"https:\/\/www.valsanzibiogiardino.com\/it\/wp-json\/wp\/v2\/categories?post=21853"},{"taxonomy":"post_tag","embeddable":true,"href":"https:\/\/www.valsanzibiogiardino.com\/it\/wp-json\/wp\/v2\/tags?post=21853"}],"curies":[{"name":"wp","href":"https:\/\/api.w.org\/{rel}","templated":true}]}}