{"id":21658,"date":"2020-04-13T03:08:34","date_gmt":"2020-04-13T01:08:34","guid":{"rendered":"https:\/\/www.valsanzibiogiardino.com\/?p=21658"},"modified":"2020-04-14T15:45:43","modified_gmt":"2020-04-14T13:45:43","slug":"aiutaci-a-preservare-il-giardino-monumentale-di-valsanzibio","status":"publish","type":"post","link":"https:\/\/www.valsanzibiogiardino.com\/it\/aiutaci-a-preservare-il-giardino-monumentale-di-valsanzibio\/","title":{"rendered":"AIUTACI A PRESERVARE IL GIARDINO MONUMENTALE DI VALSANZIBIO"},"content":{"rendered":"<div class=\"wpb-content-wrapper\"><p>[vc_section][vc_row][vc_column][vc_column_text]<span style=\"font-weight: 400;\">Il Giardino di Valsanzibio ha chiuso i cancelli a marzo e aprile 2020, ma i lavori di manutenzione non si sono mai fermati e mai si possono fermare.<\/span>[\/vc_column_text]<div  class=\"wpb_content_element   clearfix\"><style type=\"text\/css\">#ut_am_69f19e1e13ff6 { opacity: 1; }#ut_am_wrap_69f19e1e13ff8 .ut-image-gallery-item-caption-title h3 { letter-spacing: 0em; }#ut_am_wrap_69f19e1e13ff8 .ut-gallery-slider-caption { font-weight: bold; }#ut_am_wrap_69f19e1e13ff8 { text-align: center; }@media (min-width: 768px) and (max-width: 1024px) { #ut_am_wrap_69f19e1e13ff8 { text-align: center !important; } }@media (max-width: 767px) { #ut_am_wrap_69f19e1e13ff8 { text-align: center !important; } }<\/style><div id=\"ut_am_wrap_69f19e1e13ff8\" class=\"ut-image-gallery-image \"><div id=\"ut_reveal_69f19e1e13ff9\"  data-appear-top-offset=\"auto\" class=\"ut-animated-image-item ut-image-gallery-item ut-animation-done \"><a class=\"ut-deactivated-link\" href=\"#\"><div class=\"ut-animated-image-zoom\"><img loading=\"lazy\" decoding=\"async\" class=\"ut-lazy skip-lazy ut-animated-image \"  id=\"ut_am_69f19e1e13ff6\" src=\"data:image\/svg+xml;charset=utf-8,%3Csvg xmlns%3D'http%3A%2F%2Fwww.w3.org%2F2000%2Fsvg' viewBox%3D'0 0 650 433'%2F%3E\" data-src=\"https:\/\/www.valsanzibiogiardino.com\/wp-content\/uploads\/2019\/01\/Position-in-the-garden-650x433.jpg\" width=\"650\" height=\"433\" alt=\"\"\/><\/div><\/a><\/div><\/div><\/div>[vc_column_text]<span style=\"font-weight: 400;\">La potatura dei bossi secolari, la cura delle piante da tutto il mondo, la nutrizione dei nostri animali, i cigni, i conigli, richiede un lavoro quotidiano, giorno dopo giorno.<\/span><\/p>\n<p style=\"font-size: 1.5em; text-align: center;\"><em><b><span style=\"color: green;\">Se vuoi essere al nostro fianco nella cura<br \/>\ndel Giardino Monumentale di Valsanzibio<br \/>\npuoi acquistare subito oggi i biglietti on line<br \/>\nvalidi per tutto il 2020!<\/span><\/b><\/em><\/p>\n<p><span style=\"font-weight: 400;\">Acquista ora e potrai poi utilizzare il biglietto quando vorrai, nell\u2019arco di tutto 2020 (Marted\u00ec 8 Dicembre, chiusura ufficiale della stagione 2020).<\/span>[\/vc_column_text]<style type=\"text\/css\">#bklyn_btn_69f19e1e14193 .bklyn-btn { color:#fcfcfc !important; background-color:#157515 !important; }#bklyn_btn_69f19e1e14193 .bklyn-btn:hover{ color:#ffffff !important; background-color:#000000 !important; }#bklyn_btn_69f19e1e14193 .bklyn-btn:focus{ color:#ffffff !important; background-color:#000000 !important; }#bklyn_btn_69f19e1e14193 .bklyn-btn:active { color:#ffffff !important; background-color:#000000 !important; }<\/style><div id=\"bklyn_btn_69f19e1e14193\" class=\"bklyn-btn-holder  bklyn-btn-center bklyn-btn-tablet-center bklyn-btn-mobile-center\"><a title=\"\"   href=\"https:\/\/visit.valsanzibiogiardino.com\/\" target=\"_self\" class=\"bklyn-btn  bklyn-btn-large\" ><span class=\"ut-btn-text\">CLICCA QUI PER ACQUISTARE IL TUO BIGLIETTO<\/span><\/a><\/div>[vc_column_text]<span style=\"font-weight: 400;\">Se vuoi essere al nostro fianco anche in un momento cos\u00ec difficile, segnato dalla pandemia, regala l\u2019ingresso a chi vuoi bene e a chi ama la Natura e l\u2019Arte.<\/span><\/p>\n<p><span style=\"font-weight: 400;\">In questo modo sarai un sostenitore del Giardino, la cui manutenzione \u00e8 assicurata e autofinanziata dai visitatori.<\/span><\/p>\n<p><span style=\"font-weight: 400;\">Con il tuo gesto potrai dare un aiuto concreto al mantenimento di questo luogo magico realizzato oltre 350 anni fa di seguito ad un voto a Dio fatto dalla nobile famiglia veneziana Barbarigo, per ringraziare che era stata finalmente sconfitta la terribile peste del 1630\/31.<\/span><\/p>\n<p><span style=\"font-weight: 400;\">Dopo quasi 400 anni il mondo ha conosciuto la pandemia, un momento che ha messo a dura prova oltre un terzo della popolazione mondiale&#8230;m<\/span><span style=\"font-weight: 400;\">a i momenti bui si possono vincere, assieme sar\u00e0 meno difficile.<\/span><\/p>\n<p>Acquistando il biglietto online, entro Marted\u00ec 8 Dicembre 2020 e durante i regolari orari di visita, potrai venire a visitarci quando vorrai.&nbsp; Per favore, se possibile, Vi chiediamo di dare conferma della Vostra visita con qualche giorno di anticipo, al fine di assicurarvi la miglior accoglienza (conferme o via mail &#8211; info@valsanzibiogiardino.it &#8211; o telefonando al +39\/340\/0825844).[\/vc_column_text]<div  class=\"wpb_content_element   clearfix\"><style type=\"text\/css\">#ut_am_69f19e1e14c1b { opacity: 1; }#ut_am_wrap_69f19e1e14c1d .ut-image-gallery-item-caption-title h3 { letter-spacing: 0em; }#ut_am_wrap_69f19e1e14c1d .ut-gallery-slider-caption { font-weight: bold; }#ut_am_wrap_69f19e1e14c1d { text-align: center; }@media (min-width: 768px) and (max-width: 1024px) { #ut_am_wrap_69f19e1e14c1d { text-align: center !important; } }@media (max-width: 767px) { #ut_am_wrap_69f19e1e14c1d { text-align: center !important; } }<\/style><div id=\"ut_am_wrap_69f19e1e14c1d\" class=\"ut-image-gallery-image \"><div id=\"ut_reveal_69f19e1e14c1e\"  data-appear-top-offset=\"auto\" class=\"ut-animated-image-item ut-image-gallery-item ut-animation-done \"><a class=\"ut-deactivated-link\" href=\"#\"><div class=\"ut-animated-image-zoom\"><img loading=\"lazy\" decoding=\"async\" class=\"ut-lazy skip-lazy ut-animated-image \"  id=\"ut_am_69f19e1e14c1b\" src=\"data:image\/svg+xml;charset=utf-8,%3Csvg xmlns%3D'http%3A%2F%2Fwww.w3.org%2F2000%2Fsvg' viewBox%3D'0 0 1024 683'%2F%3E\" data-src=\"https:\/\/www.valsanzibiogiardino.com\/wp-content\/uploads\/2015\/06\/FotoAereaPadiglioneD_Decumano_Email.jpg\" width=\"1024\" height=\"683\" alt=\"\"\/><\/div><\/a><\/div><\/div><\/div>[vc_column_text]<span style=\"font-weight: 400;\">Quando sar\u00e0 possibile ritornare all\u2019aria aperta, il Giardino, ampio oltre 10 ettari,&nbsp; in qualsiasi momento pu\u00f2 assicurare distanze di sicurezza e totale rispetto delle norme igienico sanitarie imposte al fine di tutelare la salute di ognuno. Inoltre potrete trovare il vostro angolo di paradiso e fare pic nic a distanza di sicurezza da altri visitatori.<\/span>[\/vc_column_text]<div  class=\"wpb_content_element   clearfix\"><style type=\"text\/css\">#ut_am_69f19e1e156ab { opacity: 1; }#ut_am_wrap_69f19e1e156ac .ut-image-gallery-item-caption-title h3 { letter-spacing: 0em; }#ut_am_wrap_69f19e1e156ac .ut-gallery-slider-caption { font-weight: bold; }#ut_am_wrap_69f19e1e156ac { text-align: center; }@media (min-width: 768px) and (max-width: 1024px) { #ut_am_wrap_69f19e1e156ac { text-align: center !important; } }@media (max-width: 767px) { #ut_am_wrap_69f19e1e156ac { text-align: center !important; } }<\/style><div id=\"ut_am_wrap_69f19e1e156ac\" class=\"ut-image-gallery-image \"><div id=\"ut_reveal_69f19e1e156ad\"  data-appear-top-offset=\"auto\" class=\"ut-animated-image-item ut-image-gallery-item ut-animation-done \"><a class=\"ut-deactivated-link\" href=\"#\"><div class=\"ut-animated-image-zoom\"><img loading=\"lazy\" decoding=\"async\" class=\"ut-lazy skip-lazy ut-animated-image \"  id=\"ut_am_69f19e1e156ab\" src=\"data:image\/svg+xml;charset=utf-8,%3Csvg xmlns%3D'http%3A%2F%2Fwww.w3.org%2F2000%2Fsvg' viewBox%3D'0 0 1002 527'%2F%3E\" data-src=\"https:\/\/www.valsanzibiogiardino.com\/wp-content\/uploads\/2019\/01\/Birds-Eye-View.jpg\" width=\"1002\" height=\"527\" alt=\"\"\/><\/div><\/a><\/div><\/div><\/div>[vc_column_text]<span style=\"font-weight: 400;\">Passeggiare nel Giardino monumentale di Valsanzibio, seguire il percorso simbolico voluto da San Gregorio Barbarigo su progetto del fontaniere pontificio Luigi Bernini, tra peschiere, fontane, scherzi d\u2019acqua, alberi secolari dai quattro continenti, il labirinto in bosso tra i pi\u00f9 antichi al mondo, fino ad arrivare al Piazzale delle Rivelazioni, \u00e8 un modo per Rinascere e Rigenerarsi, una immersione totale nella positivit\u00e0 e nella bellezza.<\/span>[\/vc_column_text]<div  class=\"wpb_content_element   clearfix\"><style type=\"text\/css\">#ut_am_69f19e1e16147 { opacity: 1; }#ut_am_wrap_69f19e1e16149 .ut-image-gallery-item-caption-title h3 { letter-spacing: 0em; }#ut_am_wrap_69f19e1e16149 .ut-gallery-slider-caption { font-weight: bold; }#ut_am_wrap_69f19e1e16149 { text-align: center; }@media (min-width: 768px) and (max-width: 1024px) { #ut_am_wrap_69f19e1e16149 { text-align: center !important; } }@media (max-width: 767px) { #ut_am_wrap_69f19e1e16149 { text-align: center !important; } }<\/style><div id=\"ut_am_wrap_69f19e1e16149\" class=\"ut-image-gallery-image \"><div id=\"ut_reveal_69f19e1e1614a\"  data-appear-top-offset=\"auto\" class=\"ut-animated-image-item ut-image-gallery-item ut-animation-done \"><a class=\"ut-deactivated-link\" href=\"#\"><div class=\"ut-animated-image-zoom\"><img loading=\"lazy\" decoding=\"async\" class=\"ut-lazy skip-lazy ut-animated-image \"  id=\"ut_am_69f19e1e16147\" src=\"data:image\/svg+xml;charset=utf-8,%3Csvg xmlns%3D'http%3A%2F%2Fwww.w3.org%2F2000%2Fsvg' viewBox%3D'0 0 1024 768'%2F%3E\" data-src=\"https:\/\/www.valsanzibiogiardino.com\/wp-content\/uploads\/2017\/07\/GrottePeschieraVenti_1_Low.jpg\" width=\"1024\" height=\"768\" alt=\"Grotte Peschiera Venti\"\/><\/div><\/a><\/div><\/div><\/div>[vc_column_text]Se quest&#8217;anno non sei in grado di venirci a trovare o desideri sostenerci in altri modi, puoi diventare un &#8216;supporter&#8217; del Giardino Monumentale di Valsanzibio effettuando una donazione tramite PayPal (pulsante in basso).<\/p>\n<p>Tutte le persone che doneranno pi\u00f9 di 50 \u20ac saranno invitate ad un evento esclusivo nel 2021, dove insieme festeggeremo la natura, l&#8217;arte e la tutela del Giardino Monumentale di Valsanzibio con il suo messaggio di speranza e salvezza molto attuale in questi tempi difficili.<\/p>\n<p><span style=\"font-weight: 400;\">Grazie per tutto quello che potrai fare.<\/span><\/p>\n<p>&nbsp;[\/vc_column_text]<style type=\"text\/css\">#bklyn_btn_69f19e1e16206 .bklyn-btn { color:#fcfcfc !important; background-color:#157515 !important; }#bklyn_btn_69f19e1e16206 .bklyn-btn:hover{ color:#ffffff !important; background-color:#000000 !important; }#bklyn_btn_69f19e1e16206 .bklyn-btn:focus{ color:#ffffff !important; background-color:#000000 !important; }#bklyn_btn_69f19e1e16206 .bklyn-btn:active { color:#ffffff !important; background-color:#000000 !important; }<\/style><div id=\"bklyn_btn_69f19e1e16206\" class=\"bklyn-btn-holder  bklyn-btn-center bklyn-btn-tablet-center bklyn-btn-mobile-center\"><a title=\"\"   href=\"http:\/\/paypal.me\/valsanzibio\" target=\"_blank\" class=\"bklyn-btn  bklyn-btn-large\" ><span class=\"ut-btn-text\">DONAZIONI VIA PAYPAL<\/span><\/a><\/div><div  class=\"wpb_content_element   clearfix\"><style type=\"text\/css\">#ut_am_69f19e1e16c4b { opacity: 1; }#ut_am_wrap_69f19e1e16c4d .ut-image-gallery-item-caption-title h3 { letter-spacing: 0em; }#ut_am_wrap_69f19e1e16c4d .ut-gallery-slider-caption { font-weight: bold; }#ut_am_wrap_69f19e1e16c4d { text-align: center; }@media (min-width: 768px) and (max-width: 1024px) { #ut_am_wrap_69f19e1e16c4d { text-align: center !important; } }@media (max-width: 767px) { #ut_am_wrap_69f19e1e16c4d { text-align: center !important; } }<\/style><div id=\"ut_am_wrap_69f19e1e16c4d\" class=\"ut-image-gallery-image \"><div id=\"ut_reveal_69f19e1e16c4e\"  data-appear-top-offset=\"auto\" class=\"ut-animated-image-item ut-image-gallery-item ut-animation-done \"><a class=\"ut-deactivated-link\" href=\"#\"><div class=\"ut-animated-image-zoom\"><img loading=\"lazy\" decoding=\"async\" class=\"ut-lazy skip-lazy ut-animated-image \"  id=\"ut_am_69f19e1e16c4b\" src=\"data:image\/svg+xml;charset=utf-8,%3Csvg xmlns%3D'http%3A%2F%2Fwww.w3.org%2F2000%2Fsvg' viewBox%3D'0 0 1024 576'%2F%3E\" data-src=\"https:\/\/www.valsanzibiogiardino.com\/wp-content\/uploads\/2017\/02\/PortaleDiana2_0514_low.jpg\" width=\"1024\" height=\"576\" alt=\"Portale di Diana\"\/><\/div><\/a><\/div><\/div><\/div>[\/vc_column][\/vc_row][\/vc_section]<\/p>\n<\/div><!-- AddThis Advanced Settings generic via filter on the_content --><!-- AddThis Share Buttons generic via filter on the_content -->","protected":false},"excerpt":{"rendered":"<p>[vc_section][vc_row][vc_column][vc_column_text]Il Giardino di Valsanzibio ha chiuso i cancelli a marzo e aprile 2020, ma i lavori di manutenzione non si sono mai fermati e mai si possono fermare.[\/vc_column_text][vc_column_text]La potatura dei bossi secolari, la cura delle piante da tutto il mondo, la nutrizione dei nostri animali, i cigni, i conigli, richiede un lavoro quotidiano, giorno dopo [&hellip;]<!-- AddThis Advanced Settings generic via filter on get_the_excerpt --><!-- AddThis Share Buttons generic via filter on get_the_excerpt --><\/p>\n","protected":false},"author":12,"featured_media":18752,"comment_status":"closed","ping_status":"closed","sticky":false,"template":"","format":"standard","meta":{"_monsterinsights_skip_tracking":false,"_monsterinsights_sitenote_active":false,"_monsterinsights_sitenote_note":"","_monsterinsights_sitenote_category":0,"ngg_post_thumbnail":0,"footnotes":""},"categories":[17],"tags":[],"class_list":["post-21658","post","type-post","status-publish","format-standard","has-post-thumbnail","hentry","category-news"],"yoast_head":"<!-- This site is optimized with the Yoast SEO plugin v27.3 - https:\/\/yoast.com\/product\/yoast-seo-wordpress\/ -->\n<title>AIUTACI A PRESERVARE IL GIARDINO MONUMENTALE DI VALSANZIBIO - Giardino Storico di Valsanzibio | Villa Barbarigo Pizzoni Ardemani | Galzignano Terme, Padova<\/title>\n<meta name=\"robots\" content=\"index, follow, max-snippet:-1, max-image-preview:large, max-video-preview:-1\" \/>\n<link rel=\"canonical\" href=\"https:\/\/www.valsanzibiogiardino.com\/it\/aiutaci-a-preservare-il-giardino-monumentale-di-valsanzibio\/\" \/>\n<meta name=\"twitter:label1\" content=\"Scritto da\" \/>\n\t<meta name=\"twitter:data1\" content=\"Armando Pizzoni Ardemani\" \/>\n\t<meta name=\"twitter:label2\" content=\"Tempo di lettura stimato\" \/>\n\t<meta name=\"twitter:data2\" content=\"7 minuti\" \/>\n<script type=\"application\/ld+json\" class=\"yoast-schema-graph\">{\"@context\":\"https:\\\/\\\/schema.org\",\"@graph\":[{\"@type\":\"Article\",\"@id\":\"https:\\\/\\\/www.valsanzibiogiardino.com\\\/it\\\/aiutaci-a-preservare-il-giardino-monumentale-di-valsanzibio\\\/#article\",\"isPartOf\":{\"@id\":\"https:\\\/\\\/www.valsanzibiogiardino.com\\\/it\\\/aiutaci-a-preservare-il-giardino-monumentale-di-valsanzibio\\\/\"},\"author\":{\"name\":\"Armando Pizzoni Ardemani\",\"@id\":\"https:\\\/\\\/www.valsanzibiogiardino.com\\\/it\\\/#\\\/schema\\\/person\\\/18472577502d12eb53afbdd3a29dae3d\"},\"headline\":\"AIUTACI A PRESERVARE IL GIARDINO MONUMENTALE DI VALSANZIBIO\",\"datePublished\":\"2020-04-13T01:08:34+00:00\",\"dateModified\":\"2020-04-14T13:45:43+00:00\",\"mainEntityOfPage\":{\"@id\":\"https:\\\/\\\/www.valsanzibiogiardino.com\\\/it\\\/aiutaci-a-preservare-il-giardino-monumentale-di-valsanzibio\\\/\"},\"wordCount\":1454,\"image\":{\"@id\":\"https:\\\/\\\/www.valsanzibiogiardino.com\\\/it\\\/aiutaci-a-preservare-il-giardino-monumentale-di-valsanzibio\\\/#primaryimage\"},\"thumbnailUrl\":\"https:\\\/\\\/www.valsanzibiogiardino.com\\\/wp-content\\\/uploads\\\/2019\\\/01\\\/Link-from-Garden.jpg\",\"articleSection\":[\"NEWS\"],\"inLanguage\":\"it-IT\"},{\"@type\":\"WebPage\",\"@id\":\"https:\\\/\\\/www.valsanzibiogiardino.com\\\/it\\\/aiutaci-a-preservare-il-giardino-monumentale-di-valsanzibio\\\/\",\"url\":\"https:\\\/\\\/www.valsanzibiogiardino.com\\\/it\\\/aiutaci-a-preservare-il-giardino-monumentale-di-valsanzibio\\\/\",\"name\":\"AIUTACI A PRESERVARE IL GIARDINO MONUMENTALE DI VALSANZIBIO - Giardino Storico di Valsanzibio | Villa Barbarigo Pizzoni Ardemani | Galzignano Terme, Padova\",\"isPartOf\":{\"@id\":\"https:\\\/\\\/www.valsanzibiogiardino.com\\\/it\\\/#website\"},\"primaryImageOfPage\":{\"@id\":\"https:\\\/\\\/www.valsanzibiogiardino.com\\\/it\\\/aiutaci-a-preservare-il-giardino-monumentale-di-valsanzibio\\\/#primaryimage\"},\"image\":{\"@id\":\"https:\\\/\\\/www.valsanzibiogiardino.com\\\/it\\\/aiutaci-a-preservare-il-giardino-monumentale-di-valsanzibio\\\/#primaryimage\"},\"thumbnailUrl\":\"https:\\\/\\\/www.valsanzibiogiardino.com\\\/wp-content\\\/uploads\\\/2019\\\/01\\\/Link-from-Garden.jpg\",\"datePublished\":\"2020-04-13T01:08:34+00:00\",\"dateModified\":\"2020-04-14T13:45:43+00:00\",\"author\":{\"@id\":\"https:\\\/\\\/www.valsanzibiogiardino.com\\\/it\\\/#\\\/schema\\\/person\\\/18472577502d12eb53afbdd3a29dae3d\"},\"breadcrumb\":{\"@id\":\"https:\\\/\\\/www.valsanzibiogiardino.com\\\/it\\\/aiutaci-a-preservare-il-giardino-monumentale-di-valsanzibio\\\/#breadcrumb\"},\"inLanguage\":\"it-IT\",\"potentialAction\":[{\"@type\":\"ReadAction\",\"target\":[\"https:\\\/\\\/www.valsanzibiogiardino.com\\\/it\\\/aiutaci-a-preservare-il-giardino-monumentale-di-valsanzibio\\\/\"]}]},{\"@type\":\"ImageObject\",\"inLanguage\":\"it-IT\",\"@id\":\"https:\\\/\\\/www.valsanzibiogiardino.com\\\/it\\\/aiutaci-a-preservare-il-giardino-monumentale-di-valsanzibio\\\/#primaryimage\",\"url\":\"https:\\\/\\\/www.valsanzibiogiardino.com\\\/wp-content\\\/uploads\\\/2019\\\/01\\\/Link-from-Garden.jpg\",\"contentUrl\":\"https:\\\/\\\/www.valsanzibiogiardino.com\\\/wp-content\\\/uploads\\\/2019\\\/01\\\/Link-from-Garden.jpg\",\"width\":1000,\"height\":565},{\"@type\":\"BreadcrumbList\",\"@id\":\"https:\\\/\\\/www.valsanzibiogiardino.com\\\/it\\\/aiutaci-a-preservare-il-giardino-monumentale-di-valsanzibio\\\/#breadcrumb\",\"itemListElement\":[{\"@type\":\"ListItem\",\"position\":1,\"name\":\"Home\",\"item\":\"https:\\\/\\\/www.valsanzibiogiardino.com\\\/it\\\/\"},{\"@type\":\"ListItem\",\"position\":2,\"name\":\"AIUTACI A PRESERVARE IL GIARDINO MONUMENTALE DI VALSANZIBIO\"}]},{\"@type\":\"WebSite\",\"@id\":\"https:\\\/\\\/www.valsanzibiogiardino.com\\\/it\\\/#website\",\"url\":\"https:\\\/\\\/www.valsanzibiogiardino.com\\\/it\\\/\",\"name\":\"Giardino Storico di Valsanzibio | Villa Barbarigo Pizzoni Ardemani | Galzignano Terme, Padova\",\"description\":\"Il Giardino Storico di Valsanzibio si trova a Galzignano Terme, in provincia di Padova, ed \u00e8 uno dei pi\u00f9 estesi ed integri giardini d\u2019Epoca mondiali.\",\"potentialAction\":[{\"@type\":\"SearchAction\",\"target\":{\"@type\":\"EntryPoint\",\"urlTemplate\":\"https:\\\/\\\/www.valsanzibiogiardino.com\\\/it\\\/?s={search_term_string}\"},\"query-input\":{\"@type\":\"PropertyValueSpecification\",\"valueRequired\":true,\"valueName\":\"search_term_string\"}}],\"inLanguage\":\"it-IT\"},{\"@type\":\"Person\",\"@id\":\"https:\\\/\\\/www.valsanzibiogiardino.com\\\/it\\\/#\\\/schema\\\/person\\\/18472577502d12eb53afbdd3a29dae3d\",\"name\":\"Armando Pizzoni Ardemani\",\"url\":\"https:\\\/\\\/www.valsanzibiogiardino.com\\\/it\\\/author\\\/jon\\\/\"}]}<\/script>\n<!-- \/ Yoast SEO plugin. -->","yoast_head_json":{"title":"AIUTACI A PRESERVARE IL GIARDINO MONUMENTALE DI VALSANZIBIO - Giardino Storico di Valsanzibio | Villa Barbarigo Pizzoni Ardemani | Galzignano Terme, Padova","robots":{"index":"index","follow":"follow","max-snippet":"max-snippet:-1","max-image-preview":"max-image-preview:large","max-video-preview":"max-video-preview:-1"},"canonical":"https:\/\/www.valsanzibiogiardino.com\/it\/aiutaci-a-preservare-il-giardino-monumentale-di-valsanzibio\/","twitter_misc":{"Scritto da":"Armando Pizzoni Ardemani","Tempo di lettura stimato":"7 minuti"},"schema":{"@context":"https:\/\/schema.org","@graph":[{"@type":"Article","@id":"https:\/\/www.valsanzibiogiardino.com\/it\/aiutaci-a-preservare-il-giardino-monumentale-di-valsanzibio\/#article","isPartOf":{"@id":"https:\/\/www.valsanzibiogiardino.com\/it\/aiutaci-a-preservare-il-giardino-monumentale-di-valsanzibio\/"},"author":{"name":"Armando Pizzoni Ardemani","@id":"https:\/\/www.valsanzibiogiardino.com\/it\/#\/schema\/person\/18472577502d12eb53afbdd3a29dae3d"},"headline":"AIUTACI A PRESERVARE IL GIARDINO MONUMENTALE DI VALSANZIBIO","datePublished":"2020-04-13T01:08:34+00:00","dateModified":"2020-04-14T13:45:43+00:00","mainEntityOfPage":{"@id":"https:\/\/www.valsanzibiogiardino.com\/it\/aiutaci-a-preservare-il-giardino-monumentale-di-valsanzibio\/"},"wordCount":1454,"image":{"@id":"https:\/\/www.valsanzibiogiardino.com\/it\/aiutaci-a-preservare-il-giardino-monumentale-di-valsanzibio\/#primaryimage"},"thumbnailUrl":"https:\/\/www.valsanzibiogiardino.com\/wp-content\/uploads\/2019\/01\/Link-from-Garden.jpg","articleSection":["NEWS"],"inLanguage":"it-IT"},{"@type":"WebPage","@id":"https:\/\/www.valsanzibiogiardino.com\/it\/aiutaci-a-preservare-il-giardino-monumentale-di-valsanzibio\/","url":"https:\/\/www.valsanzibiogiardino.com\/it\/aiutaci-a-preservare-il-giardino-monumentale-di-valsanzibio\/","name":"AIUTACI A PRESERVARE IL GIARDINO MONUMENTALE DI VALSANZIBIO - Giardino Storico di Valsanzibio | Villa Barbarigo Pizzoni Ardemani | Galzignano Terme, Padova","isPartOf":{"@id":"https:\/\/www.valsanzibiogiardino.com\/it\/#website"},"primaryImageOfPage":{"@id":"https:\/\/www.valsanzibiogiardino.com\/it\/aiutaci-a-preservare-il-giardino-monumentale-di-valsanzibio\/#primaryimage"},"image":{"@id":"https:\/\/www.valsanzibiogiardino.com\/it\/aiutaci-a-preservare-il-giardino-monumentale-di-valsanzibio\/#primaryimage"},"thumbnailUrl":"https:\/\/www.valsanzibiogiardino.com\/wp-content\/uploads\/2019\/01\/Link-from-Garden.jpg","datePublished":"2020-04-13T01:08:34+00:00","dateModified":"2020-04-14T13:45:43+00:00","author":{"@id":"https:\/\/www.valsanzibiogiardino.com\/it\/#\/schema\/person\/18472577502d12eb53afbdd3a29dae3d"},"breadcrumb":{"@id":"https:\/\/www.valsanzibiogiardino.com\/it\/aiutaci-a-preservare-il-giardino-monumentale-di-valsanzibio\/#breadcrumb"},"inLanguage":"it-IT","potentialAction":[{"@type":"ReadAction","target":["https:\/\/www.valsanzibiogiardino.com\/it\/aiutaci-a-preservare-il-giardino-monumentale-di-valsanzibio\/"]}]},{"@type":"ImageObject","inLanguage":"it-IT","@id":"https:\/\/www.valsanzibiogiardino.com\/it\/aiutaci-a-preservare-il-giardino-monumentale-di-valsanzibio\/#primaryimage","url":"https:\/\/www.valsanzibiogiardino.com\/wp-content\/uploads\/2019\/01\/Link-from-Garden.jpg","contentUrl":"https:\/\/www.valsanzibiogiardino.com\/wp-content\/uploads\/2019\/01\/Link-from-Garden.jpg","width":1000,"height":565},{"@type":"BreadcrumbList","@id":"https:\/\/www.valsanzibiogiardino.com\/it\/aiutaci-a-preservare-il-giardino-monumentale-di-valsanzibio\/#breadcrumb","itemListElement":[{"@type":"ListItem","position":1,"name":"Home","item":"https:\/\/www.valsanzibiogiardino.com\/it\/"},{"@type":"ListItem","position":2,"name":"AIUTACI A PRESERVARE IL GIARDINO MONUMENTALE DI VALSANZIBIO"}]},{"@type":"WebSite","@id":"https:\/\/www.valsanzibiogiardino.com\/it\/#website","url":"https:\/\/www.valsanzibiogiardino.com\/it\/","name":"Giardino Storico di Valsanzibio | Villa Barbarigo Pizzoni Ardemani | Galzignano Terme, Padova","description":"Il Giardino Storico di Valsanzibio si trova a Galzignano Terme, in provincia di Padova, ed \u00e8 uno dei pi\u00f9 estesi ed integri giardini d\u2019Epoca mondiali.","potentialAction":[{"@type":"SearchAction","target":{"@type":"EntryPoint","urlTemplate":"https:\/\/www.valsanzibiogiardino.com\/it\/?s={search_term_string}"},"query-input":{"@type":"PropertyValueSpecification","valueRequired":true,"valueName":"search_term_string"}}],"inLanguage":"it-IT"},{"@type":"Person","@id":"https:\/\/www.valsanzibiogiardino.com\/it\/#\/schema\/person\/18472577502d12eb53afbdd3a29dae3d","name":"Armando Pizzoni Ardemani","url":"https:\/\/www.valsanzibiogiardino.com\/it\/author\/jon\/"}]}},"_links":{"self":[{"href":"https:\/\/www.valsanzibiogiardino.com\/it\/wp-json\/wp\/v2\/posts\/21658","targetHints":{"allow":["GET"]}}],"collection":[{"href":"https:\/\/www.valsanzibiogiardino.com\/it\/wp-json\/wp\/v2\/posts"}],"about":[{"href":"https:\/\/www.valsanzibiogiardino.com\/it\/wp-json\/wp\/v2\/types\/post"}],"author":[{"embeddable":true,"href":"https:\/\/www.valsanzibiogiardino.com\/it\/wp-json\/wp\/v2\/users\/12"}],"replies":[{"embeddable":true,"href":"https:\/\/www.valsanzibiogiardino.com\/it\/wp-json\/wp\/v2\/comments?post=21658"}],"version-history":[{"count":14,"href":"https:\/\/www.valsanzibiogiardino.com\/it\/wp-json\/wp\/v2\/posts\/21658\/revisions"}],"predecessor-version":[{"id":21677,"href":"https:\/\/www.valsanzibiogiardino.com\/it\/wp-json\/wp\/v2\/posts\/21658\/revisions\/21677"}],"wp:featuredmedia":[{"embeddable":true,"href":"https:\/\/www.valsanzibiogiardino.com\/it\/wp-json\/wp\/v2\/media\/18752"}],"wp:attachment":[{"href":"https:\/\/www.valsanzibiogiardino.com\/it\/wp-json\/wp\/v2\/media?parent=21658"}],"wp:term":[{"taxonomy":"category","embeddable":true,"href":"https:\/\/www.valsanzibiogiardino.com\/it\/wp-json\/wp\/v2\/categories?post=21658"},{"taxonomy":"post_tag","embeddable":true,"href":"https:\/\/www.valsanzibiogiardino.com\/it\/wp-json\/wp\/v2\/tags?post=21658"}],"curies":[{"name":"wp","href":"https:\/\/api.w.org\/{rel}","templated":true}]}}