{"id":18388,"date":"2018-11-05T21:53:54","date_gmt":"2018-11-05T20:53:54","guid":{"rendered":"https:\/\/www.valsanzibiogiardino.it\/?p=18388"},"modified":"2019-06-27T13:39:13","modified_gmt":"2019-06-27T11:39:13","slug":"novembre-in-giardino-2018","status":"publish","type":"post","link":"https:\/\/www.valsanzibiogiardino.com\/it\/novembre-in-giardino-2018\/","title":{"rendered":"NOVEMBRE IN GIARDINO &#8211; 2018"},"content":{"rendered":"<div class=\"wpb-content-wrapper\"><p>[vc_row][vc_column][vc_column_text]<\/p>\n<p style=\"font-size: 2.6em; text-align: center;\"><b><span style=\"color: green;\">Giardino Monumentale<br \/>\ndi Valsanzibio<\/span><\/b><\/p>\n<p style=\"font-size: 1.4em; text-align: center;\"><strong>Villa Barbarigo Pizzoni Ardemani<br \/>\nGalzignano Terme (Padova)<\/strong><\/p>\n<p style=\"font-size: 1.8em; text-align: center;\"><em><strong>Novembre &#8211; orari di visita al<br \/>\nGiardino &amp; Eventi<\/strong><\/em><\/p>\n<p style=\"font-size: 1.4em; text-align: justify;\">Il Giardino \u00e8 aperto tutti i giorni, dalle ore 10:00 fino al tramonto (<strong>fino a Domenica 18 Novembre alle 17:30 e da Luned\u00ec 19 Novembre alle 17:00<\/strong>), con pausa della biglietteria dalle 13:00 alle 14:00, durante la settimana e con <strong>orario continuato nei fine settimana<\/strong>.<\/p>\n<p style=\"font-size: 1.4em; text-align: justify;\">Nei fine settimana proponiamo visite guidate organizzate da noi e si pu\u00f2 scegliere tra:<\/p>\n<p style=\"font-size: 1.4em; text-align: center;\"><strong>Visite guidate &#8216;Standard&#8217; o<\/strong><br \/>\n<strong>visite guidate &#8216;Superior &#8211; C\u00e0 Martinengo&#8217;<\/strong><br \/>\n<em>(maggiori dettagli sulle visite guidate di seguito)<\/em><\/p>\n<p style=\"font-size: 1.3em; text-align: center;\">Partenze delle visite guidate alle ore 11:00 e,<br \/>\nnel pomeriggio,&nbsp;alle 15:00 &#8211; gradita la prenotazione<br \/>\n(<strong>+39\/340\/0825844 o<\/strong><br \/>\n<strong>info@valsanzibiogiardino.it<\/strong>),<br \/>\noppure si consiglia di arrivare alle 14:50.<\/p>\nngg_shortcode_0_placeholder\n<p style=\"font-size: 1.2em; text-align: center;\">(per l&#8217;importanza storica, allegorica e botanica di questo luogo e per<br \/>\ngli innumerevoli messaggi celati nell&#8217;ideazione del giardino di Valsanzibio,<br \/>\nle visite guidate sono caldamente consigliate, ma non obbligatorie)<\/p>\n<p style=\"font-size: 1.0em; text-align: center;\">&#8212;&#8212;&#8212;&#8212;&#8211; O &#8212;&#8212;&#8212;&#8212;&#8211;<\/p>\n<p style=\"font-size: 1.8em; text-align: center;\"><strong>Visite guidate &#8216;Standard&#8217;<\/strong><\/p>\n<p style=\"font-size: 1.4em; text-align: center;\"><em><b><span style=\"color: red;\">Alla scoperta dei significati simbolici del Giardino<\/span><\/b><\/em><\/p>\n<p style=\"font-size: 1.1em; text-align: center;\"><strong><span style=\"color: green;\">Racconta l\u2019alta simbologia del Giardino Monumentale, realizzato<br \/>\nsu progetto di Luigi Bernini e ispirato da San Gregorio Barbarigo.<\/span><\/strong><\/p>\n<p style=\"font-size: 1.1em; text-align: center;\">&#8211; lingua Italiana e durata un\u2019ora circa<br \/>\n&#8211; <strong>extra di 5,00 \u20ac a persona<\/strong> sul biglietto d\u2019ingresso<br \/>\nOrario di inizio nei week end e festivi (orari soggetti a cambiamenti stagionali)<br \/>\nore 11.00 &amp; 15.00 (16:30 da Maggio ad Agosto, 16:00 Settembre, 15:30 Ottobre)<\/p>\n<p style=\"font-size: 1.0em; text-align: center;\">&#8212;&#8212;&#8212;&#8212;&#8211; O &#8212;&#8212;&#8212;&#8212;&#8211;<\/p>\n<p style=\"font-size: 1.8em; text-align: center;\"><strong>Visite guidate &#8216;Superior &#8211; C\u00e0 Martinengo&#8217;<\/strong><\/p>\n<p style=\"font-size: 1.4em; text-align: center;\"><em><b><span style=\"color: red;\">Alla scoperta dei significati simbolici del Giardino<br \/>\ne alla scoperta delle famiglie che si sono succedute<br \/>\nnei secoli alla propriet\u00e0 della Tenuta<\/span><\/b><\/em><\/p>\nngg_shortcode_1_placeholder\n<p style=\"font-size: 1.1em; text-align: center;\"><b><span style=\"color: green;\">Questo tour, oltre alla visita guidata &#8216;Standard&#8217;, dar\u00e0 l\u2019opportunit\u00e0 di<br \/>\naccedere al Piazzale delle Rivelazioni davanti alla Villa (generalmente<br \/>\nchiuso al pubblico) e di accedere al Casino di Caccia dell\u2019800<br \/>\nCa\u2019 Martinengo, dove ammirare una esposizione di 300 mq.<\/span><\/b><\/p>\n<p style=\"font-size: 1.1em; text-align: center;\">&#8211; lingua Italiana e durata un\u2019ora e 40 circa<br \/>\n&#8211; <strong>extra di 10,00 \u20ac a persona<\/strong> sul biglietto d\u2019ingresso<br \/>\nOrario di inizio nei week end e festivi (orari soggetti a cambiamenti stagionali)<br \/>\nore 11.00 &amp; 15.00 (16:30 da Maggio ad Agosto, 16:00 Settembre, 15:30 Ottobre)<\/p>\n<p style=\"font-size: 1.0em; text-align: center;\">&#8212;&#8212;&#8212;&#8212;&#8211; O &#8212;&#8212;&#8212;&#8212;&#8211;<\/p>\n<p style=\"font-size: 1.2em; text-align: center;\">Chi gi\u00e0 conosce la simbologia del Giardino pu\u00f2 scegliere<\/p>\n<p style=\"font-size: 1.8em; text-align: center;\"><strong>Visita museale<\/strong><\/p>\n<p style=\"font-size: 1.4em; text-align: center;\"><em><b><span style=\"color: red;\">Alla scoperta delle famiglie che si sono<br \/>\nsuccedute nei secoli alla propriet\u00e0 della Tenuta<\/span><\/b><\/em><\/p>\n<p style=\"font-size: 1.1em; text-align: center;\"><b><span style=\"color: green;\">Ossia la seconda parte della visita &#8216;Superior &#8211; C\u00e0 Martinengo&#8217;,<br \/>\nunendosi al gruppo alle ore 12.15 e alle ore 16.00<br \/>\n(17:30 da Maggio ad Agosto, 17:00 Settembre, 16:30 Ottobre)<\/span><\/b><\/p>\n<p style=\"font-size: 1.1em; text-align: center;\">&#8211; lingua&nbsp;Italiana e&nbsp;durata 40 minuti circa<br \/>\n&#8211; <strong>extra di 5,00 \u20ac a persona<\/strong> sul biglietto d\u2019ingresso<br \/>\nOrario di inizio nei week end e festivi (orari soggetti a cambiamenti stagionali)<br \/>\nore 12.15 &amp; 16.00 (17:30 da Maggio ad Agosto, 17:00 Settembre, 16:30 Ottobre)<\/p>\n<p style=\"font-size: 1.1em; text-align: center;\">Per partecipare alle viste guidate \u00e8 gradita la prenotazione<br \/>\noppure consigliamo di arrivare almeno 15 minuti prima dell\u2019inizio.<br \/>\nLe visite guidate partono dalla biglietteria del Giardino.<\/p>\n<p style=\"font-size: 1.0em; text-align: center;\">&#8212;&#8212;&#8212;&#8212;&#8211; O &#8212;&#8212;&#8212;&#8212;&#8211;<\/p>\n<p style=\"font-size: 1.4em; text-align: center;\"><strong>Inoltre ampia area pic nic relax a disposizione<br \/>\ndei visitatori, tra alberi secolari e vista Colli.<\/strong><\/p>\n<p style=\"font-size: 1.1em; text-align: justify;\">L\u2019area relax del Giardino \u00e8 un area di circa due ettari tra alberi secolari, prato verde e vista Colli Euganei.&nbsp;Chi desidera pu\u00f2 portarsi il cibo da casa e fare il pranzo al sacco sul proprio plaid&nbsp;(per riservare dei tavoli \u00e8 richiesto un extra di 12,0 \u20ac a tavolo o 2,0 \u20ac a persona).<\/p>\n<p style=\"font-size: 1.0em; text-align: center;\">&#8212;&#8212;&#8212;&#8212;&#8211; O &#8212;&#8212;&#8212;&#8212;&#8211;<\/p>\n<p style=\"font-size: 1.4em; text-align: center;\"><strong><em>VISITE DEL LABIRINTO<\/em><\/strong><\/p>\n<p style=\"font-size: 1.1em; text-align: justify;\">Il labirinto secolare di piante di bosso sar\u00e0 sempre visitabile dalla torretta centrale, ma sar\u00e0 percorribile dalle 11:00\/11:30 alle 13:00 e dalle 15:00 alle 17:30 (dalle 14:30 alle 16:30 dopo il cambio d&#8217;ora).&nbsp; In caso di pioggia o nel caso il terreno del labirinto fosse ancora molto bagnato da precedenti precipitazioni, la torretta centrale del labirinto rimarr\u00e0 sempre aperta per le visite, ma il percorso labirintico sar\u00e0 CHIUSO per non danneggiare il terreno e con lui le delicatissime radici secolari\u2026GRAZIE della comprensione ed indispensabile collaborazione (<a href=\"https:\/\/www.valsanzibiogiardino.com\/it\/regole-di-visita-e-considerazioni\/\" target=\"_blank\" rel=\"noopener noreferrer\">vedere anche <em>ALCUNE REGOLE DA RISPETTARE PER VISITARE IL GIARDINO MONUMENTALE<\/em><\/a>).<\/p>\n<p style=\"font-size: 1.0em; text-align: center;\">&#8212;&#8212;&#8212;&#8212;&#8211; O &#8212;&#8212;&#8212;&#8212;&#8211;<\/p>\n<p style=\"font-size: 2.1em; text-align: center;\"><em><strong>Eventi di Novembre<\/strong><\/em><\/p>\n<p style=\"font-size: 2.4em; text-align: center;\"><b><span style=\"color: brown;\">Foliage e fantasia<\/span><\/b><\/p>\n<p style=\"font-size: 1.8em; text-align: center;\">Domenica 18 Novembre 2018<\/p>\n<p style=\"font-size: 1.4em; text-align: center;\"><strong> Delle 12:00 alle 16:00 del pomeriggio<\/strong><\/p>\n<p style=\"font-size: 1.4em; text-align: justify;\">Il Giardino di Valsanzibio \u00e8 lieto di ospitare una giornata dove la magia dei colori d&#8217;autunno fanno da scenario a figuranti in costume d&#8217;epoca di ogni tempo. Si potranno ammirare abiti del \u2018700 veneto, gotico vittoriano e preziosi abiti di fantasia. Una giornata per vivere la magica atmosfera del passato tra le sfumature autunnali del foliage degli alberi secolari. I figuranti indosseranno in anteprima gli abiti che debutteranno nel Carnevale 2019 a Venezia.<\/p>\nngg_shortcode_2_placeholder\n<p style=\"font-size: 1.4em; text-align: justify;\">I visitatori potranno scattare foto con smartphone e potranno scattare &#8220;selfie d&#8217;epoca&#8221; con i figuranti.<\/p>\n<p style=\"font-size: 1.0em; text-align: center;\">&#8212;&#8212;&#8212;&#8212;&#8211; O &#8212;&#8212;&#8212;&#8212;&#8211;<\/p>\n<p style=\"font-size: 1.4em; text-align: justify;\">Nei <strong>giorni festivi<\/strong> presso le Antiche Scuderie lo <strong>street food di Sara prepara cioccolate, torte della nonna, bont\u00e0 di stagione.<\/strong><\/p>\n<p style=\"font-size: 1.4em; text-align: justify;\">In entrambi gli appuntamenti l&#8217;ingresso al giardino prevede il regolare biglietto d&#8217;ingresso senza maggiorazione.<\/p>\n<p style=\"font-size: 1.6em; text-align: center;\"><strong>&#8212;&#8212;&#8212;&#8212;&#8211; O &#8212;&#8212;&#8212;&#8212;&#8211;<\/strong><\/p>\n<p style=\"font-size: 1.8em; text-align: center;\"><strong>Desiderate fare un regalo speciale<br \/>\na persone speciali?<\/strong><\/p>\n<p style=\"font-size: 2.0em; text-align: center;\"><b><span style=\"color: green;\"><strong>Regalate l\u2019ingresso al<br \/>\nGiardino Monumentale di Valsanzibio.<\/strong><\/span><\/b><\/p>\nngg_shortcode_3_placeholder\n<p style=\"font-size: 1.5em; text-align: justify;\">Un dono gradito agli amanti dell\u2019 Arte e Natura e, al tempo stesso, Arte e Natura del Giardino ringraziano sentitamente del contributo.<\/p>\n<p style=\"font-size: 1.5em; text-align: justify;\">Sarete anche voi partecipi al mantenimento di un bene storico-artistico-botanico che visitatori da tutto il mondo apprezzano e ammirano.<\/p>\n<p style=\"font-size: 1.5em; text-align: center;\">Per informazioni:<\/p>\n<p style=\"font-size: 1.6em; text-align: center;\"><em><strong>340 0825844<\/strong><\/em><br \/>\n<em><strong> info@valsanzibiogiardino.it<\/strong><\/em><\/p>\n<p style=\"font-size: 1.6em; text-align: center;\"><strong>&#8212;&#8212;&#8212;&#8212;&#8211; O &#8212;&#8212;&#8212;&#8212;&#8211;<\/strong><\/p>\n<p style=\"font-size: 1.6em; text-align: center;\"><strong>INFINE VI segnaliamo&#8230;<\/strong><\/p>\n<p style=\"font-size: 2.6em; text-align: center;\"><a href=\"https:\/\/www.kickstarter.com\/projects\/1203174801\/giardino-di-valsanzibio\" target=\"_blank\" rel=\"noopener noreferrer\"><em><strong><span style=\"color: #475400;\">&#8216;VALSANZIBIO&#8217;<\/span><\/strong><\/em><\/a><\/p>\nngg_shortcode_4_placeholder\n<p style=\"font-size: 2.2em; text-align: center;\"><img decoding=\"async\" src=\"https:\/\/ksr-ugc.imgix.net\/assets\/017\/017\/241\/63f609366f6fec575d9d6ba8af80fecd_original.jpg?w=680&amp;fit=max&amp;v=1496933126&amp;auto=format&amp;q=92&amp;s=84e92847d9d457da48c22a523a0109c2\" alt=\"Preview of the book\"><\/p>\n<p style=\"font-size: 1.5em; text-align: justify;\">un opera scritta da <strong>Luigi Cerantola<\/strong> con fotografie di <strong>Renato D\u2019Agostin<\/strong>, giovane fotografo veneziano che ha gi\u00e0 esposto in prestigiose gallerie d\u2019arte internazionali, tra cui Venezia, New York, Parigi. Alcuni sui scatti realizzati nel Giardino di Valsanzibio appaiono anche sulla facciata <a style=\"font-weight: normal;\" href=\"\/?p=5868\" target=\"_blank\" rel=\"noopener noreferrer\">dell&#8217;antico Casino di caccia denominato <strong>C\u00e0 Martinengo <\/strong>(clicca sopra per conoscere Ca&#8217; Martinengo)<\/a>.<\/p>\n<p style=\"font-size: 1.5em; text-align: justify;\">Da VALSANZIBIO \u00e8 stato tratto il <strong><em>Codice di Valsanzibio<\/em><\/strong>, un libro realizzato secondo tecniche monastiche antiche e composto di 26 grandi pagine (cm. 23,5 x 32) esposte in sequenza. In quest&#8217;opera i 24 Sonetti del poeta <strong>Luigi Cerantola<\/strong>, che prendono avvio dal Sonetto \u201c<em>Curioso viator che in questa parte<\/em>\u201d inciso sulla gradinata che dal Giardino di Valsanzibio immette al Piazzale delle Rivelazioni in fronte a Villa Barbarigo Pizzoni Ardemani (<a href=\"\/?p=613\" target=\"_blank\" rel=\"noopener noreferrer\">clicca La Scalinata del Sonetto<\/a>), sono calligrafati su carta giapponese e tutte le 26 pagine sono dipinte da <strong>Alessio Mancino<\/strong>.<\/p>\n<p style=\"font-size: 1.5em; text-align: justify;\">Il codice \u00e8 in linea alla tradizione classica (vedi le <em>Tr\u00e8s Riches Heuresdu Duc de Berry<\/em> del 1415 circa) che intendeva dar veste solenne e imperitura ad un testo calligrafandolo e miniandolo.<\/p>\n<p style=\"font-size: 1.6em; text-align: center;\"><strong>&#8212;&#8212;&#8212;&#8212;&#8211; O &#8212;&#8212;&#8212;&#8212;&#8211;<\/strong><\/p>\n<p style=\"font-size: 1.6em; text-align: justify;\"><strong>Tutte le attivit\u00e0 che si svolgono all\u2019interno del Giardino di Valsanzibio, se non specificato altrimenti, prevedono il regolare ingresso al giardino ed il pagamento del biglietto.<\/strong><\/p>\n<p style=\"font-size: 1.4em; text-align: justify;\">Per ulteriori info seguite gli aggiornamenti QUI alla voce &#8216;<strong>NEWS<\/strong>&#8216; o andate alla nostra pagina di <strong><a href=\"https:\/\/www.facebook.com\/Giardino-Barbarigo-Valsanzibio-1461052934142801\/\" target=\"_blank\" rel=\"noopener noreferrer\">Facebook: Giardino Barbarigo Valsanzibio<\/a><\/strong>.<\/p>\n<\/div><!-- AddThis Advanced Settings generic via filter on the_content --><!-- AddThis Share Buttons generic via filter on the_content -->","protected":false},"excerpt":{"rendered":"<p>[vc_row][vc_column][vc_column_text] Giardino Monumentale di Valsanzibio Villa Barbarigo Pizzoni Ardemani Galzignano Terme (Padova) Novembre &#8211; orari di visita al Giardino &amp; Eventi Il Giardino \u00e8 aperto tutti i giorni, dalle ore 10:00 fino al tramonto (fino a Domenica 18 Novembre alle 17:30 e da Luned\u00ec 19 Novembre alle 17:00), con pausa della biglietteria dalle 13:00 alle [&hellip;]<!-- AddThis Advanced Settings generic via filter on get_the_excerpt --><!-- AddThis Share Buttons generic via filter on get_the_excerpt --><\/p>\n","protected":false},"author":4,"featured_media":6055,"comment_status":"closed","ping_status":"open","sticky":false,"template":"","format":"standard","meta":{"_monsterinsights_skip_tracking":false,"_monsterinsights_sitenote_active":false,"_monsterinsights_sitenote_note":"","_monsterinsights_sitenote_category":0,"ngg_post_thumbnail":0,"footnotes":""},"categories":[13,17],"tags":[],"class_list":["post-18388","post","type-post","status-publish","format-standard","has-post-thumbnail","hentry","category-eventi","category-news"],"yoast_head":"<!-- This site is optimized with the Yoast SEO plugin v27.5 - https:\/\/yoast.com\/product\/yoast-seo-wordpress\/ -->\n<title>NOVEMBRE IN GIARDINO - 2018 - Giardino Storico di Valsanzibio | Villa Barbarigo Pizzoni Ardemani | Galzignano Terme, Padova<\/title>\n<meta name=\"robots\" content=\"index, follow, max-snippet:-1, max-image-preview:large, max-video-preview:-1\" \/>\n<link rel=\"canonical\" href=\"https:\/\/www.valsanzibiogiardino.com\/it\/novembre-in-giardino-2018\/\" \/>\n<meta name=\"twitter:label1\" content=\"Scritto da\" \/>\n\t<meta name=\"twitter:data1\" content=\"Staff\" \/>\n\t<meta name=\"twitter:label2\" content=\"Tempo di lettura stimato\" \/>\n\t<meta name=\"twitter:data2\" content=\"6 minuti\" \/>\n<script type=\"application\/ld+json\" class=\"yoast-schema-graph\">{\"@context\":\"https:\\\/\\\/schema.org\",\"@graph\":[{\"@type\":\"Article\",\"@id\":\"https:\\\/\\\/www.valsanzibiogiardino.com\\\/it\\\/novembre-in-giardino-2018\\\/#article\",\"isPartOf\":{\"@id\":\"https:\\\/\\\/www.valsanzibiogiardino.com\\\/it\\\/novembre-in-giardino-2018\\\/\"},\"author\":{\"name\":\"Staff\",\"@id\":\"https:\\\/\\\/www.valsanzibiogiardino.com\\\/it\\\/#\\\/schema\\\/person\\\/f6b11a7fbc16b7bd8b7dff8c277936bb\"},\"headline\":\"NOVEMBRE IN GIARDINO &#8211; 2018\",\"datePublished\":\"2018-11-05T20:53:54+00:00\",\"dateModified\":\"2019-06-27T11:39:13+00:00\",\"mainEntityOfPage\":{\"@id\":\"https:\\\/\\\/www.valsanzibiogiardino.com\\\/it\\\/novembre-in-giardino-2018\\\/\"},\"wordCount\":1242,\"image\":{\"@id\":\"https:\\\/\\\/www.valsanzibiogiardino.com\\\/it\\\/novembre-in-giardino-2018\\\/#primaryimage\"},\"thumbnailUrl\":\"https:\\\/\\\/www.valsanzibiogiardino.com\\\/wp-content\\\/uploads\\\/2017\\\/11\\\/P_Diana_MGL6983_171117_email.jpg\",\"articleSection\":[\"EVENTI\",\"NEWS\"],\"inLanguage\":\"it-IT\"},{\"@type\":\"WebPage\",\"@id\":\"https:\\\/\\\/www.valsanzibiogiardino.com\\\/it\\\/novembre-in-giardino-2018\\\/\",\"url\":\"https:\\\/\\\/www.valsanzibiogiardino.com\\\/it\\\/novembre-in-giardino-2018\\\/\",\"name\":\"NOVEMBRE IN GIARDINO - 2018 - Giardino Storico di Valsanzibio | Villa Barbarigo Pizzoni Ardemani | Galzignano Terme, Padova\",\"isPartOf\":{\"@id\":\"https:\\\/\\\/www.valsanzibiogiardino.com\\\/it\\\/#website\"},\"primaryImageOfPage\":{\"@id\":\"https:\\\/\\\/www.valsanzibiogiardino.com\\\/it\\\/novembre-in-giardino-2018\\\/#primaryimage\"},\"image\":{\"@id\":\"https:\\\/\\\/www.valsanzibiogiardino.com\\\/it\\\/novembre-in-giardino-2018\\\/#primaryimage\"},\"thumbnailUrl\":\"https:\\\/\\\/www.valsanzibiogiardino.com\\\/wp-content\\\/uploads\\\/2017\\\/11\\\/P_Diana_MGL6983_171117_email.jpg\",\"datePublished\":\"2018-11-05T20:53:54+00:00\",\"dateModified\":\"2019-06-27T11:39:13+00:00\",\"author\":{\"@id\":\"https:\\\/\\\/www.valsanzibiogiardino.com\\\/it\\\/#\\\/schema\\\/person\\\/f6b11a7fbc16b7bd8b7dff8c277936bb\"},\"breadcrumb\":{\"@id\":\"https:\\\/\\\/www.valsanzibiogiardino.com\\\/it\\\/novembre-in-giardino-2018\\\/#breadcrumb\"},\"inLanguage\":\"it-IT\",\"potentialAction\":[{\"@type\":\"ReadAction\",\"target\":[\"https:\\\/\\\/www.valsanzibiogiardino.com\\\/it\\\/novembre-in-giardino-2018\\\/\"]}]},{\"@type\":\"ImageObject\",\"inLanguage\":\"it-IT\",\"@id\":\"https:\\\/\\\/www.valsanzibiogiardino.com\\\/it\\\/novembre-in-giardino-2018\\\/#primaryimage\",\"url\":\"https:\\\/\\\/www.valsanzibiogiardino.com\\\/wp-content\\\/uploads\\\/2017\\\/11\\\/P_Diana_MGL6983_171117_email.jpg\",\"contentUrl\":\"https:\\\/\\\/www.valsanzibiogiardino.com\\\/wp-content\\\/uploads\\\/2017\\\/11\\\/P_Diana_MGL6983_171117_email.jpg\",\"width\":1024,\"height\":682,\"caption\":\"Padiglione di Diana Valsanzibio Giardino\"},{\"@type\":\"BreadcrumbList\",\"@id\":\"https:\\\/\\\/www.valsanzibiogiardino.com\\\/it\\\/novembre-in-giardino-2018\\\/#breadcrumb\",\"itemListElement\":[{\"@type\":\"ListItem\",\"position\":1,\"name\":\"Home\",\"item\":\"https:\\\/\\\/www.valsanzibiogiardino.com\\\/it\\\/\"},{\"@type\":\"ListItem\",\"position\":2,\"name\":\"NOVEMBRE IN GIARDINO &#8211; 2018\"}]},{\"@type\":\"WebSite\",\"@id\":\"https:\\\/\\\/www.valsanzibiogiardino.com\\\/it\\\/#website\",\"url\":\"https:\\\/\\\/www.valsanzibiogiardino.com\\\/it\\\/\",\"name\":\"Giardino Storico di Valsanzibio | Villa Barbarigo Pizzoni Ardemani | Galzignano Terme, Padova\",\"description\":\"Il Giardino Storico di Valsanzibio si trova a Galzignano Terme, in provincia di Padova, ed \u00e8 uno dei pi\u00f9 estesi ed integri giardini d\u2019Epoca mondiali.\",\"potentialAction\":[{\"@type\":\"SearchAction\",\"target\":{\"@type\":\"EntryPoint\",\"urlTemplate\":\"https:\\\/\\\/www.valsanzibiogiardino.com\\\/it\\\/?s={search_term_string}\"},\"query-input\":{\"@type\":\"PropertyValueSpecification\",\"valueRequired\":true,\"valueName\":\"search_term_string\"}}],\"inLanguage\":\"it-IT\"},{\"@type\":\"Person\",\"@id\":\"https:\\\/\\\/www.valsanzibiogiardino.com\\\/it\\\/#\\\/schema\\\/person\\\/f6b11a7fbc16b7bd8b7dff8c277936bb\",\"name\":\"Staff\",\"url\":\"https:\\\/\\\/www.valsanzibiogiardino.com\\\/it\\\/author\\\/staff\\\/\"}]}<\/script>\n<!-- \/ Yoast SEO plugin. -->","yoast_head_json":{"title":"NOVEMBRE IN GIARDINO - 2018 - Giardino Storico di Valsanzibio | Villa Barbarigo Pizzoni Ardemani | Galzignano Terme, Padova","robots":{"index":"index","follow":"follow","max-snippet":"max-snippet:-1","max-image-preview":"max-image-preview:large","max-video-preview":"max-video-preview:-1"},"canonical":"https:\/\/www.valsanzibiogiardino.com\/it\/novembre-in-giardino-2018\/","twitter_misc":{"Scritto da":"Staff","Tempo di lettura stimato":"6 minuti"},"schema":{"@context":"https:\/\/schema.org","@graph":[{"@type":"Article","@id":"https:\/\/www.valsanzibiogiardino.com\/it\/novembre-in-giardino-2018\/#article","isPartOf":{"@id":"https:\/\/www.valsanzibiogiardino.com\/it\/novembre-in-giardino-2018\/"},"author":{"name":"Staff","@id":"https:\/\/www.valsanzibiogiardino.com\/it\/#\/schema\/person\/f6b11a7fbc16b7bd8b7dff8c277936bb"},"headline":"NOVEMBRE IN GIARDINO &#8211; 2018","datePublished":"2018-11-05T20:53:54+00:00","dateModified":"2019-06-27T11:39:13+00:00","mainEntityOfPage":{"@id":"https:\/\/www.valsanzibiogiardino.com\/it\/novembre-in-giardino-2018\/"},"wordCount":1242,"image":{"@id":"https:\/\/www.valsanzibiogiardino.com\/it\/novembre-in-giardino-2018\/#primaryimage"},"thumbnailUrl":"https:\/\/www.valsanzibiogiardino.com\/wp-content\/uploads\/2017\/11\/P_Diana_MGL6983_171117_email.jpg","articleSection":["EVENTI","NEWS"],"inLanguage":"it-IT"},{"@type":"WebPage","@id":"https:\/\/www.valsanzibiogiardino.com\/it\/novembre-in-giardino-2018\/","url":"https:\/\/www.valsanzibiogiardino.com\/it\/novembre-in-giardino-2018\/","name":"NOVEMBRE IN GIARDINO - 2018 - Giardino Storico di Valsanzibio | Villa Barbarigo Pizzoni Ardemani | Galzignano Terme, Padova","isPartOf":{"@id":"https:\/\/www.valsanzibiogiardino.com\/it\/#website"},"primaryImageOfPage":{"@id":"https:\/\/www.valsanzibiogiardino.com\/it\/novembre-in-giardino-2018\/#primaryimage"},"image":{"@id":"https:\/\/www.valsanzibiogiardino.com\/it\/novembre-in-giardino-2018\/#primaryimage"},"thumbnailUrl":"https:\/\/www.valsanzibiogiardino.com\/wp-content\/uploads\/2017\/11\/P_Diana_MGL6983_171117_email.jpg","datePublished":"2018-11-05T20:53:54+00:00","dateModified":"2019-06-27T11:39:13+00:00","author":{"@id":"https:\/\/www.valsanzibiogiardino.com\/it\/#\/schema\/person\/f6b11a7fbc16b7bd8b7dff8c277936bb"},"breadcrumb":{"@id":"https:\/\/www.valsanzibiogiardino.com\/it\/novembre-in-giardino-2018\/#breadcrumb"},"inLanguage":"it-IT","potentialAction":[{"@type":"ReadAction","target":["https:\/\/www.valsanzibiogiardino.com\/it\/novembre-in-giardino-2018\/"]}]},{"@type":"ImageObject","inLanguage":"it-IT","@id":"https:\/\/www.valsanzibiogiardino.com\/it\/novembre-in-giardino-2018\/#primaryimage","url":"https:\/\/www.valsanzibiogiardino.com\/wp-content\/uploads\/2017\/11\/P_Diana_MGL6983_171117_email.jpg","contentUrl":"https:\/\/www.valsanzibiogiardino.com\/wp-content\/uploads\/2017\/11\/P_Diana_MGL6983_171117_email.jpg","width":1024,"height":682,"caption":"Padiglione di Diana Valsanzibio Giardino"},{"@type":"BreadcrumbList","@id":"https:\/\/www.valsanzibiogiardino.com\/it\/novembre-in-giardino-2018\/#breadcrumb","itemListElement":[{"@type":"ListItem","position":1,"name":"Home","item":"https:\/\/www.valsanzibiogiardino.com\/it\/"},{"@type":"ListItem","position":2,"name":"NOVEMBRE IN GIARDINO &#8211; 2018"}]},{"@type":"WebSite","@id":"https:\/\/www.valsanzibiogiardino.com\/it\/#website","url":"https:\/\/www.valsanzibiogiardino.com\/it\/","name":"Giardino Storico di Valsanzibio | Villa Barbarigo Pizzoni Ardemani | Galzignano Terme, Padova","description":"Il Giardino Storico di Valsanzibio si trova a Galzignano Terme, in provincia di Padova, ed \u00e8 uno dei pi\u00f9 estesi ed integri giardini d\u2019Epoca mondiali.","potentialAction":[{"@type":"SearchAction","target":{"@type":"EntryPoint","urlTemplate":"https:\/\/www.valsanzibiogiardino.com\/it\/?s={search_term_string}"},"query-input":{"@type":"PropertyValueSpecification","valueRequired":true,"valueName":"search_term_string"}}],"inLanguage":"it-IT"},{"@type":"Person","@id":"https:\/\/www.valsanzibiogiardino.com\/it\/#\/schema\/person\/f6b11a7fbc16b7bd8b7dff8c277936bb","name":"Staff","url":"https:\/\/www.valsanzibiogiardino.com\/it\/author\/staff\/"}]}},"_links":{"self":[{"href":"https:\/\/www.valsanzibiogiardino.com\/it\/wp-json\/wp\/v2\/posts\/18388","targetHints":{"allow":["GET"]}}],"collection":[{"href":"https:\/\/www.valsanzibiogiardino.com\/it\/wp-json\/wp\/v2\/posts"}],"about":[{"href":"https:\/\/www.valsanzibiogiardino.com\/it\/wp-json\/wp\/v2\/types\/post"}],"author":[{"embeddable":true,"href":"https:\/\/www.valsanzibiogiardino.com\/it\/wp-json\/wp\/v2\/users\/4"}],"replies":[{"embeddable":true,"href":"https:\/\/www.valsanzibiogiardino.com\/it\/wp-json\/wp\/v2\/comments?post=18388"}],"version-history":[{"count":0,"href":"https:\/\/www.valsanzibiogiardino.com\/it\/wp-json\/wp\/v2\/posts\/18388\/revisions"}],"wp:featuredmedia":[{"embeddable":true,"href":"https:\/\/www.valsanzibiogiardino.com\/it\/wp-json\/wp\/v2\/media\/6055"}],"wp:attachment":[{"href":"https:\/\/www.valsanzibiogiardino.com\/it\/wp-json\/wp\/v2\/media?parent=18388"}],"wp:term":[{"taxonomy":"category","embeddable":true,"href":"https:\/\/www.valsanzibiogiardino.com\/it\/wp-json\/wp\/v2\/categories?post=18388"},{"taxonomy":"post_tag","embeddable":true,"href":"https:\/\/www.valsanzibiogiardino.com\/it\/wp-json\/wp\/v2\/tags?post=18388"}],"curies":[{"name":"wp","href":"https:\/\/api.w.org\/{rel}","templated":true}]}}