{"id":18293,"date":"2018-09-28T23:31:06","date_gmt":"2018-09-28T21:31:06","guid":{"rendered":"https:\/\/www.valsanzibiogiardino.it\/?p=18293"},"modified":"2018-09-28T23:31:06","modified_gmt":"2018-09-28T21:31:06","slug":"paesi-che-vai-rai1-domenica-30-settembre-2018-alle-ore-945","status":"publish","type":"post","link":"https:\/\/www.valsanzibiogiardino.com\/it\/paesi-che-vai-rai1-domenica-30-settembre-2018-alle-ore-945\/","title":{"rendered":"&#8216;Paesi che vai&#8217;, Rai1 &#8211; Domenica 30 Settembre 2018, alle ore 9:45"},"content":{"rendered":"<p style=\"font-size: 2.2em; text-align: center;\"><b><span style=\"color: blue;\">&#8216;Paesi che vai&#8217;, Rai1<br \/>\n<span style=\"color: black;\"><em>Domenica 30 settembre 2018<\/em><br \/>\n<span style=\"color: red;\">alle ore 9:45<\/span><\/span><\/span><\/b><\/p>\n<p style=\"font-size: 1.4em; text-align: center;\"><strong>Villa Barbarigo Pizzoni Ardemani<\/strong><br \/>\n<strong> Galzignano Terme (Padova)<\/strong><\/p>\n<p style=\"font-size: 1.4em; text-align: justify;\">Si parla della Riviera del Brenta, delle Thermae di Abano Montegrotto, e, meta storico artistica imperdibile per chi si reca in quest&#8217;area, del Giardino Monumentale di <strong>#Valsanzibio<\/strong>.<\/p>\n<p style=\"font-size: 1.4em; text-align: justify;\"><strong>&#8216;Paese che vai&#8217;<\/strong> \u00e8 la trasmissione di <strong>Rai1<\/strong> condotta da Livio Leonardi, racconta l&#8217;incomparabile patrimonio culturale, artistico, archeologico, enogastronomico e agroalimentare esteso sull&#8217;intero territorio nazionale. L&#8217;Italia pu\u00f2 essere certamente considerata un grande &#8220;museo diffuso&#8221; da divulgare e promuovere.<\/p>\n<p style=\"font-size: 1.4em; text-align: center;\"><em><b><span style=\"color: purple;\">Grazie a Maria Grazia Sozzi, autrice della rubrica Naturosa<\/span><\/b><\/em><\/p>\n<p style=\"font-size: 1.0em; text-align: center;\">&#8212;&#8212;&#8212;&#8212;&#8211; O &#8212;&#8212;&#8212;&#8212;&#8211;<\/p>\n<p style=\"font-size: 2.6em; text-align: center;\"><b><span style=\"color: green;\">Giardino Monumentale<br \/>\ndi Valsanzibio<\/span><\/b><\/p>\n<p style=\"font-size: 1.4em; text-align: center;\"><strong>Villa Barbarigo Pizzoni Ardemani<\/strong><br \/>\n<strong> Galzignano Terme (Padova)<\/strong><\/p>\n<p style=\"font-size: 1.4em; text-align: justify;\">L&#8217;autunno \u00e8 una stagione meravigliosa per visitare i Giardini. <strong>Domenica 30 Settembre 2018<\/strong> Valsanzibio propone come primo appuntamento autunnale la magia del &#8216;700 con i rievocatori storici dell&#8217;associazione <a href=\"https:\/\/www.facebook.com\/hashtag\/rosaantico\" target=\"_blank\" rel=\"noopener\"><strong>Rosa Antico<\/strong><\/a>.&nbsp; Nel pomeriggio si esibiranno in Giardino dalle 15:00 alle 18:00 con abiti da sogno.<\/p>\nngg_shortcode_0_placeholder\n<p style=\"font-size: 1.4em; text-align: justify;\">Nell&#8217;area Scuderie l&#8217;Agriboschiva Barbarigo propone giuggiole, melograni, nocciole, prodotti di stagione a km zero e torte della nonna. Un giornata dove ammirare e gustare la magia del passato. L&#8217;evento prevede il regolare costo del biglietto d&#8217;ingresso al Giardino senza maggiorazioni.<\/p>\n<p style=\"font-size: 1.4em; text-align: justify;\">Il Giardino \u00e8 aperto tutti i giorni, dalle ore 10:00 fino al tramonto (18:30\/19:00), con pausa della biglietteria dalle 13:00 alle 14:00, durante la settimana e con orario continuato nei fine settimana.<\/p>\n<p style=\"font-size: 1.4em; text-align: justify;\">Nei fine settimana proponiamo visite guidate organizzate da noi e si pu\u00f2 scegliere tra:<\/p>\n<p style=\"font-size: 1.4em; text-align: center;\"><strong>Visite guidate &#8216;Standard&#8217;<br \/>\no visite guidate &#8216;Superior &#8211; C\u00e0 Martinengo&#8217;<\/strong><br \/>\n<em>(maggiori dettagli sulle visite guidate di seguito)<\/em><\/p>\n<p style=\"font-size: 1.4em; text-align: justify;\">Partenze delle visite guidate alle ore 11:00 e alle ore 16:00 &#8211; gradita la prenotazione (<strong>+39\/340\/0825844 o info@valsanzibiogiardino.it<\/strong>),&nbsp;oppure si consiglia di arrivare almeno 15 minuti prima dell\u2019orario di visita.<\/p>\nngg_shortcode_1_placeholder\n<p style=\"font-size: 1.2em; text-align: center;\">(per l&#8217;importanza storica, allegorica e botanica di questo luogo e per<br \/>\ngli innumerevoli messaggi celati nell&#8217;ideazione del giardino di Valsanzibio,<br \/>\nle visite guidate sono caldamente consigliate, ma non obbligatorie)<\/p>\n<p style=\"font-size: 1.0em; text-align: center;\">&#8212;&#8212;&#8212;&#8212;&#8211; O &#8212;&#8212;&#8212;&#8212;&#8211;<\/p>\n<p style=\"font-size: 1.8em; text-align: center;\"><strong>Visite guidate &#8216;Standard&#8217;<\/strong><\/p>\n<p style=\"font-size: 1.4em; text-align: center;\"><em><b><span style=\"color: red;\">Alla scoperta dei significati simbolici del Giardino<\/span><\/b><\/em><\/p>\n<p style=\"font-size: 1.1em; text-align: center;\"><strong><span style=\"color: green;\">Racconta l\u2019alta simbologia del Giardino Monumentale, realizzato<br \/>\nsu progetto di Luigi Bernini e ispirato da San Gregorio Barbarigo.<\/span><\/strong><\/p>\n<p style=\"font-size: 1.1em; text-align: center;\">&#8211; lingua Italiana e durata un\u2019ora circa<br \/>\n&#8211; <strong>extra di 5,00 \u20ac a persona<\/strong> sul biglietto d\u2019ingresso<br \/>\nOrario di inizio nei week end e festivi (orari soggetti a cambiamenti stagionali)<br \/>\nore 11.00 &amp; 15.30 (16:30 da Maggio ad Agosto, 16:00 Settembre)<\/p>\n<p style=\"font-size: 1.0em; text-align: center;\">&#8212;&#8212;&#8212;&#8212;&#8211; O &#8212;&#8212;&#8212;&#8212;&#8211;<\/p>\n<p style=\"font-size: 1.8em; text-align: center;\"><strong>Visite guidate &#8216;Superior &#8211; C\u00e0 Martinengo&#8217;<\/strong><\/p>\n<p style=\"font-size: 1.4em; text-align: center;\"><em><b><span style=\"color: red;\">Alla scoperta dei significati simbolici del Giardino<br \/>\ne alla scoperta delle famiglie che si sono succedute<br \/>\nnei secoli alla propriet\u00e0 della Tenuta<\/span><\/b><\/em><\/p>\nngg_shortcode_2_placeholder\n<p style=\"font-size: 1.1em; text-align: center;\"><b><span style=\"color: green;\">Questo tour, oltre alla visita guidata &#8216;Standard&#8217;, dar\u00e0 l\u2019opportunit\u00e0 di<br \/>\naccedere al Piazzale delle Rivelazioni davanti alla Villa (generalmente<br \/>\nchiuso al pubblico) e di accedere al Casino di Caccia dell\u2019800<br \/>\nCa\u2019 Martinengo, dove ammirare una esposizione di 300 mq.<\/span><\/b><\/p>\n<p style=\"font-size: 1.1em; text-align: center;\">&#8211; lingua Italiana e durata un\u2019ora e 40 circa<br \/>\n&#8211; <strong>extra di 10,00 \u20ac a persona<\/strong> sul biglietto d\u2019ingresso<br \/>\nOrario di inizio nei week end e festivi (orari soggetti a cambiamenti stagionali)<br \/>\nore 11.00 &amp; 15.30 (16:30 da Maggio ad Agosto, 16:00 Settembre)<\/p>\n<p style=\"font-size: 1.0em; text-align: center;\">&#8212;&#8212;&#8212;&#8212;&#8211; O &#8212;&#8212;&#8212;&#8212;&#8211;<\/p>\n<p style=\"font-size: 1.2em; text-align: center;\">Chi gi\u00e0 conosce la simbologia del Giardino pu\u00f2 scegliere<\/p>\n<p style=\"font-size: 1.8em; text-align: center;\"><strong>Visita museale<\/strong><\/p>\n<p style=\"font-size: 1.4em; text-align: center;\"><em><b><span style=\"color: red;\">Alla scoperta delle famiglie che si sono<br \/>\nsuccedute nei secoli alla propriet\u00e0 della Tenuta<\/span><\/b><\/em><\/p>\n<p style=\"font-size: 1.1em; text-align: center;\">Ossia la seconda parte della visita &#8216;Superior &#8211; C\u00e0 Martinengo&#8217;, unendosi al<br \/>\ngruppo alle ore 12.15 e alle ore 16.30 (17:30 da Maggio ad Agosto, 17:00 Settembre)<\/p>\n<p style=\"font-size: 1.1em; text-align: center;\">&#8211; lingua&nbsp;Italiana e&nbsp;durata 40 minuti circa<br \/>\n&#8211; <strong>extra di 5,00 \u20ac a persona<\/strong> sul biglietto d\u2019ingresso<br \/>\nOrario di inizio nei week end e festivi (orari soggetti a cambiamenti stagionali)<br \/>\nore 12.15 &amp; 16.30 (17:30 da Maggio ad Agosto, 17:00 Settembre)<\/p>\n<p style=\"font-size: 1.1em; text-align: center;\">Per partecipare alle viste guidate \u00e8 gradita la prenotazione<br \/>\noppure consigliamo di arrivare almeno 15 minuti prima dell\u2019inizio.<br \/>\nLe visite guidate partono dalla biglietteria del Giardino.<\/p>\n<p style=\"font-size: 1.0em; text-align: center;\">&#8212;&#8212;&#8212;&#8212;&#8211; O &#8212;&#8212;&#8212;&#8212;&#8211;<\/p>\n<p style=\"font-size: 1.4em; text-align: justify;\"><strong>Inoltre ampia area pic nic relax a disposizione dei visitatori, tra alberi secolari e vista Colli.<\/strong><\/p>\n<p style=\"font-size: 1.1em; text-align: justify;\">L\u2019area relax del Giardino \u00e8 un area di circa due ettari tra alberi secolari, prato verde e vista Colli Euganei.&nbsp;Chi desidera pu\u00f2 portarsi il cibo da casa e fare il pranzo al sacco sul proprio plaid&nbsp;(per riservare dei tavoli \u00e8 richiesto un extra di 12,0 \u20ac a tavolo o 2,0 \u20ac a persona).<\/p>\n<p style=\"font-size: 1.0em; text-align: center;\">&#8212;&#8212;&#8212;&#8212;&#8211; O &#8212;&#8212;&#8212;&#8212;&#8211;<\/p>\n<p style=\"font-size: 1.8em; text-align: center;\"><strong>Desiderate fare un regalo speciale<br \/>\na persone speciali?<\/strong><\/p>\n<p style=\"font-size: 1.9em; text-align: center;\"><strong>Regalate l\u2019ingresso al<\/strong><\/p>\n<p style=\"font-size: 1.9em; text-align: center;\"><strong>Giardino Monumentale di Valsanzibio.<\/strong><\/p>\nngg_shortcode_3_placeholder\n<p style=\"font-size: 1.5em; text-align: justify;\">Un dono gradito agli amanti dell\u2019 Arte e Natura e, al tempo stesso, Arte e Natura del Giardino ringraziano sentitamente del contributo.<\/p>\n<p style=\"font-size: 1.5em; text-align: justify;\">Sarete anche voi partecipi al mantenimento di un bene storico-artistico-botanico che visitatori da tutto il mondo apprezzano e ammirano.<\/p>\n<p style=\"font-size: 1.5em; text-align: center;\">Per informazioni:<\/p>\n<p style=\"font-size: 1.6em; text-align: center;\"><em><strong>340 0825844<\/strong><\/em><br \/>\n<em><strong> info@valsanzibiogiardino.it<\/strong><\/em><\/p>\n<p style=\"font-size: 1.6em; text-align: center;\"><strong>&#8212;&#8212;&#8212;&#8212;&#8211; O &#8212;&#8212;&#8212;&#8212;&#8211;<\/strong><\/p>\n<p style=\"font-size: 1.6em; text-align: center;\"><strong>INFINE VI segnaliamo&#8230;<\/strong><\/p>\n<p style=\"font-size: 2.6em; text-align: center;\"><a href=\"https:\/\/www.kickstarter.com\/projects\/1203174801\/giardino-di-valsanzibio\" target=\"_blank\" rel=\"noopener\"><em><strong><span style=\"color: #475400;\">&#8216;VALSANZIBIO&#8217;<\/span><\/strong><\/em><\/a><\/p>\nngg_shortcode_4_placeholder\n<p style=\"font-size: 2.2em; text-align: center;\"><img decoding=\"async\" src=\"https:\/\/ksr-ugc.imgix.net\/assets\/017\/017\/241\/63f609366f6fec575d9d6ba8af80fecd_original.jpg?w=680&amp;fit=max&amp;v=1496933126&amp;auto=format&amp;q=92&amp;s=84e92847d9d457da48c22a523a0109c2\" alt=\"Preview of the book\"><\/p>\n<p style=\"font-size: 1.5em; text-align: justify;\">un opera scritta da <strong>Luigi Cerantola<\/strong> con fotografie di <strong>Renato D\u2019Agostin<\/strong>, giovane fotografo veneziano che ha gi\u00e0 esposto in prestigiose gallerie d\u2019arte internazionali, tra cui Venezia, New York, Parigi. Alcuni sui scatti realizzati nel Giardino di Valsanzibio appaiono anche sulla facciata <a style=\"font-weight: normal;\" href=\"\/?p=5868\" target=\"_blank\" rel=\"noopener\">dell&#8217;antico Casino di caccia denominato <strong>C\u00e0 Martinengo <\/strong>(clicca sopra per conoscere Ca&#8217; Martinengo)<\/a>.<\/p>\n<p style=\"font-size: 1.5em; text-align: justify;\">Da VALSANZIBIO \u00e8 stato tratto il <strong><em>Codice di Valsanzibio<\/em><\/strong>, un libro realizzato secondo tecniche monastiche antiche e composto di 26 grandi pagine (cm. 23,5 x 32) esposte in sequenza. In quest&#8217;opera i 24 Sonetti del poeta <strong>Luigi Cerantola<\/strong>, che prendono avvio dal Sonetto \u201c<em>Curioso viator che in questa parte<\/em>\u201d inciso sulla gradinata che dal Giardino di Valsanzibio immette al Piazzale delle Rivelazioni in fronte a Villa Barbarigo Pizzoni Ardemani (<a href=\"\/?p=613\" target=\"_blank\" rel=\"noopener\">clicca La Scalinata del Sonetto<\/a>), sono calligrafati su carta giapponese e tutte le 26 pagine sono dipinte da <strong>Alessio Mancino<\/strong>.<\/p>\n<p style=\"font-size: 1.5em; text-align: justify;\">Il codice \u00e8 in linea alla tradizione classica (vedi le <em>Tr\u00e8s Riches Heuresdu Duc de Berry<\/em> del 1415 circa) che intendeva dar veste solenne e imperitura ad un testo calligrafandolo e miniandolo.<\/p>\n<p style=\"font-size: 1.6em; text-align: center;\"><strong>&#8212;&#8212;&#8212;&#8212;&#8211; O &#8212;&#8212;&#8212;&#8212;&#8211;<\/strong><\/p>\n<p style=\"font-size: 1.6em; text-align: justify;\"><strong>Tutte le attivit\u00e0 che si svolgono all\u2019interno del Giardino di Valsanzibio, se non specificato altrimenti, prevedono il regolare ingresso al giardino ed il pagamento del biglietto.<\/strong><\/p>\n<p style=\"font-size: 1.4em; text-align: justify;\">Per ulteriori info seguite gli aggiornamenti QUI alla voce &#8216;<strong>NEWS<\/strong>&#8216; o andate alla nostra pagina di <strong><a href=\"https:\/\/www.facebook.com\/Giardino-Barbarigo-Valsanzibio-1461052934142801\/\" target=\"_blank\" rel=\"noopener\">Facebook: Giardino Barbarigo Valsanzibio<\/a><\/strong>.<\/p>\n<!-- AddThis Advanced Settings generic via filter on the_content --><!-- AddThis Share Buttons generic via filter on the_content -->","protected":false},"excerpt":{"rendered":"<p>&#8216;Paesi che vai&#8217;, Rai1 Domenica 30 settembre 2018 alle ore 9:45 Villa Barbarigo Pizzoni Ardemani Galzignano Terme (Padova) Si parla della Riviera del Brenta, delle Thermae di Abano Montegrotto, e, meta storico artistica imperdibile per chi si reca in quest&#8217;area, del Giardino Monumentale di #Valsanzibio. &#8216;Paese che vai&#8217; \u00e8 la trasmissione di Rai1 condotta da [&hellip;]<!-- AddThis Advanced Settings generic via filter on get_the_excerpt --><!-- AddThis Share Buttons generic via filter on get_the_excerpt --><\/p>\n","protected":false},"author":4,"featured_media":5724,"comment_status":"closed","ping_status":"open","sticky":false,"template":"","format":"standard","meta":{"_monsterinsights_skip_tracking":false,"_monsterinsights_sitenote_active":false,"_monsterinsights_sitenote_note":"","_monsterinsights_sitenote_category":0,"ngg_post_thumbnail":0,"footnotes":""},"categories":[13,17],"tags":[],"class_list":["post-18293","post","type-post","status-publish","format-standard","has-post-thumbnail","hentry","category-eventi","category-news"],"yoast_head":"<!-- This site is optimized with the Yoast SEO plugin v27.5 - https:\/\/yoast.com\/product\/yoast-seo-wordpress\/ -->\n<title>&#039;Paesi che vai&#039;, Rai1 - Domenica 30 Settembre 2018, alle ore 9:45 - Giardino Storico di Valsanzibio | Villa Barbarigo Pizzoni Ardemani | Galzignano Terme, Padova<\/title>\n<meta name=\"robots\" content=\"index, follow, max-snippet:-1, max-image-preview:large, max-video-preview:-1\" \/>\n<link rel=\"canonical\" href=\"https:\/\/www.valsanzibiogiardino.com\/it\/paesi-che-vai-rai1-domenica-30-settembre-2018-alle-ore-945\/\" \/>\n<meta name=\"twitter:label1\" content=\"Scritto da\" \/>\n\t<meta name=\"twitter:data1\" content=\"Staff\" \/>\n\t<meta name=\"twitter:label2\" content=\"Tempo di lettura stimato\" \/>\n\t<meta name=\"twitter:data2\" content=\"6 minuti\" \/>\n<script type=\"application\/ld+json\" class=\"yoast-schema-graph\">{\"@context\":\"https:\\\/\\\/schema.org\",\"@graph\":[{\"@type\":\"Article\",\"@id\":\"https:\\\/\\\/www.valsanzibiogiardino.com\\\/it\\\/paesi-che-vai-rai1-domenica-30-settembre-2018-alle-ore-945\\\/#article\",\"isPartOf\":{\"@id\":\"https:\\\/\\\/www.valsanzibiogiardino.com\\\/it\\\/paesi-che-vai-rai1-domenica-30-settembre-2018-alle-ore-945\\\/\"},\"author\":{\"name\":\"Staff\",\"@id\":\"https:\\\/\\\/www.valsanzibiogiardino.com\\\/it\\\/#\\\/schema\\\/person\\\/f6b11a7fbc16b7bd8b7dff8c277936bb\"},\"headline\":\"&#8216;Paesi che vai&#8217;, Rai1 &#8211; Domenica 30 Settembre 2018, alle ore 9:45\",\"datePublished\":\"2018-09-28T21:31:06+00:00\",\"mainEntityOfPage\":{\"@id\":\"https:\\\/\\\/www.valsanzibiogiardino.com\\\/it\\\/paesi-che-vai-rai1-domenica-30-settembre-2018-alle-ore-945\\\/\"},\"wordCount\":1142,\"image\":{\"@id\":\"https:\\\/\\\/www.valsanzibiogiardino.com\\\/it\\\/paesi-che-vai-rai1-domenica-30-settembre-2018-alle-ore-945\\\/#primaryimage\"},\"thumbnailUrl\":\"https:\\\/\\\/www.valsanzibiogiardino.com\\\/wp-content\\\/uploads\\\/2017\\\/07\\\/GrottePeschieraVenti_1_Low.jpg\",\"articleSection\":[\"EVENTI\",\"NEWS\"],\"inLanguage\":\"it-IT\"},{\"@type\":\"WebPage\",\"@id\":\"https:\\\/\\\/www.valsanzibiogiardino.com\\\/it\\\/paesi-che-vai-rai1-domenica-30-settembre-2018-alle-ore-945\\\/\",\"url\":\"https:\\\/\\\/www.valsanzibiogiardino.com\\\/it\\\/paesi-che-vai-rai1-domenica-30-settembre-2018-alle-ore-945\\\/\",\"name\":\"'Paesi che vai', Rai1 - Domenica 30 Settembre 2018, alle ore 9:45 - Giardino Storico di Valsanzibio | Villa Barbarigo Pizzoni Ardemani | Galzignano Terme, Padova\",\"isPartOf\":{\"@id\":\"https:\\\/\\\/www.valsanzibiogiardino.com\\\/it\\\/#website\"},\"primaryImageOfPage\":{\"@id\":\"https:\\\/\\\/www.valsanzibiogiardino.com\\\/it\\\/paesi-che-vai-rai1-domenica-30-settembre-2018-alle-ore-945\\\/#primaryimage\"},\"image\":{\"@id\":\"https:\\\/\\\/www.valsanzibiogiardino.com\\\/it\\\/paesi-che-vai-rai1-domenica-30-settembre-2018-alle-ore-945\\\/#primaryimage\"},\"thumbnailUrl\":\"https:\\\/\\\/www.valsanzibiogiardino.com\\\/wp-content\\\/uploads\\\/2017\\\/07\\\/GrottePeschieraVenti_1_Low.jpg\",\"datePublished\":\"2018-09-28T21:31:06+00:00\",\"author\":{\"@id\":\"https:\\\/\\\/www.valsanzibiogiardino.com\\\/it\\\/#\\\/schema\\\/person\\\/f6b11a7fbc16b7bd8b7dff8c277936bb\"},\"breadcrumb\":{\"@id\":\"https:\\\/\\\/www.valsanzibiogiardino.com\\\/it\\\/paesi-che-vai-rai1-domenica-30-settembre-2018-alle-ore-945\\\/#breadcrumb\"},\"inLanguage\":\"it-IT\",\"potentialAction\":[{\"@type\":\"ReadAction\",\"target\":[\"https:\\\/\\\/www.valsanzibiogiardino.com\\\/it\\\/paesi-che-vai-rai1-domenica-30-settembre-2018-alle-ore-945\\\/\"]}]},{\"@type\":\"ImageObject\",\"inLanguage\":\"it-IT\",\"@id\":\"https:\\\/\\\/www.valsanzibiogiardino.com\\\/it\\\/paesi-che-vai-rai1-domenica-30-settembre-2018-alle-ore-945\\\/#primaryimage\",\"url\":\"https:\\\/\\\/www.valsanzibiogiardino.com\\\/wp-content\\\/uploads\\\/2017\\\/07\\\/GrottePeschieraVenti_1_Low.jpg\",\"contentUrl\":\"https:\\\/\\\/www.valsanzibiogiardino.com\\\/wp-content\\\/uploads\\\/2017\\\/07\\\/GrottePeschieraVenti_1_Low.jpg\",\"width\":1024,\"height\":768,\"caption\":\"Grotte Peschiera Venti\"},{\"@type\":\"BreadcrumbList\",\"@id\":\"https:\\\/\\\/www.valsanzibiogiardino.com\\\/it\\\/paesi-che-vai-rai1-domenica-30-settembre-2018-alle-ore-945\\\/#breadcrumb\",\"itemListElement\":[{\"@type\":\"ListItem\",\"position\":1,\"name\":\"Home\",\"item\":\"https:\\\/\\\/www.valsanzibiogiardino.com\\\/it\\\/\"},{\"@type\":\"ListItem\",\"position\":2,\"name\":\"&#8216;Paesi che vai&#8217;, Rai1 &#8211; Domenica 30 Settembre 2018, alle ore 9:45\"}]},{\"@type\":\"WebSite\",\"@id\":\"https:\\\/\\\/www.valsanzibiogiardino.com\\\/it\\\/#website\",\"url\":\"https:\\\/\\\/www.valsanzibiogiardino.com\\\/it\\\/\",\"name\":\"Giardino Storico di Valsanzibio | Villa Barbarigo Pizzoni Ardemani | Galzignano Terme, Padova\",\"description\":\"Il Giardino Storico di Valsanzibio si trova a Galzignano Terme, in provincia di Padova, ed \u00e8 uno dei pi\u00f9 estesi ed integri giardini d\u2019Epoca mondiali.\",\"potentialAction\":[{\"@type\":\"SearchAction\",\"target\":{\"@type\":\"EntryPoint\",\"urlTemplate\":\"https:\\\/\\\/www.valsanzibiogiardino.com\\\/it\\\/?s={search_term_string}\"},\"query-input\":{\"@type\":\"PropertyValueSpecification\",\"valueRequired\":true,\"valueName\":\"search_term_string\"}}],\"inLanguage\":\"it-IT\"},{\"@type\":\"Person\",\"@id\":\"https:\\\/\\\/www.valsanzibiogiardino.com\\\/it\\\/#\\\/schema\\\/person\\\/f6b11a7fbc16b7bd8b7dff8c277936bb\",\"name\":\"Staff\",\"url\":\"https:\\\/\\\/www.valsanzibiogiardino.com\\\/it\\\/author\\\/staff\\\/\"}]}<\/script>\n<!-- \/ Yoast SEO plugin. -->","yoast_head_json":{"title":"'Paesi che vai', Rai1 - Domenica 30 Settembre 2018, alle ore 9:45 - Giardino Storico di Valsanzibio | Villa Barbarigo Pizzoni Ardemani | Galzignano Terme, Padova","robots":{"index":"index","follow":"follow","max-snippet":"max-snippet:-1","max-image-preview":"max-image-preview:large","max-video-preview":"max-video-preview:-1"},"canonical":"https:\/\/www.valsanzibiogiardino.com\/it\/paesi-che-vai-rai1-domenica-30-settembre-2018-alle-ore-945\/","twitter_misc":{"Scritto da":"Staff","Tempo di lettura stimato":"6 minuti"},"schema":{"@context":"https:\/\/schema.org","@graph":[{"@type":"Article","@id":"https:\/\/www.valsanzibiogiardino.com\/it\/paesi-che-vai-rai1-domenica-30-settembre-2018-alle-ore-945\/#article","isPartOf":{"@id":"https:\/\/www.valsanzibiogiardino.com\/it\/paesi-che-vai-rai1-domenica-30-settembre-2018-alle-ore-945\/"},"author":{"name":"Staff","@id":"https:\/\/www.valsanzibiogiardino.com\/it\/#\/schema\/person\/f6b11a7fbc16b7bd8b7dff8c277936bb"},"headline":"&#8216;Paesi che vai&#8217;, Rai1 &#8211; Domenica 30 Settembre 2018, alle ore 9:45","datePublished":"2018-09-28T21:31:06+00:00","mainEntityOfPage":{"@id":"https:\/\/www.valsanzibiogiardino.com\/it\/paesi-che-vai-rai1-domenica-30-settembre-2018-alle-ore-945\/"},"wordCount":1142,"image":{"@id":"https:\/\/www.valsanzibiogiardino.com\/it\/paesi-che-vai-rai1-domenica-30-settembre-2018-alle-ore-945\/#primaryimage"},"thumbnailUrl":"https:\/\/www.valsanzibiogiardino.com\/wp-content\/uploads\/2017\/07\/GrottePeschieraVenti_1_Low.jpg","articleSection":["EVENTI","NEWS"],"inLanguage":"it-IT"},{"@type":"WebPage","@id":"https:\/\/www.valsanzibiogiardino.com\/it\/paesi-che-vai-rai1-domenica-30-settembre-2018-alle-ore-945\/","url":"https:\/\/www.valsanzibiogiardino.com\/it\/paesi-che-vai-rai1-domenica-30-settembre-2018-alle-ore-945\/","name":"'Paesi che vai', Rai1 - Domenica 30 Settembre 2018, alle ore 9:45 - Giardino Storico di Valsanzibio | Villa Barbarigo Pizzoni Ardemani | Galzignano Terme, Padova","isPartOf":{"@id":"https:\/\/www.valsanzibiogiardino.com\/it\/#website"},"primaryImageOfPage":{"@id":"https:\/\/www.valsanzibiogiardino.com\/it\/paesi-che-vai-rai1-domenica-30-settembre-2018-alle-ore-945\/#primaryimage"},"image":{"@id":"https:\/\/www.valsanzibiogiardino.com\/it\/paesi-che-vai-rai1-domenica-30-settembre-2018-alle-ore-945\/#primaryimage"},"thumbnailUrl":"https:\/\/www.valsanzibiogiardino.com\/wp-content\/uploads\/2017\/07\/GrottePeschieraVenti_1_Low.jpg","datePublished":"2018-09-28T21:31:06+00:00","author":{"@id":"https:\/\/www.valsanzibiogiardino.com\/it\/#\/schema\/person\/f6b11a7fbc16b7bd8b7dff8c277936bb"},"breadcrumb":{"@id":"https:\/\/www.valsanzibiogiardino.com\/it\/paesi-che-vai-rai1-domenica-30-settembre-2018-alle-ore-945\/#breadcrumb"},"inLanguage":"it-IT","potentialAction":[{"@type":"ReadAction","target":["https:\/\/www.valsanzibiogiardino.com\/it\/paesi-che-vai-rai1-domenica-30-settembre-2018-alle-ore-945\/"]}]},{"@type":"ImageObject","inLanguage":"it-IT","@id":"https:\/\/www.valsanzibiogiardino.com\/it\/paesi-che-vai-rai1-domenica-30-settembre-2018-alle-ore-945\/#primaryimage","url":"https:\/\/www.valsanzibiogiardino.com\/wp-content\/uploads\/2017\/07\/GrottePeschieraVenti_1_Low.jpg","contentUrl":"https:\/\/www.valsanzibiogiardino.com\/wp-content\/uploads\/2017\/07\/GrottePeschieraVenti_1_Low.jpg","width":1024,"height":768,"caption":"Grotte Peschiera Venti"},{"@type":"BreadcrumbList","@id":"https:\/\/www.valsanzibiogiardino.com\/it\/paesi-che-vai-rai1-domenica-30-settembre-2018-alle-ore-945\/#breadcrumb","itemListElement":[{"@type":"ListItem","position":1,"name":"Home","item":"https:\/\/www.valsanzibiogiardino.com\/it\/"},{"@type":"ListItem","position":2,"name":"&#8216;Paesi che vai&#8217;, Rai1 &#8211; Domenica 30 Settembre 2018, alle ore 9:45"}]},{"@type":"WebSite","@id":"https:\/\/www.valsanzibiogiardino.com\/it\/#website","url":"https:\/\/www.valsanzibiogiardino.com\/it\/","name":"Giardino Storico di Valsanzibio | Villa Barbarigo Pizzoni Ardemani | Galzignano Terme, Padova","description":"Il Giardino Storico di Valsanzibio si trova a Galzignano Terme, in provincia di Padova, ed \u00e8 uno dei pi\u00f9 estesi ed integri giardini d\u2019Epoca mondiali.","potentialAction":[{"@type":"SearchAction","target":{"@type":"EntryPoint","urlTemplate":"https:\/\/www.valsanzibiogiardino.com\/it\/?s={search_term_string}"},"query-input":{"@type":"PropertyValueSpecification","valueRequired":true,"valueName":"search_term_string"}}],"inLanguage":"it-IT"},{"@type":"Person","@id":"https:\/\/www.valsanzibiogiardino.com\/it\/#\/schema\/person\/f6b11a7fbc16b7bd8b7dff8c277936bb","name":"Staff","url":"https:\/\/www.valsanzibiogiardino.com\/it\/author\/staff\/"}]}},"_links":{"self":[{"href":"https:\/\/www.valsanzibiogiardino.com\/it\/wp-json\/wp\/v2\/posts\/18293","targetHints":{"allow":["GET"]}}],"collection":[{"href":"https:\/\/www.valsanzibiogiardino.com\/it\/wp-json\/wp\/v2\/posts"}],"about":[{"href":"https:\/\/www.valsanzibiogiardino.com\/it\/wp-json\/wp\/v2\/types\/post"}],"author":[{"embeddable":true,"href":"https:\/\/www.valsanzibiogiardino.com\/it\/wp-json\/wp\/v2\/users\/4"}],"replies":[{"embeddable":true,"href":"https:\/\/www.valsanzibiogiardino.com\/it\/wp-json\/wp\/v2\/comments?post=18293"}],"version-history":[{"count":0,"href":"https:\/\/www.valsanzibiogiardino.com\/it\/wp-json\/wp\/v2\/posts\/18293\/revisions"}],"wp:featuredmedia":[{"embeddable":true,"href":"https:\/\/www.valsanzibiogiardino.com\/it\/wp-json\/wp\/v2\/media\/5724"}],"wp:attachment":[{"href":"https:\/\/www.valsanzibiogiardino.com\/it\/wp-json\/wp\/v2\/media?parent=18293"}],"wp:term":[{"taxonomy":"category","embeddable":true,"href":"https:\/\/www.valsanzibiogiardino.com\/it\/wp-json\/wp\/v2\/categories?post=18293"},{"taxonomy":"post_tag","embeddable":true,"href":"https:\/\/www.valsanzibiogiardino.com\/it\/wp-json\/wp\/v2\/tags?post=18293"}],"curies":[{"name":"wp","href":"https:\/\/api.w.org\/{rel}","templated":true}]}}