{"id":18230,"date":"2018-08-23T13:35:54","date_gmt":"2018-08-23T11:35:54","guid":{"rendered":"https:\/\/www.valsanzibiogiardino.it\/?p=18230"},"modified":"2018-08-26T00:38:54","modified_gmt":"2018-08-25T22:38:54","slug":"fine-agosto-nel-giardino-di-valsanzibio","status":"publish","type":"post","link":"https:\/\/www.valsanzibiogiardino.com\/it\/fine-agosto-nel-giardino-di-valsanzibio\/","title":{"rendered":"Fine Agosto nel Giardino di Valsanzibio"},"content":{"rendered":"<p style=\"font-size: 1.4em; text-align: center;\"><a href=\"http:\/\/mattinopadova.gelocal.it\/padova\/cronaca\/2018\/08\/25\/news\/galzignano-john-elkann-visita-il-giardino-di-valsanzibio-1.17185110\" target=\"_blank\" rel=\"noopener\">Alla scoperta dei luoghi pi\u00f9 affascinanti del territorio&#8230;<\/a><br \/>\n<a href=\"http:\/\/mattinopadova.gelocal.it\/padova\/cronaca\/2018\/08\/25\/news\/galzignano-john-elkann-visita-il-giardino-di-valsanzibio-1.17185110\" target=\"_blank\" rel=\"noopener\">Grazie alla famiglia Elkann e amici che hanno scelto di<\/a><br \/>\n<a href=\"http:\/\/mattinopadova.gelocal.it\/padova\/cronaca\/2018\/08\/25\/news\/galzignano-john-elkann-visita-il-giardino-di-valsanzibio-1.17185110\" target=\"_blank\" rel=\"noopener\">visitare il Giardino Monumentale di Valsanzibio&#8230;e di<\/a><br \/>\n<a href=\"http:\/\/mattinopadova.gelocal.it\/padova\/cronaca\/2018\/08\/25\/news\/galzignano-john-elkann-visita-il-giardino-di-valsanzibio-1.17185110\" target=\"_blank\" rel=\"noopener\">perdersi nel labirinto in bossi secolari!<\/a><\/p>\n<p style=\"font-size: 1.4em; text-align: center;\"><a href=\"http:\/\/mattinopadova.gelocal.it\/padova\/cronaca\/2018\/08\/25\/news\/galzignano-john-elkann-visita-il-giardino-di-valsanzibio-1.17185110\" target=\"_blank\" rel=\"noopener\"><em><strong>CLICCA QUI&#8217; per vedere l&#8217;articolo<\/strong><\/em><\/a><\/p>\n<p style=\"font-size: 1.0em; text-align: center;\">&#8212;&#8212;&#8212;&#8212;&#8211; O &#8212;&#8212;&#8212;&#8212;&#8211;<\/p>\n<p style=\"font-size: 2.6em; text-align: center;\"><b><span style=\"color: green;\">Giardino Monumentale<br \/>\ndi Valsanzibio<\/span><\/b><\/p>\n<p style=\"font-size: 1.4em; text-align: center;\"><strong>Villa Barbarigo Pizzoni Ardemani<\/strong><br \/>\n<strong> Galzignano Terme (Padova)<\/strong><\/p>\n<p style=\"font-size: 1.4em; text-align: justify;\">Il Giardino \u00e8 aperto tutti i giorni, dalle ore 10:00 fino alle 19:00 durante la settimana (con pausa della biglietteria dalle 13:00 alle 14:00)&nbsp;e fino alle ore 19:30 con orario continuato nei fine settimana.<\/p>\n<p style=\"font-size: 1.4em; text-align: justify;\">Per tutta l\u2019estate ogni fine settimana e nei giorni festivi il Giardino propone visite guidate alle ore 11:00 e alle ore 16:30 &#8211; gradita la prenotazione (+39\/340\/0825844 o info@valsanzibiogiardino.it).<\/p>\n<p style=\"font-size: 1.4em; text-align: center;\">Si pu\u00f2 scegliere tra:<br \/>\n<strong>visite guidate &#8216;Standard&#8217;<br \/>\no visite guidate &#8216;Superior &#8211; C\u00e0 Martinengo&#8217;<\/strong><br \/>\n<em>(maggiori dettagli sulle visite guidate di seguito)<\/em><\/p>\nngg_shortcode_0_placeholder\n<p style=\"font-size: 1.2em; text-align: center;\">(per l&#8217;importanza storica, allegorica e botanica di questo luogo e per<br \/>\ngli innumerevoli messaggi celati nell&#8217;ideazione del giardino di Valsanzibio,<br \/>\nle visite guidate sono caldamente consigliate, ma non obbligatorie)<\/p>\n<p style=\"font-size: 1.4em; text-align: center;\"><em><strong>Possibilit\u00e0 di fare visite alle ore 18:00<\/strong><\/em><br \/>\nsolo su prenotazione <strong>+39\/340\/0825844<\/strong><br \/>\n<strong> o info@valsanzibiogiardino.it<\/strong><\/p>\n<p style=\"font-size: 1.0em; text-align: center;\">&#8212;&#8212;&#8212;&#8212;&#8211; O &#8212;&#8212;&#8212;&#8212;&#8211;<\/p>\n<p style=\"font-size: 1.8em; text-align: center;\"><strong>Visite guidate &#8216;Standard&#8217;<\/strong><\/p>\n<p style=\"font-size: 1.4em; text-align: center;\"><em><b><span style=\"color: red;\">Alla scoperta dei significati simbolici del Giardino<\/span><\/b><\/em><\/p>\n<p style=\"font-size: 1.1em; text-align: center;\"><strong><span style=\"color: green;\">Racconta l\u2019alta simbologia del Giardino Monumentale, realizzato<br \/>\nsu progetto di Luigi Bernini e ispirato da San Gregorio Barbarigo.<\/span><\/strong><\/p>\n<p style=\"font-size: 1.1em; text-align: center;\">&#8211; lingua Italiana e durata un\u2019ora circa<br \/>\n&#8211; <strong>extra di 5,00 \u20ac a persona<\/strong> sul biglietto d\u2019ingresso<br \/>\nOrario di inizio nei week end e festivi (orari soggetti a cambiamenti stagionali)<br \/>\nore 11.00 &amp; 15.00 (16:30 da Maggio ad Agosto)<\/p>\n<p style=\"font-size: 1.0em; text-align: center;\">&#8212;&#8212;&#8212;&#8212;&#8211; O &#8212;&#8212;&#8212;&#8212;&#8211;<\/p>\n<p style=\"font-size: 1.8em; text-align: center;\"><strong>Visite guidate &#8216;Superior &#8211; C\u00e0 Martinengo&#8217;<\/strong><\/p>\n<p style=\"font-size: 1.4em; text-align: center;\"><em><b><span style=\"color: red;\">Alla scoperta dei significati simbolici del Giardino<br \/>\ne alla scoperta delle famiglie che si sono succedute<br \/>\nnei secoli alla propriet\u00e0 della Tenuta<\/span><\/b><\/em><\/p>\nngg_shortcode_1_placeholder\n<p style=\"font-size: 1.1em; text-align: center;\"><b><span style=\"color: green;\">Questo tour, oltre alla visita guidata &#8216;Standard&#8217;, dar\u00e0 l\u2019opportunit\u00e0 di<br \/>\naccedere al Piazzale delle Rivelazioni davanti alla Villa (generalmente<br \/>\nchiuso al pubblico) e di accedere al Casino di Caccia dell\u2019800<br \/>\nCa\u2019 Martinengo, dove ammirare una esposizione di 300 mq.<\/span><\/b><\/p>\n<p style=\"font-size: 1.1em; text-align: center;\">&#8211; lingua Italiana e durata un\u2019ora e 40 circa<br \/>\n&#8211; <strong>extra di 10,00 \u20ac a persona<\/strong> sul biglietto d\u2019ingresso<br \/>\nOrario di inizio nei week end e festivi (orari soggetti a cambiamenti stagionali)<br \/>\nore 11.00 &amp; 15.00 (16:30 da Maggio ad Agosto)<\/p>\n<p style=\"font-size: 1.0em; text-align: center;\">&#8212;&#8212;&#8212;&#8212;&#8211; O &#8212;&#8212;&#8212;&#8212;&#8211;<\/p>\n<p style=\"font-size: 1.2em; text-align: center;\">Chi gi\u00e0 conosce la simbologia del Giardino pu\u00f2 scegliere<\/p>\n<p style=\"font-size: 1.8em; text-align: center;\"><strong>Visita museale<\/strong><\/p>\n<p style=\"font-size: 1.4em; text-align: center;\"><em><b><span style=\"color: red;\">Alla scoperta delle famiglie che si sono<br \/>\nsuccedute nei secoli alla propriet\u00e0 della Tenuta<\/span><\/b><\/em><\/p>\n<p style=\"font-size: 1.1em; text-align: center;\">Ossia la seconda parte della visita &#8216;Superior &#8211; C\u00e0 Martinengo&#8217;, unendosi<br \/>\nal gruppo alle ore 12.15 e alle ore 16.00 (17:30 da Maggio ad Agosto)<\/p>\n<p style=\"font-size: 1.1em; text-align: center;\">&#8211; lingua&nbsp;Italiana e&nbsp;durata 40 minuti circa<br \/>\n&#8211; <strong>extra di 5,00 \u20ac a persona<\/strong> sul biglietto d\u2019ingresso<br \/>\nOrario di inizio nei week end e festivi (orari soggetti a cambiamenti stagionali)<br \/>\nore 12.15 &amp; 16.00 (17:30 da Maggio ad Agosto)<\/p>\n<p style=\"font-size: 1.1em; text-align: center;\">Per partecipare alle viste guidate \u00e8 gradita la prenotazione<br \/>\noppure consigliamo di arrivare almeno 15 minuti prima dell\u2019inizio.<br \/>\nLe visite guidate partono dalla biglietteria del Giardino.<\/p>\n<p style=\"font-size: 1.0em; text-align: center;\">&#8212;&#8212;&#8212;&#8212;&#8211; O &#8212;&#8212;&#8212;&#8212;&#8211;<\/p>\n<p style=\"font-size: 1.4em; text-align: justify;\"><strong>Inoltre i visitatori avranno la possibilit\u00e0 di fare pic nic nell\u2019area relax con il proprio cibo, e nel pomeriggio presso le Scuderie oltre alle bibite artigianali proposte nello shop (birre dei Colli e succhi polpa di agricoltura sostenibile 100% locale), ci sar\u00e0 il gelato artigianale di Sara.<\/strong><\/p>\n<p style=\"font-size: 1.1em; text-align: justify;\">L\u2019area relax del Giardino \u00e8 un area di circa due ettari tra alberi secolari, prato verde e vista Colli Euganei.&nbsp;Chi desidera pu\u00f2 portarsi il cibo da casa e fare il pranzo al sacco sul proprio plaid&nbsp;(per riservare dei tavoli \u00e8 richiesto un extra di 12,0 \u20ac a tavolo o 2,0 \u20ac a persona).<\/p>\n<p style=\"font-size: 1.0em; text-align: center;\">&#8212;&#8212;&#8212;&#8212;&#8211; O &#8212;&#8212;&#8212;&#8212;&#8211;<\/p>\n<p style=\"font-size: 1.8em; text-align: center;\"><strong> Sabato 25 e Domenica 26 Agosto<\/strong><\/p>\nngg_shortcode_2_placeholder\n<p style=\"font-size: 1.6em; text-align: center;\"><b><span style=\"color: red;\"><em><strong>Evento rinviato a causa<br \/>\ndi problemi tecnici organizzativi<\/strong><\/em><\/span><\/b><\/p>\n<p style=\"font-size: 2.2em; text-align: center;\"><b><span style=\"color: green;\"><strong>Ci scusiamo vivamente<\/strong><\/span><\/b><\/p>\n<p style=\"font-size: 1.6em; text-align: center;\"><b><span style=\"color: red;\"><em><strong>L\u2019evento verr\u00e0 riproposto e vi terremo<br \/>\ninformati sulle nuove date<\/strong><\/em><\/span><\/b><\/p>\n<p style=\"font-size: 2.4em; text-align: center;\"><b><span style=\"color: brown;\">Visita animata \u201cVittoria Aganoor\u201d<\/span><\/b><\/p>\n<p style=\"font-size: 1.6em; text-align: center;\">Sabato ore 17:00 e Domenica ore 17:00 e 18:00<\/p>\n<p style=\"font-size: 1.4em; text-align: justify;\">Debutto a Valsanzibio dell\u2019 Associazione Culturale teatrOrtaet, ideatrice e autrice delle rappresentazioni Visita animata\u00ae, che sceglie i pi\u00f9 prestigiosi luoghi culturali e musei come palcoscenico<\/p>\n<p style=\"font-size: 2.4em; text-align: center;\"><b><span style=\"color: green;\">VITTORIA AGANOOR<br \/>\nla poesia della natura<\/span><\/b><\/p>\n<p style=\"font-size: 1.4em; text-align: justify;\">Vittoria Aganoor, poetessa padovana di origine armena, definita da Benedetto Croce \u201cla prima poetessa italiana\u201d, nella sua raccolta di poesie &#8220;Leggenda eterna&#8221; celebra la bellezza della natura.<\/p>\n<p style=\"font-size: 1.4em; text-align: justify;\">In questa speciale Visita animata\u00ae di teatrOrtaet, prende vita nel monumentale parco di Valsanzibio la grande poetessa, che alla fine della vita diventa protagonista dell&#8217;ultima tragedia romantica della Belle Epoque.<\/p>\n<p style=\"font-size: 1.6em; text-align: justify;\">Ingresso al Giardino e partecipazione alla visita animata \u20ac 20,00<\/p>\n<p style=\"font-size: 1.4em; text-align: justify;\">Gradita la prenotazione.<\/p>\n<p style=\"font-size: 1.0em; text-align: center;\">&#8212;&#8212;&#8212;&#8212;&#8211; O &#8212;&#8212;&#8212;&#8212;&#8211;<\/p>\n<p style=\"font-size: 1.8em; text-align: center;\"><strong>Desiderate fare un regalo speciale<br \/>\na persone speciali?<\/strong><\/p>\n<p style=\"font-size: 1.9em; text-align: center;\"><strong>Regalate l\u2019ingresso al<\/strong><\/p>\n<p style=\"font-size: 1.9em; text-align: center;\"><strong>Giardino Monumentale di Valsanzibio.<\/strong><\/p>\nngg_shortcode_3_placeholder\n<p style=\"font-size: 1.5em; text-align: justify;\">Un dono gradito agli amanti dell\u2019 Arte e Natura e, al tempo stesso, Arte e Natura del Giardino ringraziano sentitamente del contributo.<\/p>\n<p style=\"font-size: 1.5em; text-align: justify;\">Sarete anche voi partecipi al mantenimento di un bene storico-artistico-botanico che visitatori da tutto il mondo apprezzano e ammirano.<\/p>\n<p style=\"font-size: 1.5em; text-align: center;\">Per informazioni:<\/p>\n<p style=\"font-size: 1.6em; text-align: center;\"><em><strong>340 0825844<\/strong><\/em><br \/>\n<em><strong> info@valsanzibiogiardino.it<\/strong><\/em><\/p>\n<p style=\"font-size: 1.6em; text-align: center;\"><strong>&#8212;&#8212;&#8212;&#8212;&#8211; O &#8212;&#8212;&#8212;&#8212;&#8211;<\/strong><\/p>\n<p style=\"font-size: 1.6em; text-align: center;\"><strong>INFINE VI segnaliamo&#8230;<\/strong><\/p>\n<p style=\"font-size: 2.6em; text-align: center;\"><a href=\"https:\/\/www.kickstarter.com\/projects\/1203174801\/giardino-di-valsanzibio\" target=\"_blank\" rel=\"noopener\"><em><strong><span style=\"color: #475400;\">&#8216;VALSANZIBIO&#8217;<\/span><\/strong><\/em><\/a><\/p>\nngg_shortcode_4_placeholder\n<p style=\"font-size: 2.2em; text-align: center;\"><img decoding=\"async\" src=\"https:\/\/ksr-ugc.imgix.net\/assets\/017\/017\/241\/63f609366f6fec575d9d6ba8af80fecd_original.jpg?w=680&amp;fit=max&amp;v=1496933126&amp;auto=format&amp;q=92&amp;s=84e92847d9d457da48c22a523a0109c2\" alt=\"Preview of the book\"><\/p>\n<p style=\"font-size: 1.5em; text-align: justify;\">un opera scritta da <strong>Luigi Cerantola<\/strong> con fotografie di <strong>Renato D\u2019Agostin<\/strong>, giovane fotografo veneziano che ha gi\u00e0 esposto in prestigiose gallerie d\u2019arte internazionali, tra cui Venezia, New York, Parigi. Alcuni sui scatti realizzati nel Giardino di Valsanzibio appaiono anche sulla facciata <a style=\"font-weight: normal;\" href=\"\/?p=5868\" target=\"_blank\" rel=\"noopener\">dell&#8217;antico Casino di caccia denominato <strong>C\u00e0 Martinengo <\/strong>(clicca sopra per conoscere Ca&#8217; Martinengo)<\/a>.<\/p>\n<p style=\"font-size: 1.5em; text-align: justify;\">Da VALSANZIBIO \u00e8 stato tratto il <strong><em>Codice di Valsanzibio<\/em><\/strong>, un libro realizzato secondo tecniche monastiche antiche e composto di 26 grandi pagine (cm. 23,5 x 32) esposte in sequenza. In quest&#8217;opera i 24 Sonetti del poeta <strong>Luigi Cerantola<\/strong>, che prendono avvio dal Sonetto \u201c<em>Curioso viator che in questa parte<\/em>\u201d inciso sulla gradinata che dal Giardino di Valsanzibio immette al Piazzale delle Rivelazioni in fronte a Villa Barbarigo Pizzoni Ardemani (<a href=\"\/?p=613\" target=\"_blank\" rel=\"noopener\">clicca La Scalinata del Sonetto<\/a>), sono calligrafati su carta giapponese e tutte le 26 pagine sono dipinte da <strong>Alessio Mancino<\/strong>.<\/p>\n<p style=\"font-size: 1.5em; text-align: justify;\">Il codice \u00e8 in linea alla tradizione classica (vedi le <em>Tr\u00e8s Riches Heuresdu Duc de Berry<\/em> del 1415 circa) che intendeva dar veste solenne e imperitura ad un testo calligrafandolo e miniandolo.<\/p>\n<p style=\"font-size: 1.6em; text-align: center;\"><strong>&#8212;&#8212;&#8212;&#8212;&#8211; O &#8212;&#8212;&#8212;&#8212;&#8211;<\/strong><\/p>\n<p style=\"font-size: 1.6em; text-align: justify;\"><strong>Tutte le attivit\u00e0 che si svolgono all\u2019interno del Giardino di Valsanzibio, se non specificato altrimenti, prevedono il regolare ingresso al giardino ed il pagamento del biglietto.<\/strong><\/p>\n<p style=\"font-size: 1.4em; text-align: justify;\">Per ulteriori info seguite gli aggiornamenti QUI alla voce &#8216;<strong>NEWS<\/strong>&#8216; o andate alla nostra pagina di <strong><a href=\"https:\/\/www.facebook.com\/Giardino-Barbarigo-Valsanzibio-1461052934142801\/\" target=\"_blank\" rel=\"noopener\">Facebook: Giardino Barbarigo Valsanzibio<\/a><\/strong>.<\/p>\n<!-- AddThis Advanced Settings generic via filter on the_content --><!-- AddThis Share Buttons generic via filter on the_content -->","protected":false},"excerpt":{"rendered":"<p>Alla scoperta dei luoghi pi\u00f9 affascinanti del territorio&#8230; Grazie alla famiglia Elkann e amici che hanno scelto di visitare il Giardino Monumentale di Valsanzibio&#8230;e di perdersi nel labirinto in bossi secolari! CLICCA QUI&#8217; per vedere l&#8217;articolo &#8212;&#8212;&#8212;&#8212;&#8211; O &#8212;&#8212;&#8212;&#8212;&#8211; Giardino Monumentale di Valsanzibio Villa Barbarigo Pizzoni Ardemani Galzignano Terme (Padova) Il Giardino \u00e8 aperto tutti [&hellip;]<!-- AddThis Advanced Settings generic via filter on get_the_excerpt --><!-- AddThis Share Buttons generic via filter on get_the_excerpt --><\/p>\n","protected":false},"author":4,"featured_media":15207,"comment_status":"closed","ping_status":"open","sticky":false,"template":"","format":"standard","meta":{"_monsterinsights_skip_tracking":false,"_monsterinsights_sitenote_active":false,"_monsterinsights_sitenote_note":"","_monsterinsights_sitenote_category":0,"ngg_post_thumbnail":0,"footnotes":""},"categories":[13,17],"tags":[],"class_list":["post-18230","post","type-post","status-publish","format-standard","has-post-thumbnail","hentry","category-eventi","category-news"],"yoast_head":"<!-- This site is optimized with the Yoast SEO plugin v27.5 - https:\/\/yoast.com\/product\/yoast-seo-wordpress\/ -->\n<title>Fine Agosto nel Giardino di Valsanzibio - Giardino Storico di Valsanzibio | Villa Barbarigo Pizzoni Ardemani | Galzignano Terme, Padova<\/title>\n<meta name=\"robots\" content=\"index, follow, max-snippet:-1, max-image-preview:large, max-video-preview:-1\" \/>\n<link rel=\"canonical\" href=\"https:\/\/www.valsanzibiogiardino.com\/it\/fine-agosto-nel-giardino-di-valsanzibio\/\" \/>\n<meta name=\"twitter:label1\" content=\"Scritto da\" \/>\n\t<meta name=\"twitter:data1\" content=\"Staff\" \/>\n\t<meta name=\"twitter:label2\" content=\"Tempo di lettura stimato\" \/>\n\t<meta name=\"twitter:data2\" content=\"6 minuti\" \/>\n<script type=\"application\/ld+json\" class=\"yoast-schema-graph\">{\"@context\":\"https:\\\/\\\/schema.org\",\"@graph\":[{\"@type\":\"Article\",\"@id\":\"https:\\\/\\\/www.valsanzibiogiardino.com\\\/it\\\/fine-agosto-nel-giardino-di-valsanzibio\\\/#article\",\"isPartOf\":{\"@id\":\"https:\\\/\\\/www.valsanzibiogiardino.com\\\/it\\\/fine-agosto-nel-giardino-di-valsanzibio\\\/\"},\"author\":{\"name\":\"Staff\",\"@id\":\"https:\\\/\\\/www.valsanzibiogiardino.com\\\/it\\\/#\\\/schema\\\/person\\\/f6b11a7fbc16b7bd8b7dff8c277936bb\"},\"headline\":\"Fine Agosto nel Giardino di Valsanzibio\",\"datePublished\":\"2018-08-23T11:35:54+00:00\",\"dateModified\":\"2018-08-25T22:38:54+00:00\",\"mainEntityOfPage\":{\"@id\":\"https:\\\/\\\/www.valsanzibiogiardino.com\\\/it\\\/fine-agosto-nel-giardino-di-valsanzibio\\\/\"},\"wordCount\":1178,\"image\":{\"@id\":\"https:\\\/\\\/www.valsanzibiogiardino.com\\\/it\\\/fine-agosto-nel-giardino-di-valsanzibio\\\/#primaryimage\"},\"thumbnailUrl\":\"https:\\\/\\\/www.valsanzibiogiardino.com\\\/wp-content\\\/uploads\\\/2018\\\/05\\\/slide05_cardodallavilla-1.jpg\",\"articleSection\":[\"EVENTI\",\"NEWS\"],\"inLanguage\":\"it-IT\"},{\"@type\":\"WebPage\",\"@id\":\"https:\\\/\\\/www.valsanzibiogiardino.com\\\/it\\\/fine-agosto-nel-giardino-di-valsanzibio\\\/\",\"url\":\"https:\\\/\\\/www.valsanzibiogiardino.com\\\/it\\\/fine-agosto-nel-giardino-di-valsanzibio\\\/\",\"name\":\"Fine Agosto nel Giardino di Valsanzibio - Giardino Storico di Valsanzibio | Villa Barbarigo Pizzoni Ardemani | Galzignano Terme, Padova\",\"isPartOf\":{\"@id\":\"https:\\\/\\\/www.valsanzibiogiardino.com\\\/it\\\/#website\"},\"primaryImageOfPage\":{\"@id\":\"https:\\\/\\\/www.valsanzibiogiardino.com\\\/it\\\/fine-agosto-nel-giardino-di-valsanzibio\\\/#primaryimage\"},\"image\":{\"@id\":\"https:\\\/\\\/www.valsanzibiogiardino.com\\\/it\\\/fine-agosto-nel-giardino-di-valsanzibio\\\/#primaryimage\"},\"thumbnailUrl\":\"https:\\\/\\\/www.valsanzibiogiardino.com\\\/wp-content\\\/uploads\\\/2018\\\/05\\\/slide05_cardodallavilla-1.jpg\",\"datePublished\":\"2018-08-23T11:35:54+00:00\",\"dateModified\":\"2018-08-25T22:38:54+00:00\",\"author\":{\"@id\":\"https:\\\/\\\/www.valsanzibiogiardino.com\\\/it\\\/#\\\/schema\\\/person\\\/f6b11a7fbc16b7bd8b7dff8c277936bb\"},\"breadcrumb\":{\"@id\":\"https:\\\/\\\/www.valsanzibiogiardino.com\\\/it\\\/fine-agosto-nel-giardino-di-valsanzibio\\\/#breadcrumb\"},\"inLanguage\":\"it-IT\",\"potentialAction\":[{\"@type\":\"ReadAction\",\"target\":[\"https:\\\/\\\/www.valsanzibiogiardino.com\\\/it\\\/fine-agosto-nel-giardino-di-valsanzibio\\\/\"]}]},{\"@type\":\"ImageObject\",\"inLanguage\":\"it-IT\",\"@id\":\"https:\\\/\\\/www.valsanzibiogiardino.com\\\/it\\\/fine-agosto-nel-giardino-di-valsanzibio\\\/#primaryimage\",\"url\":\"https:\\\/\\\/www.valsanzibiogiardino.com\\\/wp-content\\\/uploads\\\/2018\\\/05\\\/slide05_cardodallavilla-1.jpg\",\"contentUrl\":\"https:\\\/\\\/www.valsanzibiogiardino.com\\\/wp-content\\\/uploads\\\/2018\\\/05\\\/slide05_cardodallavilla-1.jpg\",\"width\":1920,\"height\":1080,\"caption\":\"Cardo visto da Villa Barbarigo\"},{\"@type\":\"BreadcrumbList\",\"@id\":\"https:\\\/\\\/www.valsanzibiogiardino.com\\\/it\\\/fine-agosto-nel-giardino-di-valsanzibio\\\/#breadcrumb\",\"itemListElement\":[{\"@type\":\"ListItem\",\"position\":1,\"name\":\"Home\",\"item\":\"https:\\\/\\\/www.valsanzibiogiardino.com\\\/it\\\/\"},{\"@type\":\"ListItem\",\"position\":2,\"name\":\"Fine Agosto nel Giardino di Valsanzibio\"}]},{\"@type\":\"WebSite\",\"@id\":\"https:\\\/\\\/www.valsanzibiogiardino.com\\\/it\\\/#website\",\"url\":\"https:\\\/\\\/www.valsanzibiogiardino.com\\\/it\\\/\",\"name\":\"Giardino Storico di Valsanzibio | Villa Barbarigo Pizzoni Ardemani | Galzignano Terme, Padova\",\"description\":\"Il Giardino Storico di Valsanzibio si trova a Galzignano Terme, in provincia di Padova, ed \u00e8 uno dei pi\u00f9 estesi ed integri giardini d\u2019Epoca mondiali.\",\"potentialAction\":[{\"@type\":\"SearchAction\",\"target\":{\"@type\":\"EntryPoint\",\"urlTemplate\":\"https:\\\/\\\/www.valsanzibiogiardino.com\\\/it\\\/?s={search_term_string}\"},\"query-input\":{\"@type\":\"PropertyValueSpecification\",\"valueRequired\":true,\"valueName\":\"search_term_string\"}}],\"inLanguage\":\"it-IT\"},{\"@type\":\"Person\",\"@id\":\"https:\\\/\\\/www.valsanzibiogiardino.com\\\/it\\\/#\\\/schema\\\/person\\\/f6b11a7fbc16b7bd8b7dff8c277936bb\",\"name\":\"Staff\",\"url\":\"https:\\\/\\\/www.valsanzibiogiardino.com\\\/it\\\/author\\\/staff\\\/\"}]}<\/script>\n<!-- \/ Yoast SEO plugin. -->","yoast_head_json":{"title":"Fine Agosto nel Giardino di Valsanzibio - Giardino Storico di Valsanzibio | Villa Barbarigo Pizzoni Ardemani | Galzignano Terme, Padova","robots":{"index":"index","follow":"follow","max-snippet":"max-snippet:-1","max-image-preview":"max-image-preview:large","max-video-preview":"max-video-preview:-1"},"canonical":"https:\/\/www.valsanzibiogiardino.com\/it\/fine-agosto-nel-giardino-di-valsanzibio\/","twitter_misc":{"Scritto da":"Staff","Tempo di lettura stimato":"6 minuti"},"schema":{"@context":"https:\/\/schema.org","@graph":[{"@type":"Article","@id":"https:\/\/www.valsanzibiogiardino.com\/it\/fine-agosto-nel-giardino-di-valsanzibio\/#article","isPartOf":{"@id":"https:\/\/www.valsanzibiogiardino.com\/it\/fine-agosto-nel-giardino-di-valsanzibio\/"},"author":{"name":"Staff","@id":"https:\/\/www.valsanzibiogiardino.com\/it\/#\/schema\/person\/f6b11a7fbc16b7bd8b7dff8c277936bb"},"headline":"Fine Agosto nel Giardino di Valsanzibio","datePublished":"2018-08-23T11:35:54+00:00","dateModified":"2018-08-25T22:38:54+00:00","mainEntityOfPage":{"@id":"https:\/\/www.valsanzibiogiardino.com\/it\/fine-agosto-nel-giardino-di-valsanzibio\/"},"wordCount":1178,"image":{"@id":"https:\/\/www.valsanzibiogiardino.com\/it\/fine-agosto-nel-giardino-di-valsanzibio\/#primaryimage"},"thumbnailUrl":"https:\/\/www.valsanzibiogiardino.com\/wp-content\/uploads\/2018\/05\/slide05_cardodallavilla-1.jpg","articleSection":["EVENTI","NEWS"],"inLanguage":"it-IT"},{"@type":"WebPage","@id":"https:\/\/www.valsanzibiogiardino.com\/it\/fine-agosto-nel-giardino-di-valsanzibio\/","url":"https:\/\/www.valsanzibiogiardino.com\/it\/fine-agosto-nel-giardino-di-valsanzibio\/","name":"Fine Agosto nel Giardino di Valsanzibio - Giardino Storico di Valsanzibio | Villa Barbarigo Pizzoni Ardemani | Galzignano Terme, Padova","isPartOf":{"@id":"https:\/\/www.valsanzibiogiardino.com\/it\/#website"},"primaryImageOfPage":{"@id":"https:\/\/www.valsanzibiogiardino.com\/it\/fine-agosto-nel-giardino-di-valsanzibio\/#primaryimage"},"image":{"@id":"https:\/\/www.valsanzibiogiardino.com\/it\/fine-agosto-nel-giardino-di-valsanzibio\/#primaryimage"},"thumbnailUrl":"https:\/\/www.valsanzibiogiardino.com\/wp-content\/uploads\/2018\/05\/slide05_cardodallavilla-1.jpg","datePublished":"2018-08-23T11:35:54+00:00","dateModified":"2018-08-25T22:38:54+00:00","author":{"@id":"https:\/\/www.valsanzibiogiardino.com\/it\/#\/schema\/person\/f6b11a7fbc16b7bd8b7dff8c277936bb"},"breadcrumb":{"@id":"https:\/\/www.valsanzibiogiardino.com\/it\/fine-agosto-nel-giardino-di-valsanzibio\/#breadcrumb"},"inLanguage":"it-IT","potentialAction":[{"@type":"ReadAction","target":["https:\/\/www.valsanzibiogiardino.com\/it\/fine-agosto-nel-giardino-di-valsanzibio\/"]}]},{"@type":"ImageObject","inLanguage":"it-IT","@id":"https:\/\/www.valsanzibiogiardino.com\/it\/fine-agosto-nel-giardino-di-valsanzibio\/#primaryimage","url":"https:\/\/www.valsanzibiogiardino.com\/wp-content\/uploads\/2018\/05\/slide05_cardodallavilla-1.jpg","contentUrl":"https:\/\/www.valsanzibiogiardino.com\/wp-content\/uploads\/2018\/05\/slide05_cardodallavilla-1.jpg","width":1920,"height":1080,"caption":"Cardo visto da Villa Barbarigo"},{"@type":"BreadcrumbList","@id":"https:\/\/www.valsanzibiogiardino.com\/it\/fine-agosto-nel-giardino-di-valsanzibio\/#breadcrumb","itemListElement":[{"@type":"ListItem","position":1,"name":"Home","item":"https:\/\/www.valsanzibiogiardino.com\/it\/"},{"@type":"ListItem","position":2,"name":"Fine Agosto nel Giardino di Valsanzibio"}]},{"@type":"WebSite","@id":"https:\/\/www.valsanzibiogiardino.com\/it\/#website","url":"https:\/\/www.valsanzibiogiardino.com\/it\/","name":"Giardino Storico di Valsanzibio | Villa Barbarigo Pizzoni Ardemani | Galzignano Terme, Padova","description":"Il Giardino Storico di Valsanzibio si trova a Galzignano Terme, in provincia di Padova, ed \u00e8 uno dei pi\u00f9 estesi ed integri giardini d\u2019Epoca mondiali.","potentialAction":[{"@type":"SearchAction","target":{"@type":"EntryPoint","urlTemplate":"https:\/\/www.valsanzibiogiardino.com\/it\/?s={search_term_string}"},"query-input":{"@type":"PropertyValueSpecification","valueRequired":true,"valueName":"search_term_string"}}],"inLanguage":"it-IT"},{"@type":"Person","@id":"https:\/\/www.valsanzibiogiardino.com\/it\/#\/schema\/person\/f6b11a7fbc16b7bd8b7dff8c277936bb","name":"Staff","url":"https:\/\/www.valsanzibiogiardino.com\/it\/author\/staff\/"}]}},"_links":{"self":[{"href":"https:\/\/www.valsanzibiogiardino.com\/it\/wp-json\/wp\/v2\/posts\/18230","targetHints":{"allow":["GET"]}}],"collection":[{"href":"https:\/\/www.valsanzibiogiardino.com\/it\/wp-json\/wp\/v2\/posts"}],"about":[{"href":"https:\/\/www.valsanzibiogiardino.com\/it\/wp-json\/wp\/v2\/types\/post"}],"author":[{"embeddable":true,"href":"https:\/\/www.valsanzibiogiardino.com\/it\/wp-json\/wp\/v2\/users\/4"}],"replies":[{"embeddable":true,"href":"https:\/\/www.valsanzibiogiardino.com\/it\/wp-json\/wp\/v2\/comments?post=18230"}],"version-history":[{"count":0,"href":"https:\/\/www.valsanzibiogiardino.com\/it\/wp-json\/wp\/v2\/posts\/18230\/revisions"}],"wp:featuredmedia":[{"embeddable":true,"href":"https:\/\/www.valsanzibiogiardino.com\/it\/wp-json\/wp\/v2\/media\/15207"}],"wp:attachment":[{"href":"https:\/\/www.valsanzibiogiardino.com\/it\/wp-json\/wp\/v2\/media?parent=18230"}],"wp:term":[{"taxonomy":"category","embeddable":true,"href":"https:\/\/www.valsanzibiogiardino.com\/it\/wp-json\/wp\/v2\/categories?post=18230"},{"taxonomy":"post_tag","embeddable":true,"href":"https:\/\/www.valsanzibiogiardino.com\/it\/wp-json\/wp\/v2\/tags?post=18230"}],"curies":[{"name":"wp","href":"https:\/\/api.w.org\/{rel}","templated":true}]}}