{"id":18170,"date":"2018-07-16T15:00:06","date_gmt":"2018-07-16T13:00:06","guid":{"rendered":"https:\/\/www.valsanzibiogiardino.it\/?p=18170"},"modified":"2019-06-27T13:38:45","modified_gmt":"2019-06-27T11:38:45","slug":"agosto-nel-giardino-di-valsanzibio","status":"publish","type":"post","link":"https:\/\/www.valsanzibiogiardino.com\/it\/agosto-nel-giardino-di-valsanzibio\/","title":{"rendered":"Agosto nel Giardino di Valsanzibio"},"content":{"rendered":"<p style=\"font-size: 2.6em; text-align: center;\"><b><span style=\"color: green;\">Giardino Monumentale<br \/>\ndi Valsanzibio<\/span><\/b><\/p>\n<p style=\"font-size: 1.4em; text-align: center;\"><strong>Villa Barbarigo Pizzoni Ardemani<\/strong><br \/>\n<strong> Galzignano Terme (Padova)<\/strong><\/p>\n<p style=\"font-size: 1.4em; text-align: justify;\">Tante occasioni in pi\u00f9 per visitare il Giardino Monumentale Simbolico e Allegorico nel mese d\u2019Agosto. Visite guidate tutti i giorni e due ettari di area relax-pranzo al sacco a disposizione dei visitatori, dove rilassarsi, leggere un libro o giocare con i bimbi. E ancora eventi e appuntamenti culturali e gastronomici con l\u2019apertura in serale del casino di caccia dell\u2019800 Ca\u2019 Martinengo.<\/p>\n<p style=\"font-size: 1.2em; text-align: justify;\">L\u2019area RELAX del Giardino \u00e8 un area di circa due ettari tra alberi secolari, prato verde e vista Colli Euganei.&nbsp;Chi desidera pu\u00f2 portarsi il cibo da casa e fare il pranzo al sacco sul proprio plaid&nbsp;(per riservare dei tavoli \u00e8 richiesto un extra di 12,0 \u20ac a tavolo o 2,0 \u20ac a persona).<\/p>\n<p style=\"font-size: 1.6em; text-align: center;\"><strong>&#8212;&#8212;&#8212;&#8212;&#8211; O &#8212;&#8212;&#8212;&#8212;&#8211;<\/strong><\/p>\n<p style=\"font-size: 1.6em; text-align: center;\"><em><strong>Venerd\u00ec 10, Sabato 11 e Domenica 12<br \/>\nAgosto 2018<\/strong><\/em><\/p>\n<p style=\"font-size: 2.0em; text-align: center;\"><b><span style=\"color: purple;\">Il Giardino dei desideri<\/span><\/b><\/p>\n<p style=\"font-size: 1.4em; text-align: justify;\">Nel fine settimana di San Lorenzo e delle stelle cadenti Valsanzibio festeggia&nbsp;e vi invita ad esprimere i vostri desideri guardando il Padiglione della Dea Diana.<\/p>\nngg_shortcode_0_placeholder\n<p style=\"font-size: 1.4em; text-align: justify;\">Varie sono le proposte, tra natura, arte e suggestioni gastronomiche.<br \/>\nDalle 10:00 alle 19:30 come tutti i giorni si potr\u00e0 fare la visita in autonomia al Giardino.<br \/>\nInoltre si potr\u00e0 scegliere le visite guidate &#8216;standard&#8217; e &#8216;superior&#8217; alle 11:00 del mattino e alle 16:30 (per maggiori informazioni sulle visite guidate,&nbsp;<a href=\"https:\/\/www.valsanzibiogiardino.com\/it\/visite\/\" target=\"_blank\" rel=\"noopener noreferrer\"><strong>vedere alla sezione &#8216;VISITE&#8217; del nostro sito<\/strong><\/a>).<\/p>\n<p style=\"font-size: 1.4em; text-align: justify;\">Nel pomeriggio delle tre giornate alle 17:30 si potr\u00e0 prenotare la visita guidata del Giardino con passeggiata fino alla Pieve di San Lorenzo in via Barbarigo, a circa 300 metri dalla Villa, una chiesetta del XVII secolo aperta eccezionalmente per tutti e tre i giorni.<\/p>\nngg_shortcode_1_placeholder\n<p style=\"font-size: 1.4em; text-align: justify;\">&#8211; durata 1 ora e 30 minuti circa;<br \/>\n&#8211; costo supplementare sul biglietto d\u2019ingresso di \u20ac 5,00.<\/p>\n<p style=\"font-size: 1.4em; text-align: justify;\">Dalle 19:00 alle 23:00 delle tre serate chi desidera potr\u00e0 poi accedere al&nbsp;Giardino di Ca\u2019 Martinengo e al casino di caccia del XIX sec.&nbsp;con vista sul Padiglione di Diana.<br \/>\n&#8211; Apertura straordinaria in serale dello spazio museale.<\/p>\nngg_shortcode_2_placeholder\n<p style=\"font-size: 1.4em; text-align: justify;\">Attendendo le stelle cadenti si potr\u00e0 scegliere degustazioni a base di pesce, anguria e gelato, tutto a lume di candela.<br \/>\n&#8211; Ingresso e primo drink \u20ac 7,00;<br \/>\n&#8211; Minori dai 2 ai 14 anni accompagnati, ingresso gratuito al Museo, cibo e bevande a pagamento.<\/p>\n<p style=\"font-size: 1.4em; text-align: justify;\">&nbsp;Nei prossimi giorni seguiranno pi\u00f9 dettagli sulle proposte gastronomiche:<br \/>\n&#8211; Tris di cicchetti veneziani;<br \/>\n&#8211; Menu degustazione a base di pesce;<br \/>\n&#8211; Gelato artigianale e anguria<\/p>\n<p style=\"font-size: 1.2em; text-align: center;\"><em>In collaborazione con:<\/em><br \/>\n<strong>Bellini e Rossini Canella<\/strong><br \/>\n<strong> Cantina vinicola Capodaglio<\/strong><br \/>\n<strong> Nautilus Fish and wine<\/strong><br \/>\n<strong> Frantoio Colli del Poeta<br \/>\n<strong> La Pignara azienda agricola<\/strong><\/strong><\/p>\n<p style=\"font-size: 1.4em; text-align: justify;\">Potrete aspettare le stelle cadenti in un\u2019atmosfera magica e informale,&nbsp;al tavolo (su prenotazione)&nbsp;oppure, se desiderate, potete portare il vostro telo e sdraiarvi sotto le stelle.<\/p>\n<p style=\"font-size: 1.4em; text-align: center;\"><strong>Info costi e prenotazioni 340 0825844<\/strong><\/p>\n<p style=\"font-size: 1.6em; text-align: center;\"><strong>&#8212;&#8212;&#8212;&#8212;&#8211; O &#8212;&#8212;&#8212;&#8212;&#8211;<\/strong><\/p>\n<p style=\"font-size: 1.6em; text-align: center;\"><em><strong> Domenica 12 Agosto 2018<\/strong><\/em><\/p>\n<p style=\"font-size: 2.0em; text-align: center;\"><b><span style=\"color: red;\">Promenade e danze dell\u2019800<br \/>\ncon i rievocatori<br \/>\ndell\u2019associazione Rosa Antico<\/span><\/b><\/p>\nngg_shortcode_3_placeholder\n<p style=\"font-size: 1.4em; text-align: justify;\">Dalle 17:00 sfileranno in Giardino di Valsanzibio i rievocatori dell\u2019associazione Rosa Antico, in abiti d\u2019epoca dell\u2019800.<br \/>\nSaranno poi presenti, dalle 19:00 alle 22:30, all\u2019apericena a lume di candela nel Giardino di Ca\u2019 Martinengo, e si esibiranno in balli d\u2019epoca a lume di lanterna.<\/p>\n<p style=\"font-size: 1.6em; text-align: center;\"><strong>&#8212;&#8212;&#8212;&#8212;&#8211; O &#8212;&#8212;&#8212;&#8212;&#8211;<\/strong><\/p>\n<p style=\"font-size: 1.6em; text-align: center;\"><em><strong> Da Domenica 12 a Domenica 19 Agosto <\/strong><\/em><\/p>\n<p style=\"font-size: 2.0em; text-align: center;\"><b><span style=\"color: blue;\">Freschissimo Ferragosto in Giardino<\/span><\/b><\/p>\n<p style=\"font-size: 1.4em; text-align: justify;\">Per tutto il mese d\u2019agosto i visitatori potranno usufruire della splendida area relax, due ettari di prato con alberi secolari con vista sui Colli Euganei.<\/p>\n<p style=\"font-size: 1.4em; text-align: justify;\">Tutta la settimana di Ferragosto (da Domenica 12 a Domenica 19), dalle 11 alle 19.30, nell\u2019area relax- pic nic potrete trovare street food che preparano panini, cicchetti, gelati, anguria e freschissimi cocktail, tra cui il nuovo cocktail \u201cBarbarigo\u201d.<\/p>\n<p style=\"font-size: 1.4em; text-align: justify;\">A disposizione dei visitatori due ettari tra gli alberi secolari per giornate rigeneranti immersi nel verde, potrete prenotare il tavolo oppure portare il vostro telo da pic nic.<\/p>\n<p style=\"font-size: 1.4em; text-align: justify;\">Al tramonto &#8211; ore 18:30 &#8211; passeggiate rigeneranti &#8211; sarete accompagnati nelle passeggiate dove potrete abbracciare alcuni alberi secolari, per assorbire l\u2019energia vitale.<\/p>\n<p style=\"font-size: 1.4em; text-align: justify;\">La partecipazione al Freschissimo Ferragosto in Giardino non prevede maggiorazioni sul biglietto d\u2019ingresso (<em>visite guidate a parte<\/em>).<\/p>\n<p style=\"font-size: 1.8em; text-align: center;\"><strong>Info e prenotazione: 340 0825844<\/strong><\/p>\n<p style=\"font-size: 1.6em; text-align: center;\"><strong>&#8212;&#8212;&#8212;&#8212;&#8211; O &#8212;&#8212;&#8212;&#8212;&#8211;<\/strong><\/p>\n<p style=\"font-size: 1.6em; text-align: center;\"><em><strong> Sabato 25 e Domenica 26 Agosto<\/strong><\/em><\/p>\nngg_shortcode_4_placeholder\n<p style=\"font-size: 2.4em; text-align: center;\"><b><span style=\"color: brown;\">Visita animata \u201cVittoria Aganoor\u201d<\/span><\/b><\/p>\n<p style=\"font-size: 1.6em; text-align: center;\">Sabato ore 17:00 e Domenica ore 17:00 e 18:00<\/p>\n<p style=\"font-size: 1.4em; text-align: justify;\">Debutto a Valsanzibio dell\u2019 Associazione Culturale teatrOrtaet, ideatrice e autrice delle rappresentazioni Visita animata\u00ae, che sceglie i pi\u00f9 prestigiosi luoghi culturali e musei come palcoscenico<\/p>\n<p style=\"font-size: 2.4em; text-align: center;\"><b><span style=\"color: green;\">VITTORIA AGANOOR<br \/>\nla poesia della natura<\/span><\/b><\/p>\n<p style=\"font-size: 1.4em; text-align: justify;\">Vittoria Aganoor, poetessa padovana di origine armena, definita da Benedetto Croce \u201cla prima poetessa italiana\u201d, nella sua raccolta di poesie &#8220;Leggenda eterna&#8221; celebra la bellezza della natura.<\/p>\n<p style=\"font-size: 1.4em; text-align: justify;\">In questa speciale Visita animata\u00ae di teatrOrtaet, prende vita nel monumentale parco di Valsanzibio la grande poetessa, che alla fine della vita diventa protagonista dell&#8217;ultima tragedia romantica della Belle Epoque.<\/p>\n<p style=\"font-size: 1.6em; text-align: justify;\">Ingresso al Giardino e partecipazione alla visita animata \u20ac 20,00<\/p>\n<p style=\"font-size: 1.4em; text-align: justify;\">Gradita la prenotazione.<\/p>\n<p style=\"font-size: 1.0em; text-align: center;\">&#8212;&#8212;&#8212;&#8212;&#8211; O &#8212;&#8212;&#8212;&#8212;&#8211;<\/p>\n<p style=\"font-size: 1.8em; text-align: center;\"><strong>Desiderate fare un regalo speciale<br \/>\na persone speciali?<\/strong><\/p>\n<p style=\"font-size: 1.9em; text-align: center;\"><strong>Regalate l\u2019ingresso al<\/strong><\/p>\n<p style=\"font-size: 1.9em; text-align: center;\"><strong>Giardino Monumentale di Valsanzibio.<\/strong><\/p>\nngg_shortcode_5_placeholder\n<p style=\"font-size: 1.5em; text-align: justify;\">Un dono gradito agli amanti dell\u2019 Arte e Natura e, al tempo stesso, Arte e Natura del Giardino ringraziano sentitamente del contributo.<\/p>\n<p style=\"font-size: 1.5em; text-align: justify;\">Sarete anche voi partecipi al mantenimento di un bene storico-artistico-botanico che visitatori da tutto il mondo apprezzano e ammirano.<\/p>\n<p style=\"font-size: 1.5em; text-align: center;\">Per informazioni:<\/p>\n<p style=\"font-size: 1.6em; text-align: center;\"><em><strong>340 0825844<\/strong><\/em><br \/>\n<em><strong> info@valsanzibiogiardino.it<\/strong><\/em><\/p>\n<p style=\"font-size: 1.6em; text-align: center;\"><strong>&#8212;&#8212;&#8212;&#8212;&#8211; O &#8212;&#8212;&#8212;&#8212;&#8211;<\/strong><\/p>\n<p style=\"font-size: 1.6em; text-align: center;\"><strong>INFINE VI segnaliamo&#8230;<\/strong><\/p>\n<p style=\"font-size: 2.6em; text-align: center;\"><a href=\"https:\/\/www.kickstarter.com\/projects\/1203174801\/giardino-di-valsanzibio\" target=\"_blank\" rel=\"noopener noreferrer\"><em><strong><span style=\"color: #475400;\">&#8216;VALSANZIBIO&#8217;<\/span><\/strong><\/em><\/a><\/p>\nngg_shortcode_6_placeholder\n<p style=\"font-size: 2.2em; text-align: center;\"><img decoding=\"async\" src=\"https:\/\/ksr-ugc.imgix.net\/assets\/017\/017\/241\/63f609366f6fec575d9d6ba8af80fecd_original.jpg?w=680&amp;fit=max&amp;v=1496933126&amp;auto=format&amp;q=92&amp;s=84e92847d9d457da48c22a523a0109c2\" alt=\"Preview of the book\"><\/p>\n<p style=\"font-size: 1.5em; text-align: justify;\">un opera scritta da <strong>Luigi Cerantola<\/strong> con fotografie di <strong>Renato D\u2019Agostin<\/strong>, giovane fotografo veneziano che ha gi\u00e0 esposto in prestigiose gallerie d\u2019arte internazionali, tra cui Venezia, New York, Parigi. Alcuni sui scatti realizzati nel Giardino di Valsanzibio appaiono anche sulla facciata <a style=\"font-weight: normal;\" href=\"\/?p=5868\" target=\"_blank\" rel=\"noopener noreferrer\">dell&#8217;antico Casino di caccia denominato <strong>C\u00e0 Martinengo <\/strong>(clicca sopra per conoscere Ca&#8217; Martinengo)<\/a>.<\/p>\n<p style=\"font-size: 1.5em; text-align: justify;\">Da VALSANZIBIO \u00e8 stato tratto il <strong><em>Codice di Valsanzibio<\/em><\/strong>, un libro realizzato secondo tecniche monastiche antiche e composto di 26 grandi pagine (cm. 23,5 x 32) esposte in sequenza. In quest&#8217;opera i 24 Sonetti del poeta <strong>Luigi Cerantola<\/strong>, che prendono avvio dal Sonetto \u201c<em>Curioso viator che in questa parte<\/em>\u201d inciso sulla gradinata che dal Giardino di Valsanzibio immette al Piazzale delle Rivelazioni in fronte a Villa Barbarigo Pizzoni Ardemani (<a href=\"\/?p=613\" target=\"_blank\" rel=\"noopener noreferrer\">clicca La Scalinata del Sonetto<\/a>), sono calligrafati su carta giapponese e tutte le 26 pagine sono dipinte da <strong>Alessio Mancino<\/strong>.<\/p>\n<p style=\"font-size: 1.5em; text-align: justify;\">Il codice \u00e8 in linea alla tradizione classica (vedi le <em>Tr\u00e8s Riches Heuresdu Duc de Berry<\/em> del 1415 circa) che intendeva dar veste solenne e imperitura ad un testo calligrafandolo e miniandolo.<\/p>\n<p style=\"font-size: 1.6em; text-align: center;\"><strong>&#8212;&#8212;&#8212;&#8212;&#8211; O &#8212;&#8212;&#8212;&#8212;&#8211;<\/strong><\/p>\n<p style=\"font-size: 1.6em; text-align: justify;\"><strong>Tutte le attivit\u00e0 che si svolgono all\u2019interno del Giardino di Valsanzibio, se non specificato altrimenti, prevedono il regolare ingresso al giardino ed il pagamento del biglietto.<\/strong><\/p>\n<p style=\"font-size: 1.4em; text-align: justify;\">Per ulteriori info seguite gli aggiornamenti QUI alla voce &#8216;<strong>NEWS<\/strong>&#8216; o andate alla nostra pagina di <strong><a href=\"https:\/\/www.facebook.com\/Giardino-Barbarigo-Valsanzibio-1461052934142801\/\" target=\"_blank\" rel=\"noopener noreferrer\">Facebook: Giardino Barbarigo Valsanzibio<\/a><\/strong>.<\/p>\n<!-- AddThis Advanced Settings generic via filter on the_content --><!-- AddThis Share Buttons generic via filter on the_content -->","protected":false},"excerpt":{"rendered":"<p>Giardino Monumentale di Valsanzibio Villa Barbarigo Pizzoni Ardemani Galzignano Terme (Padova) Tante occasioni in pi\u00f9 per visitare il Giardino Monumentale Simbolico e Allegorico nel mese d\u2019Agosto. Visite guidate tutti i giorni e due ettari di area relax-pranzo al sacco a disposizione dei visitatori, dove rilassarsi, leggere un libro o giocare con i bimbi. E ancora [&hellip;]<!-- AddThis Advanced Settings generic via filter on get_the_excerpt --><!-- AddThis Share Buttons generic via filter on get_the_excerpt --><\/p>\n","protected":false},"author":4,"featured_media":15202,"comment_status":"closed","ping_status":"open","sticky":false,"template":"","format":"standard","meta":{"_monsterinsights_skip_tracking":false,"_monsterinsights_sitenote_active":false,"_monsterinsights_sitenote_note":"","_monsterinsights_sitenote_category":0,"ngg_post_thumbnail":0,"footnotes":""},"categories":[13,17],"tags":[],"class_list":["post-18170","post","type-post","status-publish","format-standard","has-post-thumbnail","hentry","category-eventi","category-news"],"yoast_head":"<!-- This site is optimized with the Yoast SEO plugin v27.5 - https:\/\/yoast.com\/product\/yoast-seo-wordpress\/ -->\n<title>Agosto nel Giardino di Valsanzibio - Giardino Storico di Valsanzibio | Villa Barbarigo Pizzoni Ardemani | Galzignano Terme, Padova<\/title>\n<meta name=\"robots\" content=\"index, follow, max-snippet:-1, max-image-preview:large, max-video-preview:-1\" \/>\n<link rel=\"canonical\" href=\"https:\/\/www.valsanzibiogiardino.com\/it\/agosto-nel-giardino-di-valsanzibio\/\" \/>\n<meta name=\"twitter:label1\" content=\"Scritto da\" \/>\n\t<meta name=\"twitter:data1\" content=\"Staff\" \/>\n\t<meta name=\"twitter:label2\" content=\"Tempo di lettura stimato\" \/>\n\t<meta name=\"twitter:data2\" content=\"6 minuti\" \/>\n<script type=\"application\/ld+json\" class=\"yoast-schema-graph\">{\"@context\":\"https:\\\/\\\/schema.org\",\"@graph\":[{\"@type\":\"Article\",\"@id\":\"https:\\\/\\\/www.valsanzibiogiardino.com\\\/it\\\/agosto-nel-giardino-di-valsanzibio\\\/#article\",\"isPartOf\":{\"@id\":\"https:\\\/\\\/www.valsanzibiogiardino.com\\\/it\\\/agosto-nel-giardino-di-valsanzibio\\\/\"},\"author\":{\"name\":\"Staff\",\"@id\":\"https:\\\/\\\/www.valsanzibiogiardino.com\\\/it\\\/#\\\/schema\\\/person\\\/f6b11a7fbc16b7bd8b7dff8c277936bb\"},\"headline\":\"Agosto nel Giardino di Valsanzibio\",\"datePublished\":\"2018-07-16T13:00:06+00:00\",\"dateModified\":\"2019-06-27T11:38:45+00:00\",\"mainEntityOfPage\":{\"@id\":\"https:\\\/\\\/www.valsanzibiogiardino.com\\\/it\\\/agosto-nel-giardino-di-valsanzibio\\\/\"},\"wordCount\":1301,\"image\":{\"@id\":\"https:\\\/\\\/www.valsanzibiogiardino.com\\\/it\\\/agosto-nel-giardino-di-valsanzibio\\\/#primaryimage\"},\"thumbnailUrl\":\"https:\\\/\\\/www.valsanzibiogiardino.com\\\/wp-content\\\/uploads\\\/2018\\\/05\\\/slide01_portaledidiana.jpg\",\"articleSection\":[\"EVENTI\",\"NEWS\"],\"inLanguage\":\"it-IT\"},{\"@type\":\"WebPage\",\"@id\":\"https:\\\/\\\/www.valsanzibiogiardino.com\\\/it\\\/agosto-nel-giardino-di-valsanzibio\\\/\",\"url\":\"https:\\\/\\\/www.valsanzibiogiardino.com\\\/it\\\/agosto-nel-giardino-di-valsanzibio\\\/\",\"name\":\"Agosto nel Giardino di Valsanzibio - Giardino Storico di Valsanzibio | Villa Barbarigo Pizzoni Ardemani | Galzignano Terme, Padova\",\"isPartOf\":{\"@id\":\"https:\\\/\\\/www.valsanzibiogiardino.com\\\/it\\\/#website\"},\"primaryImageOfPage\":{\"@id\":\"https:\\\/\\\/www.valsanzibiogiardino.com\\\/it\\\/agosto-nel-giardino-di-valsanzibio\\\/#primaryimage\"},\"image\":{\"@id\":\"https:\\\/\\\/www.valsanzibiogiardino.com\\\/it\\\/agosto-nel-giardino-di-valsanzibio\\\/#primaryimage\"},\"thumbnailUrl\":\"https:\\\/\\\/www.valsanzibiogiardino.com\\\/wp-content\\\/uploads\\\/2018\\\/05\\\/slide01_portaledidiana.jpg\",\"datePublished\":\"2018-07-16T13:00:06+00:00\",\"dateModified\":\"2019-06-27T11:38:45+00:00\",\"author\":{\"@id\":\"https:\\\/\\\/www.valsanzibiogiardino.com\\\/it\\\/#\\\/schema\\\/person\\\/f6b11a7fbc16b7bd8b7dff8c277936bb\"},\"breadcrumb\":{\"@id\":\"https:\\\/\\\/www.valsanzibiogiardino.com\\\/it\\\/agosto-nel-giardino-di-valsanzibio\\\/#breadcrumb\"},\"inLanguage\":\"it-IT\",\"potentialAction\":[{\"@type\":\"ReadAction\",\"target\":[\"https:\\\/\\\/www.valsanzibiogiardino.com\\\/it\\\/agosto-nel-giardino-di-valsanzibio\\\/\"]}]},{\"@type\":\"ImageObject\",\"inLanguage\":\"it-IT\",\"@id\":\"https:\\\/\\\/www.valsanzibiogiardino.com\\\/it\\\/agosto-nel-giardino-di-valsanzibio\\\/#primaryimage\",\"url\":\"https:\\\/\\\/www.valsanzibiogiardino.com\\\/wp-content\\\/uploads\\\/2018\\\/05\\\/slide01_portaledidiana.jpg\",\"contentUrl\":\"https:\\\/\\\/www.valsanzibiogiardino.com\\\/wp-content\\\/uploads\\\/2018\\\/05\\\/slide01_portaledidiana.jpg\",\"width\":1920,\"height\":1080,\"caption\":\"Portale di Diana - Valsanzibio Giardino\"},{\"@type\":\"BreadcrumbList\",\"@id\":\"https:\\\/\\\/www.valsanzibiogiardino.com\\\/it\\\/agosto-nel-giardino-di-valsanzibio\\\/#breadcrumb\",\"itemListElement\":[{\"@type\":\"ListItem\",\"position\":1,\"name\":\"Home\",\"item\":\"https:\\\/\\\/www.valsanzibiogiardino.com\\\/it\\\/\"},{\"@type\":\"ListItem\",\"position\":2,\"name\":\"Agosto nel Giardino di Valsanzibio\"}]},{\"@type\":\"WebSite\",\"@id\":\"https:\\\/\\\/www.valsanzibiogiardino.com\\\/it\\\/#website\",\"url\":\"https:\\\/\\\/www.valsanzibiogiardino.com\\\/it\\\/\",\"name\":\"Giardino Storico di Valsanzibio | Villa Barbarigo Pizzoni Ardemani | Galzignano Terme, Padova\",\"description\":\"Il Giardino Storico di Valsanzibio si trova a Galzignano Terme, in provincia di Padova, ed \u00e8 uno dei pi\u00f9 estesi ed integri giardini d\u2019Epoca mondiali.\",\"potentialAction\":[{\"@type\":\"SearchAction\",\"target\":{\"@type\":\"EntryPoint\",\"urlTemplate\":\"https:\\\/\\\/www.valsanzibiogiardino.com\\\/it\\\/?s={search_term_string}\"},\"query-input\":{\"@type\":\"PropertyValueSpecification\",\"valueRequired\":true,\"valueName\":\"search_term_string\"}}],\"inLanguage\":\"it-IT\"},{\"@type\":\"Person\",\"@id\":\"https:\\\/\\\/www.valsanzibiogiardino.com\\\/it\\\/#\\\/schema\\\/person\\\/f6b11a7fbc16b7bd8b7dff8c277936bb\",\"name\":\"Staff\",\"url\":\"https:\\\/\\\/www.valsanzibiogiardino.com\\\/it\\\/author\\\/staff\\\/\"}]}<\/script>\n<!-- \/ Yoast SEO plugin. -->","yoast_head_json":{"title":"Agosto nel Giardino di Valsanzibio - Giardino Storico di Valsanzibio | Villa Barbarigo Pizzoni Ardemani | Galzignano Terme, Padova","robots":{"index":"index","follow":"follow","max-snippet":"max-snippet:-1","max-image-preview":"max-image-preview:large","max-video-preview":"max-video-preview:-1"},"canonical":"https:\/\/www.valsanzibiogiardino.com\/it\/agosto-nel-giardino-di-valsanzibio\/","twitter_misc":{"Scritto da":"Staff","Tempo di lettura stimato":"6 minuti"},"schema":{"@context":"https:\/\/schema.org","@graph":[{"@type":"Article","@id":"https:\/\/www.valsanzibiogiardino.com\/it\/agosto-nel-giardino-di-valsanzibio\/#article","isPartOf":{"@id":"https:\/\/www.valsanzibiogiardino.com\/it\/agosto-nel-giardino-di-valsanzibio\/"},"author":{"name":"Staff","@id":"https:\/\/www.valsanzibiogiardino.com\/it\/#\/schema\/person\/f6b11a7fbc16b7bd8b7dff8c277936bb"},"headline":"Agosto nel Giardino di Valsanzibio","datePublished":"2018-07-16T13:00:06+00:00","dateModified":"2019-06-27T11:38:45+00:00","mainEntityOfPage":{"@id":"https:\/\/www.valsanzibiogiardino.com\/it\/agosto-nel-giardino-di-valsanzibio\/"},"wordCount":1301,"image":{"@id":"https:\/\/www.valsanzibiogiardino.com\/it\/agosto-nel-giardino-di-valsanzibio\/#primaryimage"},"thumbnailUrl":"https:\/\/www.valsanzibiogiardino.com\/wp-content\/uploads\/2018\/05\/slide01_portaledidiana.jpg","articleSection":["EVENTI","NEWS"],"inLanguage":"it-IT"},{"@type":"WebPage","@id":"https:\/\/www.valsanzibiogiardino.com\/it\/agosto-nel-giardino-di-valsanzibio\/","url":"https:\/\/www.valsanzibiogiardino.com\/it\/agosto-nel-giardino-di-valsanzibio\/","name":"Agosto nel Giardino di Valsanzibio - Giardino Storico di Valsanzibio | Villa Barbarigo Pizzoni Ardemani | Galzignano Terme, Padova","isPartOf":{"@id":"https:\/\/www.valsanzibiogiardino.com\/it\/#website"},"primaryImageOfPage":{"@id":"https:\/\/www.valsanzibiogiardino.com\/it\/agosto-nel-giardino-di-valsanzibio\/#primaryimage"},"image":{"@id":"https:\/\/www.valsanzibiogiardino.com\/it\/agosto-nel-giardino-di-valsanzibio\/#primaryimage"},"thumbnailUrl":"https:\/\/www.valsanzibiogiardino.com\/wp-content\/uploads\/2018\/05\/slide01_portaledidiana.jpg","datePublished":"2018-07-16T13:00:06+00:00","dateModified":"2019-06-27T11:38:45+00:00","author":{"@id":"https:\/\/www.valsanzibiogiardino.com\/it\/#\/schema\/person\/f6b11a7fbc16b7bd8b7dff8c277936bb"},"breadcrumb":{"@id":"https:\/\/www.valsanzibiogiardino.com\/it\/agosto-nel-giardino-di-valsanzibio\/#breadcrumb"},"inLanguage":"it-IT","potentialAction":[{"@type":"ReadAction","target":["https:\/\/www.valsanzibiogiardino.com\/it\/agosto-nel-giardino-di-valsanzibio\/"]}]},{"@type":"ImageObject","inLanguage":"it-IT","@id":"https:\/\/www.valsanzibiogiardino.com\/it\/agosto-nel-giardino-di-valsanzibio\/#primaryimage","url":"https:\/\/www.valsanzibiogiardino.com\/wp-content\/uploads\/2018\/05\/slide01_portaledidiana.jpg","contentUrl":"https:\/\/www.valsanzibiogiardino.com\/wp-content\/uploads\/2018\/05\/slide01_portaledidiana.jpg","width":1920,"height":1080,"caption":"Portale di Diana - Valsanzibio Giardino"},{"@type":"BreadcrumbList","@id":"https:\/\/www.valsanzibiogiardino.com\/it\/agosto-nel-giardino-di-valsanzibio\/#breadcrumb","itemListElement":[{"@type":"ListItem","position":1,"name":"Home","item":"https:\/\/www.valsanzibiogiardino.com\/it\/"},{"@type":"ListItem","position":2,"name":"Agosto nel Giardino di Valsanzibio"}]},{"@type":"WebSite","@id":"https:\/\/www.valsanzibiogiardino.com\/it\/#website","url":"https:\/\/www.valsanzibiogiardino.com\/it\/","name":"Giardino Storico di Valsanzibio | Villa Barbarigo Pizzoni Ardemani | Galzignano Terme, Padova","description":"Il Giardino Storico di Valsanzibio si trova a Galzignano Terme, in provincia di Padova, ed \u00e8 uno dei pi\u00f9 estesi ed integri giardini d\u2019Epoca mondiali.","potentialAction":[{"@type":"SearchAction","target":{"@type":"EntryPoint","urlTemplate":"https:\/\/www.valsanzibiogiardino.com\/it\/?s={search_term_string}"},"query-input":{"@type":"PropertyValueSpecification","valueRequired":true,"valueName":"search_term_string"}}],"inLanguage":"it-IT"},{"@type":"Person","@id":"https:\/\/www.valsanzibiogiardino.com\/it\/#\/schema\/person\/f6b11a7fbc16b7bd8b7dff8c277936bb","name":"Staff","url":"https:\/\/www.valsanzibiogiardino.com\/it\/author\/staff\/"}]}},"_links":{"self":[{"href":"https:\/\/www.valsanzibiogiardino.com\/it\/wp-json\/wp\/v2\/posts\/18170","targetHints":{"allow":["GET"]}}],"collection":[{"href":"https:\/\/www.valsanzibiogiardino.com\/it\/wp-json\/wp\/v2\/posts"}],"about":[{"href":"https:\/\/www.valsanzibiogiardino.com\/it\/wp-json\/wp\/v2\/types\/post"}],"author":[{"embeddable":true,"href":"https:\/\/www.valsanzibiogiardino.com\/it\/wp-json\/wp\/v2\/users\/4"}],"replies":[{"embeddable":true,"href":"https:\/\/www.valsanzibiogiardino.com\/it\/wp-json\/wp\/v2\/comments?post=18170"}],"version-history":[{"count":0,"href":"https:\/\/www.valsanzibiogiardino.com\/it\/wp-json\/wp\/v2\/posts\/18170\/revisions"}],"wp:featuredmedia":[{"embeddable":true,"href":"https:\/\/www.valsanzibiogiardino.com\/it\/wp-json\/wp\/v2\/media\/15202"}],"wp:attachment":[{"href":"https:\/\/www.valsanzibiogiardino.com\/it\/wp-json\/wp\/v2\/media?parent=18170"}],"wp:term":[{"taxonomy":"category","embeddable":true,"href":"https:\/\/www.valsanzibiogiardino.com\/it\/wp-json\/wp\/v2\/categories?post=18170"},{"taxonomy":"post_tag","embeddable":true,"href":"https:\/\/www.valsanzibiogiardino.com\/it\/wp-json\/wp\/v2\/tags?post=18170"}],"curies":[{"name":"wp","href":"https:\/\/api.w.org\/{rel}","templated":true}]}}